 {"id":4345,"global_id":"www.ucat.edu.ve\/web?id=4345","global_id_lineage":["www.ucat.edu.ve\/web?id=4345"],"author":"23","status":"publish","date":"2018-11-21 07:35:02","date_utc":"2018-11-21 07:35:02","modified":"2018-11-21 07:35:02","modified_utc":"2018-11-21 07:35:02","url":"https:\/\/www.ucat.edu.ve\/web\/evento\/encuentro-vocacional-mi-vida-aqui-y-ahora\/","rest_url":"https:\/\/www.ucat.edu.ve\/web\/wp-json\/tribe\/events\/v1\/events\/4345","title":"Encuentro Vocacional \u2013 &#8220;Mi Vida Aqu\u00ed y Ahora&#8221;","description":"<p>La Coordinaci\u00f3n de Pastoral invita a participar en el\u00a0<strong>\u201cEncuentro Vocacional \u2013 Mi Vida Aqu\u00ed y Ahora\u201d<\/strong>.<\/p>\n<p>La invitaci\u00f3n est\u00e1 dirigida a j\u00f3venes cat\u00f3licos o cristianos con edades comprendidas entre los 18 y 32 a\u00f1os de ambos sexos con deseos de trabajar su espiritualidad.<\/p>\n<p><strong>Fecha del encuentro:<\/strong><\/p>\n<p>Jueves 6 de diciembre 2018.<\/p>\n<p><strong>Lugar:<\/strong>\u00a0Auditorio de la UCAT (Loma del Tejar).<\/p>\n<p><strong>Horario:<\/strong>\u00a010:00 am a 1:30 pm.<\/p>\n<p>Para la<strong>\u00a0inscripci\u00f3n<\/strong>, escribir un email a las siguientes direcciones de correo:\u00a0<a href=\"mailto:arteucat@gmail.com\">emagallanes@ucat.edu.ve<\/a>, o \u00a0<a href=\"mailto:jfaranguren@ucat.edu.ve\">jfaranguren@ucat.edu.ve<\/a>, indicando nombre, apellido, a\u00f1o y carrera.<\/p>\n<p>Para tener m\u00e1s informaci\u00f3n sobre esta iniciativa, comunicarse con el padre Edgar Magallanes o el padre Jos\u00e9 Aranguren, en la Coordinaci\u00f3n de Pastoral (0276-5107289) o en el Decanato del Medio Universitario (0276-5107251).<\/p>\n<p><strong>Sobre el encuentro:<\/strong><\/p>\n<p>El encuentro vocacional \u201cMi Vida Aqu\u00ed y Ahora\u201d es un espacio de oraci\u00f3n, reflexi\u00f3n y trabajo de la interioridad, que le permite al joven apropiarse profundamente de los valores sobre los que fundamenta o quiere fundamentar su vida bajo la luz del Evangelio para progresivamente, conocer c\u00f3mo integrar su profesi\u00f3n con el deseo de servicio de Cristo.<\/p>","excerpt":"","slug":"encuentro-vocacional-mi-vida-aqui-y-ahora","image":false,"all_day":false,"start_date":"2018-12-06 10:00:00","start_date_details":{"year":"2018","month":"12","day":"06","hour":"10","minutes":"00","seconds":"00"},"end_date":"2018-12-06 13:30:00","end_date_details":{"year":"2018","month":"12","day":"06","hour":"13","minutes":"30","seconds":"00"},"utc_start_date":"2018-12-06 10:00:00","utc_start_date_details":{"year":"2018","month":"12","day":"06","hour":"10","minutes":"00","seconds":"00"},"utc_end_date":"2018-12-06 13:30:00","utc_end_date_details":{"year":"2018","month":"12","day":"06","hour":"13","minutes":"30","seconds":"00"},"timezone":"UTC+0","timezone_abbr":"","cost":"","cost_details":{"currency_symbol":"","currency_code":"","currency_position":"prefix","values":[]},"website":"","show_map":true,"show_map_link":true,"hide_from_listings":false,"sticky":false,"featured":false,"categories":[],"tags":[],"venue":{"id":3637,"author":"26","status":"publish","date":"2018-05-21 15:05:18","date_utc":"2018-05-21 15:05:18","modified":"2018-05-21 15:05:18","modified_utc":"2018-05-21 15:05:18","url":"https:\/\/www.ucat.edu.ve\/web\/local\/auditorio-de-la-ucat-sede-vieja\/","venue":"Auditorio de la UCAT &#8211; Sede Vieja","slug":"auditorio-de-la-ucat-sede-vieja","address":"Calle 14 con carrera 14","json_ld":{"@type":"Place","name":"Auditorio de la UCAT &#8211; Sede Vieja","description":"","url":"","address":{"@type":"PostalAddress","streetAddress":"Calle 14 con carrera 14"},"telephone":"","sameAs":""},"show_map":true,"show_map_link":true,"global_id":"www.ucat.edu.ve\/web?id=3637","global_id_lineage":["www.ucat.edu.ve\/web?id=3637"]},"organizer":[],"json_ld":{"@context":"http:\/\/schema.org","@type":"Event","name":"Encuentro Vocacional \u2013 &#8220;Mi Vida Aqu\u00ed y Ahora&#8221;","description":"&lt;p&gt;La Coordinaci\u00f3n de Pastoral invita a participar en el\u00a0\u201cEncuentro Vocacional \u2013 Mi Vida Aqu\u00ed y Ahora\u201d. La invitaci\u00f3n est\u00e1 dirigida a j\u00f3venes cat\u00f3licos o cristianos con edades comprendidas entre los 18 y 32 a\u00f1os de ambos sexos con deseos de trabajar su espiritualidad. Fecha del encuentro: Jueves 6 de diciembre 2018. Lugar:\u00a0Auditorio de la UCAT&lt;\/p&gt;\\n","url":"https:\/\/www.ucat.edu.ve\/web\/evento\/encuentro-vocacional-mi-vida-aqui-y-ahora\/","startDate":"2018-12-06T10:00:00+00:00","endDate":"2018-12-06T13:30:00+00:00","location":{"@type":"Place","name":"Auditorio de la UCAT &#8211; Sede Vieja","description":"","url":"","address":{"@type":"PostalAddress","streetAddress":"Calle 14 con carrera 14"},"telephone":"","sameAs":""},"performer":"Organization"}}