 {"id":10447,"date":"2023-01-25T21:12:43","date_gmt":"2023-01-25T21:12:43","guid":{"rendered":"https:\/\/www.ucat.edu.ve\/web\/?p=10447"},"modified":"2023-01-25T21:12:43","modified_gmt":"2023-01-25T21:12:43","slug":"convocatoria-a-elecciones-de-representantes-estudiantiles-ante-los-organos-de-cogobierno-universitario","status":"publish","type":"post","link":"https:\/\/www.ucat.edu.ve\/web\/convocatoria-a-elecciones-de-representantes-estudiantiles-ante-los-organos-de-cogobierno-universitario\/","title":{"rendered":"Convocatoria a Elecciones de Representantes Estudiantiles ante los \u00f3rganos de Cogobierno Universitario"},"content":{"rendered":"<p style=\"text-align: center;\"><img loading=\"lazy\" class=\"alignnone size-medium wp-image-10448\" src=\"https:\/\/www.ucat.edu.ve\/web\/wp-content\/uploads\/2023\/01\/Noticia-UCAT_Convocatoria-a-Elecciones-de-Representantes-Estudiantiles-ante-los-organos-de-Cogobierno-Universitario-521x322.png\" alt=\"\" width=\"521\" height=\"322\" srcset=\"https:\/\/www.ucat.edu.ve\/web\/wp-content\/uploads\/2023\/01\/Noticia-UCAT_Convocatoria-a-Elecciones-de-Representantes-Estudiantiles-ante-los-organos-de-Cogobierno-Universitario-521x322.png 521w, https:\/\/www.ucat.edu.ve\/web\/wp-content\/uploads\/2023\/01\/Noticia-UCAT_Convocatoria-a-Elecciones-de-Representantes-Estudiantiles-ante-los-organos-de-Cogobierno-Universitario-340x210.png 340w, https:\/\/www.ucat.edu.ve\/web\/wp-content\/uploads\/2023\/01\/Noticia-UCAT_Convocatoria-a-Elecciones-de-Representantes-Estudiantiles-ante-los-organos-de-Cogobierno-Universitario.png 1086w\" sizes=\"(max-width: 521px) 100vw, 521px\" \/><\/p>\n<p style=\"text-align: justify;\">La Comisi\u00f3n Electoral de la Universidad Cat\u00f3lica del T\u00e1chira, en ejercicio de la atribuci\u00f3n contenida en el numeral 3 del art\u00edculo 12\u00b0 del Reglamento Electoral de la Universidad Cat\u00f3lica del T\u00e1chira, decidi\u00f3 en su sesi\u00f3n ordinaria del d\u00eda 25 de enero de 2023, <strong>CONVOCAR A ELECCIONES DE REPRESENTANTES ESTUDIANTILES ANTE LOS \u00d3RGANOS DE COGOBIERNO UNIVERSITARIO<\/strong>, de acuerdo al siguiente cronograma:<\/p>\n<p>&nbsp;<\/p>\n<table>\n<tbody>\n<tr>\n<td><strong>\u00a0<\/strong><\/p>\n<p><strong>N\u00b0<\/strong><\/td>\n<td><strong>\u00a0<\/strong><\/p>\n<p><strong>Actividad<\/strong><\/td>\n<td><strong>\u00a0<\/strong><\/p>\n<p><strong>Fecha<\/strong><\/td>\n<\/tr>\n<tr>\n<td><strong>\u00a0<\/strong><\/p>\n<p><strong>1<\/strong><\/td>\n<td>&nbsp;<\/p>\n<p>Designaci\u00f3n de las Sub-Comisiones Electorales<\/td>\n<td>&nbsp;<\/p>\n<p>30 de enero de 2023<\/td>\n<\/tr>\n<tr>\n<td><strong>\u00a0<\/strong><\/p>\n<p><strong>2<\/strong><\/td>\n<td>&nbsp;<\/p>\n<p>Juramentaci\u00f3n de las Sub-Comisiones Electorales<\/td>\n<td>&nbsp;<\/p>\n<p>31 de enero de 2023<\/td>\n<\/tr>\n<tr>\n<td><strong>\u00a0<\/strong><\/p>\n<p><strong>3<\/strong><\/td>\n<td>&nbsp;<\/p>\n<p>Formaci\u00f3n y Revisi\u00f3n de los Registros Electorales<\/td>\n<td>&nbsp;<\/p>\n<p>1 y 2 de febrero de 2023<\/td>\n<\/tr>\n<tr>\n<td><strong>\u00a0<\/strong><\/p>\n<p><strong>4<\/strong><\/td>\n<td>&nbsp;<\/p>\n<p>Publicaci\u00f3n de los Registros Electorales<\/td>\n<td>&nbsp;<\/p>\n<p>3 de febrero de 2023<\/td>\n<\/tr>\n<tr>\n<td><strong>\u00a0<\/strong><\/p>\n<p><strong>5<\/strong><\/td>\n<td>&nbsp;<\/p>\n<p>Reclamaciones e impugnaciones de los Registros Electorales<\/td>\n<td>&nbsp;<\/p>\n<p>6 y 7 de febrero de 2023<\/td>\n<\/tr>\n<tr>\n<td><strong>\u00a0<\/strong><\/p>\n<p><strong>6<\/strong><\/td>\n<td>&nbsp;<\/p>\n<p>Postulaciones<\/td>\n<td>&nbsp;<\/p>\n<p>8, 9 y 10 de febrero de 2023<\/td>\n<\/tr>\n<tr>\n<td><strong>\u00a0<\/strong><\/p>\n<p><strong>7<\/strong><\/td>\n<td>&nbsp;<\/p>\n<p>Publicaci\u00f3n de las listas de candidatos<\/td>\n<td>&nbsp;<\/p>\n<p>13 de febrero de 2023<\/td>\n<\/tr>\n<tr>\n<td><strong>\u00a0<\/strong><\/p>\n<p><strong>8<\/strong><\/td>\n<td>&nbsp;<\/p>\n<p>Impugnaci\u00f3n de los candidatos<\/td>\n<td>&nbsp;<\/p>\n<p>14 y 15 de febrero de 2023<\/td>\n<\/tr>\n<tr>\n<td><strong>\u00a0<\/strong><\/p>\n<p><strong>9<\/strong><\/td>\n<td>&nbsp;<\/p>\n<p>Propaganda Electoral<\/td>\n<td>&nbsp;<\/p>\n<p>16, 17, 22, 23 y 24 de febrero de 2023<\/td>\n<\/tr>\n<tr>\n<td><strong>\u00a0<\/strong><\/p>\n<p><strong>10<\/strong><\/td>\n<td>&nbsp;<\/p>\n<p>Acto de Votaci\u00f3n, Escrutinio y Totalizaci\u00f3n<\/td>\n<td>&nbsp;<\/p>\n<p>28 de febrero de 2023<\/td>\n<\/tr>\n<tr>\n<td><strong>\u00a0<\/strong><\/p>\n<p><strong>11<\/strong><\/td>\n<td>&nbsp;<\/p>\n<p>Proclamaci\u00f3n<\/td>\n<td>&nbsp;<\/p>\n<p>1 de marzo de 2023<\/td>\n<\/tr>\n<\/tbody>\n<\/table>\n<p style=\"text-align: left;\"><strong>Laura Oma\u00f1a Ecarri<\/strong><\/p>\n<p style=\"text-align: left;\"><strong>Presidente<\/strong><\/p>\n<p style=\"text-align: right;\"><strong>Yilda R. Cacique P\u00e9rez<\/strong><\/p>\n<p style=\"text-align: right;\"><strong>Secretaria<\/strong><\/p>\n","protected":false},"excerpt":{"rendered":"<p>La Comisi\u00f3n Electoral de la Universidad Cat\u00f3lica del T\u00e1chira, en ejercicio de la atribuci\u00f3n contenida en el numeral 3 del art\u00edculo 12\u00b0 del Reglamento Electoral de la Universidad Cat\u00f3lica del T\u00e1chira, decidi\u00f3 en su sesi\u00f3n ordinaria del d\u00eda 25 de enero de 2023, CONVOCAR A ELECCIONES DE REPRESENTANTES ESTUDIANTILES ANTE LOS \u00d3RGANOS DE COGOBIERNO UNIVERSITARIO,<\/p>\n","protected":false},"author":23,"featured_media":10448,"comment_status":"closed","ping_status":"closed","sticky":false,"template":"","format":"standard","meta":[],"categories":[3],"tags":[],"yoast_head":"<!-- This site is optimized with the Yoast SEO plugin v19.2 - https:\/\/yoast.com\/wordpress\/plugins\/seo\/ -->\n<title>Convocatoria a Elecciones de Representantes Estudiantiles ante los \u00f3rganos de Cogobierno Universitario - Universidad Cat\u00f3lica del T\u00e1chira<\/title>\n<meta name=\"robots\" content=\"index, follow, max-snippet:-1, max-image-preview:large, max-video-preview:-1\" \/>\n<link rel=\"canonical\" href=\"https:\/\/www.ucat.edu.ve\/web\/convocatoria-a-elecciones-de-representantes-estudiantiles-ante-los-organos-de-cogobierno-universitario\/\" \/>\n<meta property=\"og:locale\" content=\"es_ES\" \/>\n<meta property=\"og:type\" content=\"article\" \/>\n<meta property=\"og:title\" content=\"Convocatoria a Elecciones de Representantes Estudiantiles ante los \u00f3rganos de Cogobierno Universitario - Universidad Cat\u00f3lica del T\u00e1chira\" \/>\n<meta property=\"og:description\" content=\"La Comisi\u00f3n Electoral de la Universidad Cat\u00f3lica del T\u00e1chira, en ejercicio de la atribuci\u00f3n contenida en el numeral 3 del art\u00edculo 12\u00b0 del Reglamento Electoral de la Universidad Cat\u00f3lica del T\u00e1chira, decidi\u00f3 en su sesi\u00f3n ordinaria del d\u00eda 25 de enero de 2023, CONVOCAR A ELECCIONES DE REPRESENTANTES ESTUDIANTILES ANTE LOS \u00d3RGANOS DE COGOBIERNO UNIVERSITARIO,\" \/>\n<meta property=\"og:url\" content=\"https:\/\/www.ucat.edu.ve\/web\/convocatoria-a-elecciones-de-representantes-estudiantiles-ante-los-organos-de-cogobierno-universitario\/\" \/>\n<meta property=\"og:site_name\" content=\"Universidad Cat\u00f3lica del T\u00e1chira\" \/>\n<meta property=\"article:publisher\" content=\"https:\/\/www.facebook.com\/notiucat\/\" \/>\n<meta property=\"article:published_time\" content=\"2023-01-25T21:12:43+00:00\" \/>\n<meta property=\"og:image\" content=\"https:\/\/www.ucat.edu.ve\/web\/wp-content\/uploads\/2023\/01\/Noticia-UCAT_Convocatoria-a-Elecciones-de-Representantes-Estudiantiles-ante-los-organos-de-Cogobierno-Universitario.png\" \/>\n\t<meta property=\"og:image:width\" content=\"1086\" \/>\n\t<meta property=\"og:image:height\" content=\"671\" \/>\n\t<meta property=\"og:image:type\" content=\"image\/png\" \/>\n<meta name=\"author\" content=\"Secretaria General\" \/>\n<meta name=\"twitter:card\" content=\"summary_large_image\" \/>\n<meta name=\"twitter:creator\" content=\"@notiucat\" \/>\n<meta name=\"twitter:site\" content=\"@notiucat\" \/>\n<meta name=\"twitter:label1\" content=\"Written by\" \/>\n\t<meta name=\"twitter:data1\" content=\"Secretaria General\" \/>\n\t<meta name=\"twitter:label2\" content=\"Est. reading time\" \/>\n\t<meta name=\"twitter:data2\" content=\"1 minuto\" \/>\n<script type=\"application\/ld+json\" class=\"yoast-schema-graph\">{\"@context\":\"https:\/\/schema.org\",\"@graph\":[{\"@type\":\"Organization\",\"@id\":\"https:\/\/www.ucat.edu.ve\/web\/#organization\",\"name\":\"Universidad Cat\u00f3lica Del T\u00e1chira UCAT\",\"url\":\"https:\/\/www.ucat.edu.ve\/web\/\",\"sameAs\":[\"https:\/\/www.instagram.com\/notiucat\/\",\"https:\/\/www.youtube.com\/channel\/UCwEbYSB1R9fzlII-8dcxuYA?view_as=subscriber\",\"https:\/\/www.facebook.com\/notiucat\/\",\"https:\/\/twitter.com\/notiucat\"],\"logo\":{\"@type\":\"ImageObject\",\"inLanguage\":\"es-ES\",\"@id\":\"https:\/\/www.ucat.edu.ve\/web\/#\/schema\/logo\/image\/\",\"url\":\"https:\/\/www.ucat.edu.ve\/web\/wp-content\/uploads\/2015\/07\/logoucat.gif\",\"contentUrl\":\"https:\/\/www.ucat.edu.ve\/web\/wp-content\/uploads\/2015\/07\/logoucat.gif\",\"width\":219,\"height\":155,\"caption\":\"Universidad Cat\u00f3lica Del T\u00e1chira UCAT\"},\"image\":{\"@id\":\"https:\/\/www.ucat.edu.ve\/web\/#\/schema\/logo\/image\/\"}},{\"@type\":\"WebSite\",\"@id\":\"https:\/\/www.ucat.edu.ve\/web\/#website\",\"url\":\"https:\/\/www.ucat.edu.ve\/web\/\",\"name\":\"Universidad Cat\u00f3lica del T\u00e1chira\",\"description\":\"\",\"publisher\":{\"@id\":\"https:\/\/www.ucat.edu.ve\/web\/#organization\"},\"potentialAction\":[{\"@type\":\"SearchAction\",\"target\":{\"@type\":\"EntryPoint\",\"urlTemplate\":\"https:\/\/www.ucat.edu.ve\/web\/?s={search_term_string}\"},\"query-input\":\"required name=search_term_string\"}],\"inLanguage\":\"es-ES\"},{\"@type\":\"ImageObject\",\"inLanguage\":\"es-ES\",\"@id\":\"https:\/\/www.ucat.edu.ve\/web\/convocatoria-a-elecciones-de-representantes-estudiantiles-ante-los-organos-de-cogobierno-universitario\/#primaryimage\",\"url\":\"https:\/\/www.ucat.edu.ve\/web\/wp-content\/uploads\/2023\/01\/Noticia-UCAT_Convocatoria-a-Elecciones-de-Representantes-Estudiantiles-ante-los-organos-de-Cogobierno-Universitario.png\",\"contentUrl\":\"https:\/\/www.ucat.edu.ve\/web\/wp-content\/uploads\/2023\/01\/Noticia-UCAT_Convocatoria-a-Elecciones-de-Representantes-Estudiantiles-ante-los-organos-de-Cogobierno-Universitario.png\",\"width\":1086,\"height\":671},{\"@type\":\"WebPage\",\"@id\":\"https:\/\/www.ucat.edu.ve\/web\/convocatoria-a-elecciones-de-representantes-estudiantiles-ante-los-organos-de-cogobierno-universitario\/#webpage\",\"url\":\"https:\/\/www.ucat.edu.ve\/web\/convocatoria-a-elecciones-de-representantes-estudiantiles-ante-los-organos-de-cogobierno-universitario\/\",\"name\":\"Convocatoria a Elecciones de Representantes Estudiantiles ante los \u00f3rganos de Cogobierno Universitario - Universidad Cat\u00f3lica del T\u00e1chira\",\"isPartOf\":{\"@id\":\"https:\/\/www.ucat.edu.ve\/web\/#website\"},\"primaryImageOfPage\":{\"@id\":\"https:\/\/www.ucat.edu.ve\/web\/convocatoria-a-elecciones-de-representantes-estudiantiles-ante-los-organos-de-cogobierno-universitario\/#primaryimage\"},\"datePublished\":\"2023-01-25T21:12:43+00:00\",\"dateModified\":\"2023-01-25T21:12:43+00:00\",\"breadcrumb\":{\"@id\":\"https:\/\/www.ucat.edu.ve\/web\/convocatoria-a-elecciones-de-representantes-estudiantiles-ante-los-organos-de-cogobierno-universitario\/#breadcrumb\"},\"inLanguage\":\"es-ES\",\"potentialAction\":[{\"@type\":\"ReadAction\",\"target\":[\"https:\/\/www.ucat.edu.ve\/web\/convocatoria-a-elecciones-de-representantes-estudiantiles-ante-los-organos-de-cogobierno-universitario\/\"]}]},{\"@type\":\"BreadcrumbList\",\"@id\":\"https:\/\/www.ucat.edu.ve\/web\/convocatoria-a-elecciones-de-representantes-estudiantiles-ante-los-organos-de-cogobierno-universitario\/#breadcrumb\",\"itemListElement\":[{\"@type\":\"ListItem\",\"position\":1,\"name\":\"Home\",\"item\":\"https:\/\/www.ucat.edu.ve\/web\/\"},{\"@type\":\"ListItem\",\"position\":2,\"name\":\"Convocatoria a Elecciones de Representantes Estudiantiles ante los \u00f3rganos de Cogobierno Universitario\"}]},{\"@type\":\"Article\",\"@id\":\"https:\/\/www.ucat.edu.ve\/web\/convocatoria-a-elecciones-de-representantes-estudiantiles-ante-los-organos-de-cogobierno-universitario\/#article\",\"isPartOf\":{\"@id\":\"https:\/\/www.ucat.edu.ve\/web\/convocatoria-a-elecciones-de-representantes-estudiantiles-ante-los-organos-de-cogobierno-universitario\/#webpage\"},\"author\":{\"name\":\"Secretaria General\",\"@id\":\"https:\/\/www.ucat.edu.ve\/web\/#\/schema\/person\/e90fe655adf97bd5c1dbc608855d16cf\"},\"headline\":\"Convocatoria a Elecciones de Representantes Estudiantiles ante los \u00f3rganos de Cogobierno Universitario\",\"datePublished\":\"2023-01-25T21:12:43+00:00\",\"dateModified\":\"2023-01-25T21:12:43+00:00\",\"mainEntityOfPage\":{\"@id\":\"https:\/\/www.ucat.edu.ve\/web\/convocatoria-a-elecciones-de-representantes-estudiantiles-ante-los-organos-de-cogobierno-universitario\/#webpage\"},\"wordCount\":211,\"publisher\":{\"@id\":\"https:\/\/www.ucat.edu.ve\/web\/#organization\"},\"image\":{\"@id\":\"https:\/\/www.ucat.edu.ve\/web\/convocatoria-a-elecciones-de-representantes-estudiantiles-ante-los-organos-de-cogobierno-universitario\/#primaryimage\"},\"thumbnailUrl\":\"https:\/\/www.ucat.edu.ve\/web\/wp-content\/uploads\/2023\/01\/Noticia-UCAT_Convocatoria-a-Elecciones-de-Representantes-Estudiantiles-ante-los-organos-de-Cogobierno-Universitario.png\",\"articleSection\":[\"Noticias\"],\"inLanguage\":\"es-ES\"},{\"@type\":\"Person\",\"@id\":\"https:\/\/www.ucat.edu.ve\/web\/#\/schema\/person\/e90fe655adf97bd5c1dbc608855d16cf\",\"name\":\"Secretaria General\",\"url\":\"https:\/\/www.ucat.edu.ve\/web\/author\/secgeucat\/\"}]}<\/script>\n<!-- \/ Yoast SEO plugin. -->","yoast_head_json":{"title":"Convocatoria a Elecciones de Representantes Estudiantiles ante los \u00f3rganos de Cogobierno Universitario - Universidad Cat\u00f3lica del T\u00e1chira","robots":{"index":"index","follow":"follow","max-snippet":"max-snippet:-1","max-image-preview":"max-image-preview:large","max-video-preview":"max-video-preview:-1"},"canonical":"https:\/\/www.ucat.edu.ve\/web\/convocatoria-a-elecciones-de-representantes-estudiantiles-ante-los-organos-de-cogobierno-universitario\/","og_locale":"es_ES","og_type":"article","og_title":"Convocatoria a Elecciones de Representantes Estudiantiles ante los \u00f3rganos de Cogobierno Universitario - Universidad Cat\u00f3lica del T\u00e1chira","og_description":"La Comisi\u00f3n Electoral de la Universidad Cat\u00f3lica del T\u00e1chira, en ejercicio de la atribuci\u00f3n contenida en el numeral 3 del art\u00edculo 12\u00b0 del Reglamento Electoral de la Universidad Cat\u00f3lica del T\u00e1chira, decidi\u00f3 en su sesi\u00f3n ordinaria del d\u00eda 25 de enero de 2023, CONVOCAR A ELECCIONES DE REPRESENTANTES ESTUDIANTILES ANTE LOS \u00d3RGANOS DE COGOBIERNO UNIVERSITARIO,","og_url":"https:\/\/www.ucat.edu.ve\/web\/convocatoria-a-elecciones-de-representantes-estudiantiles-ante-los-organos-de-cogobierno-universitario\/","og_site_name":"Universidad Cat\u00f3lica del T\u00e1chira","article_publisher":"https:\/\/www.facebook.com\/notiucat\/","article_published_time":"2023-01-25T21:12:43+00:00","og_image":[{"width":1086,"height":671,"url":"https:\/\/www.ucat.edu.ve\/web\/wp-content\/uploads\/2023\/01\/Noticia-UCAT_Convocatoria-a-Elecciones-de-Representantes-Estudiantiles-ante-los-organos-de-Cogobierno-Universitario.png","type":"image\/png"}],"author":"Secretaria General","twitter_card":"summary_large_image","twitter_creator":"@notiucat","twitter_site":"@notiucat","twitter_misc":{"Written by":"Secretaria General","Est. reading time":"1 minuto"},"schema":{"@context":"https:\/\/schema.org","@graph":[{"@type":"Organization","@id":"https:\/\/www.ucat.edu.ve\/web\/#organization","name":"Universidad Cat\u00f3lica Del T\u00e1chira UCAT","url":"https:\/\/www.ucat.edu.ve\/web\/","sameAs":["https:\/\/www.instagram.com\/notiucat\/","https:\/\/www.youtube.com\/channel\/UCwEbYSB1R9fzlII-8dcxuYA?view_as=subscriber","https:\/\/www.facebook.com\/notiucat\/","https:\/\/twitter.com\/notiucat"],"logo":{"@type":"ImageObject","inLanguage":"es-ES","@id":"https:\/\/www.ucat.edu.ve\/web\/#\/schema\/logo\/image\/","url":"https:\/\/www.ucat.edu.ve\/web\/wp-content\/uploads\/2015\/07\/logoucat.gif","contentUrl":"https:\/\/www.ucat.edu.ve\/web\/wp-content\/uploads\/2015\/07\/logoucat.gif","width":219,"height":155,"caption":"Universidad Cat\u00f3lica Del T\u00e1chira UCAT"},"image":{"@id":"https:\/\/www.ucat.edu.ve\/web\/#\/schema\/logo\/image\/"}},{"@type":"WebSite","@id":"https:\/\/www.ucat.edu.ve\/web\/#website","url":"https:\/\/www.ucat.edu.ve\/web\/","name":"Universidad Cat\u00f3lica del T\u00e1chira","description":"","publisher":{"@id":"https:\/\/www.ucat.edu.ve\/web\/#organization"},"potentialAction":[{"@type":"SearchAction","target":{"@type":"EntryPoint","urlTemplate":"https:\/\/www.ucat.edu.ve\/web\/?s={search_term_string}"},"query-input":"required name=search_term_string"}],"inLanguage":"es-ES"},{"@type":"ImageObject","inLanguage":"es-ES","@id":"https:\/\/www.ucat.edu.ve\/web\/convocatoria-a-elecciones-de-representantes-estudiantiles-ante-los-organos-de-cogobierno-universitario\/#primaryimage","url":"https:\/\/www.ucat.edu.ve\/web\/wp-content\/uploads\/2023\/01\/Noticia-UCAT_Convocatoria-a-Elecciones-de-Representantes-Estudiantiles-ante-los-organos-de-Cogobierno-Universitario.png","contentUrl":"https:\/\/www.ucat.edu.ve\/web\/wp-content\/uploads\/2023\/01\/Noticia-UCAT_Convocatoria-a-Elecciones-de-Representantes-Estudiantiles-ante-los-organos-de-Cogobierno-Universitario.png","width":1086,"height":671},{"@type":"WebPage","@id":"https:\/\/www.ucat.edu.ve\/web\/convocatoria-a-elecciones-de-representantes-estudiantiles-ante-los-organos-de-cogobierno-universitario\/#webpage","url":"https:\/\/www.ucat.edu.ve\/web\/convocatoria-a-elecciones-de-representantes-estudiantiles-ante-los-organos-de-cogobierno-universitario\/","name":"Convocatoria a Elecciones de Representantes Estudiantiles ante los \u00f3rganos de Cogobierno Universitario - Universidad Cat\u00f3lica del T\u00e1chira","isPartOf":{"@id":"https:\/\/www.ucat.edu.ve\/web\/#website"},"primaryImageOfPage":{"@id":"https:\/\/www.ucat.edu.ve\/web\/convocatoria-a-elecciones-de-representantes-estudiantiles-ante-los-organos-de-cogobierno-universitario\/#primaryimage"},"datePublished":"2023-01-25T21:12:43+00:00","dateModified":"2023-01-25T21:12:43+00:00","breadcrumb":{"@id":"https:\/\/www.ucat.edu.ve\/web\/convocatoria-a-elecciones-de-representantes-estudiantiles-ante-los-organos-de-cogobierno-universitario\/#breadcrumb"},"inLanguage":"es-ES","potentialAction":[{"@type":"ReadAction","target":["https:\/\/www.ucat.edu.ve\/web\/convocatoria-a-elecciones-de-representantes-estudiantiles-ante-los-organos-de-cogobierno-universitario\/"]}]},{"@type":"BreadcrumbList","@id":"https:\/\/www.ucat.edu.ve\/web\/convocatoria-a-elecciones-de-representantes-estudiantiles-ante-los-organos-de-cogobierno-universitario\/#breadcrumb","itemListElement":[{"@type":"ListItem","position":1,"name":"Home","item":"https:\/\/www.ucat.edu.ve\/web\/"},{"@type":"ListItem","position":2,"name":"Convocatoria a Elecciones de Representantes Estudiantiles ante los \u00f3rganos de Cogobierno Universitario"}]},{"@type":"Article","@id":"https:\/\/www.ucat.edu.ve\/web\/convocatoria-a-elecciones-de-representantes-estudiantiles-ante-los-organos-de-cogobierno-universitario\/#article","isPartOf":{"@id":"https:\/\/www.ucat.edu.ve\/web\/convocatoria-a-elecciones-de-representantes-estudiantiles-ante-los-organos-de-cogobierno-universitario\/#webpage"},"author":{"name":"Secretaria General","@id":"https:\/\/www.ucat.edu.ve\/web\/#\/schema\/person\/e90fe655adf97bd5c1dbc608855d16cf"},"headline":"Convocatoria a Elecciones de Representantes Estudiantiles ante los \u00f3rganos de Cogobierno Universitario","datePublished":"2023-01-25T21:12:43+00:00","dateModified":"2023-01-25T21:12:43+00:00","mainEntityOfPage":{"@id":"https:\/\/www.ucat.edu.ve\/web\/convocatoria-a-elecciones-de-representantes-estudiantiles-ante-los-organos-de-cogobierno-universitario\/#webpage"},"wordCount":211,"publisher":{"@id":"https:\/\/www.ucat.edu.ve\/web\/#organization"},"image":{"@id":"https:\/\/www.ucat.edu.ve\/web\/convocatoria-a-elecciones-de-representantes-estudiantiles-ante-los-organos-de-cogobierno-universitario\/#primaryimage"},"thumbnailUrl":"https:\/\/www.ucat.edu.ve\/web\/wp-content\/uploads\/2023\/01\/Noticia-UCAT_Convocatoria-a-Elecciones-de-Representantes-Estudiantiles-ante-los-organos-de-Cogobierno-Universitario.png","articleSection":["Noticias"],"inLanguage":"es-ES"},{"@type":"Person","@id":"https:\/\/www.ucat.edu.ve\/web\/#\/schema\/person\/e90fe655adf97bd5c1dbc608855d16cf","name":"Secretaria General","url":"https:\/\/www.ucat.edu.ve\/web\/author\/secgeucat\/"}]}},"_links":{"self":[{"href":"https:\/\/www.ucat.edu.ve\/web\/wp-json\/wp\/v2\/posts\/10447"}],"collection":[{"href":"https:\/\/www.ucat.edu.ve\/web\/wp-json\/wp\/v2\/posts"}],"about":[{"href":"https:\/\/www.ucat.edu.ve\/web\/wp-json\/wp\/v2\/types\/post"}],"author":[{"embeddable":true,"href":"https:\/\/www.ucat.edu.ve\/web\/wp-json\/wp\/v2\/users\/23"}],"replies":[{"embeddable":true,"href":"https:\/\/www.ucat.edu.ve\/web\/wp-json\/wp\/v2\/comments?post=10447"}],"version-history":[{"count":2,"href":"https:\/\/www.ucat.edu.ve\/web\/wp-json\/wp\/v2\/posts\/10447\/revisions"}],"predecessor-version":[{"id":10450,"href":"https:\/\/www.ucat.edu.ve\/web\/wp-json\/wp\/v2\/posts\/10447\/revisions\/10450"}],"wp:featuredmedia":[{"embeddable":true,"href":"https:\/\/www.ucat.edu.ve\/web\/wp-json\/wp\/v2\/media\/10448"}],"wp:attachment":[{"href":"https:\/\/www.ucat.edu.ve\/web\/wp-json\/wp\/v2\/media?parent=10447"}],"wp:term":[{"taxonomy":"category","embeddable":true,"href":"https:\/\/www.ucat.edu.ve\/web\/wp-json\/wp\/v2\/categories?post=10447"},{"taxonomy":"post_tag","embeddable":true,"href":"https:\/\/www.ucat.edu.ve\/web\/wp-json\/wp\/v2\/tags?post=10447"}],"curies":[{"name":"wp","href":"https:\/\/api.w.org\/{rel}","templated":true}]}}