 {"id":10451,"date":"2023-01-31T14:21:57","date_gmt":"2023-01-31T14:21:57","guid":{"rendered":"https:\/\/www.ucat.edu.ve\/web\/?p=10451"},"modified":"2023-01-31T14:21:57","modified_gmt":"2023-01-31T14:21:57","slug":"inscripciones-abiertas-diplomado-en-catequesis","status":"publish","type":"post","link":"https:\/\/www.ucat.edu.ve\/web\/inscripciones-abiertas-diplomado-en-catequesis\/","title":{"rendered":"Inscripciones Abiertas: Diplomado en Catequesis"},"content":{"rendered":"<p style=\"text-align: center;\"><img loading=\"lazy\" class=\"alignnone size-medium wp-image-10452\" src=\"https:\/\/www.ucat.edu.ve\/web\/wp-content\/uploads\/2023\/01\/Noticia-UCAT_Diplomado-en-catequesis-521x322.png\" alt=\"\" width=\"521\" height=\"322\" srcset=\"https:\/\/www.ucat.edu.ve\/web\/wp-content\/uploads\/2023\/01\/Noticia-UCAT_Diplomado-en-catequesis-521x322.png 521w, https:\/\/www.ucat.edu.ve\/web\/wp-content\/uploads\/2023\/01\/Noticia-UCAT_Diplomado-en-catequesis-340x210.png 340w, https:\/\/www.ucat.edu.ve\/web\/wp-content\/uploads\/2023\/01\/Noticia-UCAT_Diplomado-en-catequesis.png 1086w\" sizes=\"(max-width: 521px) 100vw, 521px\" \/><\/p>\n<p>La Universidad Cat\u00f3lica del T\u00e1chira y el Secretariado de Catequesis de la Di\u00f3cesis de San Crist\u00f3bal le invitan a realizar el &#8220;DIPLOMADO EN CATEQUESIS&#8221;<\/p>\n<p>\ud83d\udccc Fecha de inicio: 11 de febrero de 2023<\/p>\n<p>\ud83d\udccc Fecha de culminaci\u00f3n: 15 de julio de 2023<\/p>\n<p>\ud83d\udccc Cantidad de m\u00f3dulos:\u00a0IX<\/p>\n<p>\ud83d\udccc Modalidad: Presencial<\/p>\n<p>\ud83d\udccc Lugar:\u00a0UCAT \u2013 Sede Loma del Tejar (Sede Vieja)<\/p>\n<p>\ud83d\udccc D\u00eda: S\u00e1bado.<\/p>\n<p>\ud83d\udccc Inversi\u00f3n: 135.000 COP \u00f3 30$<br \/>\n(Para ser cancelado en dos cuotas)<\/p>\n<p>\ud83d\udccc Requisitos:<br \/>\n&#8211; 17 a\u00f1os de edad.<br \/>\n&#8211; Carta de presentaci\u00f3n del p\u00e1rroco o sacerdote coordinador de la catequesis.<\/p>\n<p>Ser\u00e1 una oportunidad para fortalecer m\u00e1s los conocimientos y ejercitarse mejor en el dicho servicio.<\/p>\n<p>\ud83d\udccc Cuenta con certificado por la UCAT<\/p>\n<p>Para formalizar su inscripci\u00f3n debe ingresar al siguiente link:\u00a0 <a href=\"https:\/\/forms.gle\/LKRMH7S9aRxeRzSN6\" target=\"_blank\" rel=\"noopener\">https:\/\/forms.gle\/LKRMH7S9aRxeRzSN6<\/a><\/p>\n<p>Para mayor informaci\u00f3n: ccsdelareligion@ucat.edu.ve<\/p>\n","protected":false},"excerpt":{"rendered":"<p>La Universidad Cat\u00f3lica del T\u00e1chira y el Secretariado de Catequesis de la Di\u00f3cesis de San Crist\u00f3bal le invitan a realizar el &#8220;DIPLOMADO EN CATEQUESIS&#8221; \ud83d\udccc Fecha de inicio: 11 de febrero de 2023 \ud83d\udccc Fecha de culminaci\u00f3n: 15 de julio de 2023 \ud83d\udccc Cantidad de m\u00f3dulos:\u00a0IX \ud83d\udccc Modalidad: Presencial \ud83d\udccc Lugar:\u00a0UCAT \u2013 Sede Loma del<\/p>\n","protected":false},"author":23,"featured_media":10452,"comment_status":"closed","ping_status":"closed","sticky":false,"template":"","format":"standard","meta":[],"categories":[3],"tags":[],"yoast_head":"<!-- This site is optimized with the Yoast SEO plugin v19.2 - https:\/\/yoast.com\/wordpress\/plugins\/seo\/ -->\n<title>Inscripciones Abiertas: Diplomado en Catequesis - Universidad Cat\u00f3lica del T\u00e1chira<\/title>\n<meta name=\"robots\" content=\"index, follow, max-snippet:-1, max-image-preview:large, max-video-preview:-1\" \/>\n<link rel=\"canonical\" href=\"https:\/\/www.ucat.edu.ve\/web\/inscripciones-abiertas-diplomado-en-catequesis\/\" \/>\n<meta property=\"og:locale\" content=\"es_ES\" \/>\n<meta property=\"og:type\" content=\"article\" \/>\n<meta property=\"og:title\" content=\"Inscripciones Abiertas: Diplomado en Catequesis - Universidad Cat\u00f3lica del T\u00e1chira\" \/>\n<meta property=\"og:description\" content=\"La Universidad Cat\u00f3lica del T\u00e1chira y el Secretariado de Catequesis de la Di\u00f3cesis de San Crist\u00f3bal le invitan a realizar el &#8220;DIPLOMADO EN CATEQUESIS&#8221; \ud83d\udccc Fecha de inicio: 11 de febrero de 2023 \ud83d\udccc Fecha de culminaci\u00f3n: 15 de julio de 2023 \ud83d\udccc Cantidad de m\u00f3dulos:\u00a0IX \ud83d\udccc Modalidad: Presencial \ud83d\udccc Lugar:\u00a0UCAT \u2013 Sede Loma del\" \/>\n<meta property=\"og:url\" content=\"https:\/\/www.ucat.edu.ve\/web\/inscripciones-abiertas-diplomado-en-catequesis\/\" \/>\n<meta property=\"og:site_name\" content=\"Universidad Cat\u00f3lica del T\u00e1chira\" \/>\n<meta property=\"article:publisher\" content=\"https:\/\/www.facebook.com\/notiucat\/\" \/>\n<meta property=\"article:published_time\" content=\"2023-01-31T14:21:57+00:00\" \/>\n<meta property=\"og:image\" content=\"https:\/\/www.ucat.edu.ve\/web\/wp-content\/uploads\/2023\/01\/Noticia-UCAT_Diplomado-en-catequesis.png\" \/>\n\t<meta property=\"og:image:width\" content=\"1086\" \/>\n\t<meta property=\"og:image:height\" content=\"671\" \/>\n\t<meta property=\"og:image:type\" content=\"image\/png\" \/>\n<meta name=\"author\" content=\"Secretaria General\" \/>\n<meta name=\"twitter:card\" content=\"summary_large_image\" \/>\n<meta name=\"twitter:creator\" content=\"@notiucat\" \/>\n<meta name=\"twitter:site\" content=\"@notiucat\" \/>\n<meta name=\"twitter:label1\" content=\"Written by\" \/>\n\t<meta name=\"twitter:data1\" content=\"Secretaria General\" \/>\n\t<meta name=\"twitter:label2\" content=\"Est. reading time\" \/>\n\t<meta name=\"twitter:data2\" content=\"1 minuto\" \/>\n<script type=\"application\/ld+json\" class=\"yoast-schema-graph\">{\"@context\":\"https:\/\/schema.org\",\"@graph\":[{\"@type\":\"Organization\",\"@id\":\"https:\/\/www.ucat.edu.ve\/web\/#organization\",\"name\":\"Universidad Cat\u00f3lica Del T\u00e1chira UCAT\",\"url\":\"https:\/\/www.ucat.edu.ve\/web\/\",\"sameAs\":[\"https:\/\/www.instagram.com\/notiucat\/\",\"https:\/\/www.youtube.com\/channel\/UCwEbYSB1R9fzlII-8dcxuYA?view_as=subscriber\",\"https:\/\/www.facebook.com\/notiucat\/\",\"https:\/\/twitter.com\/notiucat\"],\"logo\":{\"@type\":\"ImageObject\",\"inLanguage\":\"es-ES\",\"@id\":\"https:\/\/www.ucat.edu.ve\/web\/#\/schema\/logo\/image\/\",\"url\":\"https:\/\/www.ucat.edu.ve\/web\/wp-content\/uploads\/2015\/07\/logoucat.gif\",\"contentUrl\":\"https:\/\/www.ucat.edu.ve\/web\/wp-content\/uploads\/2015\/07\/logoucat.gif\",\"width\":219,\"height\":155,\"caption\":\"Universidad Cat\u00f3lica Del T\u00e1chira UCAT\"},\"image\":{\"@id\":\"https:\/\/www.ucat.edu.ve\/web\/#\/schema\/logo\/image\/\"}},{\"@type\":\"WebSite\",\"@id\":\"https:\/\/www.ucat.edu.ve\/web\/#website\",\"url\":\"https:\/\/www.ucat.edu.ve\/web\/\",\"name\":\"Universidad Cat\u00f3lica del T\u00e1chira\",\"description\":\"\",\"publisher\":{\"@id\":\"https:\/\/www.ucat.edu.ve\/web\/#organization\"},\"potentialAction\":[{\"@type\":\"SearchAction\",\"target\":{\"@type\":\"EntryPoint\",\"urlTemplate\":\"https:\/\/www.ucat.edu.ve\/web\/?s={search_term_string}\"},\"query-input\":\"required name=search_term_string\"}],\"inLanguage\":\"es-ES\"},{\"@type\":\"ImageObject\",\"inLanguage\":\"es-ES\",\"@id\":\"https:\/\/www.ucat.edu.ve\/web\/inscripciones-abiertas-diplomado-en-catequesis\/#primaryimage\",\"url\":\"https:\/\/www.ucat.edu.ve\/web\/wp-content\/uploads\/2023\/01\/Noticia-UCAT_Diplomado-en-catequesis.png\",\"contentUrl\":\"https:\/\/www.ucat.edu.ve\/web\/wp-content\/uploads\/2023\/01\/Noticia-UCAT_Diplomado-en-catequesis.png\",\"width\":1086,\"height\":671},{\"@type\":\"WebPage\",\"@id\":\"https:\/\/www.ucat.edu.ve\/web\/inscripciones-abiertas-diplomado-en-catequesis\/#webpage\",\"url\":\"https:\/\/www.ucat.edu.ve\/web\/inscripciones-abiertas-diplomado-en-catequesis\/\",\"name\":\"Inscripciones Abiertas: Diplomado en Catequesis - Universidad Cat\u00f3lica del T\u00e1chira\",\"isPartOf\":{\"@id\":\"https:\/\/www.ucat.edu.ve\/web\/#website\"},\"primaryImageOfPage\":{\"@id\":\"https:\/\/www.ucat.edu.ve\/web\/inscripciones-abiertas-diplomado-en-catequesis\/#primaryimage\"},\"datePublished\":\"2023-01-31T14:21:57+00:00\",\"dateModified\":\"2023-01-31T14:21:57+00:00\",\"breadcrumb\":{\"@id\":\"https:\/\/www.ucat.edu.ve\/web\/inscripciones-abiertas-diplomado-en-catequesis\/#breadcrumb\"},\"inLanguage\":\"es-ES\",\"potentialAction\":[{\"@type\":\"ReadAction\",\"target\":[\"https:\/\/www.ucat.edu.ve\/web\/inscripciones-abiertas-diplomado-en-catequesis\/\"]}]},{\"@type\":\"BreadcrumbList\",\"@id\":\"https:\/\/www.ucat.edu.ve\/web\/inscripciones-abiertas-diplomado-en-catequesis\/#breadcrumb\",\"itemListElement\":[{\"@type\":\"ListItem\",\"position\":1,\"name\":\"Home\",\"item\":\"https:\/\/www.ucat.edu.ve\/web\/\"},{\"@type\":\"ListItem\",\"position\":2,\"name\":\"Inscripciones Abiertas: Diplomado en Catequesis\"}]},{\"@type\":\"Article\",\"@id\":\"https:\/\/www.ucat.edu.ve\/web\/inscripciones-abiertas-diplomado-en-catequesis\/#article\",\"isPartOf\":{\"@id\":\"https:\/\/www.ucat.edu.ve\/web\/inscripciones-abiertas-diplomado-en-catequesis\/#webpage\"},\"author\":{\"name\":\"Secretaria General\",\"@id\":\"https:\/\/www.ucat.edu.ve\/web\/#\/schema\/person\/e90fe655adf97bd5c1dbc608855d16cf\"},\"headline\":\"Inscripciones Abiertas: Diplomado en Catequesis\",\"datePublished\":\"2023-01-31T14:21:57+00:00\",\"dateModified\":\"2023-01-31T14:21:57+00:00\",\"mainEntityOfPage\":{\"@id\":\"https:\/\/www.ucat.edu.ve\/web\/inscripciones-abiertas-diplomado-en-catequesis\/#webpage\"},\"wordCount\":140,\"publisher\":{\"@id\":\"https:\/\/www.ucat.edu.ve\/web\/#organization\"},\"image\":{\"@id\":\"https:\/\/www.ucat.edu.ve\/web\/inscripciones-abiertas-diplomado-en-catequesis\/#primaryimage\"},\"thumbnailUrl\":\"https:\/\/www.ucat.edu.ve\/web\/wp-content\/uploads\/2023\/01\/Noticia-UCAT_Diplomado-en-catequesis.png\",\"articleSection\":[\"Noticias\"],\"inLanguage\":\"es-ES\"},{\"@type\":\"Person\",\"@id\":\"https:\/\/www.ucat.edu.ve\/web\/#\/schema\/person\/e90fe655adf97bd5c1dbc608855d16cf\",\"name\":\"Secretaria General\",\"url\":\"https:\/\/www.ucat.edu.ve\/web\/author\/secgeucat\/\"}]}<\/script>\n<!-- \/ Yoast SEO plugin. -->","yoast_head_json":{"title":"Inscripciones Abiertas: Diplomado en Catequesis - Universidad Cat\u00f3lica del T\u00e1chira","robots":{"index":"index","follow":"follow","max-snippet":"max-snippet:-1","max-image-preview":"max-image-preview:large","max-video-preview":"max-video-preview:-1"},"canonical":"https:\/\/www.ucat.edu.ve\/web\/inscripciones-abiertas-diplomado-en-catequesis\/","og_locale":"es_ES","og_type":"article","og_title":"Inscripciones Abiertas: Diplomado en Catequesis - Universidad Cat\u00f3lica del T\u00e1chira","og_description":"La Universidad Cat\u00f3lica del T\u00e1chira y el Secretariado de Catequesis de la Di\u00f3cesis de San Crist\u00f3bal le invitan a realizar el &#8220;DIPLOMADO EN CATEQUESIS&#8221; \ud83d\udccc Fecha de inicio: 11 de febrero de 2023 \ud83d\udccc Fecha de culminaci\u00f3n: 15 de julio de 2023 \ud83d\udccc Cantidad de m\u00f3dulos:\u00a0IX \ud83d\udccc Modalidad: Presencial \ud83d\udccc Lugar:\u00a0UCAT \u2013 Sede Loma del","og_url":"https:\/\/www.ucat.edu.ve\/web\/inscripciones-abiertas-diplomado-en-catequesis\/","og_site_name":"Universidad Cat\u00f3lica del T\u00e1chira","article_publisher":"https:\/\/www.facebook.com\/notiucat\/","article_published_time":"2023-01-31T14:21:57+00:00","og_image":[{"width":1086,"height":671,"url":"https:\/\/www.ucat.edu.ve\/web\/wp-content\/uploads\/2023\/01\/Noticia-UCAT_Diplomado-en-catequesis.png","type":"image\/png"}],"author":"Secretaria General","twitter_card":"summary_large_image","twitter_creator":"@notiucat","twitter_site":"@notiucat","twitter_misc":{"Written by":"Secretaria General","Est. reading time":"1 minuto"},"schema":{"@context":"https:\/\/schema.org","@graph":[{"@type":"Organization","@id":"https:\/\/www.ucat.edu.ve\/web\/#organization","name":"Universidad Cat\u00f3lica Del T\u00e1chira UCAT","url":"https:\/\/www.ucat.edu.ve\/web\/","sameAs":["https:\/\/www.instagram.com\/notiucat\/","https:\/\/www.youtube.com\/channel\/UCwEbYSB1R9fzlII-8dcxuYA?view_as=subscriber","https:\/\/www.facebook.com\/notiucat\/","https:\/\/twitter.com\/notiucat"],"logo":{"@type":"ImageObject","inLanguage":"es-ES","@id":"https:\/\/www.ucat.edu.ve\/web\/#\/schema\/logo\/image\/","url":"https:\/\/www.ucat.edu.ve\/web\/wp-content\/uploads\/2015\/07\/logoucat.gif","contentUrl":"https:\/\/www.ucat.edu.ve\/web\/wp-content\/uploads\/2015\/07\/logoucat.gif","width":219,"height":155,"caption":"Universidad Cat\u00f3lica Del T\u00e1chira UCAT"},"image":{"@id":"https:\/\/www.ucat.edu.ve\/web\/#\/schema\/logo\/image\/"}},{"@type":"WebSite","@id":"https:\/\/www.ucat.edu.ve\/web\/#website","url":"https:\/\/www.ucat.edu.ve\/web\/","name":"Universidad Cat\u00f3lica del T\u00e1chira","description":"","publisher":{"@id":"https:\/\/www.ucat.edu.ve\/web\/#organization"},"potentialAction":[{"@type":"SearchAction","target":{"@type":"EntryPoint","urlTemplate":"https:\/\/www.ucat.edu.ve\/web\/?s={search_term_string}"},"query-input":"required name=search_term_string"}],"inLanguage":"es-ES"},{"@type":"ImageObject","inLanguage":"es-ES","@id":"https:\/\/www.ucat.edu.ve\/web\/inscripciones-abiertas-diplomado-en-catequesis\/#primaryimage","url":"https:\/\/www.ucat.edu.ve\/web\/wp-content\/uploads\/2023\/01\/Noticia-UCAT_Diplomado-en-catequesis.png","contentUrl":"https:\/\/www.ucat.edu.ve\/web\/wp-content\/uploads\/2023\/01\/Noticia-UCAT_Diplomado-en-catequesis.png","width":1086,"height":671},{"@type":"WebPage","@id":"https:\/\/www.ucat.edu.ve\/web\/inscripciones-abiertas-diplomado-en-catequesis\/#webpage","url":"https:\/\/www.ucat.edu.ve\/web\/inscripciones-abiertas-diplomado-en-catequesis\/","name":"Inscripciones Abiertas: Diplomado en Catequesis - Universidad Cat\u00f3lica del T\u00e1chira","isPartOf":{"@id":"https:\/\/www.ucat.edu.ve\/web\/#website"},"primaryImageOfPage":{"@id":"https:\/\/www.ucat.edu.ve\/web\/inscripciones-abiertas-diplomado-en-catequesis\/#primaryimage"},"datePublished":"2023-01-31T14:21:57+00:00","dateModified":"2023-01-31T14:21:57+00:00","breadcrumb":{"@id":"https:\/\/www.ucat.edu.ve\/web\/inscripciones-abiertas-diplomado-en-catequesis\/#breadcrumb"},"inLanguage":"es-ES","potentialAction":[{"@type":"ReadAction","target":["https:\/\/www.ucat.edu.ve\/web\/inscripciones-abiertas-diplomado-en-catequesis\/"]}]},{"@type":"BreadcrumbList","@id":"https:\/\/www.ucat.edu.ve\/web\/inscripciones-abiertas-diplomado-en-catequesis\/#breadcrumb","itemListElement":[{"@type":"ListItem","position":1,"name":"Home","item":"https:\/\/www.ucat.edu.ve\/web\/"},{"@type":"ListItem","position":2,"name":"Inscripciones Abiertas: Diplomado en Catequesis"}]},{"@type":"Article","@id":"https:\/\/www.ucat.edu.ve\/web\/inscripciones-abiertas-diplomado-en-catequesis\/#article","isPartOf":{"@id":"https:\/\/www.ucat.edu.ve\/web\/inscripciones-abiertas-diplomado-en-catequesis\/#webpage"},"author":{"name":"Secretaria General","@id":"https:\/\/www.ucat.edu.ve\/web\/#\/schema\/person\/e90fe655adf97bd5c1dbc608855d16cf"},"headline":"Inscripciones Abiertas: Diplomado en Catequesis","datePublished":"2023-01-31T14:21:57+00:00","dateModified":"2023-01-31T14:21:57+00:00","mainEntityOfPage":{"@id":"https:\/\/www.ucat.edu.ve\/web\/inscripciones-abiertas-diplomado-en-catequesis\/#webpage"},"wordCount":140,"publisher":{"@id":"https:\/\/www.ucat.edu.ve\/web\/#organization"},"image":{"@id":"https:\/\/www.ucat.edu.ve\/web\/inscripciones-abiertas-diplomado-en-catequesis\/#primaryimage"},"thumbnailUrl":"https:\/\/www.ucat.edu.ve\/web\/wp-content\/uploads\/2023\/01\/Noticia-UCAT_Diplomado-en-catequesis.png","articleSection":["Noticias"],"inLanguage":"es-ES"},{"@type":"Person","@id":"https:\/\/www.ucat.edu.ve\/web\/#\/schema\/person\/e90fe655adf97bd5c1dbc608855d16cf","name":"Secretaria General","url":"https:\/\/www.ucat.edu.ve\/web\/author\/secgeucat\/"}]}},"_links":{"self":[{"href":"https:\/\/www.ucat.edu.ve\/web\/wp-json\/wp\/v2\/posts\/10451"}],"collection":[{"href":"https:\/\/www.ucat.edu.ve\/web\/wp-json\/wp\/v2\/posts"}],"about":[{"href":"https:\/\/www.ucat.edu.ve\/web\/wp-json\/wp\/v2\/types\/post"}],"author":[{"embeddable":true,"href":"https:\/\/www.ucat.edu.ve\/web\/wp-json\/wp\/v2\/users\/23"}],"replies":[{"embeddable":true,"href":"https:\/\/www.ucat.edu.ve\/web\/wp-json\/wp\/v2\/comments?post=10451"}],"version-history":[{"count":1,"href":"https:\/\/www.ucat.edu.ve\/web\/wp-json\/wp\/v2\/posts\/10451\/revisions"}],"predecessor-version":[{"id":10453,"href":"https:\/\/www.ucat.edu.ve\/web\/wp-json\/wp\/v2\/posts\/10451\/revisions\/10453"}],"wp:featuredmedia":[{"embeddable":true,"href":"https:\/\/www.ucat.edu.ve\/web\/wp-json\/wp\/v2\/media\/10452"}],"wp:attachment":[{"href":"https:\/\/www.ucat.edu.ve\/web\/wp-json\/wp\/v2\/media?parent=10451"}],"wp:term":[{"taxonomy":"category","embeddable":true,"href":"https:\/\/www.ucat.edu.ve\/web\/wp-json\/wp\/v2\/categories?post=10451"},{"taxonomy":"post_tag","embeddable":true,"href":"https:\/\/www.ucat.edu.ve\/web\/wp-json\/wp\/v2\/tags?post=10451"}],"curies":[{"name":"wp","href":"https:\/\/api.w.org\/{rel}","templated":true}]}}