 {"id":10455,"date":"2023-02-01T15:34:27","date_gmt":"2023-02-01T15:34:27","guid":{"rendered":"https:\/\/www.ucat.edu.ve\/web\/?p=10455"},"modified":"2023-02-01T15:34:27","modified_gmt":"2023-02-01T15:34:27","slug":"realizaran-en-la-ucat-conversatorio-sobre-quien-es-un-abogado-digital","status":"publish","type":"post","link":"https:\/\/www.ucat.edu.ve\/web\/realizaran-en-la-ucat-conversatorio-sobre-quien-es-un-abogado-digital\/","title":{"rendered":"Realizar\u00e1n en la UCAT conversatorio sobre \u00bfQuien es un abogado digital?"},"content":{"rendered":"<p style=\"text-align: center;\"><img loading=\"lazy\" class=\"alignnone size-medium wp-image-10456\" src=\"https:\/\/www.ucat.edu.ve\/web\/wp-content\/uploads\/2023\/02\/Noticia-UCAT_Realizaran-en-la-UCAT-conversatorio-sobre-quien-es-un-abogado-digital-521x322.png\" alt=\"\" width=\"521\" height=\"322\" srcset=\"https:\/\/www.ucat.edu.ve\/web\/wp-content\/uploads\/2023\/02\/Noticia-UCAT_Realizaran-en-la-UCAT-conversatorio-sobre-quien-es-un-abogado-digital-521x322.png 521w, https:\/\/www.ucat.edu.ve\/web\/wp-content\/uploads\/2023\/02\/Noticia-UCAT_Realizaran-en-la-UCAT-conversatorio-sobre-quien-es-un-abogado-digital-340x210.png 340w, https:\/\/www.ucat.edu.ve\/web\/wp-content\/uploads\/2023\/02\/Noticia-UCAT_Realizaran-en-la-UCAT-conversatorio-sobre-quien-es-un-abogado-digital.png 1086w\" sizes=\"(max-width: 521px) 100vw, 521px\" \/><\/p>\n<p style=\"text-align: justify;\">Este viernes 3 de febrero 2023 a partir de las 2:30 pm, tendr\u00e1 lugar el conversatorio sobre \u00bfqui\u00e9n es un abogado digital? y la incursi\u00f3n de los abogados en las redes sociales.<\/p>\n<p style=\"text-align: justify;\">El conversatorio estar\u00e1 dirigido a los estudiantes de la Facultad de Ciencias Jur\u00eddicas y Pol\u00edticas de la Universidad Cat\u00f3lica del T\u00e1chira, en la sede Loma del Tejar.<\/p>\n<p style=\"text-align: justify;\">Seg\u00fan el Abogado binacional Eduardo Cespedes, en el conversatorio los futuros abogados podr\u00e1n adquirir destrezas \u201cen el campo del conocimiento de la regulaci\u00f3n de las nuevas tecnolog\u00edas en esta sociedad\u201d afianz\u00f3.<\/p>\n<p>(Prensa UCAT)<\/p>\n","protected":false},"excerpt":{"rendered":"<p>Este viernes 3 de febrero 2023 a partir de las 2:30 pm, tendr\u00e1 lugar el conversatorio sobre \u00bfqui\u00e9n es un abogado digital? y la incursi\u00f3n de los abogados en las redes sociales. El conversatorio estar\u00e1 dirigido a los estudiantes de la Facultad de Ciencias Jur\u00eddicas y Pol\u00edticas de la Universidad Cat\u00f3lica del T\u00e1chira, en la<\/p>\n","protected":false},"author":23,"featured_media":10456,"comment_status":"closed","ping_status":"closed","sticky":false,"template":"","format":"standard","meta":[],"categories":[3],"tags":[],"yoast_head":"<!-- This site is optimized with the Yoast SEO plugin v19.2 - https:\/\/yoast.com\/wordpress\/plugins\/seo\/ -->\n<title>Realizar\u00e1n en la UCAT conversatorio sobre \u00bfQuien es un abogado digital? - Universidad Cat\u00f3lica del T\u00e1chira<\/title>\n<meta name=\"robots\" content=\"index, follow, max-snippet:-1, max-image-preview:large, max-video-preview:-1\" \/>\n<link rel=\"canonical\" href=\"https:\/\/www.ucat.edu.ve\/web\/realizaran-en-la-ucat-conversatorio-sobre-quien-es-un-abogado-digital\/\" \/>\n<meta property=\"og:locale\" content=\"es_ES\" \/>\n<meta property=\"og:type\" content=\"article\" \/>\n<meta property=\"og:title\" content=\"Realizar\u00e1n en la UCAT conversatorio sobre \u00bfQuien es un abogado digital? - Universidad Cat\u00f3lica del T\u00e1chira\" \/>\n<meta property=\"og:description\" content=\"Este viernes 3 de febrero 2023 a partir de las 2:30 pm, tendr\u00e1 lugar el conversatorio sobre \u00bfqui\u00e9n es un abogado digital? y la incursi\u00f3n de los abogados en las redes sociales. El conversatorio estar\u00e1 dirigido a los estudiantes de la Facultad de Ciencias Jur\u00eddicas y Pol\u00edticas de la Universidad Cat\u00f3lica del T\u00e1chira, en la\" \/>\n<meta property=\"og:url\" content=\"https:\/\/www.ucat.edu.ve\/web\/realizaran-en-la-ucat-conversatorio-sobre-quien-es-un-abogado-digital\/\" \/>\n<meta property=\"og:site_name\" content=\"Universidad Cat\u00f3lica del T\u00e1chira\" \/>\n<meta property=\"article:publisher\" content=\"https:\/\/www.facebook.com\/notiucat\/\" \/>\n<meta property=\"article:published_time\" content=\"2023-02-01T15:34:27+00:00\" \/>\n<meta property=\"og:image\" content=\"https:\/\/www.ucat.edu.ve\/web\/wp-content\/uploads\/2023\/02\/Noticia-UCAT_Realizaran-en-la-UCAT-conversatorio-sobre-quien-es-un-abogado-digital.png\" \/>\n\t<meta property=\"og:image:width\" content=\"1086\" \/>\n\t<meta property=\"og:image:height\" content=\"671\" \/>\n\t<meta property=\"og:image:type\" content=\"image\/png\" \/>\n<meta name=\"author\" content=\"Secretaria General\" \/>\n<meta name=\"twitter:card\" content=\"summary_large_image\" \/>\n<meta name=\"twitter:creator\" content=\"@notiucat\" \/>\n<meta name=\"twitter:site\" content=\"@notiucat\" \/>\n<meta name=\"twitter:label1\" content=\"Written by\" \/>\n\t<meta name=\"twitter:data1\" content=\"Secretaria General\" \/>\n<script type=\"application\/ld+json\" class=\"yoast-schema-graph\">{\"@context\":\"https:\/\/schema.org\",\"@graph\":[{\"@type\":\"Organization\",\"@id\":\"https:\/\/www.ucat.edu.ve\/web\/#organization\",\"name\":\"Universidad Cat\u00f3lica Del T\u00e1chira UCAT\",\"url\":\"https:\/\/www.ucat.edu.ve\/web\/\",\"sameAs\":[\"https:\/\/www.instagram.com\/notiucat\/\",\"https:\/\/www.youtube.com\/channel\/UCwEbYSB1R9fzlII-8dcxuYA?view_as=subscriber\",\"https:\/\/www.facebook.com\/notiucat\/\",\"https:\/\/twitter.com\/notiucat\"],\"logo\":{\"@type\":\"ImageObject\",\"inLanguage\":\"es-ES\",\"@id\":\"https:\/\/www.ucat.edu.ve\/web\/#\/schema\/logo\/image\/\",\"url\":\"https:\/\/www.ucat.edu.ve\/web\/wp-content\/uploads\/2015\/07\/logoucat.gif\",\"contentUrl\":\"https:\/\/www.ucat.edu.ve\/web\/wp-content\/uploads\/2015\/07\/logoucat.gif\",\"width\":219,\"height\":155,\"caption\":\"Universidad Cat\u00f3lica Del T\u00e1chira UCAT\"},\"image\":{\"@id\":\"https:\/\/www.ucat.edu.ve\/web\/#\/schema\/logo\/image\/\"}},{\"@type\":\"WebSite\",\"@id\":\"https:\/\/www.ucat.edu.ve\/web\/#website\",\"url\":\"https:\/\/www.ucat.edu.ve\/web\/\",\"name\":\"Universidad Cat\u00f3lica del T\u00e1chira\",\"description\":\"\",\"publisher\":{\"@id\":\"https:\/\/www.ucat.edu.ve\/web\/#organization\"},\"potentialAction\":[{\"@type\":\"SearchAction\",\"target\":{\"@type\":\"EntryPoint\",\"urlTemplate\":\"https:\/\/www.ucat.edu.ve\/web\/?s={search_term_string}\"},\"query-input\":\"required name=search_term_string\"}],\"inLanguage\":\"es-ES\"},{\"@type\":\"ImageObject\",\"inLanguage\":\"es-ES\",\"@id\":\"https:\/\/www.ucat.edu.ve\/web\/realizaran-en-la-ucat-conversatorio-sobre-quien-es-un-abogado-digital\/#primaryimage\",\"url\":\"https:\/\/www.ucat.edu.ve\/web\/wp-content\/uploads\/2023\/02\/Noticia-UCAT_Realizaran-en-la-UCAT-conversatorio-sobre-quien-es-un-abogado-digital.png\",\"contentUrl\":\"https:\/\/www.ucat.edu.ve\/web\/wp-content\/uploads\/2023\/02\/Noticia-UCAT_Realizaran-en-la-UCAT-conversatorio-sobre-quien-es-un-abogado-digital.png\",\"width\":1086,\"height\":671},{\"@type\":\"WebPage\",\"@id\":\"https:\/\/www.ucat.edu.ve\/web\/realizaran-en-la-ucat-conversatorio-sobre-quien-es-un-abogado-digital\/#webpage\",\"url\":\"https:\/\/www.ucat.edu.ve\/web\/realizaran-en-la-ucat-conversatorio-sobre-quien-es-un-abogado-digital\/\",\"name\":\"Realizar\u00e1n en la UCAT conversatorio sobre \u00bfQuien es un abogado digital? - Universidad Cat\u00f3lica del T\u00e1chira\",\"isPartOf\":{\"@id\":\"https:\/\/www.ucat.edu.ve\/web\/#website\"},\"primaryImageOfPage\":{\"@id\":\"https:\/\/www.ucat.edu.ve\/web\/realizaran-en-la-ucat-conversatorio-sobre-quien-es-un-abogado-digital\/#primaryimage\"},\"datePublished\":\"2023-02-01T15:34:27+00:00\",\"dateModified\":\"2023-02-01T15:34:27+00:00\",\"breadcrumb\":{\"@id\":\"https:\/\/www.ucat.edu.ve\/web\/realizaran-en-la-ucat-conversatorio-sobre-quien-es-un-abogado-digital\/#breadcrumb\"},\"inLanguage\":\"es-ES\",\"potentialAction\":[{\"@type\":\"ReadAction\",\"target\":[\"https:\/\/www.ucat.edu.ve\/web\/realizaran-en-la-ucat-conversatorio-sobre-quien-es-un-abogado-digital\/\"]}]},{\"@type\":\"BreadcrumbList\",\"@id\":\"https:\/\/www.ucat.edu.ve\/web\/realizaran-en-la-ucat-conversatorio-sobre-quien-es-un-abogado-digital\/#breadcrumb\",\"itemListElement\":[{\"@type\":\"ListItem\",\"position\":1,\"name\":\"Home\",\"item\":\"https:\/\/www.ucat.edu.ve\/web\/\"},{\"@type\":\"ListItem\",\"position\":2,\"name\":\"Realizar\u00e1n en la UCAT conversatorio sobre \u00bfQuien es un abogado digital?\"}]},{\"@type\":\"Article\",\"@id\":\"https:\/\/www.ucat.edu.ve\/web\/realizaran-en-la-ucat-conversatorio-sobre-quien-es-un-abogado-digital\/#article\",\"isPartOf\":{\"@id\":\"https:\/\/www.ucat.edu.ve\/web\/realizaran-en-la-ucat-conversatorio-sobre-quien-es-un-abogado-digital\/#webpage\"},\"author\":{\"name\":\"Secretaria General\",\"@id\":\"https:\/\/www.ucat.edu.ve\/web\/#\/schema\/person\/e90fe655adf97bd5c1dbc608855d16cf\"},\"headline\":\"Realizar\u00e1n en la UCAT conversatorio sobre \u00bfQuien es un abogado digital?\",\"datePublished\":\"2023-02-01T15:34:27+00:00\",\"dateModified\":\"2023-02-01T15:34:27+00:00\",\"mainEntityOfPage\":{\"@id\":\"https:\/\/www.ucat.edu.ve\/web\/realizaran-en-la-ucat-conversatorio-sobre-quien-es-un-abogado-digital\/#webpage\"},\"wordCount\":111,\"publisher\":{\"@id\":\"https:\/\/www.ucat.edu.ve\/web\/#organization\"},\"image\":{\"@id\":\"https:\/\/www.ucat.edu.ve\/web\/realizaran-en-la-ucat-conversatorio-sobre-quien-es-un-abogado-digital\/#primaryimage\"},\"thumbnailUrl\":\"https:\/\/www.ucat.edu.ve\/web\/wp-content\/uploads\/2023\/02\/Noticia-UCAT_Realizaran-en-la-UCAT-conversatorio-sobre-quien-es-un-abogado-digital.png\",\"articleSection\":[\"Noticias\"],\"inLanguage\":\"es-ES\"},{\"@type\":\"Person\",\"@id\":\"https:\/\/www.ucat.edu.ve\/web\/#\/schema\/person\/e90fe655adf97bd5c1dbc608855d16cf\",\"name\":\"Secretaria General\",\"url\":\"https:\/\/www.ucat.edu.ve\/web\/author\/secgeucat\/\"}]}<\/script>\n<!-- \/ Yoast SEO plugin. -->","yoast_head_json":{"title":"Realizar\u00e1n en la UCAT conversatorio sobre \u00bfQuien es un abogado digital? - Universidad Cat\u00f3lica del T\u00e1chira","robots":{"index":"index","follow":"follow","max-snippet":"max-snippet:-1","max-image-preview":"max-image-preview:large","max-video-preview":"max-video-preview:-1"},"canonical":"https:\/\/www.ucat.edu.ve\/web\/realizaran-en-la-ucat-conversatorio-sobre-quien-es-un-abogado-digital\/","og_locale":"es_ES","og_type":"article","og_title":"Realizar\u00e1n en la UCAT conversatorio sobre \u00bfQuien es un abogado digital? - Universidad Cat\u00f3lica del T\u00e1chira","og_description":"Este viernes 3 de febrero 2023 a partir de las 2:30 pm, tendr\u00e1 lugar el conversatorio sobre \u00bfqui\u00e9n es un abogado digital? y la incursi\u00f3n de los abogados en las redes sociales. El conversatorio estar\u00e1 dirigido a los estudiantes de la Facultad de Ciencias Jur\u00eddicas y Pol\u00edticas de la Universidad Cat\u00f3lica del T\u00e1chira, en la","og_url":"https:\/\/www.ucat.edu.ve\/web\/realizaran-en-la-ucat-conversatorio-sobre-quien-es-un-abogado-digital\/","og_site_name":"Universidad Cat\u00f3lica del T\u00e1chira","article_publisher":"https:\/\/www.facebook.com\/notiucat\/","article_published_time":"2023-02-01T15:34:27+00:00","og_image":[{"width":1086,"height":671,"url":"https:\/\/www.ucat.edu.ve\/web\/wp-content\/uploads\/2023\/02\/Noticia-UCAT_Realizaran-en-la-UCAT-conversatorio-sobre-quien-es-un-abogado-digital.png","type":"image\/png"}],"author":"Secretaria General","twitter_card":"summary_large_image","twitter_creator":"@notiucat","twitter_site":"@notiucat","twitter_misc":{"Written by":"Secretaria General"},"schema":{"@context":"https:\/\/schema.org","@graph":[{"@type":"Organization","@id":"https:\/\/www.ucat.edu.ve\/web\/#organization","name":"Universidad Cat\u00f3lica Del T\u00e1chira UCAT","url":"https:\/\/www.ucat.edu.ve\/web\/","sameAs":["https:\/\/www.instagram.com\/notiucat\/","https:\/\/www.youtube.com\/channel\/UCwEbYSB1R9fzlII-8dcxuYA?view_as=subscriber","https:\/\/www.facebook.com\/notiucat\/","https:\/\/twitter.com\/notiucat"],"logo":{"@type":"ImageObject","inLanguage":"es-ES","@id":"https:\/\/www.ucat.edu.ve\/web\/#\/schema\/logo\/image\/","url":"https:\/\/www.ucat.edu.ve\/web\/wp-content\/uploads\/2015\/07\/logoucat.gif","contentUrl":"https:\/\/www.ucat.edu.ve\/web\/wp-content\/uploads\/2015\/07\/logoucat.gif","width":219,"height":155,"caption":"Universidad Cat\u00f3lica Del T\u00e1chira UCAT"},"image":{"@id":"https:\/\/www.ucat.edu.ve\/web\/#\/schema\/logo\/image\/"}},{"@type":"WebSite","@id":"https:\/\/www.ucat.edu.ve\/web\/#website","url":"https:\/\/www.ucat.edu.ve\/web\/","name":"Universidad Cat\u00f3lica del T\u00e1chira","description":"","publisher":{"@id":"https:\/\/www.ucat.edu.ve\/web\/#organization"},"potentialAction":[{"@type":"SearchAction","target":{"@type":"EntryPoint","urlTemplate":"https:\/\/www.ucat.edu.ve\/web\/?s={search_term_string}"},"query-input":"required name=search_term_string"}],"inLanguage":"es-ES"},{"@type":"ImageObject","inLanguage":"es-ES","@id":"https:\/\/www.ucat.edu.ve\/web\/realizaran-en-la-ucat-conversatorio-sobre-quien-es-un-abogado-digital\/#primaryimage","url":"https:\/\/www.ucat.edu.ve\/web\/wp-content\/uploads\/2023\/02\/Noticia-UCAT_Realizaran-en-la-UCAT-conversatorio-sobre-quien-es-un-abogado-digital.png","contentUrl":"https:\/\/www.ucat.edu.ve\/web\/wp-content\/uploads\/2023\/02\/Noticia-UCAT_Realizaran-en-la-UCAT-conversatorio-sobre-quien-es-un-abogado-digital.png","width":1086,"height":671},{"@type":"WebPage","@id":"https:\/\/www.ucat.edu.ve\/web\/realizaran-en-la-ucat-conversatorio-sobre-quien-es-un-abogado-digital\/#webpage","url":"https:\/\/www.ucat.edu.ve\/web\/realizaran-en-la-ucat-conversatorio-sobre-quien-es-un-abogado-digital\/","name":"Realizar\u00e1n en la UCAT conversatorio sobre \u00bfQuien es un abogado digital? - Universidad Cat\u00f3lica del T\u00e1chira","isPartOf":{"@id":"https:\/\/www.ucat.edu.ve\/web\/#website"},"primaryImageOfPage":{"@id":"https:\/\/www.ucat.edu.ve\/web\/realizaran-en-la-ucat-conversatorio-sobre-quien-es-un-abogado-digital\/#primaryimage"},"datePublished":"2023-02-01T15:34:27+00:00","dateModified":"2023-02-01T15:34:27+00:00","breadcrumb":{"@id":"https:\/\/www.ucat.edu.ve\/web\/realizaran-en-la-ucat-conversatorio-sobre-quien-es-un-abogado-digital\/#breadcrumb"},"inLanguage":"es-ES","potentialAction":[{"@type":"ReadAction","target":["https:\/\/www.ucat.edu.ve\/web\/realizaran-en-la-ucat-conversatorio-sobre-quien-es-un-abogado-digital\/"]}]},{"@type":"BreadcrumbList","@id":"https:\/\/www.ucat.edu.ve\/web\/realizaran-en-la-ucat-conversatorio-sobre-quien-es-un-abogado-digital\/#breadcrumb","itemListElement":[{"@type":"ListItem","position":1,"name":"Home","item":"https:\/\/www.ucat.edu.ve\/web\/"},{"@type":"ListItem","position":2,"name":"Realizar\u00e1n en la UCAT conversatorio sobre \u00bfQuien es un abogado digital?"}]},{"@type":"Article","@id":"https:\/\/www.ucat.edu.ve\/web\/realizaran-en-la-ucat-conversatorio-sobre-quien-es-un-abogado-digital\/#article","isPartOf":{"@id":"https:\/\/www.ucat.edu.ve\/web\/realizaran-en-la-ucat-conversatorio-sobre-quien-es-un-abogado-digital\/#webpage"},"author":{"name":"Secretaria General","@id":"https:\/\/www.ucat.edu.ve\/web\/#\/schema\/person\/e90fe655adf97bd5c1dbc608855d16cf"},"headline":"Realizar\u00e1n en la UCAT conversatorio sobre \u00bfQuien es un abogado digital?","datePublished":"2023-02-01T15:34:27+00:00","dateModified":"2023-02-01T15:34:27+00:00","mainEntityOfPage":{"@id":"https:\/\/www.ucat.edu.ve\/web\/realizaran-en-la-ucat-conversatorio-sobre-quien-es-un-abogado-digital\/#webpage"},"wordCount":111,"publisher":{"@id":"https:\/\/www.ucat.edu.ve\/web\/#organization"},"image":{"@id":"https:\/\/www.ucat.edu.ve\/web\/realizaran-en-la-ucat-conversatorio-sobre-quien-es-un-abogado-digital\/#primaryimage"},"thumbnailUrl":"https:\/\/www.ucat.edu.ve\/web\/wp-content\/uploads\/2023\/02\/Noticia-UCAT_Realizaran-en-la-UCAT-conversatorio-sobre-quien-es-un-abogado-digital.png","articleSection":["Noticias"],"inLanguage":"es-ES"},{"@type":"Person","@id":"https:\/\/www.ucat.edu.ve\/web\/#\/schema\/person\/e90fe655adf97bd5c1dbc608855d16cf","name":"Secretaria General","url":"https:\/\/www.ucat.edu.ve\/web\/author\/secgeucat\/"}]}},"_links":{"self":[{"href":"https:\/\/www.ucat.edu.ve\/web\/wp-json\/wp\/v2\/posts\/10455"}],"collection":[{"href":"https:\/\/www.ucat.edu.ve\/web\/wp-json\/wp\/v2\/posts"}],"about":[{"href":"https:\/\/www.ucat.edu.ve\/web\/wp-json\/wp\/v2\/types\/post"}],"author":[{"embeddable":true,"href":"https:\/\/www.ucat.edu.ve\/web\/wp-json\/wp\/v2\/users\/23"}],"replies":[{"embeddable":true,"href":"https:\/\/www.ucat.edu.ve\/web\/wp-json\/wp\/v2\/comments?post=10455"}],"version-history":[{"count":1,"href":"https:\/\/www.ucat.edu.ve\/web\/wp-json\/wp\/v2\/posts\/10455\/revisions"}],"predecessor-version":[{"id":10457,"href":"https:\/\/www.ucat.edu.ve\/web\/wp-json\/wp\/v2\/posts\/10455\/revisions\/10457"}],"wp:featuredmedia":[{"embeddable":true,"href":"https:\/\/www.ucat.edu.ve\/web\/wp-json\/wp\/v2\/media\/10456"}],"wp:attachment":[{"href":"https:\/\/www.ucat.edu.ve\/web\/wp-json\/wp\/v2\/media?parent=10455"}],"wp:term":[{"taxonomy":"category","embeddable":true,"href":"https:\/\/www.ucat.edu.ve\/web\/wp-json\/wp\/v2\/categories?post=10455"},{"taxonomy":"post_tag","embeddable":true,"href":"https:\/\/www.ucat.edu.ve\/web\/wp-json\/wp\/v2\/tags?post=10455"}],"curies":[{"name":"wp","href":"https:\/\/api.w.org\/{rel}","templated":true}]}}