 {"id":10507,"date":"2023-02-07T17:23:43","date_gmt":"2023-02-07T17:23:43","guid":{"rendered":"https:\/\/www.ucat.edu.ve\/web\/?p=10507"},"modified":"2023-02-07T17:23:43","modified_gmt":"2023-02-07T17:23:43","slug":"doctor-yaso-cumple-18-anos-en-venezuela","status":"publish","type":"post","link":"https:\/\/www.ucat.edu.ve\/web\/doctor-yaso-cumple-18-anos-en-venezuela\/","title":{"rendered":"Doctor Yaso cumple 18 a\u00f1os en Venezuela"},"content":{"rendered":"<p style=\"text-align: center;\"><img loading=\"lazy\" class=\"alignnone size-medium wp-image-10508\" src=\"https:\/\/www.ucat.edu.ve\/web\/wp-content\/uploads\/2023\/02\/2023-18vo-Aniversario-Doctor-Yaso-521x322.jpg\" alt=\"\" width=\"521\" height=\"322\" srcset=\"https:\/\/www.ucat.edu.ve\/web\/wp-content\/uploads\/2023\/02\/2023-18vo-Aniversario-Doctor-Yaso-521x322.jpg 521w, https:\/\/www.ucat.edu.ve\/web\/wp-content\/uploads\/2023\/02\/2023-18vo-Aniversario-Doctor-Yaso-340x210.jpg 340w, https:\/\/www.ucat.edu.ve\/web\/wp-content\/uploads\/2023\/02\/2023-18vo-Aniversario-Doctor-Yaso.jpg 1243w\" sizes=\"(max-width: 521px) 100vw, 521px\" \/><\/p>\n<p style=\"text-align: justify;\">Hoy, 7 de febrero, la Asociaci\u00f3n Civil Doctor Yaso Internacional cumple 18 a\u00f1os de su fundaci\u00f3n en Venezuela.<\/p>\n<p style=\"text-align: justify;\">Doctor Yaso naci\u00f3 como una idea tejida a trav\u00e9s de un sue\u00f1o, un sue\u00f1o que se volvi\u00f3 realidad y que hoy cumple 18 a\u00f1os. Un proyecto que dej\u00f3 de ser peque\u00f1o y se ha convertido en el epicentro de buenas noticias para las ciudades donde tiene presencia a nivel nacional e internacional.<\/p>\n<p style=\"text-align: justify;\">Doctor Yaso San Crist\u00f3bal, gestionado a trav\u00e9s de la coordinaci\u00f3n de Arte y Cultura de la UCAT, se une a la celebraci\u00f3n del 18vo aniversario con 2 actividades especiales el s\u00e1bado 10 de febrero del 2023:<\/p>\n<p style=\"text-align: justify;\">&#8211; En la ma\u00f1ana el voluntariado visitar\u00e1 el geri\u00e1trico Hogar San Pablo,<\/p>\n<p style=\"text-align: justify;\">&#8211; En la tarde estar\u00e1 a partir de las 3pm en el Centro Sambil San Crist\u00f3bal, con un stand interactivo para el p\u00fablico, que cerrar\u00e1 la jornada con un show de circo para toda la comunidad.<\/p>\n<p style=\"text-align: justify;\">A trav\u00e9s de los a\u00f1os el programa Doctor Yaso ha transformado vidas y corazones, ha impactado de forma positiva los centros de salud, comunidades y otros espacios donde han tenido la oportunidad de efectuar su labor. Y todo eso es posible gracias a la presencia, el compromiso y la participaci\u00f3n de cada uno de los voluntarios y las instituciones que representan el programa en cada sede. Desde su fundaci\u00f3n en el a\u00f1o 2005, los fundadores han tenido una visi\u00f3n multiplicadora de la experiencia, que se ha convertido en filosof\u00eda de vida y una pr\u00e1ctica organizada al servicio de los m\u00e1s necesitados. Ha sido un viaje cargado de emociones, risas, alegr\u00edas, l\u00e1grimas y m\u00faltiples emociones, en el que ha perdurado el amor hacia la misi\u00f3n de la labor, hac\u00eda la peque\u00f1a nariz roja que cambia vidas. Hoy enaltecemos el trabajo de quienes han estado y de quienes contin\u00faan hoy en d\u00eda.<\/p>\n<p style=\"text-align: left;\">Que sean muchos a\u00f1os m\u00e1s de labor.<\/p>\n<p style=\"text-align: center;\">\n<p style=\"text-align: center;\"><em>La Universidad Cat\u00f3lica del T\u00e1chira act\u00faa en representaci\u00f3n de la Asociaci\u00f3n Civil Doctor Yaso coordinando sus actividades en San Crist\u00f3bal.<\/em><\/p>\n<p style=\"text-align: right;\"><em> Martes 07 de febrero de 2023<br \/>\nCoordinaci\u00f3n de Arte y Cultura<br \/>\nDecanato del Medio Universitario<br \/>\nUniversidad Cat\u00f3lica del T\u00e1chira<\/em><\/p>\n<p><em>\u00a0<\/em><\/p>\n<p>&nbsp;<\/p>\n","protected":false},"excerpt":{"rendered":"<p>Hoy, 7 de febrero, la Asociaci\u00f3n Civil Doctor Yaso Internacional cumple 18 a\u00f1os de su fundaci\u00f3n en Venezuela. Doctor Yaso naci\u00f3 como una idea tejida a trav\u00e9s de un sue\u00f1o, un sue\u00f1o que se volvi\u00f3 realidad y que hoy cumple 18 a\u00f1os. Un proyecto que dej\u00f3 de ser peque\u00f1o y se ha convertido en el<\/p>\n","protected":false},"author":23,"featured_media":10508,"comment_status":"closed","ping_status":"closed","sticky":false,"template":"","format":"standard","meta":[],"categories":[3],"tags":[],"yoast_head":"<!-- This site is optimized with the Yoast SEO plugin v19.2 - https:\/\/yoast.com\/wordpress\/plugins\/seo\/ -->\n<title>Doctor Yaso cumple 18 a\u00f1os en Venezuela - Universidad Cat\u00f3lica del T\u00e1chira<\/title>\n<meta name=\"robots\" content=\"index, follow, max-snippet:-1, max-image-preview:large, max-video-preview:-1\" \/>\n<link rel=\"canonical\" href=\"https:\/\/www.ucat.edu.ve\/web\/doctor-yaso-cumple-18-anos-en-venezuela\/\" \/>\n<meta property=\"og:locale\" content=\"es_ES\" \/>\n<meta property=\"og:type\" content=\"article\" \/>\n<meta property=\"og:title\" content=\"Doctor Yaso cumple 18 a\u00f1os en Venezuela - Universidad Cat\u00f3lica del T\u00e1chira\" \/>\n<meta property=\"og:description\" content=\"Hoy, 7 de febrero, la Asociaci\u00f3n Civil Doctor Yaso Internacional cumple 18 a\u00f1os de su fundaci\u00f3n en Venezuela. Doctor Yaso naci\u00f3 como una idea tejida a trav\u00e9s de un sue\u00f1o, un sue\u00f1o que se volvi\u00f3 realidad y que hoy cumple 18 a\u00f1os. Un proyecto que dej\u00f3 de ser peque\u00f1o y se ha convertido en el\" \/>\n<meta property=\"og:url\" content=\"https:\/\/www.ucat.edu.ve\/web\/doctor-yaso-cumple-18-anos-en-venezuela\/\" \/>\n<meta property=\"og:site_name\" content=\"Universidad Cat\u00f3lica del T\u00e1chira\" \/>\n<meta property=\"article:publisher\" content=\"https:\/\/www.facebook.com\/notiucat\/\" \/>\n<meta property=\"article:published_time\" content=\"2023-02-07T17:23:43+00:00\" \/>\n<meta property=\"og:image\" content=\"https:\/\/www.ucat.edu.ve\/web\/wp-content\/uploads\/2023\/02\/2023-18vo-Aniversario-Doctor-Yaso.jpg\" \/>\n\t<meta property=\"og:image:width\" content=\"1243\" \/>\n\t<meta property=\"og:image:height\" content=\"768\" \/>\n\t<meta property=\"og:image:type\" content=\"image\/jpeg\" \/>\n<meta name=\"author\" content=\"Secretaria General\" \/>\n<meta name=\"twitter:card\" content=\"summary_large_image\" \/>\n<meta name=\"twitter:creator\" content=\"@notiucat\" \/>\n<meta name=\"twitter:site\" content=\"@notiucat\" \/>\n<meta name=\"twitter:label1\" content=\"Written by\" \/>\n\t<meta name=\"twitter:data1\" content=\"Secretaria General\" \/>\n\t<meta name=\"twitter:label2\" content=\"Est. reading time\" \/>\n\t<meta name=\"twitter:data2\" content=\"2 minutos\" \/>\n<script type=\"application\/ld+json\" class=\"yoast-schema-graph\">{\"@context\":\"https:\/\/schema.org\",\"@graph\":[{\"@type\":\"Organization\",\"@id\":\"https:\/\/www.ucat.edu.ve\/web\/#organization\",\"name\":\"Universidad Cat\u00f3lica Del T\u00e1chira UCAT\",\"url\":\"https:\/\/www.ucat.edu.ve\/web\/\",\"sameAs\":[\"https:\/\/www.instagram.com\/notiucat\/\",\"https:\/\/www.youtube.com\/channel\/UCwEbYSB1R9fzlII-8dcxuYA?view_as=subscriber\",\"https:\/\/www.facebook.com\/notiucat\/\",\"https:\/\/twitter.com\/notiucat\"],\"logo\":{\"@type\":\"ImageObject\",\"inLanguage\":\"es-ES\",\"@id\":\"https:\/\/www.ucat.edu.ve\/web\/#\/schema\/logo\/image\/\",\"url\":\"https:\/\/www.ucat.edu.ve\/web\/wp-content\/uploads\/2015\/07\/logoucat.gif\",\"contentUrl\":\"https:\/\/www.ucat.edu.ve\/web\/wp-content\/uploads\/2015\/07\/logoucat.gif\",\"width\":219,\"height\":155,\"caption\":\"Universidad Cat\u00f3lica Del T\u00e1chira UCAT\"},\"image\":{\"@id\":\"https:\/\/www.ucat.edu.ve\/web\/#\/schema\/logo\/image\/\"}},{\"@type\":\"WebSite\",\"@id\":\"https:\/\/www.ucat.edu.ve\/web\/#website\",\"url\":\"https:\/\/www.ucat.edu.ve\/web\/\",\"name\":\"Universidad Cat\u00f3lica del T\u00e1chira\",\"description\":\"\",\"publisher\":{\"@id\":\"https:\/\/www.ucat.edu.ve\/web\/#organization\"},\"potentialAction\":[{\"@type\":\"SearchAction\",\"target\":{\"@type\":\"EntryPoint\",\"urlTemplate\":\"https:\/\/www.ucat.edu.ve\/web\/?s={search_term_string}\"},\"query-input\":\"required name=search_term_string\"}],\"inLanguage\":\"es-ES\"},{\"@type\":\"ImageObject\",\"inLanguage\":\"es-ES\",\"@id\":\"https:\/\/www.ucat.edu.ve\/web\/doctor-yaso-cumple-18-anos-en-venezuela\/#primaryimage\",\"url\":\"https:\/\/www.ucat.edu.ve\/web\/wp-content\/uploads\/2023\/02\/2023-18vo-Aniversario-Doctor-Yaso.jpg\",\"contentUrl\":\"https:\/\/www.ucat.edu.ve\/web\/wp-content\/uploads\/2023\/02\/2023-18vo-Aniversario-Doctor-Yaso.jpg\",\"width\":1243,\"height\":768},{\"@type\":\"WebPage\",\"@id\":\"https:\/\/www.ucat.edu.ve\/web\/doctor-yaso-cumple-18-anos-en-venezuela\/#webpage\",\"url\":\"https:\/\/www.ucat.edu.ve\/web\/doctor-yaso-cumple-18-anos-en-venezuela\/\",\"name\":\"Doctor Yaso cumple 18 a\u00f1os en Venezuela - Universidad Cat\u00f3lica del T\u00e1chira\",\"isPartOf\":{\"@id\":\"https:\/\/www.ucat.edu.ve\/web\/#website\"},\"primaryImageOfPage\":{\"@id\":\"https:\/\/www.ucat.edu.ve\/web\/doctor-yaso-cumple-18-anos-en-venezuela\/#primaryimage\"},\"datePublished\":\"2023-02-07T17:23:43+00:00\",\"dateModified\":\"2023-02-07T17:23:43+00:00\",\"breadcrumb\":{\"@id\":\"https:\/\/www.ucat.edu.ve\/web\/doctor-yaso-cumple-18-anos-en-venezuela\/#breadcrumb\"},\"inLanguage\":\"es-ES\",\"potentialAction\":[{\"@type\":\"ReadAction\",\"target\":[\"https:\/\/www.ucat.edu.ve\/web\/doctor-yaso-cumple-18-anos-en-venezuela\/\"]}]},{\"@type\":\"BreadcrumbList\",\"@id\":\"https:\/\/www.ucat.edu.ve\/web\/doctor-yaso-cumple-18-anos-en-venezuela\/#breadcrumb\",\"itemListElement\":[{\"@type\":\"ListItem\",\"position\":1,\"name\":\"Home\",\"item\":\"https:\/\/www.ucat.edu.ve\/web\/\"},{\"@type\":\"ListItem\",\"position\":2,\"name\":\"Doctor Yaso cumple 18 a\u00f1os en Venezuela\"}]},{\"@type\":\"Article\",\"@id\":\"https:\/\/www.ucat.edu.ve\/web\/doctor-yaso-cumple-18-anos-en-venezuela\/#article\",\"isPartOf\":{\"@id\":\"https:\/\/www.ucat.edu.ve\/web\/doctor-yaso-cumple-18-anos-en-venezuela\/#webpage\"},\"author\":{\"name\":\"Secretaria General\",\"@id\":\"https:\/\/www.ucat.edu.ve\/web\/#\/schema\/person\/e90fe655adf97bd5c1dbc608855d16cf\"},\"headline\":\"Doctor Yaso cumple 18 a\u00f1os en Venezuela\",\"datePublished\":\"2023-02-07T17:23:43+00:00\",\"dateModified\":\"2023-02-07T17:23:43+00:00\",\"mainEntityOfPage\":{\"@id\":\"https:\/\/www.ucat.edu.ve\/web\/doctor-yaso-cumple-18-anos-en-venezuela\/#webpage\"},\"wordCount\":394,\"publisher\":{\"@id\":\"https:\/\/www.ucat.edu.ve\/web\/#organization\"},\"image\":{\"@id\":\"https:\/\/www.ucat.edu.ve\/web\/doctor-yaso-cumple-18-anos-en-venezuela\/#primaryimage\"},\"thumbnailUrl\":\"https:\/\/www.ucat.edu.ve\/web\/wp-content\/uploads\/2023\/02\/2023-18vo-Aniversario-Doctor-Yaso.jpg\",\"articleSection\":[\"Noticias\"],\"inLanguage\":\"es-ES\"},{\"@type\":\"Person\",\"@id\":\"https:\/\/www.ucat.edu.ve\/web\/#\/schema\/person\/e90fe655adf97bd5c1dbc608855d16cf\",\"name\":\"Secretaria General\",\"url\":\"https:\/\/www.ucat.edu.ve\/web\/author\/secgeucat\/\"}]}<\/script>\n<!-- \/ Yoast SEO plugin. -->","yoast_head_json":{"title":"Doctor Yaso cumple 18 a\u00f1os en Venezuela - Universidad Cat\u00f3lica del T\u00e1chira","robots":{"index":"index","follow":"follow","max-snippet":"max-snippet:-1","max-image-preview":"max-image-preview:large","max-video-preview":"max-video-preview:-1"},"canonical":"https:\/\/www.ucat.edu.ve\/web\/doctor-yaso-cumple-18-anos-en-venezuela\/","og_locale":"es_ES","og_type":"article","og_title":"Doctor Yaso cumple 18 a\u00f1os en Venezuela - Universidad Cat\u00f3lica del T\u00e1chira","og_description":"Hoy, 7 de febrero, la Asociaci\u00f3n Civil Doctor Yaso Internacional cumple 18 a\u00f1os de su fundaci\u00f3n en Venezuela. Doctor Yaso naci\u00f3 como una idea tejida a trav\u00e9s de un sue\u00f1o, un sue\u00f1o que se volvi\u00f3 realidad y que hoy cumple 18 a\u00f1os. Un proyecto que dej\u00f3 de ser peque\u00f1o y se ha convertido en el","og_url":"https:\/\/www.ucat.edu.ve\/web\/doctor-yaso-cumple-18-anos-en-venezuela\/","og_site_name":"Universidad Cat\u00f3lica del T\u00e1chira","article_publisher":"https:\/\/www.facebook.com\/notiucat\/","article_published_time":"2023-02-07T17:23:43+00:00","og_image":[{"width":1243,"height":768,"url":"https:\/\/www.ucat.edu.ve\/web\/wp-content\/uploads\/2023\/02\/2023-18vo-Aniversario-Doctor-Yaso.jpg","type":"image\/jpeg"}],"author":"Secretaria General","twitter_card":"summary_large_image","twitter_creator":"@notiucat","twitter_site":"@notiucat","twitter_misc":{"Written by":"Secretaria General","Est. reading time":"2 minutos"},"schema":{"@context":"https:\/\/schema.org","@graph":[{"@type":"Organization","@id":"https:\/\/www.ucat.edu.ve\/web\/#organization","name":"Universidad Cat\u00f3lica Del T\u00e1chira UCAT","url":"https:\/\/www.ucat.edu.ve\/web\/","sameAs":["https:\/\/www.instagram.com\/notiucat\/","https:\/\/www.youtube.com\/channel\/UCwEbYSB1R9fzlII-8dcxuYA?view_as=subscriber","https:\/\/www.facebook.com\/notiucat\/","https:\/\/twitter.com\/notiucat"],"logo":{"@type":"ImageObject","inLanguage":"es-ES","@id":"https:\/\/www.ucat.edu.ve\/web\/#\/schema\/logo\/image\/","url":"https:\/\/www.ucat.edu.ve\/web\/wp-content\/uploads\/2015\/07\/logoucat.gif","contentUrl":"https:\/\/www.ucat.edu.ve\/web\/wp-content\/uploads\/2015\/07\/logoucat.gif","width":219,"height":155,"caption":"Universidad Cat\u00f3lica Del T\u00e1chira UCAT"},"image":{"@id":"https:\/\/www.ucat.edu.ve\/web\/#\/schema\/logo\/image\/"}},{"@type":"WebSite","@id":"https:\/\/www.ucat.edu.ve\/web\/#website","url":"https:\/\/www.ucat.edu.ve\/web\/","name":"Universidad Cat\u00f3lica del T\u00e1chira","description":"","publisher":{"@id":"https:\/\/www.ucat.edu.ve\/web\/#organization"},"potentialAction":[{"@type":"SearchAction","target":{"@type":"EntryPoint","urlTemplate":"https:\/\/www.ucat.edu.ve\/web\/?s={search_term_string}"},"query-input":"required name=search_term_string"}],"inLanguage":"es-ES"},{"@type":"ImageObject","inLanguage":"es-ES","@id":"https:\/\/www.ucat.edu.ve\/web\/doctor-yaso-cumple-18-anos-en-venezuela\/#primaryimage","url":"https:\/\/www.ucat.edu.ve\/web\/wp-content\/uploads\/2023\/02\/2023-18vo-Aniversario-Doctor-Yaso.jpg","contentUrl":"https:\/\/www.ucat.edu.ve\/web\/wp-content\/uploads\/2023\/02\/2023-18vo-Aniversario-Doctor-Yaso.jpg","width":1243,"height":768},{"@type":"WebPage","@id":"https:\/\/www.ucat.edu.ve\/web\/doctor-yaso-cumple-18-anos-en-venezuela\/#webpage","url":"https:\/\/www.ucat.edu.ve\/web\/doctor-yaso-cumple-18-anos-en-venezuela\/","name":"Doctor Yaso cumple 18 a\u00f1os en Venezuela - Universidad Cat\u00f3lica del T\u00e1chira","isPartOf":{"@id":"https:\/\/www.ucat.edu.ve\/web\/#website"},"primaryImageOfPage":{"@id":"https:\/\/www.ucat.edu.ve\/web\/doctor-yaso-cumple-18-anos-en-venezuela\/#primaryimage"},"datePublished":"2023-02-07T17:23:43+00:00","dateModified":"2023-02-07T17:23:43+00:00","breadcrumb":{"@id":"https:\/\/www.ucat.edu.ve\/web\/doctor-yaso-cumple-18-anos-en-venezuela\/#breadcrumb"},"inLanguage":"es-ES","potentialAction":[{"@type":"ReadAction","target":["https:\/\/www.ucat.edu.ve\/web\/doctor-yaso-cumple-18-anos-en-venezuela\/"]}]},{"@type":"BreadcrumbList","@id":"https:\/\/www.ucat.edu.ve\/web\/doctor-yaso-cumple-18-anos-en-venezuela\/#breadcrumb","itemListElement":[{"@type":"ListItem","position":1,"name":"Home","item":"https:\/\/www.ucat.edu.ve\/web\/"},{"@type":"ListItem","position":2,"name":"Doctor Yaso cumple 18 a\u00f1os en Venezuela"}]},{"@type":"Article","@id":"https:\/\/www.ucat.edu.ve\/web\/doctor-yaso-cumple-18-anos-en-venezuela\/#article","isPartOf":{"@id":"https:\/\/www.ucat.edu.ve\/web\/doctor-yaso-cumple-18-anos-en-venezuela\/#webpage"},"author":{"name":"Secretaria General","@id":"https:\/\/www.ucat.edu.ve\/web\/#\/schema\/person\/e90fe655adf97bd5c1dbc608855d16cf"},"headline":"Doctor Yaso cumple 18 a\u00f1os en Venezuela","datePublished":"2023-02-07T17:23:43+00:00","dateModified":"2023-02-07T17:23:43+00:00","mainEntityOfPage":{"@id":"https:\/\/www.ucat.edu.ve\/web\/doctor-yaso-cumple-18-anos-en-venezuela\/#webpage"},"wordCount":394,"publisher":{"@id":"https:\/\/www.ucat.edu.ve\/web\/#organization"},"image":{"@id":"https:\/\/www.ucat.edu.ve\/web\/doctor-yaso-cumple-18-anos-en-venezuela\/#primaryimage"},"thumbnailUrl":"https:\/\/www.ucat.edu.ve\/web\/wp-content\/uploads\/2023\/02\/2023-18vo-Aniversario-Doctor-Yaso.jpg","articleSection":["Noticias"],"inLanguage":"es-ES"},{"@type":"Person","@id":"https:\/\/www.ucat.edu.ve\/web\/#\/schema\/person\/e90fe655adf97bd5c1dbc608855d16cf","name":"Secretaria General","url":"https:\/\/www.ucat.edu.ve\/web\/author\/secgeucat\/"}]}},"_links":{"self":[{"href":"https:\/\/www.ucat.edu.ve\/web\/wp-json\/wp\/v2\/posts\/10507"}],"collection":[{"href":"https:\/\/www.ucat.edu.ve\/web\/wp-json\/wp\/v2\/posts"}],"about":[{"href":"https:\/\/www.ucat.edu.ve\/web\/wp-json\/wp\/v2\/types\/post"}],"author":[{"embeddable":true,"href":"https:\/\/www.ucat.edu.ve\/web\/wp-json\/wp\/v2\/users\/23"}],"replies":[{"embeddable":true,"href":"https:\/\/www.ucat.edu.ve\/web\/wp-json\/wp\/v2\/comments?post=10507"}],"version-history":[{"count":1,"href":"https:\/\/www.ucat.edu.ve\/web\/wp-json\/wp\/v2\/posts\/10507\/revisions"}],"predecessor-version":[{"id":10510,"href":"https:\/\/www.ucat.edu.ve\/web\/wp-json\/wp\/v2\/posts\/10507\/revisions\/10510"}],"wp:featuredmedia":[{"embeddable":true,"href":"https:\/\/www.ucat.edu.ve\/web\/wp-json\/wp\/v2\/media\/10508"}],"wp:attachment":[{"href":"https:\/\/www.ucat.edu.ve\/web\/wp-json\/wp\/v2\/media?parent=10507"}],"wp:term":[{"taxonomy":"category","embeddable":true,"href":"https:\/\/www.ucat.edu.ve\/web\/wp-json\/wp\/v2\/categories?post=10507"},{"taxonomy":"post_tag","embeddable":true,"href":"https:\/\/www.ucat.edu.ve\/web\/wp-json\/wp\/v2\/tags?post=10507"}],"curies":[{"name":"wp","href":"https:\/\/api.w.org\/{rel}","templated":true}]}}