 {"id":10609,"date":"2023-02-22T20:46:24","date_gmt":"2023-02-22T20:46:24","guid":{"rendered":"https:\/\/www.ucat.edu.ve\/web\/?p=10609"},"modified":"2023-02-22T20:46:24","modified_gmt":"2023-02-22T20:46:24","slug":"ucatenses-comenzaron-la-cuaresma-2023-con-imposicion-de-ceniza","status":"publish","type":"post","link":"https:\/\/www.ucat.edu.ve\/web\/ucatenses-comenzaron-la-cuaresma-2023-con-imposicion-de-ceniza\/","title":{"rendered":"Ucatenses comenzaron la Cuaresma 2023 con imposici\u00f3n de ceniza"},"content":{"rendered":"<p style=\"text-align: center;\"><img loading=\"lazy\" class=\"alignnone size-medium wp-image-10610\" src=\"https:\/\/www.ucat.edu.ve\/web\/wp-content\/uploads\/2023\/02\/Noticia-UCAT_Ucatenses-comenzaron-la-Cuaresma-2023-con-imposicion-de-ceniza-521x322.png\" alt=\"\" width=\"521\" height=\"322\" srcset=\"https:\/\/www.ucat.edu.ve\/web\/wp-content\/uploads\/2023\/02\/Noticia-UCAT_Ucatenses-comenzaron-la-Cuaresma-2023-con-imposicion-de-ceniza-521x322.png 521w, https:\/\/www.ucat.edu.ve\/web\/wp-content\/uploads\/2023\/02\/Noticia-UCAT_Ucatenses-comenzaron-la-Cuaresma-2023-con-imposicion-de-ceniza-340x210.png 340w, https:\/\/www.ucat.edu.ve\/web\/wp-content\/uploads\/2023\/02\/Noticia-UCAT_Ucatenses-comenzaron-la-Cuaresma-2023-con-imposicion-de-ceniza.png 1086w\" sizes=\"(max-width: 521px) 100vw, 521px\" \/><\/p>\n<p style=\"font-weight: 400; text-align: justify;\">Este 22 de febrero, d\u00eda en que la Iglesia Cat\u00f3lica da inicio al tiempo de cuaresma, los ucatenses comenzaron este tiempo lit\u00fargico con el signo externo de la \u00a0imposici\u00f3n de ceniza con el prop\u00f3sito de recorrer estos cuarenta d\u00edas hacia la Pascua con un sentido de conversi\u00f3n.<\/p>\n<p style=\"font-weight: 400; text-align: justify;\">La liturgia fue celebrada en ambas sedes de la Universidad Cat\u00f3lica del T\u00e1chira en Loma del Tejar y Sabana Larga, ubicada en la ciudad de San Crist\u00f3bal.<\/p>\n<p style=\"font-weight: 400; text-align: justify;\">El sacerdote jesuita Francisco Aranguren a la luz de la Palabra de Dios explic\u00f3 a los presentes el significado del ayuno, oraci\u00f3n y caridad como una forma de expresi\u00f3n \u201c de amor a Dios (ayuno) , amor as\u00ed mismo (oraci\u00f3n) y amor a los dem\u00e1s (la caridad)\u201d tambi\u00e9n coment\u00f3 los beneficios del ayuno en la vida del cristiano pues \u201cproduce humildad, muestra nuestro dolor por nuestros pecados, despeja el camino hacia Dios, se presenta como un medio de discernir la voluntad de Dios y una se\u00f1al de verdadera conversi\u00f3n.<\/p>\n<p style=\"font-weight: 400; text-align: justify;\">La Cuaresma es un tiempo lit\u00fargico de conversi\u00f3n que se centra en tres pilares espirituales, la oraci\u00f3n, el ayuno y la limosna. Durante los 40 d\u00edas de Cuaresma, se exhorta a la reflexi\u00f3n, a realizar actos de caridad\u00a0y hacer peque\u00f1os sacrificios como modo de preparaci\u00f3n para la celebraci\u00f3n alegre de la resurrecci\u00f3n de Cristo el Domingo de Pascua.<\/p>\n<p style=\"font-weight: 400;\">(<strong>PrensaUCAT<\/strong>)<\/p>\n","protected":false},"excerpt":{"rendered":"<p>Este 22 de febrero, d\u00eda en que la Iglesia Cat\u00f3lica da inicio al tiempo de cuaresma, los ucatenses comenzaron este tiempo lit\u00fargico con el signo externo de la \u00a0imposici\u00f3n de ceniza con el prop\u00f3sito de recorrer estos cuarenta d\u00edas hacia la Pascua con un sentido de conversi\u00f3n. La liturgia fue celebrada en ambas sedes de<\/p>\n","protected":false},"author":23,"featured_media":10610,"comment_status":"closed","ping_status":"closed","sticky":false,"template":"","format":"standard","meta":[],"categories":[3],"tags":[],"yoast_head":"<!-- This site is optimized with the Yoast SEO plugin v19.2 - https:\/\/yoast.com\/wordpress\/plugins\/seo\/ -->\n<title>Ucatenses comenzaron la Cuaresma 2023 con imposici\u00f3n de ceniza - Universidad Cat\u00f3lica del T\u00e1chira<\/title>\n<meta name=\"robots\" content=\"index, follow, max-snippet:-1, max-image-preview:large, max-video-preview:-1\" \/>\n<link rel=\"canonical\" href=\"https:\/\/www.ucat.edu.ve\/web\/ucatenses-comenzaron-la-cuaresma-2023-con-imposicion-de-ceniza\/\" \/>\n<meta property=\"og:locale\" content=\"es_ES\" \/>\n<meta property=\"og:type\" content=\"article\" \/>\n<meta property=\"og:title\" content=\"Ucatenses comenzaron la Cuaresma 2023 con imposici\u00f3n de ceniza - Universidad Cat\u00f3lica del T\u00e1chira\" \/>\n<meta property=\"og:description\" content=\"Este 22 de febrero, d\u00eda en que la Iglesia Cat\u00f3lica da inicio al tiempo de cuaresma, los ucatenses comenzaron este tiempo lit\u00fargico con el signo externo de la \u00a0imposici\u00f3n de ceniza con el prop\u00f3sito de recorrer estos cuarenta d\u00edas hacia la Pascua con un sentido de conversi\u00f3n. La liturgia fue celebrada en ambas sedes de\" \/>\n<meta property=\"og:url\" content=\"https:\/\/www.ucat.edu.ve\/web\/ucatenses-comenzaron-la-cuaresma-2023-con-imposicion-de-ceniza\/\" \/>\n<meta property=\"og:site_name\" content=\"Universidad Cat\u00f3lica del T\u00e1chira\" \/>\n<meta property=\"article:publisher\" content=\"https:\/\/www.facebook.com\/notiucat\/\" \/>\n<meta property=\"article:published_time\" content=\"2023-02-22T20:46:24+00:00\" \/>\n<meta property=\"og:image\" content=\"https:\/\/www.ucat.edu.ve\/web\/wp-content\/uploads\/2023\/02\/Noticia-UCAT_Ucatenses-comenzaron-la-Cuaresma-2023-con-imposicion-de-ceniza.png\" \/>\n\t<meta property=\"og:image:width\" content=\"1086\" \/>\n\t<meta property=\"og:image:height\" content=\"671\" \/>\n\t<meta property=\"og:image:type\" content=\"image\/png\" \/>\n<meta name=\"author\" content=\"Secretaria General\" \/>\n<meta name=\"twitter:card\" content=\"summary_large_image\" \/>\n<meta name=\"twitter:creator\" content=\"@notiucat\" \/>\n<meta name=\"twitter:site\" content=\"@notiucat\" \/>\n<meta name=\"twitter:label1\" content=\"Written by\" \/>\n\t<meta name=\"twitter:data1\" content=\"Secretaria General\" \/>\n\t<meta name=\"twitter:label2\" content=\"Est. reading time\" \/>\n\t<meta name=\"twitter:data2\" content=\"1 minuto\" \/>\n<script type=\"application\/ld+json\" class=\"yoast-schema-graph\">{\"@context\":\"https:\/\/schema.org\",\"@graph\":[{\"@type\":\"Organization\",\"@id\":\"https:\/\/www.ucat.edu.ve\/web\/#organization\",\"name\":\"Universidad Cat\u00f3lica Del T\u00e1chira UCAT\",\"url\":\"https:\/\/www.ucat.edu.ve\/web\/\",\"sameAs\":[\"https:\/\/www.instagram.com\/notiucat\/\",\"https:\/\/www.youtube.com\/channel\/UCwEbYSB1R9fzlII-8dcxuYA?view_as=subscriber\",\"https:\/\/www.facebook.com\/notiucat\/\",\"https:\/\/twitter.com\/notiucat\"],\"logo\":{\"@type\":\"ImageObject\",\"inLanguage\":\"es-ES\",\"@id\":\"https:\/\/www.ucat.edu.ve\/web\/#\/schema\/logo\/image\/\",\"url\":\"https:\/\/www.ucat.edu.ve\/web\/wp-content\/uploads\/2015\/07\/logoucat.gif\",\"contentUrl\":\"https:\/\/www.ucat.edu.ve\/web\/wp-content\/uploads\/2015\/07\/logoucat.gif\",\"width\":219,\"height\":155,\"caption\":\"Universidad Cat\u00f3lica Del T\u00e1chira UCAT\"},\"image\":{\"@id\":\"https:\/\/www.ucat.edu.ve\/web\/#\/schema\/logo\/image\/\"}},{\"@type\":\"WebSite\",\"@id\":\"https:\/\/www.ucat.edu.ve\/web\/#website\",\"url\":\"https:\/\/www.ucat.edu.ve\/web\/\",\"name\":\"Universidad Cat\u00f3lica del T\u00e1chira\",\"description\":\"\",\"publisher\":{\"@id\":\"https:\/\/www.ucat.edu.ve\/web\/#organization\"},\"potentialAction\":[{\"@type\":\"SearchAction\",\"target\":{\"@type\":\"EntryPoint\",\"urlTemplate\":\"https:\/\/www.ucat.edu.ve\/web\/?s={search_term_string}\"},\"query-input\":\"required name=search_term_string\"}],\"inLanguage\":\"es-ES\"},{\"@type\":\"ImageObject\",\"inLanguage\":\"es-ES\",\"@id\":\"https:\/\/www.ucat.edu.ve\/web\/ucatenses-comenzaron-la-cuaresma-2023-con-imposicion-de-ceniza\/#primaryimage\",\"url\":\"https:\/\/www.ucat.edu.ve\/web\/wp-content\/uploads\/2023\/02\/Noticia-UCAT_Ucatenses-comenzaron-la-Cuaresma-2023-con-imposicion-de-ceniza.png\",\"contentUrl\":\"https:\/\/www.ucat.edu.ve\/web\/wp-content\/uploads\/2023\/02\/Noticia-UCAT_Ucatenses-comenzaron-la-Cuaresma-2023-con-imposicion-de-ceniza.png\",\"width\":1086,\"height\":671},{\"@type\":\"WebPage\",\"@id\":\"https:\/\/www.ucat.edu.ve\/web\/ucatenses-comenzaron-la-cuaresma-2023-con-imposicion-de-ceniza\/#webpage\",\"url\":\"https:\/\/www.ucat.edu.ve\/web\/ucatenses-comenzaron-la-cuaresma-2023-con-imposicion-de-ceniza\/\",\"name\":\"Ucatenses comenzaron la Cuaresma 2023 con imposici\u00f3n de ceniza - Universidad Cat\u00f3lica del T\u00e1chira\",\"isPartOf\":{\"@id\":\"https:\/\/www.ucat.edu.ve\/web\/#website\"},\"primaryImageOfPage\":{\"@id\":\"https:\/\/www.ucat.edu.ve\/web\/ucatenses-comenzaron-la-cuaresma-2023-con-imposicion-de-ceniza\/#primaryimage\"},\"datePublished\":\"2023-02-22T20:46:24+00:00\",\"dateModified\":\"2023-02-22T20:46:24+00:00\",\"breadcrumb\":{\"@id\":\"https:\/\/www.ucat.edu.ve\/web\/ucatenses-comenzaron-la-cuaresma-2023-con-imposicion-de-ceniza\/#breadcrumb\"},\"inLanguage\":\"es-ES\",\"potentialAction\":[{\"@type\":\"ReadAction\",\"target\":[\"https:\/\/www.ucat.edu.ve\/web\/ucatenses-comenzaron-la-cuaresma-2023-con-imposicion-de-ceniza\/\"]}]},{\"@type\":\"BreadcrumbList\",\"@id\":\"https:\/\/www.ucat.edu.ve\/web\/ucatenses-comenzaron-la-cuaresma-2023-con-imposicion-de-ceniza\/#breadcrumb\",\"itemListElement\":[{\"@type\":\"ListItem\",\"position\":1,\"name\":\"Home\",\"item\":\"https:\/\/www.ucat.edu.ve\/web\/\"},{\"@type\":\"ListItem\",\"position\":2,\"name\":\"Ucatenses comenzaron la Cuaresma 2023 con imposici\u00f3n de ceniza\"}]},{\"@type\":\"Article\",\"@id\":\"https:\/\/www.ucat.edu.ve\/web\/ucatenses-comenzaron-la-cuaresma-2023-con-imposicion-de-ceniza\/#article\",\"isPartOf\":{\"@id\":\"https:\/\/www.ucat.edu.ve\/web\/ucatenses-comenzaron-la-cuaresma-2023-con-imposicion-de-ceniza\/#webpage\"},\"author\":{\"name\":\"Secretaria General\",\"@id\":\"https:\/\/www.ucat.edu.ve\/web\/#\/schema\/person\/e90fe655adf97bd5c1dbc608855d16cf\"},\"headline\":\"Ucatenses comenzaron la Cuaresma 2023 con imposici\u00f3n de ceniza\",\"datePublished\":\"2023-02-22T20:46:24+00:00\",\"dateModified\":\"2023-02-22T20:46:24+00:00\",\"mainEntityOfPage\":{\"@id\":\"https:\/\/www.ucat.edu.ve\/web\/ucatenses-comenzaron-la-cuaresma-2023-con-imposicion-de-ceniza\/#webpage\"},\"wordCount\":254,\"publisher\":{\"@id\":\"https:\/\/www.ucat.edu.ve\/web\/#organization\"},\"image\":{\"@id\":\"https:\/\/www.ucat.edu.ve\/web\/ucatenses-comenzaron-la-cuaresma-2023-con-imposicion-de-ceniza\/#primaryimage\"},\"thumbnailUrl\":\"https:\/\/www.ucat.edu.ve\/web\/wp-content\/uploads\/2023\/02\/Noticia-UCAT_Ucatenses-comenzaron-la-Cuaresma-2023-con-imposicion-de-ceniza.png\",\"articleSection\":[\"Noticias\"],\"inLanguage\":\"es-ES\"},{\"@type\":\"Person\",\"@id\":\"https:\/\/www.ucat.edu.ve\/web\/#\/schema\/person\/e90fe655adf97bd5c1dbc608855d16cf\",\"name\":\"Secretaria General\",\"url\":\"https:\/\/www.ucat.edu.ve\/web\/author\/secgeucat\/\"}]}<\/script>\n<!-- \/ Yoast SEO plugin. -->","yoast_head_json":{"title":"Ucatenses comenzaron la Cuaresma 2023 con imposici\u00f3n de ceniza - Universidad Cat\u00f3lica del T\u00e1chira","robots":{"index":"index","follow":"follow","max-snippet":"max-snippet:-1","max-image-preview":"max-image-preview:large","max-video-preview":"max-video-preview:-1"},"canonical":"https:\/\/www.ucat.edu.ve\/web\/ucatenses-comenzaron-la-cuaresma-2023-con-imposicion-de-ceniza\/","og_locale":"es_ES","og_type":"article","og_title":"Ucatenses comenzaron la Cuaresma 2023 con imposici\u00f3n de ceniza - Universidad Cat\u00f3lica del T\u00e1chira","og_description":"Este 22 de febrero, d\u00eda en que la Iglesia Cat\u00f3lica da inicio al tiempo de cuaresma, los ucatenses comenzaron este tiempo lit\u00fargico con el signo externo de la \u00a0imposici\u00f3n de ceniza con el prop\u00f3sito de recorrer estos cuarenta d\u00edas hacia la Pascua con un sentido de conversi\u00f3n. La liturgia fue celebrada en ambas sedes de","og_url":"https:\/\/www.ucat.edu.ve\/web\/ucatenses-comenzaron-la-cuaresma-2023-con-imposicion-de-ceniza\/","og_site_name":"Universidad Cat\u00f3lica del T\u00e1chira","article_publisher":"https:\/\/www.facebook.com\/notiucat\/","article_published_time":"2023-02-22T20:46:24+00:00","og_image":[{"width":1086,"height":671,"url":"https:\/\/www.ucat.edu.ve\/web\/wp-content\/uploads\/2023\/02\/Noticia-UCAT_Ucatenses-comenzaron-la-Cuaresma-2023-con-imposicion-de-ceniza.png","type":"image\/png"}],"author":"Secretaria General","twitter_card":"summary_large_image","twitter_creator":"@notiucat","twitter_site":"@notiucat","twitter_misc":{"Written by":"Secretaria General","Est. reading time":"1 minuto"},"schema":{"@context":"https:\/\/schema.org","@graph":[{"@type":"Organization","@id":"https:\/\/www.ucat.edu.ve\/web\/#organization","name":"Universidad Cat\u00f3lica Del T\u00e1chira UCAT","url":"https:\/\/www.ucat.edu.ve\/web\/","sameAs":["https:\/\/www.instagram.com\/notiucat\/","https:\/\/www.youtube.com\/channel\/UCwEbYSB1R9fzlII-8dcxuYA?view_as=subscriber","https:\/\/www.facebook.com\/notiucat\/","https:\/\/twitter.com\/notiucat"],"logo":{"@type":"ImageObject","inLanguage":"es-ES","@id":"https:\/\/www.ucat.edu.ve\/web\/#\/schema\/logo\/image\/","url":"https:\/\/www.ucat.edu.ve\/web\/wp-content\/uploads\/2015\/07\/logoucat.gif","contentUrl":"https:\/\/www.ucat.edu.ve\/web\/wp-content\/uploads\/2015\/07\/logoucat.gif","width":219,"height":155,"caption":"Universidad Cat\u00f3lica Del T\u00e1chira UCAT"},"image":{"@id":"https:\/\/www.ucat.edu.ve\/web\/#\/schema\/logo\/image\/"}},{"@type":"WebSite","@id":"https:\/\/www.ucat.edu.ve\/web\/#website","url":"https:\/\/www.ucat.edu.ve\/web\/","name":"Universidad Cat\u00f3lica del T\u00e1chira","description":"","publisher":{"@id":"https:\/\/www.ucat.edu.ve\/web\/#organization"},"potentialAction":[{"@type":"SearchAction","target":{"@type":"EntryPoint","urlTemplate":"https:\/\/www.ucat.edu.ve\/web\/?s={search_term_string}"},"query-input":"required name=search_term_string"}],"inLanguage":"es-ES"},{"@type":"ImageObject","inLanguage":"es-ES","@id":"https:\/\/www.ucat.edu.ve\/web\/ucatenses-comenzaron-la-cuaresma-2023-con-imposicion-de-ceniza\/#primaryimage","url":"https:\/\/www.ucat.edu.ve\/web\/wp-content\/uploads\/2023\/02\/Noticia-UCAT_Ucatenses-comenzaron-la-Cuaresma-2023-con-imposicion-de-ceniza.png","contentUrl":"https:\/\/www.ucat.edu.ve\/web\/wp-content\/uploads\/2023\/02\/Noticia-UCAT_Ucatenses-comenzaron-la-Cuaresma-2023-con-imposicion-de-ceniza.png","width":1086,"height":671},{"@type":"WebPage","@id":"https:\/\/www.ucat.edu.ve\/web\/ucatenses-comenzaron-la-cuaresma-2023-con-imposicion-de-ceniza\/#webpage","url":"https:\/\/www.ucat.edu.ve\/web\/ucatenses-comenzaron-la-cuaresma-2023-con-imposicion-de-ceniza\/","name":"Ucatenses comenzaron la Cuaresma 2023 con imposici\u00f3n de ceniza - Universidad Cat\u00f3lica del T\u00e1chira","isPartOf":{"@id":"https:\/\/www.ucat.edu.ve\/web\/#website"},"primaryImageOfPage":{"@id":"https:\/\/www.ucat.edu.ve\/web\/ucatenses-comenzaron-la-cuaresma-2023-con-imposicion-de-ceniza\/#primaryimage"},"datePublished":"2023-02-22T20:46:24+00:00","dateModified":"2023-02-22T20:46:24+00:00","breadcrumb":{"@id":"https:\/\/www.ucat.edu.ve\/web\/ucatenses-comenzaron-la-cuaresma-2023-con-imposicion-de-ceniza\/#breadcrumb"},"inLanguage":"es-ES","potentialAction":[{"@type":"ReadAction","target":["https:\/\/www.ucat.edu.ve\/web\/ucatenses-comenzaron-la-cuaresma-2023-con-imposicion-de-ceniza\/"]}]},{"@type":"BreadcrumbList","@id":"https:\/\/www.ucat.edu.ve\/web\/ucatenses-comenzaron-la-cuaresma-2023-con-imposicion-de-ceniza\/#breadcrumb","itemListElement":[{"@type":"ListItem","position":1,"name":"Home","item":"https:\/\/www.ucat.edu.ve\/web\/"},{"@type":"ListItem","position":2,"name":"Ucatenses comenzaron la Cuaresma 2023 con imposici\u00f3n de ceniza"}]},{"@type":"Article","@id":"https:\/\/www.ucat.edu.ve\/web\/ucatenses-comenzaron-la-cuaresma-2023-con-imposicion-de-ceniza\/#article","isPartOf":{"@id":"https:\/\/www.ucat.edu.ve\/web\/ucatenses-comenzaron-la-cuaresma-2023-con-imposicion-de-ceniza\/#webpage"},"author":{"name":"Secretaria General","@id":"https:\/\/www.ucat.edu.ve\/web\/#\/schema\/person\/e90fe655adf97bd5c1dbc608855d16cf"},"headline":"Ucatenses comenzaron la Cuaresma 2023 con imposici\u00f3n de ceniza","datePublished":"2023-02-22T20:46:24+00:00","dateModified":"2023-02-22T20:46:24+00:00","mainEntityOfPage":{"@id":"https:\/\/www.ucat.edu.ve\/web\/ucatenses-comenzaron-la-cuaresma-2023-con-imposicion-de-ceniza\/#webpage"},"wordCount":254,"publisher":{"@id":"https:\/\/www.ucat.edu.ve\/web\/#organization"},"image":{"@id":"https:\/\/www.ucat.edu.ve\/web\/ucatenses-comenzaron-la-cuaresma-2023-con-imposicion-de-ceniza\/#primaryimage"},"thumbnailUrl":"https:\/\/www.ucat.edu.ve\/web\/wp-content\/uploads\/2023\/02\/Noticia-UCAT_Ucatenses-comenzaron-la-Cuaresma-2023-con-imposicion-de-ceniza.png","articleSection":["Noticias"],"inLanguage":"es-ES"},{"@type":"Person","@id":"https:\/\/www.ucat.edu.ve\/web\/#\/schema\/person\/e90fe655adf97bd5c1dbc608855d16cf","name":"Secretaria General","url":"https:\/\/www.ucat.edu.ve\/web\/author\/secgeucat\/"}]}},"_links":{"self":[{"href":"https:\/\/www.ucat.edu.ve\/web\/wp-json\/wp\/v2\/posts\/10609"}],"collection":[{"href":"https:\/\/www.ucat.edu.ve\/web\/wp-json\/wp\/v2\/posts"}],"about":[{"href":"https:\/\/www.ucat.edu.ve\/web\/wp-json\/wp\/v2\/types\/post"}],"author":[{"embeddable":true,"href":"https:\/\/www.ucat.edu.ve\/web\/wp-json\/wp\/v2\/users\/23"}],"replies":[{"embeddable":true,"href":"https:\/\/www.ucat.edu.ve\/web\/wp-json\/wp\/v2\/comments?post=10609"}],"version-history":[{"count":1,"href":"https:\/\/www.ucat.edu.ve\/web\/wp-json\/wp\/v2\/posts\/10609\/revisions"}],"predecessor-version":[{"id":10611,"href":"https:\/\/www.ucat.edu.ve\/web\/wp-json\/wp\/v2\/posts\/10609\/revisions\/10611"}],"wp:featuredmedia":[{"embeddable":true,"href":"https:\/\/www.ucat.edu.ve\/web\/wp-json\/wp\/v2\/media\/10610"}],"wp:attachment":[{"href":"https:\/\/www.ucat.edu.ve\/web\/wp-json\/wp\/v2\/media?parent=10609"}],"wp:term":[{"taxonomy":"category","embeddable":true,"href":"https:\/\/www.ucat.edu.ve\/web\/wp-json\/wp\/v2\/categories?post=10609"},{"taxonomy":"post_tag","embeddable":true,"href":"https:\/\/www.ucat.edu.ve\/web\/wp-json\/wp\/v2\/tags?post=10609"}],"curies":[{"name":"wp","href":"https:\/\/api.w.org\/{rel}","templated":true}]}}