 {"id":10968,"date":"2023-05-02T17:22:34","date_gmt":"2023-05-02T17:22:34","guid":{"rendered":"https:\/\/www.ucat.edu.ve\/web\/?p=10968"},"modified":"2023-05-02T17:22:34","modified_gmt":"2023-05-02T17:22:34","slug":"ucat-presente-en-la-ii-asamblea-regional-de-educacion-en-frontera","status":"publish","type":"post","link":"https:\/\/www.ucat.edu.ve\/web\/ucat-presente-en-la-ii-asamblea-regional-de-educacion-en-frontera\/","title":{"rendered":"UCAT presente en la II Asamblea regional de educaci\u00f3n en frontera"},"content":{"rendered":"<p style=\"text-align: center;\"><img loading=\"lazy\" class=\"alignnone size-medium wp-image-10969\" src=\"https:\/\/www.ucat.edu.ve\/web\/wp-content\/uploads\/2023\/05\/Noticia-UCAT_UCAT-presente-en-la-II-Asamblea-regional-de-educacion-en-frontera-521x322.png\" alt=\"\" width=\"521\" height=\"322\" srcset=\"https:\/\/www.ucat.edu.ve\/web\/wp-content\/uploads\/2023\/05\/Noticia-UCAT_UCAT-presente-en-la-II-Asamblea-regional-de-educacion-en-frontera-521x322.png 521w, https:\/\/www.ucat.edu.ve\/web\/wp-content\/uploads\/2023\/05\/Noticia-UCAT_UCAT-presente-en-la-II-Asamblea-regional-de-educacion-en-frontera-340x210.png 340w, https:\/\/www.ucat.edu.ve\/web\/wp-content\/uploads\/2023\/05\/Noticia-UCAT_UCAT-presente-en-la-II-Asamblea-regional-de-educacion-en-frontera.png 1086w\" sizes=\"(max-width: 521px) 100vw, 521px\" \/><\/p>\n<p style=\"text-align: justify;\">El pasado jueves 27 y viernes 28 de abril del presente a\u00f1o, se desarroll\u00f3 en las instalaciones de la Universidad Nacional Experimental del T\u00e1chira la \u201cII Asamblea regional en frontera \u201d \u2013con el lema \u201cMaestros\u2026 siempre maestros.\u201d<\/p>\n<p style=\"text-align: justify;\">Dicha actividad, reuni\u00f3 m\u00e1s 150 docentes de educaci\u00f3n b\u00e1sica, media diversificada, y universitaria, de todo el Estado T\u00e1chira y Apure, donde se explicaron temas sobre la realidad educativa y la necesidad de la actualizaci\u00f3n pedag\u00f3gica, con miras al \u00e9xito del estudiantado en los diferentes niveles.<\/p>\n<p style=\"text-align: justify;\">El encuentro tuvo la colaboraci\u00f3n de las distintas universidades del T\u00e1chira entre ellas, la Universidad Cat\u00f3lica del T\u00e1chira UCAT (UNET, UPEL, ULA), adem\u00e1s de distintas organizaciones involucradas con la materia educativa como AVEC, ANDIEP, Fe y Alegr\u00eda, Universitarios en Frontera y la Red Apost\u00f3lica Ignaciana de la Frontera \u2013 RAIF, de la cual la UCAT forma parte.<\/p>\n<p style=\"text-align: justify;\">La UCAT tuvo la participaci\u00f3n del Pbro. Eduardo Soto con el Tema \u201cPaz y Reconciliaci\u00f3n\u201d- \u201cLa importancia de las estrategias del perd\u00f3n y reconciliaci\u00f3n, que facilitan la integraci\u00f3n en ponerse en el lugar del otro, crear empat\u00eda, dentro y fuera del aula de clases, mediante el perd\u00f3n disminuyendo el uso de la violencia, como mudos de conflictos.\u201d expres\u00f3 el sacerdote.<\/p>\n<p>(PrensaUCAT)<\/p>\n","protected":false},"excerpt":{"rendered":"<p>El pasado jueves 27 y viernes 28 de abril del presente a\u00f1o, se desarroll\u00f3 en las instalaciones de la Universidad Nacional Experimental del T\u00e1chira la \u201cII Asamblea regional en frontera \u201d \u2013con el lema \u201cMaestros\u2026 siempre maestros.\u201d Dicha actividad, reuni\u00f3 m\u00e1s 150 docentes de educaci\u00f3n b\u00e1sica, media diversificada, y universitaria, de todo el Estado T\u00e1chira<\/p>\n","protected":false},"author":23,"featured_media":10969,"comment_status":"closed","ping_status":"closed","sticky":false,"template":"","format":"standard","meta":[],"categories":[3],"tags":[],"yoast_head":"<!-- This site is optimized with the Yoast SEO plugin v19.2 - https:\/\/yoast.com\/wordpress\/plugins\/seo\/ -->\n<title>UCAT presente en la II Asamblea regional de educaci\u00f3n en frontera - Universidad Cat\u00f3lica del T\u00e1chira<\/title>\n<meta name=\"robots\" content=\"index, follow, max-snippet:-1, max-image-preview:large, max-video-preview:-1\" \/>\n<link rel=\"canonical\" href=\"https:\/\/www.ucat.edu.ve\/web\/ucat-presente-en-la-ii-asamblea-regional-de-educacion-en-frontera\/\" \/>\n<meta property=\"og:locale\" content=\"es_ES\" \/>\n<meta property=\"og:type\" content=\"article\" \/>\n<meta property=\"og:title\" content=\"UCAT presente en la II Asamblea regional de educaci\u00f3n en frontera - Universidad Cat\u00f3lica del T\u00e1chira\" \/>\n<meta property=\"og:description\" content=\"El pasado jueves 27 y viernes 28 de abril del presente a\u00f1o, se desarroll\u00f3 en las instalaciones de la Universidad Nacional Experimental del T\u00e1chira la \u201cII Asamblea regional en frontera \u201d \u2013con el lema \u201cMaestros\u2026 siempre maestros.\u201d Dicha actividad, reuni\u00f3 m\u00e1s 150 docentes de educaci\u00f3n b\u00e1sica, media diversificada, y universitaria, de todo el Estado T\u00e1chira\" \/>\n<meta property=\"og:url\" content=\"https:\/\/www.ucat.edu.ve\/web\/ucat-presente-en-la-ii-asamblea-regional-de-educacion-en-frontera\/\" \/>\n<meta property=\"og:site_name\" content=\"Universidad Cat\u00f3lica del T\u00e1chira\" \/>\n<meta property=\"article:publisher\" content=\"https:\/\/www.facebook.com\/notiucat\/\" \/>\n<meta property=\"article:published_time\" content=\"2023-05-02T17:22:34+00:00\" \/>\n<meta property=\"og:image\" content=\"https:\/\/www.ucat.edu.ve\/web\/wp-content\/uploads\/2023\/05\/Noticia-UCAT_UCAT-presente-en-la-II-Asamblea-regional-de-educacion-en-frontera.png\" \/>\n\t<meta property=\"og:image:width\" content=\"1086\" \/>\n\t<meta property=\"og:image:height\" content=\"671\" \/>\n\t<meta property=\"og:image:type\" content=\"image\/png\" \/>\n<meta name=\"author\" content=\"Secretaria General\" \/>\n<meta name=\"twitter:card\" content=\"summary_large_image\" \/>\n<meta name=\"twitter:creator\" content=\"@notiucat\" \/>\n<meta name=\"twitter:site\" content=\"@notiucat\" \/>\n<meta name=\"twitter:label1\" content=\"Written by\" \/>\n\t<meta name=\"twitter:data1\" content=\"Secretaria General\" \/>\n\t<meta name=\"twitter:label2\" content=\"Est. reading time\" \/>\n\t<meta name=\"twitter:data2\" content=\"1 minuto\" \/>\n<script type=\"application\/ld+json\" class=\"yoast-schema-graph\">{\"@context\":\"https:\/\/schema.org\",\"@graph\":[{\"@type\":\"Organization\",\"@id\":\"https:\/\/www.ucat.edu.ve\/web\/#organization\",\"name\":\"Universidad Cat\u00f3lica Del T\u00e1chira UCAT\",\"url\":\"https:\/\/www.ucat.edu.ve\/web\/\",\"sameAs\":[\"https:\/\/www.instagram.com\/notiucat\/\",\"https:\/\/www.youtube.com\/channel\/UCwEbYSB1R9fzlII-8dcxuYA?view_as=subscriber\",\"https:\/\/www.facebook.com\/notiucat\/\",\"https:\/\/twitter.com\/notiucat\"],\"logo\":{\"@type\":\"ImageObject\",\"inLanguage\":\"es-ES\",\"@id\":\"https:\/\/www.ucat.edu.ve\/web\/#\/schema\/logo\/image\/\",\"url\":\"https:\/\/www.ucat.edu.ve\/web\/wp-content\/uploads\/2015\/07\/logoucat.gif\",\"contentUrl\":\"https:\/\/www.ucat.edu.ve\/web\/wp-content\/uploads\/2015\/07\/logoucat.gif\",\"width\":219,\"height\":155,\"caption\":\"Universidad Cat\u00f3lica Del T\u00e1chira UCAT\"},\"image\":{\"@id\":\"https:\/\/www.ucat.edu.ve\/web\/#\/schema\/logo\/image\/\"}},{\"@type\":\"WebSite\",\"@id\":\"https:\/\/www.ucat.edu.ve\/web\/#website\",\"url\":\"https:\/\/www.ucat.edu.ve\/web\/\",\"name\":\"Universidad Cat\u00f3lica del T\u00e1chira\",\"description\":\"\",\"publisher\":{\"@id\":\"https:\/\/www.ucat.edu.ve\/web\/#organization\"},\"potentialAction\":[{\"@type\":\"SearchAction\",\"target\":{\"@type\":\"EntryPoint\",\"urlTemplate\":\"https:\/\/www.ucat.edu.ve\/web\/?s={search_term_string}\"},\"query-input\":\"required name=search_term_string\"}],\"inLanguage\":\"es-ES\"},{\"@type\":\"ImageObject\",\"inLanguage\":\"es-ES\",\"@id\":\"https:\/\/www.ucat.edu.ve\/web\/ucat-presente-en-la-ii-asamblea-regional-de-educacion-en-frontera\/#primaryimage\",\"url\":\"https:\/\/www.ucat.edu.ve\/web\/wp-content\/uploads\/2023\/05\/Noticia-UCAT_UCAT-presente-en-la-II-Asamblea-regional-de-educacion-en-frontera.png\",\"contentUrl\":\"https:\/\/www.ucat.edu.ve\/web\/wp-content\/uploads\/2023\/05\/Noticia-UCAT_UCAT-presente-en-la-II-Asamblea-regional-de-educacion-en-frontera.png\",\"width\":1086,\"height\":671},{\"@type\":\"WebPage\",\"@id\":\"https:\/\/www.ucat.edu.ve\/web\/ucat-presente-en-la-ii-asamblea-regional-de-educacion-en-frontera\/#webpage\",\"url\":\"https:\/\/www.ucat.edu.ve\/web\/ucat-presente-en-la-ii-asamblea-regional-de-educacion-en-frontera\/\",\"name\":\"UCAT presente en la II Asamblea regional de educaci\u00f3n en frontera - Universidad Cat\u00f3lica del T\u00e1chira\",\"isPartOf\":{\"@id\":\"https:\/\/www.ucat.edu.ve\/web\/#website\"},\"primaryImageOfPage\":{\"@id\":\"https:\/\/www.ucat.edu.ve\/web\/ucat-presente-en-la-ii-asamblea-regional-de-educacion-en-frontera\/#primaryimage\"},\"datePublished\":\"2023-05-02T17:22:34+00:00\",\"dateModified\":\"2023-05-02T17:22:34+00:00\",\"breadcrumb\":{\"@id\":\"https:\/\/www.ucat.edu.ve\/web\/ucat-presente-en-la-ii-asamblea-regional-de-educacion-en-frontera\/#breadcrumb\"},\"inLanguage\":\"es-ES\",\"potentialAction\":[{\"@type\":\"ReadAction\",\"target\":[\"https:\/\/www.ucat.edu.ve\/web\/ucat-presente-en-la-ii-asamblea-regional-de-educacion-en-frontera\/\"]}]},{\"@type\":\"BreadcrumbList\",\"@id\":\"https:\/\/www.ucat.edu.ve\/web\/ucat-presente-en-la-ii-asamblea-regional-de-educacion-en-frontera\/#breadcrumb\",\"itemListElement\":[{\"@type\":\"ListItem\",\"position\":1,\"name\":\"Home\",\"item\":\"https:\/\/www.ucat.edu.ve\/web\/\"},{\"@type\":\"ListItem\",\"position\":2,\"name\":\"UCAT presente en la II Asamblea regional de educaci\u00f3n en frontera\"}]},{\"@type\":\"Article\",\"@id\":\"https:\/\/www.ucat.edu.ve\/web\/ucat-presente-en-la-ii-asamblea-regional-de-educacion-en-frontera\/#article\",\"isPartOf\":{\"@id\":\"https:\/\/www.ucat.edu.ve\/web\/ucat-presente-en-la-ii-asamblea-regional-de-educacion-en-frontera\/#webpage\"},\"author\":{\"name\":\"Secretaria General\",\"@id\":\"https:\/\/www.ucat.edu.ve\/web\/#\/schema\/person\/e90fe655adf97bd5c1dbc608855d16cf\"},\"headline\":\"UCAT presente en la II Asamblea regional de educaci\u00f3n en frontera\",\"datePublished\":\"2023-05-02T17:22:34+00:00\",\"dateModified\":\"2023-05-02T17:22:34+00:00\",\"mainEntityOfPage\":{\"@id\":\"https:\/\/www.ucat.edu.ve\/web\/ucat-presente-en-la-ii-asamblea-regional-de-educacion-en-frontera\/#webpage\"},\"wordCount\":230,\"publisher\":{\"@id\":\"https:\/\/www.ucat.edu.ve\/web\/#organization\"},\"image\":{\"@id\":\"https:\/\/www.ucat.edu.ve\/web\/ucat-presente-en-la-ii-asamblea-regional-de-educacion-en-frontera\/#primaryimage\"},\"thumbnailUrl\":\"https:\/\/www.ucat.edu.ve\/web\/wp-content\/uploads\/2023\/05\/Noticia-UCAT_UCAT-presente-en-la-II-Asamblea-regional-de-educacion-en-frontera.png\",\"articleSection\":[\"Noticias\"],\"inLanguage\":\"es-ES\"},{\"@type\":\"Person\",\"@id\":\"https:\/\/www.ucat.edu.ve\/web\/#\/schema\/person\/e90fe655adf97bd5c1dbc608855d16cf\",\"name\":\"Secretaria General\",\"url\":\"https:\/\/www.ucat.edu.ve\/web\/author\/secgeucat\/\"}]}<\/script>\n<!-- \/ Yoast SEO plugin. -->","yoast_head_json":{"title":"UCAT presente en la II Asamblea regional de educaci\u00f3n en frontera - Universidad Cat\u00f3lica del T\u00e1chira","robots":{"index":"index","follow":"follow","max-snippet":"max-snippet:-1","max-image-preview":"max-image-preview:large","max-video-preview":"max-video-preview:-1"},"canonical":"https:\/\/www.ucat.edu.ve\/web\/ucat-presente-en-la-ii-asamblea-regional-de-educacion-en-frontera\/","og_locale":"es_ES","og_type":"article","og_title":"UCAT presente en la II Asamblea regional de educaci\u00f3n en frontera - Universidad Cat\u00f3lica del T\u00e1chira","og_description":"El pasado jueves 27 y viernes 28 de abril del presente a\u00f1o, se desarroll\u00f3 en las instalaciones de la Universidad Nacional Experimental del T\u00e1chira la \u201cII Asamblea regional en frontera \u201d \u2013con el lema \u201cMaestros\u2026 siempre maestros.\u201d Dicha actividad, reuni\u00f3 m\u00e1s 150 docentes de educaci\u00f3n b\u00e1sica, media diversificada, y universitaria, de todo el Estado T\u00e1chira","og_url":"https:\/\/www.ucat.edu.ve\/web\/ucat-presente-en-la-ii-asamblea-regional-de-educacion-en-frontera\/","og_site_name":"Universidad Cat\u00f3lica del T\u00e1chira","article_publisher":"https:\/\/www.facebook.com\/notiucat\/","article_published_time":"2023-05-02T17:22:34+00:00","og_image":[{"width":1086,"height":671,"url":"https:\/\/www.ucat.edu.ve\/web\/wp-content\/uploads\/2023\/05\/Noticia-UCAT_UCAT-presente-en-la-II-Asamblea-regional-de-educacion-en-frontera.png","type":"image\/png"}],"author":"Secretaria General","twitter_card":"summary_large_image","twitter_creator":"@notiucat","twitter_site":"@notiucat","twitter_misc":{"Written by":"Secretaria General","Est. reading time":"1 minuto"},"schema":{"@context":"https:\/\/schema.org","@graph":[{"@type":"Organization","@id":"https:\/\/www.ucat.edu.ve\/web\/#organization","name":"Universidad Cat\u00f3lica Del T\u00e1chira UCAT","url":"https:\/\/www.ucat.edu.ve\/web\/","sameAs":["https:\/\/www.instagram.com\/notiucat\/","https:\/\/www.youtube.com\/channel\/UCwEbYSB1R9fzlII-8dcxuYA?view_as=subscriber","https:\/\/www.facebook.com\/notiucat\/","https:\/\/twitter.com\/notiucat"],"logo":{"@type":"ImageObject","inLanguage":"es-ES","@id":"https:\/\/www.ucat.edu.ve\/web\/#\/schema\/logo\/image\/","url":"https:\/\/www.ucat.edu.ve\/web\/wp-content\/uploads\/2015\/07\/logoucat.gif","contentUrl":"https:\/\/www.ucat.edu.ve\/web\/wp-content\/uploads\/2015\/07\/logoucat.gif","width":219,"height":155,"caption":"Universidad Cat\u00f3lica Del T\u00e1chira UCAT"},"image":{"@id":"https:\/\/www.ucat.edu.ve\/web\/#\/schema\/logo\/image\/"}},{"@type":"WebSite","@id":"https:\/\/www.ucat.edu.ve\/web\/#website","url":"https:\/\/www.ucat.edu.ve\/web\/","name":"Universidad Cat\u00f3lica del T\u00e1chira","description":"","publisher":{"@id":"https:\/\/www.ucat.edu.ve\/web\/#organization"},"potentialAction":[{"@type":"SearchAction","target":{"@type":"EntryPoint","urlTemplate":"https:\/\/www.ucat.edu.ve\/web\/?s={search_term_string}"},"query-input":"required name=search_term_string"}],"inLanguage":"es-ES"},{"@type":"ImageObject","inLanguage":"es-ES","@id":"https:\/\/www.ucat.edu.ve\/web\/ucat-presente-en-la-ii-asamblea-regional-de-educacion-en-frontera\/#primaryimage","url":"https:\/\/www.ucat.edu.ve\/web\/wp-content\/uploads\/2023\/05\/Noticia-UCAT_UCAT-presente-en-la-II-Asamblea-regional-de-educacion-en-frontera.png","contentUrl":"https:\/\/www.ucat.edu.ve\/web\/wp-content\/uploads\/2023\/05\/Noticia-UCAT_UCAT-presente-en-la-II-Asamblea-regional-de-educacion-en-frontera.png","width":1086,"height":671},{"@type":"WebPage","@id":"https:\/\/www.ucat.edu.ve\/web\/ucat-presente-en-la-ii-asamblea-regional-de-educacion-en-frontera\/#webpage","url":"https:\/\/www.ucat.edu.ve\/web\/ucat-presente-en-la-ii-asamblea-regional-de-educacion-en-frontera\/","name":"UCAT presente en la II Asamblea regional de educaci\u00f3n en frontera - Universidad Cat\u00f3lica del T\u00e1chira","isPartOf":{"@id":"https:\/\/www.ucat.edu.ve\/web\/#website"},"primaryImageOfPage":{"@id":"https:\/\/www.ucat.edu.ve\/web\/ucat-presente-en-la-ii-asamblea-regional-de-educacion-en-frontera\/#primaryimage"},"datePublished":"2023-05-02T17:22:34+00:00","dateModified":"2023-05-02T17:22:34+00:00","breadcrumb":{"@id":"https:\/\/www.ucat.edu.ve\/web\/ucat-presente-en-la-ii-asamblea-regional-de-educacion-en-frontera\/#breadcrumb"},"inLanguage":"es-ES","potentialAction":[{"@type":"ReadAction","target":["https:\/\/www.ucat.edu.ve\/web\/ucat-presente-en-la-ii-asamblea-regional-de-educacion-en-frontera\/"]}]},{"@type":"BreadcrumbList","@id":"https:\/\/www.ucat.edu.ve\/web\/ucat-presente-en-la-ii-asamblea-regional-de-educacion-en-frontera\/#breadcrumb","itemListElement":[{"@type":"ListItem","position":1,"name":"Home","item":"https:\/\/www.ucat.edu.ve\/web\/"},{"@type":"ListItem","position":2,"name":"UCAT presente en la II Asamblea regional de educaci\u00f3n en frontera"}]},{"@type":"Article","@id":"https:\/\/www.ucat.edu.ve\/web\/ucat-presente-en-la-ii-asamblea-regional-de-educacion-en-frontera\/#article","isPartOf":{"@id":"https:\/\/www.ucat.edu.ve\/web\/ucat-presente-en-la-ii-asamblea-regional-de-educacion-en-frontera\/#webpage"},"author":{"name":"Secretaria General","@id":"https:\/\/www.ucat.edu.ve\/web\/#\/schema\/person\/e90fe655adf97bd5c1dbc608855d16cf"},"headline":"UCAT presente en la II Asamblea regional de educaci\u00f3n en frontera","datePublished":"2023-05-02T17:22:34+00:00","dateModified":"2023-05-02T17:22:34+00:00","mainEntityOfPage":{"@id":"https:\/\/www.ucat.edu.ve\/web\/ucat-presente-en-la-ii-asamblea-regional-de-educacion-en-frontera\/#webpage"},"wordCount":230,"publisher":{"@id":"https:\/\/www.ucat.edu.ve\/web\/#organization"},"image":{"@id":"https:\/\/www.ucat.edu.ve\/web\/ucat-presente-en-la-ii-asamblea-regional-de-educacion-en-frontera\/#primaryimage"},"thumbnailUrl":"https:\/\/www.ucat.edu.ve\/web\/wp-content\/uploads\/2023\/05\/Noticia-UCAT_UCAT-presente-en-la-II-Asamblea-regional-de-educacion-en-frontera.png","articleSection":["Noticias"],"inLanguage":"es-ES"},{"@type":"Person","@id":"https:\/\/www.ucat.edu.ve\/web\/#\/schema\/person\/e90fe655adf97bd5c1dbc608855d16cf","name":"Secretaria General","url":"https:\/\/www.ucat.edu.ve\/web\/author\/secgeucat\/"}]}},"_links":{"self":[{"href":"https:\/\/www.ucat.edu.ve\/web\/wp-json\/wp\/v2\/posts\/10968"}],"collection":[{"href":"https:\/\/www.ucat.edu.ve\/web\/wp-json\/wp\/v2\/posts"}],"about":[{"href":"https:\/\/www.ucat.edu.ve\/web\/wp-json\/wp\/v2\/types\/post"}],"author":[{"embeddable":true,"href":"https:\/\/www.ucat.edu.ve\/web\/wp-json\/wp\/v2\/users\/23"}],"replies":[{"embeddable":true,"href":"https:\/\/www.ucat.edu.ve\/web\/wp-json\/wp\/v2\/comments?post=10968"}],"version-history":[{"count":1,"href":"https:\/\/www.ucat.edu.ve\/web\/wp-json\/wp\/v2\/posts\/10968\/revisions"}],"predecessor-version":[{"id":10970,"href":"https:\/\/www.ucat.edu.ve\/web\/wp-json\/wp\/v2\/posts\/10968\/revisions\/10970"}],"wp:featuredmedia":[{"embeddable":true,"href":"https:\/\/www.ucat.edu.ve\/web\/wp-json\/wp\/v2\/media\/10969"}],"wp:attachment":[{"href":"https:\/\/www.ucat.edu.ve\/web\/wp-json\/wp\/v2\/media?parent=10968"}],"wp:term":[{"taxonomy":"category","embeddable":true,"href":"https:\/\/www.ucat.edu.ve\/web\/wp-json\/wp\/v2\/categories?post=10968"},{"taxonomy":"post_tag","embeddable":true,"href":"https:\/\/www.ucat.edu.ve\/web\/wp-json\/wp\/v2\/tags?post=10968"}],"curies":[{"name":"wp","href":"https:\/\/api.w.org\/{rel}","templated":true}]}}