 {"id":11132,"date":"2023-05-22T15:48:28","date_gmt":"2023-05-22T15:48:28","guid":{"rendered":"https:\/\/www.ucat.edu.ve\/web\/?p=11132"},"modified":"2023-05-22T15:51:35","modified_gmt":"2023-05-22T15:51:35","slug":"invitan-a-concurso-de-fotografia-perspectiva-ucatense","status":"publish","type":"post","link":"https:\/\/www.ucat.edu.ve\/web\/invitan-a-concurso-de-fotografia-perspectiva-ucatense\/","title":{"rendered":"Invitan a  concurso de fotograf\u00eda \u201cPerspectiva Ucatense\u201d"},"content":{"rendered":"<p style=\"text-align: center\"><img loading=\"lazy\" class=\"alignnone size-medium wp-image-11133\" src=\"https:\/\/www.ucat.edu.ve\/web\/wp-content\/uploads\/2023\/05\/2023-05-17-Concurso-fotografia-3ra-edicion-BANNER-521x322.jpg\" alt=\"\" width=\"521\" height=\"322\" srcset=\"https:\/\/www.ucat.edu.ve\/web\/wp-content\/uploads\/2023\/05\/2023-05-17-Concurso-fotografia-3ra-edicion-BANNER-521x322.jpg 521w, https:\/\/www.ucat.edu.ve\/web\/wp-content\/uploads\/2023\/05\/2023-05-17-Concurso-fotografia-3ra-edicion-BANNER-340x210.jpg 340w, https:\/\/www.ucat.edu.ve\/web\/wp-content\/uploads\/2023\/05\/2023-05-17-Concurso-fotografia-3ra-edicion-BANNER.jpg 1243w\" sizes=\"(max-width: 521px) 100vw, 521px\" \/><\/p>\n<p><span lang=\"ES\">La Coordinaci\u00f3n de Arte y Cultura de la UCAT, a trav\u00e9s del programa Arte en la U, invita a toda la comunidad ucatense a la tercera edici\u00f3n del concurso de fotograf\u00eda, esta vez con el nombre\u00a0<b>\u201cPerspectiva Ucatense\u201d<\/b>.<\/span><\/p>\n<p><span lang=\"ES\">\u00a0<\/span><span lang=\"ES\">En las dos primeras ediciones del concurso se cont\u00f3 con la participaci\u00f3n de 86 fotograf\u00edas (<i>24 participantes en 2020 y 62 en 2021<\/i>). En esta 3ra edici\u00f3n te invitamos a afinar la mirada sobre la realidad de la que formamos parte, para compartir a trav\u00e9s de la fotograf\u00eda la interpretaci\u00f3n creativa y personal que tenemos del entorno Ucatense y Tachirense.<\/span><\/p>\n<p><span lang=\"ES\">\u00a0<\/span><span lang=\"ES\">A trav\u00e9s de este concurso queremos motivar el poder de observaci\u00f3n, con el que estamos exaltando de manera consciente nuestra identidad venezolana, tachirense y ucatense, a trav\u00e9s de la perspectiva de nuestro lente personal estamos reflejando y devolviendo toda la belleza de la cultura en la que nos desarrollamos d\u00eda a d\u00eda: reflejar el encanto de nuestra tierra y su gente en el d\u00eda a d\u00eda, y valorar lo que es verdaderamente nuestro.<\/span><\/p>\n<p><b><span lang=\"ES\">\u00a0<\/span><\/b><b><span lang=\"ES\">BASES DE PARTICIPACI\u00d3N DEL CONCURSO<\/span><\/b><\/p>\n<p><span lang=\"ES\">\u00a0<\/span><span lang=\"ES\">\u2013 Este concurso se realiza sin \u00e1nimo de lucro.<\/span><\/p>\n<p><span lang=\"ES\">\u00a0<\/span><span lang=\"ES\">\u2013 Pueden participar todos los miembros de la comunidad Ucatense:<\/span><\/p>\n<p><span lang=\"ES\">&#8211; Estudiantes de pregrado y postgrado\u00a0<i>(a\u00f1o acad\u00e9mico 2022-2023)<\/i>,<\/span><\/p>\n<p><span lang=\"ES\">&#8211; Profesores, personal administrativo y operario,<\/span><\/p>\n<p><span lang=\"ES\">&#8211; Egresados.<\/span><\/p>\n<p><span lang=\"ES\">\u00a0<\/span><span lang=\"ES\">\u2013 Pueden participar obras fotogr\u00e1ficas realizadas con cualquier dispositivo dise\u00f1ado para la realizaci\u00f3n de fotograf\u00edas.<\/span><\/p>\n<p><span lang=\"ES\">\u00a0<\/span><span lang=\"ES\">\u2013 El\u00a0<b>plazo para la\u00a0recepci\u00f3n de las obras fotogr\u00e1ficas<\/b>\u00a0es desde el\u00a0<b>lunes 22 de<\/b>\u00a0mayo hasta el\u00a0<b>viernes 09 de junio<\/b>\u00a0del 2023.<\/span><\/p>\n<p><span lang=\"ES\">\u00a0<\/span><span lang=\"ES\">\u2013 Podr\u00e1n participar fotograf\u00edas de los espacios de las sedes de la Universidad Cat\u00f3lica del T\u00e1chira y otros lugares de la geograf\u00eda tachirense, tambi\u00e9n fotograf\u00edas de situaciones, personas y dem\u00e1s elementos que motiven e inspiren la creatividad del fot\u00f3grafo autor en funci\u00f3n de las\u00a0<b>CATEGOR\u00cdAS DE PARTICIPACI\u00d3N<\/b>.<\/span><\/p>\n<p><span lang=\"ES\">\u00a0<\/span><\/p>\n<p><span lang=\"ES\">\u2013\u00a0<b>CATEGOR\u00cdAS DE PARTICIPACI\u00d3N<\/b>:<\/span><\/p>\n<p><span lang=\"ES\">1.\u00a0\u00a0\u00a0\u00a0\u00a0<\/span><b><span lang=\"ES\">Espacio Ucatense:<\/span><\/b><span lang=\"ES\">\u00a0fotograf\u00edas de los espacios de la UCAT en cualquiera de las 2 sedes: salones, \u00e1reas comunes, pasillos, laboratorios, jardines, capillas, oficinas, canchas, estacionamientos, departamentos y dem\u00e1s.<\/span><\/p>\n<p><span lang=\"ES\">2.\u00a0\u00a0\u00a0\u00a0\u00a0<\/span><b><span lang=\"ES\">Vida Ucatense:<\/span><\/b><span lang=\"ES\">\u00a0fotograf\u00edas de las din\u00e1micas personales y colectivas de la UCAT y la amplia interacci\u00f3n entre los miembros de la comunidad universitaria: momentos de estudio, clases, pr\u00e1cticas, ex\u00e1menes, exposiciones, conversaciones, asambleas, celebraciones, eucarist\u00edas, juegos, seminarios, torneos, reuniones, eventos, entre otros.<\/span><\/p>\n<p><span lang=\"ES\">3.\u00a0\u00a0\u00a0\u00a0\u00a0<\/span><b><span lang=\"ES\">Servicio Ucatense:\u00a0<\/span><\/b><span lang=\"ES\">fotograf\u00edas de las acciones sociales y servicios que se brindan a comunidades vulnerables a trav\u00e9s de los programas y proyectos de la UCAT: servicio comunitario, voluntariado, acompa\u00f1amiento, asesor\u00edas, misiones, campamentos, excursiones, apostolado, talleres, entre otros.<\/span><\/p>\n<p><span lang=\"ES\">4.\u00a0\u00a0\u00a0\u00a0\u00a0<\/span><b><span lang=\"ES\">Creatividad Ucatense<\/span><\/b><span lang=\"ES\">: fotograf\u00edas creativas que rompan los esquemas planteados en otras categor\u00edas, es una categor\u00eda libre que busca estimular la creaci\u00f3n de im\u00e1genes con planos, perspectivas, artilugios y narrativas expresivas que est\u00e9n fuera de lo com\u00fan.<\/span><\/p>\n<p><span lang=\"ES\">5.\u00a0\u00a0\u00a0\u00a0\u00a0<\/span><b><span lang=\"ES\">Paisaje y patrimonio Tachirense<\/span><\/b><span lang=\"ES\">: fotograf\u00edas referentes a la belleza geogr\u00e1fica natural de nuestra regi\u00f3n andina; campos, llanos, monta\u00f1as, poblaciones y relacionados. Tambi\u00e9n fotograf\u00edas de monumentos, plazas, calles, casas t\u00edpicas o edificios hist\u00f3ricos, iglesias, estatuas y relacionados.<\/span><\/p>\n<p><span lang=\"ES\">\u00a0<\/span><\/p>\n<p><span lang=\"ES\">\u2013 Un concursante solo podr\u00e1 participar con una (1) fotograf\u00eda\u00a0<b>por categor\u00eda<\/b>.<\/span><\/p>\n<p><span lang=\"ES\">\u00a0<\/span><span lang=\"ES\">\u2013 Las fotograf\u00edas pueden tener cualquier tipo de orientaci\u00f3n (horizontal o vertical).<\/span><\/p>\n<p><span lang=\"ES\">\u00a0<\/span><span lang=\"ES\">\u2013 Las fotos presentadas o premiadas en este concurso tendr\u00e1n la autorizaci\u00f3n del autor o fot\u00f3grafo para ser publicadas en las redes sociales y dem\u00e1s plataformas comunicacionales de la Universidad Cat\u00f3lica del T\u00e1chira. Las fotograf\u00edas inscritas en el concurso ser\u00e1n publicadas en las redes de Arte y Cultura de la UCAT (@arteculturaucat) para que sean del conocimiento p\u00fablico.<\/span><\/p>\n<p><span lang=\"ES\">\u00a0<\/span><span lang=\"ES\">\u2013 No ser\u00e1n aceptadas fotograf\u00edas que menoscaben la integridad de las personas, lugares o situaciones presentes en la foto, que promueven antivalores o violencia de cualquier tipo.<\/span><\/p>\n<p><span lang=\"ES\">\u00a0<\/span><span lang=\"ES\">\u2013 Para la evaluaci\u00f3n de las fotograf\u00edas de cara a la premiaci\u00f3n, se utilizar\u00e1n los criterios derivados de la evaluaci\u00f3n t\u00e9cnica y conceptual sobre la foto en relaci\u00f3n a la categor\u00eda de participaci\u00f3n en la cual fue inscrita.<b><\/b><\/span><\/p>\n<p><b><span lang=\"ES\">\u00a0<\/span><\/b><span lang=\"ES\">\u2013 El jurado estar\u00e1 integrado por el equipo coordinador de Arte y Cultura UCAT, los profesores Iliana S\u00e1nchez, Pedro Luis Duque y el fot\u00f3grafo\u00a0<\/span><span lang=\"ES\"><a href=\"https:\/\/www.instagram.com\/adolfogerman2\/\" target=\"_blank\" rel=\"noopener\" data-saferedirecturl=\"https:\/\/www.google.com\/url?q=https:\/\/www.instagram.com\/adolfogerman2\/&amp;source=gmail&amp;ust=1684856330296000&amp;usg=AOvVaw2l40L1aUwPNUcj_O-nKKIu\">Adolfo Germ\u00e1n<\/a><\/span><span lang=\"ES\">.<\/span><\/p>\n<p><b><span lang=\"ES\">\u00bfQU\u00c9 DEBO HACER PARA PARTICIPAR EN EL CONCURSO DE FOTOGRAF\u00cdA?<\/span><\/b><\/p>\n<p><span lang=\"ES\">\u00a0<\/span><\/p>\n<table border=\"1\" cellspacing=\"0\" cellpadding=\"0\">\n<tbody>\n<tr>\n<td width=\"566\"><b><span lang=\"ES\">1.<\/span><\/b><span lang=\"ES\">Leer, conocer y considerar las\u00a0<b>Bases de Participaci\u00f3n<\/b>.<b><\/b><\/span><\/td>\n<\/tr>\n<tr>\n<td width=\"566\"><b><span lang=\"ES\">2.<\/span><\/b><span lang=\"ES\">Inscribir las fotos. Para esto debes enviar las fotograf\u00edas como dato adjunto (en el lapso estipulado) al correo\u00a0<\/span><b><u><span lang=\"ES\"><a href=\"mailto:arteucat@gmail.com\" target=\"_blank\" rel=\"noopener\">arteucat@gmail.com<\/a><\/span><\/u><\/b><u><span lang=\"ES\">,<\/span><\/u><span lang=\"ES\">\u00a0especificando:<\/span><\/p>\n<p><span lang=\"ES\">\u2013 En el\u00a0<b>asunto del correo<\/b>: escribir el nombre del concursante.<\/span><\/p>\n<p><span lang=\"ES\">\u2013 En el\u00a0<b>texto del correo<\/b>\u00a0indicar:<\/span><\/p>\n<p><span lang=\"ES\">\u2013 Nombre y apellido del\u00a0autor de la fotograf\u00eda.<\/span><\/p>\n<p><span lang=\"ES\">\u2013 C\u00e9dula de identidad.<\/span><\/p>\n<p><span lang=\"ES\">\u2013 Indicar si es estudiante, profesor, personal o egresado de la comunidad Ucatense.<\/span><\/p>\n<p><span lang=\"ES\">\u2013 En caso de ser\u00a0<b>estudiante<\/b>, debe indicar el a\u00f1o y carrera que cursa.<\/span><\/p>\n<p><span lang=\"ES\">\u2013 En caso de ser\u00a0<b>profesor<\/b>, debe indicar de qu\u00e9 Facultad y carrera.<\/span><\/p>\n<p><span lang=\"ES\">\u2013 En caso de ser\u00a0<b>personal administrativo u otro<\/b>, debe indicar de qu\u00e9 departamento.<\/span><\/p>\n<p><span lang=\"ES\">\u2013 En caso de ser\u00a0<b>egresado<\/b>, debe indicar el a\u00f1o en que egres\u00f3 y carrera.<\/span><\/p>\n<p><span lang=\"ES\">\u2013 Tambi\u00e9n escriba la\u00a0<b>red social personal<\/b>\u00a0del participante.<\/span><\/p>\n<p><span lang=\"ES\">\u00a0<\/span><\/p>\n<p><b><span lang=\"ES\">IMPORTANTE<\/span><\/b><b><span lang=\"ES\">:<\/span><\/b><span lang=\"ES\">\u00a0si falta alguno de los datos solicitados, la fotograf\u00eda no ser\u00e1 procesada dentro del concurso.<b><\/b><\/span><\/td>\n<\/tr>\n<tr>\n<td width=\"566\"><span lang=\"ES\">3.Las fotograf\u00edas deben ser enviadas en un archivo en formato <b>.JPEG<\/b>\u00a0en cuyo nombre debe evidenciarse el nombre del autor y la categor\u00eda en que se postula la fotograf\u00eda. Ejemplo:\u00a0<i>Marcel Morales \u2013 Creatividad Ucatense.jpeg<\/i><b><\/b><\/span><\/td>\n<\/tr>\n<\/tbody>\n<\/table>\n<p><b><span lang=\"ES\">\u00a0<\/span><\/b><\/p>\n<p><b><span lang=\"ES\">PREMIACIONES<\/span><\/b><\/p>\n<p><b><span lang=\"ES\">\u00a0<\/span><\/b><span lang=\"ES\">Las fotograf\u00edas premiadas ser\u00e1n publicadas a trav\u00e9s de las redes sociales de la Coordinaci\u00f3n de Arte y Cultura de la UCAT. As\u00ed mismo, se realizar\u00e1n dos exposiciones de las fotograf\u00edas ganadoras, una en cada sede de la UCAT.<\/span><\/p>\n<p><span lang=\"ES\">\u00a0<\/span><span lang=\"ES\">Se entregar\u00e1n un total de 15 premios-certificados avalados por el Decanato del Medio Universitario, que corresponder\u00e1 al 1er y 2do lugar para cada una de las 5 categor\u00edas de participaci\u00f3n (<\/span><span lang=\"ES\">Espacio Ucatense, Vida Ucatense, Servicio Ucatense,\u00a0<\/span><span lang=\"ES\">Creatividad Ucatense<\/span><span lang=\"ES\">, Paisaje y patrimonio Tachirense).<\/span><\/p>\n<p><span lang=\"ES\">\u00a0<\/span><span lang=\"ES\">La premiaci\u00f3n y los mecanismos para la entrega de los certificados, ser\u00e1n anunciados p\u00fablicamente a trav\u00e9s de las redes sociales de Arte y Cultura y la p\u00e1gina web de la UCAT.<\/span><\/p>\n<p><b><i><span lang=\"ES\">\u00a0<\/span><\/i><\/b><b><i><span lang=\"ES\">Nota:<\/span><\/i><\/b><i><span lang=\"ES\">\u00a0podr\u00e1n habilitarse premios especiales en el transcurso de la realizaci\u00f3n del concurso seg\u00fan el jurado considere pertinente.<\/span><\/i><\/p>\n<p><span lang=\"ES\">\u00a0\u00a0\u00a0\u00a0\u00a0\u00a0\u00a0\u00a0 Cualquier pregunta adicional, comunicarse al correo\u00a0<a href=\"mailto:pduque@ucat.edu.ve\" target=\"_blank\" rel=\"noopener\">pduque@ucat.edu.ve<\/a>\u00a0o v\u00eda whatsapp al\u00a0<b>+58-414-7418843.<\/b><\/span><\/p>\n","protected":false},"excerpt":{"rendered":"<p>La Coordinaci\u00f3n de Arte y Cultura de la UCAT, a trav\u00e9s del programa Arte en la U, invita a toda la comunidad ucatense a la tercera edici\u00f3n del concurso de fotograf\u00eda, esta vez con el nombre\u00a0\u201cPerspectiva Ucatense\u201d. \u00a0En las dos primeras ediciones del concurso se cont\u00f3 con la participaci\u00f3n de 86 fotograf\u00edas (24 participantes en<\/p>\n","protected":false},"author":23,"featured_media":11133,"comment_status":"closed","ping_status":"closed","sticky":false,"template":"","format":"standard","meta":[],"categories":[3],"tags":[],"yoast_head":"<!-- This site is optimized with the Yoast SEO plugin v19.2 - https:\/\/yoast.com\/wordpress\/plugins\/seo\/ -->\n<title>Invitan a concurso de fotograf\u00eda \u201cPerspectiva Ucatense\u201d - Universidad Cat\u00f3lica del T\u00e1chira<\/title>\n<meta name=\"robots\" content=\"index, follow, max-snippet:-1, max-image-preview:large, max-video-preview:-1\" \/>\n<link rel=\"canonical\" href=\"https:\/\/www.ucat.edu.ve\/web\/invitan-a-concurso-de-fotografia-perspectiva-ucatense\/\" \/>\n<meta property=\"og:locale\" content=\"es_ES\" \/>\n<meta property=\"og:type\" content=\"article\" \/>\n<meta property=\"og:title\" content=\"Invitan a concurso de fotograf\u00eda \u201cPerspectiva Ucatense\u201d - Universidad Cat\u00f3lica del T\u00e1chira\" \/>\n<meta property=\"og:description\" content=\"La Coordinaci\u00f3n de Arte y Cultura de la UCAT, a trav\u00e9s del programa Arte en la U, invita a toda la comunidad ucatense a la tercera edici\u00f3n del concurso de fotograf\u00eda, esta vez con el nombre\u00a0\u201cPerspectiva Ucatense\u201d. \u00a0En las dos primeras ediciones del concurso se cont\u00f3 con la participaci\u00f3n de 86 fotograf\u00edas (24 participantes en\" \/>\n<meta property=\"og:url\" content=\"https:\/\/www.ucat.edu.ve\/web\/invitan-a-concurso-de-fotografia-perspectiva-ucatense\/\" \/>\n<meta property=\"og:site_name\" content=\"Universidad Cat\u00f3lica del T\u00e1chira\" \/>\n<meta property=\"article:publisher\" content=\"https:\/\/www.facebook.com\/notiucat\/\" \/>\n<meta property=\"article:published_time\" content=\"2023-05-22T15:48:28+00:00\" \/>\n<meta property=\"article:modified_time\" content=\"2023-05-22T15:51:35+00:00\" \/>\n<meta property=\"og:image\" content=\"https:\/\/www.ucat.edu.ve\/web\/wp-content\/uploads\/2023\/05\/2023-05-17-Concurso-fotografia-3ra-edicion-BANNER.jpg\" \/>\n\t<meta property=\"og:image:width\" content=\"1243\" \/>\n\t<meta property=\"og:image:height\" content=\"768\" \/>\n\t<meta property=\"og:image:type\" content=\"image\/jpeg\" \/>\n<meta name=\"author\" content=\"Secretaria General\" \/>\n<meta name=\"twitter:card\" content=\"summary_large_image\" \/>\n<meta name=\"twitter:creator\" content=\"@notiucat\" \/>\n<meta name=\"twitter:site\" content=\"@notiucat\" \/>\n<meta name=\"twitter:label1\" content=\"Written by\" \/>\n\t<meta name=\"twitter:data1\" content=\"Secretaria General\" \/>\n\t<meta name=\"twitter:label2\" content=\"Est. reading time\" \/>\n\t<meta name=\"twitter:data2\" content=\"5 minutos\" \/>\n<script type=\"application\/ld+json\" class=\"yoast-schema-graph\">{\"@context\":\"https:\/\/schema.org\",\"@graph\":[{\"@type\":\"Organization\",\"@id\":\"https:\/\/www.ucat.edu.ve\/web\/#organization\",\"name\":\"Universidad Cat\u00f3lica Del T\u00e1chira UCAT\",\"url\":\"https:\/\/www.ucat.edu.ve\/web\/\",\"sameAs\":[\"https:\/\/www.instagram.com\/notiucat\/\",\"https:\/\/www.youtube.com\/channel\/UCwEbYSB1R9fzlII-8dcxuYA?view_as=subscriber\",\"https:\/\/www.facebook.com\/notiucat\/\",\"https:\/\/twitter.com\/notiucat\"],\"logo\":{\"@type\":\"ImageObject\",\"inLanguage\":\"es-ES\",\"@id\":\"https:\/\/www.ucat.edu.ve\/web\/#\/schema\/logo\/image\/\",\"url\":\"https:\/\/www.ucat.edu.ve\/web\/wp-content\/uploads\/2015\/07\/logoucat.gif\",\"contentUrl\":\"https:\/\/www.ucat.edu.ve\/web\/wp-content\/uploads\/2015\/07\/logoucat.gif\",\"width\":219,\"height\":155,\"caption\":\"Universidad Cat\u00f3lica Del T\u00e1chira UCAT\"},\"image\":{\"@id\":\"https:\/\/www.ucat.edu.ve\/web\/#\/schema\/logo\/image\/\"}},{\"@type\":\"WebSite\",\"@id\":\"https:\/\/www.ucat.edu.ve\/web\/#website\",\"url\":\"https:\/\/www.ucat.edu.ve\/web\/\",\"name\":\"Universidad Cat\u00f3lica del T\u00e1chira\",\"description\":\"\",\"publisher\":{\"@id\":\"https:\/\/www.ucat.edu.ve\/web\/#organization\"},\"potentialAction\":[{\"@type\":\"SearchAction\",\"target\":{\"@type\":\"EntryPoint\",\"urlTemplate\":\"https:\/\/www.ucat.edu.ve\/web\/?s={search_term_string}\"},\"query-input\":\"required name=search_term_string\"}],\"inLanguage\":\"es-ES\"},{\"@type\":\"ImageObject\",\"inLanguage\":\"es-ES\",\"@id\":\"https:\/\/www.ucat.edu.ve\/web\/invitan-a-concurso-de-fotografia-perspectiva-ucatense\/#primaryimage\",\"url\":\"https:\/\/www.ucat.edu.ve\/web\/wp-content\/uploads\/2023\/05\/2023-05-17-Concurso-fotografia-3ra-edicion-BANNER.jpg\",\"contentUrl\":\"https:\/\/www.ucat.edu.ve\/web\/wp-content\/uploads\/2023\/05\/2023-05-17-Concurso-fotografia-3ra-edicion-BANNER.jpg\",\"width\":1243,\"height\":768},{\"@type\":\"WebPage\",\"@id\":\"https:\/\/www.ucat.edu.ve\/web\/invitan-a-concurso-de-fotografia-perspectiva-ucatense\/#webpage\",\"url\":\"https:\/\/www.ucat.edu.ve\/web\/invitan-a-concurso-de-fotografia-perspectiva-ucatense\/\",\"name\":\"Invitan a concurso de fotograf\u00eda \u201cPerspectiva Ucatense\u201d - Universidad Cat\u00f3lica del T\u00e1chira\",\"isPartOf\":{\"@id\":\"https:\/\/www.ucat.edu.ve\/web\/#website\"},\"primaryImageOfPage\":{\"@id\":\"https:\/\/www.ucat.edu.ve\/web\/invitan-a-concurso-de-fotografia-perspectiva-ucatense\/#primaryimage\"},\"datePublished\":\"2023-05-22T15:48:28+00:00\",\"dateModified\":\"2023-05-22T15:51:35+00:00\",\"breadcrumb\":{\"@id\":\"https:\/\/www.ucat.edu.ve\/web\/invitan-a-concurso-de-fotografia-perspectiva-ucatense\/#breadcrumb\"},\"inLanguage\":\"es-ES\",\"potentialAction\":[{\"@type\":\"ReadAction\",\"target\":[\"https:\/\/www.ucat.edu.ve\/web\/invitan-a-concurso-de-fotografia-perspectiva-ucatense\/\"]}]},{\"@type\":\"BreadcrumbList\",\"@id\":\"https:\/\/www.ucat.edu.ve\/web\/invitan-a-concurso-de-fotografia-perspectiva-ucatense\/#breadcrumb\",\"itemListElement\":[{\"@type\":\"ListItem\",\"position\":1,\"name\":\"Home\",\"item\":\"https:\/\/www.ucat.edu.ve\/web\/\"},{\"@type\":\"ListItem\",\"position\":2,\"name\":\"Invitan a concurso de fotograf\u00eda \u201cPerspectiva Ucatense\u201d\"}]},{\"@type\":\"Article\",\"@id\":\"https:\/\/www.ucat.edu.ve\/web\/invitan-a-concurso-de-fotografia-perspectiva-ucatense\/#article\",\"isPartOf\":{\"@id\":\"https:\/\/www.ucat.edu.ve\/web\/invitan-a-concurso-de-fotografia-perspectiva-ucatense\/#webpage\"},\"author\":{\"name\":\"Secretaria General\",\"@id\":\"https:\/\/www.ucat.edu.ve\/web\/#\/schema\/person\/e90fe655adf97bd5c1dbc608855d16cf\"},\"headline\":\"Invitan a concurso de fotograf\u00eda \u201cPerspectiva Ucatense\u201d\",\"datePublished\":\"2023-05-22T15:48:28+00:00\",\"dateModified\":\"2023-05-22T15:51:35+00:00\",\"mainEntityOfPage\":{\"@id\":\"https:\/\/www.ucat.edu.ve\/web\/invitan-a-concurso-de-fotografia-perspectiva-ucatense\/#webpage\"},\"wordCount\":1098,\"publisher\":{\"@id\":\"https:\/\/www.ucat.edu.ve\/web\/#organization\"},\"image\":{\"@id\":\"https:\/\/www.ucat.edu.ve\/web\/invitan-a-concurso-de-fotografia-perspectiva-ucatense\/#primaryimage\"},\"thumbnailUrl\":\"https:\/\/www.ucat.edu.ve\/web\/wp-content\/uploads\/2023\/05\/2023-05-17-Concurso-fotografia-3ra-edicion-BANNER.jpg\",\"articleSection\":[\"Noticias\"],\"inLanguage\":\"es-ES\"},{\"@type\":\"Person\",\"@id\":\"https:\/\/www.ucat.edu.ve\/web\/#\/schema\/person\/e90fe655adf97bd5c1dbc608855d16cf\",\"name\":\"Secretaria General\",\"url\":\"https:\/\/www.ucat.edu.ve\/web\/author\/secgeucat\/\"}]}<\/script>\n<!-- \/ Yoast SEO plugin. -->","yoast_head_json":{"title":"Invitan a concurso de fotograf\u00eda \u201cPerspectiva Ucatense\u201d - Universidad Cat\u00f3lica del T\u00e1chira","robots":{"index":"index","follow":"follow","max-snippet":"max-snippet:-1","max-image-preview":"max-image-preview:large","max-video-preview":"max-video-preview:-1"},"canonical":"https:\/\/www.ucat.edu.ve\/web\/invitan-a-concurso-de-fotografia-perspectiva-ucatense\/","og_locale":"es_ES","og_type":"article","og_title":"Invitan a concurso de fotograf\u00eda \u201cPerspectiva Ucatense\u201d - Universidad Cat\u00f3lica del T\u00e1chira","og_description":"La Coordinaci\u00f3n de Arte y Cultura de la UCAT, a trav\u00e9s del programa Arte en la U, invita a toda la comunidad ucatense a la tercera edici\u00f3n del concurso de fotograf\u00eda, esta vez con el nombre\u00a0\u201cPerspectiva Ucatense\u201d. \u00a0En las dos primeras ediciones del concurso se cont\u00f3 con la participaci\u00f3n de 86 fotograf\u00edas (24 participantes en","og_url":"https:\/\/www.ucat.edu.ve\/web\/invitan-a-concurso-de-fotografia-perspectiva-ucatense\/","og_site_name":"Universidad Cat\u00f3lica del T\u00e1chira","article_publisher":"https:\/\/www.facebook.com\/notiucat\/","article_published_time":"2023-05-22T15:48:28+00:00","article_modified_time":"2023-05-22T15:51:35+00:00","og_image":[{"width":1243,"height":768,"url":"https:\/\/www.ucat.edu.ve\/web\/wp-content\/uploads\/2023\/05\/2023-05-17-Concurso-fotografia-3ra-edicion-BANNER.jpg","type":"image\/jpeg"}],"author":"Secretaria General","twitter_card":"summary_large_image","twitter_creator":"@notiucat","twitter_site":"@notiucat","twitter_misc":{"Written by":"Secretaria General","Est. reading time":"5 minutos"},"schema":{"@context":"https:\/\/schema.org","@graph":[{"@type":"Organization","@id":"https:\/\/www.ucat.edu.ve\/web\/#organization","name":"Universidad Cat\u00f3lica Del T\u00e1chira UCAT","url":"https:\/\/www.ucat.edu.ve\/web\/","sameAs":["https:\/\/www.instagram.com\/notiucat\/","https:\/\/www.youtube.com\/channel\/UCwEbYSB1R9fzlII-8dcxuYA?view_as=subscriber","https:\/\/www.facebook.com\/notiucat\/","https:\/\/twitter.com\/notiucat"],"logo":{"@type":"ImageObject","inLanguage":"es-ES","@id":"https:\/\/www.ucat.edu.ve\/web\/#\/schema\/logo\/image\/","url":"https:\/\/www.ucat.edu.ve\/web\/wp-content\/uploads\/2015\/07\/logoucat.gif","contentUrl":"https:\/\/www.ucat.edu.ve\/web\/wp-content\/uploads\/2015\/07\/logoucat.gif","width":219,"height":155,"caption":"Universidad Cat\u00f3lica Del T\u00e1chira UCAT"},"image":{"@id":"https:\/\/www.ucat.edu.ve\/web\/#\/schema\/logo\/image\/"}},{"@type":"WebSite","@id":"https:\/\/www.ucat.edu.ve\/web\/#website","url":"https:\/\/www.ucat.edu.ve\/web\/","name":"Universidad Cat\u00f3lica del T\u00e1chira","description":"","publisher":{"@id":"https:\/\/www.ucat.edu.ve\/web\/#organization"},"potentialAction":[{"@type":"SearchAction","target":{"@type":"EntryPoint","urlTemplate":"https:\/\/www.ucat.edu.ve\/web\/?s={search_term_string}"},"query-input":"required name=search_term_string"}],"inLanguage":"es-ES"},{"@type":"ImageObject","inLanguage":"es-ES","@id":"https:\/\/www.ucat.edu.ve\/web\/invitan-a-concurso-de-fotografia-perspectiva-ucatense\/#primaryimage","url":"https:\/\/www.ucat.edu.ve\/web\/wp-content\/uploads\/2023\/05\/2023-05-17-Concurso-fotografia-3ra-edicion-BANNER.jpg","contentUrl":"https:\/\/www.ucat.edu.ve\/web\/wp-content\/uploads\/2023\/05\/2023-05-17-Concurso-fotografia-3ra-edicion-BANNER.jpg","width":1243,"height":768},{"@type":"WebPage","@id":"https:\/\/www.ucat.edu.ve\/web\/invitan-a-concurso-de-fotografia-perspectiva-ucatense\/#webpage","url":"https:\/\/www.ucat.edu.ve\/web\/invitan-a-concurso-de-fotografia-perspectiva-ucatense\/","name":"Invitan a concurso de fotograf\u00eda \u201cPerspectiva Ucatense\u201d - Universidad Cat\u00f3lica del T\u00e1chira","isPartOf":{"@id":"https:\/\/www.ucat.edu.ve\/web\/#website"},"primaryImageOfPage":{"@id":"https:\/\/www.ucat.edu.ve\/web\/invitan-a-concurso-de-fotografia-perspectiva-ucatense\/#primaryimage"},"datePublished":"2023-05-22T15:48:28+00:00","dateModified":"2023-05-22T15:51:35+00:00","breadcrumb":{"@id":"https:\/\/www.ucat.edu.ve\/web\/invitan-a-concurso-de-fotografia-perspectiva-ucatense\/#breadcrumb"},"inLanguage":"es-ES","potentialAction":[{"@type":"ReadAction","target":["https:\/\/www.ucat.edu.ve\/web\/invitan-a-concurso-de-fotografia-perspectiva-ucatense\/"]}]},{"@type":"BreadcrumbList","@id":"https:\/\/www.ucat.edu.ve\/web\/invitan-a-concurso-de-fotografia-perspectiva-ucatense\/#breadcrumb","itemListElement":[{"@type":"ListItem","position":1,"name":"Home","item":"https:\/\/www.ucat.edu.ve\/web\/"},{"@type":"ListItem","position":2,"name":"Invitan a concurso de fotograf\u00eda \u201cPerspectiva Ucatense\u201d"}]},{"@type":"Article","@id":"https:\/\/www.ucat.edu.ve\/web\/invitan-a-concurso-de-fotografia-perspectiva-ucatense\/#article","isPartOf":{"@id":"https:\/\/www.ucat.edu.ve\/web\/invitan-a-concurso-de-fotografia-perspectiva-ucatense\/#webpage"},"author":{"name":"Secretaria General","@id":"https:\/\/www.ucat.edu.ve\/web\/#\/schema\/person\/e90fe655adf97bd5c1dbc608855d16cf"},"headline":"Invitan a concurso de fotograf\u00eda \u201cPerspectiva Ucatense\u201d","datePublished":"2023-05-22T15:48:28+00:00","dateModified":"2023-05-22T15:51:35+00:00","mainEntityOfPage":{"@id":"https:\/\/www.ucat.edu.ve\/web\/invitan-a-concurso-de-fotografia-perspectiva-ucatense\/#webpage"},"wordCount":1098,"publisher":{"@id":"https:\/\/www.ucat.edu.ve\/web\/#organization"},"image":{"@id":"https:\/\/www.ucat.edu.ve\/web\/invitan-a-concurso-de-fotografia-perspectiva-ucatense\/#primaryimage"},"thumbnailUrl":"https:\/\/www.ucat.edu.ve\/web\/wp-content\/uploads\/2023\/05\/2023-05-17-Concurso-fotografia-3ra-edicion-BANNER.jpg","articleSection":["Noticias"],"inLanguage":"es-ES"},{"@type":"Person","@id":"https:\/\/www.ucat.edu.ve\/web\/#\/schema\/person\/e90fe655adf97bd5c1dbc608855d16cf","name":"Secretaria General","url":"https:\/\/www.ucat.edu.ve\/web\/author\/secgeucat\/"}]}},"_links":{"self":[{"href":"https:\/\/www.ucat.edu.ve\/web\/wp-json\/wp\/v2\/posts\/11132"}],"collection":[{"href":"https:\/\/www.ucat.edu.ve\/web\/wp-json\/wp\/v2\/posts"}],"about":[{"href":"https:\/\/www.ucat.edu.ve\/web\/wp-json\/wp\/v2\/types\/post"}],"author":[{"embeddable":true,"href":"https:\/\/www.ucat.edu.ve\/web\/wp-json\/wp\/v2\/users\/23"}],"replies":[{"embeddable":true,"href":"https:\/\/www.ucat.edu.ve\/web\/wp-json\/wp\/v2\/comments?post=11132"}],"version-history":[{"count":5,"href":"https:\/\/www.ucat.edu.ve\/web\/wp-json\/wp\/v2\/posts\/11132\/revisions"}],"predecessor-version":[{"id":11139,"href":"https:\/\/www.ucat.edu.ve\/web\/wp-json\/wp\/v2\/posts\/11132\/revisions\/11139"}],"wp:featuredmedia":[{"embeddable":true,"href":"https:\/\/www.ucat.edu.ve\/web\/wp-json\/wp\/v2\/media\/11133"}],"wp:attachment":[{"href":"https:\/\/www.ucat.edu.ve\/web\/wp-json\/wp\/v2\/media?parent=11132"}],"wp:term":[{"taxonomy":"category","embeddable":true,"href":"https:\/\/www.ucat.edu.ve\/web\/wp-json\/wp\/v2\/categories?post=11132"},{"taxonomy":"post_tag","embeddable":true,"href":"https:\/\/www.ucat.edu.ve\/web\/wp-json\/wp\/v2\/tags?post=11132"}],"curies":[{"name":"wp","href":"https:\/\/api.w.org\/{rel}","templated":true}]}}