 {"id":11848,"date":"2023-10-30T17:51:24","date_gmt":"2023-10-30T17:51:24","guid":{"rendered":"https:\/\/www.ucat.edu.ve\/web\/?p=11848"},"modified":"2023-10-30T17:51:24","modified_gmt":"2023-10-30T17:51:24","slug":"profesor-de-la-ucat-presente-en-la-cumbre-de-lideres-activadores-de-paz","status":"publish","type":"post","link":"https:\/\/www.ucat.edu.ve\/web\/profesor-de-la-ucat-presente-en-la-cumbre-de-lideres-activadores-de-paz\/","title":{"rendered":"Profesor de la UCAT presente en la Cumbre de L\u00edderes Activadores de Paz"},"content":{"rendered":"<p style=\"text-align: center;\"><img loading=\"lazy\" class=\"alignnone size-medium wp-image-11849\" src=\"https:\/\/www.ucat.edu.ve\/web\/wp-content\/uploads\/2023\/10\/Noticia-UCAT_Profesor-de-la-UCAT-presente-en-la-Cumbre-de-Lideres-Activadores-de-Paz-521x322.png\" alt=\"\" width=\"521\" height=\"322\" srcset=\"https:\/\/www.ucat.edu.ve\/web\/wp-content\/uploads\/2023\/10\/Noticia-UCAT_Profesor-de-la-UCAT-presente-en-la-Cumbre-de-Lideres-Activadores-de-Paz-521x322.png 521w, https:\/\/www.ucat.edu.ve\/web\/wp-content\/uploads\/2023\/10\/Noticia-UCAT_Profesor-de-la-UCAT-presente-en-la-Cumbre-de-Lideres-Activadores-de-Paz-340x210.png 340w, https:\/\/www.ucat.edu.ve\/web\/wp-content\/uploads\/2023\/10\/Noticia-UCAT_Profesor-de-la-UCAT-presente-en-la-Cumbre-de-Lideres-Activadores-de-Paz.png 1086w\" sizes=\"(max-width: 521px) 100vw, 521px\" \/><\/p>\n<p style=\"font-weight: 400; text-align: justify;\">En la ciudad de Nagarkot, Nepal, se celebr\u00f3 la Cumbre de L\u00edderes Activadores de Paz, durante los d\u00edas 20, 21 y 22 de octubre, organizado por el Instituto para la Econom\u00eda y la Paz y Rotary International.<\/p>\n<p style=\"font-weight: 400; text-align: justify;\">A esta cita en el pa\u00eds asi\u00e1tico, conocido por albergar la Cordillera del Himalaya y el pico m\u00e1s alto del mundo, el Monte Everest, asistieron 42 activadores de paz de 25 pa\u00edses de Am\u00e9rica, Europa, \u00c1frica y Asia, seleccionados del programa de construcci\u00f3n de paz producto de la alianza entre ambas instituciones. Por su parte, Venezuela estuvo representada por el profesor de la Universidad Cat\u00f3lica del T\u00e1chira, Dr. Mauricio Rafael Pern\u00eda Reyes.<\/p>\n<p style=\"font-weight: 400; text-align: justify;\">Los l\u00edderes fueron seleccionados por sus acciones en la construcci\u00f3n de paz positiva como la formaci\u00f3n, sus investigaciones, difusi\u00f3n, entrenamiento e impacto local en el ofrecimiento de herramientas para la consolidaci\u00f3n de sociedades pr\u00f3speras y pac\u00edficas.<\/p>\n<p style=\"font-weight: 400; text-align: justify;\">El concepto de paz positiva es el resultado de diversas investigaciones que exponen las caracter\u00edsticas de una sociedad que, adem\u00e1s de no tener violencia o amenaza de violencia, tambi\u00e9n es capaz de desarrollar y consolidar acciones para prevenirla, fundament\u00e1ndose en los siguientes ocho pilares: 1) bajos niveles de corrupci\u00f3n; 2) aceptaci\u00f3n de los derechos de los dem\u00e1s; 3) libre circulaci\u00f3n de la informaci\u00f3n; 4) entorno empresarial s\u00f3lido; 5) alto nivel de capital humano; 6) distribuci\u00f3n equitativa de los recursos; 7) buenas relaciones con los vecinos, y; 8) gobierno que funcione eficazmente.<\/p>\n<p style=\"font-weight: 400; text-align: left;\"><strong><em>La UCAT y el compromiso con la activaci\u00f3n de la paz<\/em><\/strong><\/p>\n<p style=\"font-weight: 400; text-align: justify;\">En este sentido, el profesor de la UCAT Mauricio Pern\u00eda, ha realizado en los \u00faltimos cuatro a\u00f1os diferentes acciones tales como la primera conferencia de paz positiva en Venezuela, desarrollada en el auditorio de la Universidad Cat\u00f3lica del T\u00e1chira el 15 de febrero de 2020; ha dictado m\u00e1s de 70 horas de formaci\u00f3n a las comunidades y organizaciones de la sociedad civil; recibi\u00f3 el entrenamiento como Activador de Paz Positiva para Am\u00e9rica Latina por el Instituto para la Econom\u00eda y la Paz y el Rotary International; de la misma forma ha publicado investigaciones al respecto, una de ellas con la Academia de Ciencias Pol\u00edticas y Sociales de Venezuela, en el Libro Homenaje al Dr. Pedro Nikken, quien fue juez de la Corte Interamericana de Derechos Humanos y un promotor de la paz, participando en diversos procesos de negociaci\u00f3n pol\u00edtica en el mundo.<\/p>\n<p style=\"font-weight: 400; text-align: justify;\">En esta Cumbre de L\u00edderes Activadores de Paz Positiva, se presentaron los resultados de este programa desde su implantaci\u00f3n y se vincularon los l\u00edderes con distintas regiones para conocer sus experiencias y promover las comunidades de pr\u00e1ctica, como la promoci\u00f3n de la educaci\u00f3n, la lucha contra la corrupci\u00f3n, la formaci\u00f3n, la conformaci\u00f3n de un entorno empresarial s\u00f3lido y de un gobierno que funcione eficazmente.<\/p>\n<p style=\"font-weight: 400; text-align: left;\"><strong><em>L\u00edderes de paz<\/em><\/strong><\/p>\n<p style=\"font-weight: 400; text-align: justify;\">Se\u00f1ala el profesor Pern\u00eda Reyes &#8220;Esta experiencia \u00fanica re\u00fane a los l\u00edderes cuyo compromiso con la paz y su construcci\u00f3n mediante propuestas objetivas y medibles, es invaluable por sus prop\u00f3sitos y la propuesta de regresar a nuestros entornos con la formaci\u00f3n y el apoyo para convocar a la sociedad civil en la b\u00fasqueda de la paz sobre la base de los ocho pilares que fomenten la prosperidad previniendo la violencia&#8221;.<\/p>\n<p style=\"font-weight: 400; text-align: justify;\">&#8220;Esta cumbre se da en un contexto global y regional de inestabilidad y agresiones que amenazan la gobernabilidad en distintas regiones del mundo lo que supone dar mayor profundidad y alcance a la propuesta de paz positiva que promueva el dise\u00f1o de pol\u00edticas p\u00fablicas preventivas que dirijan a las sociedades y pa\u00edses en el sentido contrario a la guerra&#8221; acot\u00f3 el investigador en la UCAT.<\/p>\n<p style=\"font-weight: 400; text-align: justify;\">En ese sentido, desde la UCAT, en raz\u00f3n de su identidad y compromiso, se estar\u00e1n proponiendo nuevas activades y procesos en la l\u00ednea de lo planteado, todo en beneficio de la regi\u00f3n y el pa\u00eds.<\/p>\n<p style=\"font-weight: 400;\">(<strong>PrensaUCAT<\/strong>)<\/p>\n","protected":false},"excerpt":{"rendered":"<p>En la ciudad de Nagarkot, Nepal, se celebr\u00f3 la Cumbre de L\u00edderes Activadores de Paz, durante los d\u00edas 20, 21 y 22 de octubre, organizado por el Instituto para la Econom\u00eda y la Paz y Rotary International. A esta cita en el pa\u00eds asi\u00e1tico, conocido por albergar la Cordillera del Himalaya y el pico m\u00e1s<\/p>\n","protected":false},"author":23,"featured_media":11849,"comment_status":"closed","ping_status":"closed","sticky":false,"template":"","format":"standard","meta":[],"categories":[3],"tags":[],"yoast_head":"<!-- This site is optimized with the Yoast SEO plugin v19.2 - https:\/\/yoast.com\/wordpress\/plugins\/seo\/ -->\n<title>Profesor de la UCAT presente en la Cumbre de L\u00edderes Activadores de Paz - Universidad Cat\u00f3lica del T\u00e1chira<\/title>\n<meta name=\"robots\" content=\"index, follow, max-snippet:-1, max-image-preview:large, max-video-preview:-1\" \/>\n<link rel=\"canonical\" href=\"https:\/\/www.ucat.edu.ve\/web\/profesor-de-la-ucat-presente-en-la-cumbre-de-lideres-activadores-de-paz\/\" \/>\n<meta property=\"og:locale\" content=\"es_ES\" \/>\n<meta property=\"og:type\" content=\"article\" \/>\n<meta property=\"og:title\" content=\"Profesor de la UCAT presente en la Cumbre de L\u00edderes Activadores de Paz - Universidad Cat\u00f3lica del T\u00e1chira\" \/>\n<meta property=\"og:description\" content=\"En la ciudad de Nagarkot, Nepal, se celebr\u00f3 la Cumbre de L\u00edderes Activadores de Paz, durante los d\u00edas 20, 21 y 22 de octubre, organizado por el Instituto para la Econom\u00eda y la Paz y Rotary International. A esta cita en el pa\u00eds asi\u00e1tico, conocido por albergar la Cordillera del Himalaya y el pico m\u00e1s\" \/>\n<meta property=\"og:url\" content=\"https:\/\/www.ucat.edu.ve\/web\/profesor-de-la-ucat-presente-en-la-cumbre-de-lideres-activadores-de-paz\/\" \/>\n<meta property=\"og:site_name\" content=\"Universidad Cat\u00f3lica del T\u00e1chira\" \/>\n<meta property=\"article:publisher\" content=\"https:\/\/www.facebook.com\/notiucat\/\" \/>\n<meta property=\"article:published_time\" content=\"2023-10-30T17:51:24+00:00\" \/>\n<meta property=\"og:image\" content=\"https:\/\/www.ucat.edu.ve\/web\/wp-content\/uploads\/2023\/10\/Noticia-UCAT_Profesor-de-la-UCAT-presente-en-la-Cumbre-de-Lideres-Activadores-de-Paz.png\" \/>\n\t<meta property=\"og:image:width\" content=\"1086\" \/>\n\t<meta property=\"og:image:height\" content=\"671\" \/>\n\t<meta property=\"og:image:type\" content=\"image\/png\" \/>\n<meta name=\"author\" content=\"Secretaria General\" \/>\n<meta name=\"twitter:card\" content=\"summary_large_image\" \/>\n<meta name=\"twitter:creator\" content=\"@notiucat\" \/>\n<meta name=\"twitter:site\" content=\"@notiucat\" \/>\n<meta name=\"twitter:label1\" content=\"Written by\" \/>\n\t<meta name=\"twitter:data1\" content=\"Secretaria General\" \/>\n\t<meta name=\"twitter:label2\" content=\"Est. reading time\" \/>\n\t<meta name=\"twitter:data2\" content=\"3 minutos\" \/>\n<script type=\"application\/ld+json\" class=\"yoast-schema-graph\">{\"@context\":\"https:\/\/schema.org\",\"@graph\":[{\"@type\":\"Organization\",\"@id\":\"https:\/\/www.ucat.edu.ve\/web\/#organization\",\"name\":\"Universidad Cat\u00f3lica Del T\u00e1chira UCAT\",\"url\":\"https:\/\/www.ucat.edu.ve\/web\/\",\"sameAs\":[\"https:\/\/www.instagram.com\/notiucat\/\",\"https:\/\/www.youtube.com\/channel\/UCwEbYSB1R9fzlII-8dcxuYA?view_as=subscriber\",\"https:\/\/www.facebook.com\/notiucat\/\",\"https:\/\/twitter.com\/notiucat\"],\"logo\":{\"@type\":\"ImageObject\",\"inLanguage\":\"es-ES\",\"@id\":\"https:\/\/www.ucat.edu.ve\/web\/#\/schema\/logo\/image\/\",\"url\":\"https:\/\/www.ucat.edu.ve\/web\/wp-content\/uploads\/2015\/07\/logoucat.gif\",\"contentUrl\":\"https:\/\/www.ucat.edu.ve\/web\/wp-content\/uploads\/2015\/07\/logoucat.gif\",\"width\":219,\"height\":155,\"caption\":\"Universidad Cat\u00f3lica Del T\u00e1chira UCAT\"},\"image\":{\"@id\":\"https:\/\/www.ucat.edu.ve\/web\/#\/schema\/logo\/image\/\"}},{\"@type\":\"WebSite\",\"@id\":\"https:\/\/www.ucat.edu.ve\/web\/#website\",\"url\":\"https:\/\/www.ucat.edu.ve\/web\/\",\"name\":\"Universidad Cat\u00f3lica del T\u00e1chira\",\"description\":\"\",\"publisher\":{\"@id\":\"https:\/\/www.ucat.edu.ve\/web\/#organization\"},\"potentialAction\":[{\"@type\":\"SearchAction\",\"target\":{\"@type\":\"EntryPoint\",\"urlTemplate\":\"https:\/\/www.ucat.edu.ve\/web\/?s={search_term_string}\"},\"query-input\":\"required name=search_term_string\"}],\"inLanguage\":\"es-ES\"},{\"@type\":\"ImageObject\",\"inLanguage\":\"es-ES\",\"@id\":\"https:\/\/www.ucat.edu.ve\/web\/profesor-de-la-ucat-presente-en-la-cumbre-de-lideres-activadores-de-paz\/#primaryimage\",\"url\":\"https:\/\/www.ucat.edu.ve\/web\/wp-content\/uploads\/2023\/10\/Noticia-UCAT_Profesor-de-la-UCAT-presente-en-la-Cumbre-de-Lideres-Activadores-de-Paz.png\",\"contentUrl\":\"https:\/\/www.ucat.edu.ve\/web\/wp-content\/uploads\/2023\/10\/Noticia-UCAT_Profesor-de-la-UCAT-presente-en-la-Cumbre-de-Lideres-Activadores-de-Paz.png\",\"width\":1086,\"height\":671},{\"@type\":\"WebPage\",\"@id\":\"https:\/\/www.ucat.edu.ve\/web\/profesor-de-la-ucat-presente-en-la-cumbre-de-lideres-activadores-de-paz\/#webpage\",\"url\":\"https:\/\/www.ucat.edu.ve\/web\/profesor-de-la-ucat-presente-en-la-cumbre-de-lideres-activadores-de-paz\/\",\"name\":\"Profesor de la UCAT presente en la Cumbre de L\u00edderes Activadores de Paz - Universidad Cat\u00f3lica del T\u00e1chira\",\"isPartOf\":{\"@id\":\"https:\/\/www.ucat.edu.ve\/web\/#website\"},\"primaryImageOfPage\":{\"@id\":\"https:\/\/www.ucat.edu.ve\/web\/profesor-de-la-ucat-presente-en-la-cumbre-de-lideres-activadores-de-paz\/#primaryimage\"},\"datePublished\":\"2023-10-30T17:51:24+00:00\",\"dateModified\":\"2023-10-30T17:51:24+00:00\",\"breadcrumb\":{\"@id\":\"https:\/\/www.ucat.edu.ve\/web\/profesor-de-la-ucat-presente-en-la-cumbre-de-lideres-activadores-de-paz\/#breadcrumb\"},\"inLanguage\":\"es-ES\",\"potentialAction\":[{\"@type\":\"ReadAction\",\"target\":[\"https:\/\/www.ucat.edu.ve\/web\/profesor-de-la-ucat-presente-en-la-cumbre-de-lideres-activadores-de-paz\/\"]}]},{\"@type\":\"BreadcrumbList\",\"@id\":\"https:\/\/www.ucat.edu.ve\/web\/profesor-de-la-ucat-presente-en-la-cumbre-de-lideres-activadores-de-paz\/#breadcrumb\",\"itemListElement\":[{\"@type\":\"ListItem\",\"position\":1,\"name\":\"Home\",\"item\":\"https:\/\/www.ucat.edu.ve\/web\/\"},{\"@type\":\"ListItem\",\"position\":2,\"name\":\"Profesor de la UCAT presente en la Cumbre de L\u00edderes Activadores de Paz\"}]},{\"@type\":\"Article\",\"@id\":\"https:\/\/www.ucat.edu.ve\/web\/profesor-de-la-ucat-presente-en-la-cumbre-de-lideres-activadores-de-paz\/#article\",\"isPartOf\":{\"@id\":\"https:\/\/www.ucat.edu.ve\/web\/profesor-de-la-ucat-presente-en-la-cumbre-de-lideres-activadores-de-paz\/#webpage\"},\"author\":{\"name\":\"Secretaria General\",\"@id\":\"https:\/\/www.ucat.edu.ve\/web\/#\/schema\/person\/e90fe655adf97bd5c1dbc608855d16cf\"},\"headline\":\"Profesor de la UCAT presente en la Cumbre de L\u00edderes Activadores de Paz\",\"datePublished\":\"2023-10-30T17:51:24+00:00\",\"dateModified\":\"2023-10-30T17:51:24+00:00\",\"mainEntityOfPage\":{\"@id\":\"https:\/\/www.ucat.edu.ve\/web\/profesor-de-la-ucat-presente-en-la-cumbre-de-lideres-activadores-de-paz\/#webpage\"},\"wordCount\":695,\"publisher\":{\"@id\":\"https:\/\/www.ucat.edu.ve\/web\/#organization\"},\"image\":{\"@id\":\"https:\/\/www.ucat.edu.ve\/web\/profesor-de-la-ucat-presente-en-la-cumbre-de-lideres-activadores-de-paz\/#primaryimage\"},\"thumbnailUrl\":\"https:\/\/www.ucat.edu.ve\/web\/wp-content\/uploads\/2023\/10\/Noticia-UCAT_Profesor-de-la-UCAT-presente-en-la-Cumbre-de-Lideres-Activadores-de-Paz.png\",\"articleSection\":[\"Noticias\"],\"inLanguage\":\"es-ES\"},{\"@type\":\"Person\",\"@id\":\"https:\/\/www.ucat.edu.ve\/web\/#\/schema\/person\/e90fe655adf97bd5c1dbc608855d16cf\",\"name\":\"Secretaria General\",\"url\":\"https:\/\/www.ucat.edu.ve\/web\/author\/secgeucat\/\"}]}<\/script>\n<!-- \/ Yoast SEO plugin. -->","yoast_head_json":{"title":"Profesor de la UCAT presente en la Cumbre de L\u00edderes Activadores de Paz - Universidad Cat\u00f3lica del T\u00e1chira","robots":{"index":"index","follow":"follow","max-snippet":"max-snippet:-1","max-image-preview":"max-image-preview:large","max-video-preview":"max-video-preview:-1"},"canonical":"https:\/\/www.ucat.edu.ve\/web\/profesor-de-la-ucat-presente-en-la-cumbre-de-lideres-activadores-de-paz\/","og_locale":"es_ES","og_type":"article","og_title":"Profesor de la UCAT presente en la Cumbre de L\u00edderes Activadores de Paz - Universidad Cat\u00f3lica del T\u00e1chira","og_description":"En la ciudad de Nagarkot, Nepal, se celebr\u00f3 la Cumbre de L\u00edderes Activadores de Paz, durante los d\u00edas 20, 21 y 22 de octubre, organizado por el Instituto para la Econom\u00eda y la Paz y Rotary International. A esta cita en el pa\u00eds asi\u00e1tico, conocido por albergar la Cordillera del Himalaya y el pico m\u00e1s","og_url":"https:\/\/www.ucat.edu.ve\/web\/profesor-de-la-ucat-presente-en-la-cumbre-de-lideres-activadores-de-paz\/","og_site_name":"Universidad Cat\u00f3lica del T\u00e1chira","article_publisher":"https:\/\/www.facebook.com\/notiucat\/","article_published_time":"2023-10-30T17:51:24+00:00","og_image":[{"width":1086,"height":671,"url":"https:\/\/www.ucat.edu.ve\/web\/wp-content\/uploads\/2023\/10\/Noticia-UCAT_Profesor-de-la-UCAT-presente-en-la-Cumbre-de-Lideres-Activadores-de-Paz.png","type":"image\/png"}],"author":"Secretaria General","twitter_card":"summary_large_image","twitter_creator":"@notiucat","twitter_site":"@notiucat","twitter_misc":{"Written by":"Secretaria General","Est. reading time":"3 minutos"},"schema":{"@context":"https:\/\/schema.org","@graph":[{"@type":"Organization","@id":"https:\/\/www.ucat.edu.ve\/web\/#organization","name":"Universidad Cat\u00f3lica Del T\u00e1chira UCAT","url":"https:\/\/www.ucat.edu.ve\/web\/","sameAs":["https:\/\/www.instagram.com\/notiucat\/","https:\/\/www.youtube.com\/channel\/UCwEbYSB1R9fzlII-8dcxuYA?view_as=subscriber","https:\/\/www.facebook.com\/notiucat\/","https:\/\/twitter.com\/notiucat"],"logo":{"@type":"ImageObject","inLanguage":"es-ES","@id":"https:\/\/www.ucat.edu.ve\/web\/#\/schema\/logo\/image\/","url":"https:\/\/www.ucat.edu.ve\/web\/wp-content\/uploads\/2015\/07\/logoucat.gif","contentUrl":"https:\/\/www.ucat.edu.ve\/web\/wp-content\/uploads\/2015\/07\/logoucat.gif","width":219,"height":155,"caption":"Universidad Cat\u00f3lica Del T\u00e1chira UCAT"},"image":{"@id":"https:\/\/www.ucat.edu.ve\/web\/#\/schema\/logo\/image\/"}},{"@type":"WebSite","@id":"https:\/\/www.ucat.edu.ve\/web\/#website","url":"https:\/\/www.ucat.edu.ve\/web\/","name":"Universidad Cat\u00f3lica del T\u00e1chira","description":"","publisher":{"@id":"https:\/\/www.ucat.edu.ve\/web\/#organization"},"potentialAction":[{"@type":"SearchAction","target":{"@type":"EntryPoint","urlTemplate":"https:\/\/www.ucat.edu.ve\/web\/?s={search_term_string}"},"query-input":"required name=search_term_string"}],"inLanguage":"es-ES"},{"@type":"ImageObject","inLanguage":"es-ES","@id":"https:\/\/www.ucat.edu.ve\/web\/profesor-de-la-ucat-presente-en-la-cumbre-de-lideres-activadores-de-paz\/#primaryimage","url":"https:\/\/www.ucat.edu.ve\/web\/wp-content\/uploads\/2023\/10\/Noticia-UCAT_Profesor-de-la-UCAT-presente-en-la-Cumbre-de-Lideres-Activadores-de-Paz.png","contentUrl":"https:\/\/www.ucat.edu.ve\/web\/wp-content\/uploads\/2023\/10\/Noticia-UCAT_Profesor-de-la-UCAT-presente-en-la-Cumbre-de-Lideres-Activadores-de-Paz.png","width":1086,"height":671},{"@type":"WebPage","@id":"https:\/\/www.ucat.edu.ve\/web\/profesor-de-la-ucat-presente-en-la-cumbre-de-lideres-activadores-de-paz\/#webpage","url":"https:\/\/www.ucat.edu.ve\/web\/profesor-de-la-ucat-presente-en-la-cumbre-de-lideres-activadores-de-paz\/","name":"Profesor de la UCAT presente en la Cumbre de L\u00edderes Activadores de Paz - Universidad Cat\u00f3lica del T\u00e1chira","isPartOf":{"@id":"https:\/\/www.ucat.edu.ve\/web\/#website"},"primaryImageOfPage":{"@id":"https:\/\/www.ucat.edu.ve\/web\/profesor-de-la-ucat-presente-en-la-cumbre-de-lideres-activadores-de-paz\/#primaryimage"},"datePublished":"2023-10-30T17:51:24+00:00","dateModified":"2023-10-30T17:51:24+00:00","breadcrumb":{"@id":"https:\/\/www.ucat.edu.ve\/web\/profesor-de-la-ucat-presente-en-la-cumbre-de-lideres-activadores-de-paz\/#breadcrumb"},"inLanguage":"es-ES","potentialAction":[{"@type":"ReadAction","target":["https:\/\/www.ucat.edu.ve\/web\/profesor-de-la-ucat-presente-en-la-cumbre-de-lideres-activadores-de-paz\/"]}]},{"@type":"BreadcrumbList","@id":"https:\/\/www.ucat.edu.ve\/web\/profesor-de-la-ucat-presente-en-la-cumbre-de-lideres-activadores-de-paz\/#breadcrumb","itemListElement":[{"@type":"ListItem","position":1,"name":"Home","item":"https:\/\/www.ucat.edu.ve\/web\/"},{"@type":"ListItem","position":2,"name":"Profesor de la UCAT presente en la Cumbre de L\u00edderes Activadores de Paz"}]},{"@type":"Article","@id":"https:\/\/www.ucat.edu.ve\/web\/profesor-de-la-ucat-presente-en-la-cumbre-de-lideres-activadores-de-paz\/#article","isPartOf":{"@id":"https:\/\/www.ucat.edu.ve\/web\/profesor-de-la-ucat-presente-en-la-cumbre-de-lideres-activadores-de-paz\/#webpage"},"author":{"name":"Secretaria General","@id":"https:\/\/www.ucat.edu.ve\/web\/#\/schema\/person\/e90fe655adf97bd5c1dbc608855d16cf"},"headline":"Profesor de la UCAT presente en la Cumbre de L\u00edderes Activadores de Paz","datePublished":"2023-10-30T17:51:24+00:00","dateModified":"2023-10-30T17:51:24+00:00","mainEntityOfPage":{"@id":"https:\/\/www.ucat.edu.ve\/web\/profesor-de-la-ucat-presente-en-la-cumbre-de-lideres-activadores-de-paz\/#webpage"},"wordCount":695,"publisher":{"@id":"https:\/\/www.ucat.edu.ve\/web\/#organization"},"image":{"@id":"https:\/\/www.ucat.edu.ve\/web\/profesor-de-la-ucat-presente-en-la-cumbre-de-lideres-activadores-de-paz\/#primaryimage"},"thumbnailUrl":"https:\/\/www.ucat.edu.ve\/web\/wp-content\/uploads\/2023\/10\/Noticia-UCAT_Profesor-de-la-UCAT-presente-en-la-Cumbre-de-Lideres-Activadores-de-Paz.png","articleSection":["Noticias"],"inLanguage":"es-ES"},{"@type":"Person","@id":"https:\/\/www.ucat.edu.ve\/web\/#\/schema\/person\/e90fe655adf97bd5c1dbc608855d16cf","name":"Secretaria General","url":"https:\/\/www.ucat.edu.ve\/web\/author\/secgeucat\/"}]}},"_links":{"self":[{"href":"https:\/\/www.ucat.edu.ve\/web\/wp-json\/wp\/v2\/posts\/11848"}],"collection":[{"href":"https:\/\/www.ucat.edu.ve\/web\/wp-json\/wp\/v2\/posts"}],"about":[{"href":"https:\/\/www.ucat.edu.ve\/web\/wp-json\/wp\/v2\/types\/post"}],"author":[{"embeddable":true,"href":"https:\/\/www.ucat.edu.ve\/web\/wp-json\/wp\/v2\/users\/23"}],"replies":[{"embeddable":true,"href":"https:\/\/www.ucat.edu.ve\/web\/wp-json\/wp\/v2\/comments?post=11848"}],"version-history":[{"count":1,"href":"https:\/\/www.ucat.edu.ve\/web\/wp-json\/wp\/v2\/posts\/11848\/revisions"}],"predecessor-version":[{"id":11850,"href":"https:\/\/www.ucat.edu.ve\/web\/wp-json\/wp\/v2\/posts\/11848\/revisions\/11850"}],"wp:featuredmedia":[{"embeddable":true,"href":"https:\/\/www.ucat.edu.ve\/web\/wp-json\/wp\/v2\/media\/11849"}],"wp:attachment":[{"href":"https:\/\/www.ucat.edu.ve\/web\/wp-json\/wp\/v2\/media?parent=11848"}],"wp:term":[{"taxonomy":"category","embeddable":true,"href":"https:\/\/www.ucat.edu.ve\/web\/wp-json\/wp\/v2\/categories?post=11848"},{"taxonomy":"post_tag","embeddable":true,"href":"https:\/\/www.ucat.edu.ve\/web\/wp-json\/wp\/v2\/tags?post=11848"}],"curies":[{"name":"wp","href":"https:\/\/api.w.org\/{rel}","templated":true}]}}