 {"id":11872,"date":"2023-10-31T18:32:08","date_gmt":"2023-10-31T18:32:08","guid":{"rendered":"https:\/\/www.ucat.edu.ve\/web\/?p=11872"},"modified":"2023-10-31T18:34:37","modified_gmt":"2023-10-31T18:34:37","slug":"con-apoyo-de-la-ucat-iniciaron-diplomado-de-catequesis-en-pregonero","status":"publish","type":"post","link":"https:\/\/www.ucat.edu.ve\/web\/con-apoyo-de-la-ucat-iniciaron-diplomado-de-catequesis-en-pregonero\/","title":{"rendered":"Con apoyo de la UCAT iniciaron Diplomado de Catequesis en Pregonero"},"content":{"rendered":"<div style=\"text-align: center\"><img loading=\"lazy\" class=\"alignnone size-medium wp-image-11873\" src=\"https:\/\/www.ucat.edu.ve\/web\/wp-content\/uploads\/2023\/10\/Noticia-UCAT-Con-apoyo-de-la-UCAT-iniciaron-Diplomado-de-Catequesis-en-Pregonero-521x322.png\" alt=\"\" width=\"521\" height=\"322\" srcset=\"https:\/\/www.ucat.edu.ve\/web\/wp-content\/uploads\/2023\/10\/Noticia-UCAT-Con-apoyo-de-la-UCAT-iniciaron-Diplomado-de-Catequesis-en-Pregonero-521x322.png 521w, https:\/\/www.ucat.edu.ve\/web\/wp-content\/uploads\/2023\/10\/Noticia-UCAT-Con-apoyo-de-la-UCAT-iniciaron-Diplomado-de-Catequesis-en-Pregonero-340x210.png 340w, https:\/\/www.ucat.edu.ve\/web\/wp-content\/uploads\/2023\/10\/Noticia-UCAT-Con-apoyo-de-la-UCAT-iniciaron-Diplomado-de-Catequesis-en-Pregonero.png 1086w\" sizes=\"(max-width: 521px) 100vw, 521px\" \/><\/div>\n<div style=\"text-align: justify\">\n<p>El s\u00e1bado 28 de octubre se dio inicio al Diplomado en Catequesis \u201cCatequistas en esp\u00edritu y verdad\u201d en la Vicar\u00eda Sant\u00edsima Trinidad, ubicada en el municipio Uribante del Estado T\u00e1chira.<\/p>\n<p>Con la presencia de 45 catequistas se apertur\u00f3 esta experiencia de formaci\u00f3n, dijo el padre Nelson Duque, quien tambi\u00e9n agradeci\u00f3 a la Universidad Cat\u00f3lica del T\u00e1chira, por propiciar estos espacios formativos \u201cAgradecemos a la Facultad de Ciencias de la Religi\u00f3n de la UCAT desde donde se nos orient\u00f3 en la organizaci\u00f3n tem\u00e1tica y al Instituto Diocesano de Pastoral Arias Blanco, que conduce este proyecto formativo.&#8221;<\/p>\n<p>La jornada introductoria fue dirigida por el Pbro. Nelson Enrique Duque, Vicario Episcopal de esta zona pastoral. Tambi\u00e9n inform\u00f3 el presb\u00edtero Jean Carlos Medina Poveda, Coordinador de la Facultad de Ciencias de la Religi\u00f3n de la UCAT, que la Universidad Cat\u00f3lica a trav\u00e9s del convenio firmado con el Instituto Diocesano de Pastoral \u201cMons. Arias Blanco\u201d seguir\u00e1 promoviendo formaci\u00f3n a los laicos; adem\u00e1s que junto al Secretariado de Pastoral Familiar se ofrecer\u00e1 un Diplomado de Formaci\u00f3n Escuela para Padres y el Diplomado de Catequesis, en forma simult\u00e1nea, por las diversas vicar\u00edas de la Di\u00f3cesis y en el Vicariato Apost\u00f3lico de Caron\u00ed.<\/p>\n<\/div>\n<div><\/div>\n<div>(<b>PrensaUCAT<\/b>)<\/div>\n","protected":false},"excerpt":{"rendered":"<p>El s\u00e1bado 28 de octubre se dio inicio al Diplomado en Catequesis \u201cCatequistas en esp\u00edritu y verdad\u201d en la Vicar\u00eda Sant\u00edsima Trinidad, ubicada en el municipio Uribante del Estado T\u00e1chira. Con la presencia de 45 catequistas se apertur\u00f3 esta experiencia de formaci\u00f3n, dijo el padre Nelson Duque, quien tambi\u00e9n agradeci\u00f3 a la Universidad Cat\u00f3lica del<\/p>\n","protected":false},"author":23,"featured_media":11873,"comment_status":"closed","ping_status":"closed","sticky":false,"template":"","format":"standard","meta":[],"categories":[1],"tags":[],"yoast_head":"<!-- This site is optimized with the Yoast SEO plugin v19.2 - https:\/\/yoast.com\/wordpress\/plugins\/seo\/ -->\n<title>Con apoyo de la UCAT iniciaron Diplomado de Catequesis en Pregonero - Universidad Cat\u00f3lica del T\u00e1chira<\/title>\n<meta name=\"robots\" content=\"index, follow, max-snippet:-1, max-image-preview:large, max-video-preview:-1\" \/>\n<link rel=\"canonical\" href=\"https:\/\/www.ucat.edu.ve\/web\/con-apoyo-de-la-ucat-iniciaron-diplomado-de-catequesis-en-pregonero\/\" \/>\n<meta property=\"og:locale\" content=\"es_ES\" \/>\n<meta property=\"og:type\" content=\"article\" \/>\n<meta property=\"og:title\" content=\"Con apoyo de la UCAT iniciaron Diplomado de Catequesis en Pregonero - Universidad Cat\u00f3lica del T\u00e1chira\" \/>\n<meta property=\"og:description\" content=\"El s\u00e1bado 28 de octubre se dio inicio al Diplomado en Catequesis \u201cCatequistas en esp\u00edritu y verdad\u201d en la Vicar\u00eda Sant\u00edsima Trinidad, ubicada en el municipio Uribante del Estado T\u00e1chira. Con la presencia de 45 catequistas se apertur\u00f3 esta experiencia de formaci\u00f3n, dijo el padre Nelson Duque, quien tambi\u00e9n agradeci\u00f3 a la Universidad Cat\u00f3lica del\" \/>\n<meta property=\"og:url\" content=\"https:\/\/www.ucat.edu.ve\/web\/con-apoyo-de-la-ucat-iniciaron-diplomado-de-catequesis-en-pregonero\/\" \/>\n<meta property=\"og:site_name\" content=\"Universidad Cat\u00f3lica del T\u00e1chira\" \/>\n<meta property=\"article:publisher\" content=\"https:\/\/www.facebook.com\/notiucat\/\" \/>\n<meta property=\"article:published_time\" content=\"2023-10-31T18:32:08+00:00\" \/>\n<meta property=\"article:modified_time\" content=\"2023-10-31T18:34:37+00:00\" \/>\n<meta property=\"og:image\" content=\"https:\/\/www.ucat.edu.ve\/web\/wp-content\/uploads\/2023\/10\/Noticia-UCAT-Con-apoyo-de-la-UCAT-iniciaron-Diplomado-de-Catequesis-en-Pregonero.png\" \/>\n\t<meta property=\"og:image:width\" content=\"1086\" \/>\n\t<meta property=\"og:image:height\" content=\"671\" \/>\n\t<meta property=\"og:image:type\" content=\"image\/png\" \/>\n<meta name=\"author\" content=\"Secretaria General\" \/>\n<meta name=\"twitter:card\" content=\"summary_large_image\" \/>\n<meta name=\"twitter:creator\" content=\"@notiucat\" \/>\n<meta name=\"twitter:site\" content=\"@notiucat\" \/>\n<meta name=\"twitter:label1\" content=\"Written by\" \/>\n\t<meta name=\"twitter:data1\" content=\"Secretaria General\" \/>\n\t<meta name=\"twitter:label2\" content=\"Est. reading time\" \/>\n\t<meta name=\"twitter:data2\" content=\"2 minutos\" \/>\n<script type=\"application\/ld+json\" class=\"yoast-schema-graph\">{\"@context\":\"https:\/\/schema.org\",\"@graph\":[{\"@type\":\"Organization\",\"@id\":\"https:\/\/www.ucat.edu.ve\/web\/#organization\",\"name\":\"Universidad Cat\u00f3lica Del T\u00e1chira UCAT\",\"url\":\"https:\/\/www.ucat.edu.ve\/web\/\",\"sameAs\":[\"https:\/\/www.instagram.com\/notiucat\/\",\"https:\/\/www.youtube.com\/channel\/UCwEbYSB1R9fzlII-8dcxuYA?view_as=subscriber\",\"https:\/\/www.facebook.com\/notiucat\/\",\"https:\/\/twitter.com\/notiucat\"],\"logo\":{\"@type\":\"ImageObject\",\"inLanguage\":\"es-ES\",\"@id\":\"https:\/\/www.ucat.edu.ve\/web\/#\/schema\/logo\/image\/\",\"url\":\"https:\/\/www.ucat.edu.ve\/web\/wp-content\/uploads\/2015\/07\/logoucat.gif\",\"contentUrl\":\"https:\/\/www.ucat.edu.ve\/web\/wp-content\/uploads\/2015\/07\/logoucat.gif\",\"width\":219,\"height\":155,\"caption\":\"Universidad Cat\u00f3lica Del T\u00e1chira UCAT\"},\"image\":{\"@id\":\"https:\/\/www.ucat.edu.ve\/web\/#\/schema\/logo\/image\/\"}},{\"@type\":\"WebSite\",\"@id\":\"https:\/\/www.ucat.edu.ve\/web\/#website\",\"url\":\"https:\/\/www.ucat.edu.ve\/web\/\",\"name\":\"Universidad Cat\u00f3lica del T\u00e1chira\",\"description\":\"\",\"publisher\":{\"@id\":\"https:\/\/www.ucat.edu.ve\/web\/#organization\"},\"potentialAction\":[{\"@type\":\"SearchAction\",\"target\":{\"@type\":\"EntryPoint\",\"urlTemplate\":\"https:\/\/www.ucat.edu.ve\/web\/?s={search_term_string}\"},\"query-input\":\"required name=search_term_string\"}],\"inLanguage\":\"es-ES\"},{\"@type\":\"ImageObject\",\"inLanguage\":\"es-ES\",\"@id\":\"https:\/\/www.ucat.edu.ve\/web\/con-apoyo-de-la-ucat-iniciaron-diplomado-de-catequesis-en-pregonero\/#primaryimage\",\"url\":\"https:\/\/www.ucat.edu.ve\/web\/wp-content\/uploads\/2023\/10\/Noticia-UCAT-Con-apoyo-de-la-UCAT-iniciaron-Diplomado-de-Catequesis-en-Pregonero.png\",\"contentUrl\":\"https:\/\/www.ucat.edu.ve\/web\/wp-content\/uploads\/2023\/10\/Noticia-UCAT-Con-apoyo-de-la-UCAT-iniciaron-Diplomado-de-Catequesis-en-Pregonero.png\",\"width\":1086,\"height\":671},{\"@type\":\"WebPage\",\"@id\":\"https:\/\/www.ucat.edu.ve\/web\/con-apoyo-de-la-ucat-iniciaron-diplomado-de-catequesis-en-pregonero\/#webpage\",\"url\":\"https:\/\/www.ucat.edu.ve\/web\/con-apoyo-de-la-ucat-iniciaron-diplomado-de-catequesis-en-pregonero\/\",\"name\":\"Con apoyo de la UCAT iniciaron Diplomado de Catequesis en Pregonero - Universidad Cat\u00f3lica del T\u00e1chira\",\"isPartOf\":{\"@id\":\"https:\/\/www.ucat.edu.ve\/web\/#website\"},\"primaryImageOfPage\":{\"@id\":\"https:\/\/www.ucat.edu.ve\/web\/con-apoyo-de-la-ucat-iniciaron-diplomado-de-catequesis-en-pregonero\/#primaryimage\"},\"datePublished\":\"2023-10-31T18:32:08+00:00\",\"dateModified\":\"2023-10-31T18:34:37+00:00\",\"breadcrumb\":{\"@id\":\"https:\/\/www.ucat.edu.ve\/web\/con-apoyo-de-la-ucat-iniciaron-diplomado-de-catequesis-en-pregonero\/#breadcrumb\"},\"inLanguage\":\"es-ES\",\"potentialAction\":[{\"@type\":\"ReadAction\",\"target\":[\"https:\/\/www.ucat.edu.ve\/web\/con-apoyo-de-la-ucat-iniciaron-diplomado-de-catequesis-en-pregonero\/\"]}]},{\"@type\":\"BreadcrumbList\",\"@id\":\"https:\/\/www.ucat.edu.ve\/web\/con-apoyo-de-la-ucat-iniciaron-diplomado-de-catequesis-en-pregonero\/#breadcrumb\",\"itemListElement\":[{\"@type\":\"ListItem\",\"position\":1,\"name\":\"Home\",\"item\":\"https:\/\/www.ucat.edu.ve\/web\/\"},{\"@type\":\"ListItem\",\"position\":2,\"name\":\"Con apoyo de la UCAT iniciaron Diplomado de Catequesis en Pregonero\"}]},{\"@type\":\"Article\",\"@id\":\"https:\/\/www.ucat.edu.ve\/web\/con-apoyo-de-la-ucat-iniciaron-diplomado-de-catequesis-en-pregonero\/#article\",\"isPartOf\":{\"@id\":\"https:\/\/www.ucat.edu.ve\/web\/con-apoyo-de-la-ucat-iniciaron-diplomado-de-catequesis-en-pregonero\/#webpage\"},\"author\":{\"name\":\"Secretaria General\",\"@id\":\"https:\/\/www.ucat.edu.ve\/web\/#\/schema\/person\/e90fe655adf97bd5c1dbc608855d16cf\"},\"headline\":\"Con apoyo de la UCAT iniciaron Diplomado de Catequesis en Pregonero\",\"datePublished\":\"2023-10-31T18:32:08+00:00\",\"dateModified\":\"2023-10-31T18:34:37+00:00\",\"mainEntityOfPage\":{\"@id\":\"https:\/\/www.ucat.edu.ve\/web\/con-apoyo-de-la-ucat-iniciaron-diplomado-de-catequesis-en-pregonero\/#webpage\"},\"wordCount\":229,\"publisher\":{\"@id\":\"https:\/\/www.ucat.edu.ve\/web\/#organization\"},\"image\":{\"@id\":\"https:\/\/www.ucat.edu.ve\/web\/con-apoyo-de-la-ucat-iniciaron-diplomado-de-catequesis-en-pregonero\/#primaryimage\"},\"thumbnailUrl\":\"https:\/\/www.ucat.edu.ve\/web\/wp-content\/uploads\/2023\/10\/Noticia-UCAT-Con-apoyo-de-la-UCAT-iniciaron-Diplomado-de-Catequesis-en-Pregonero.png\",\"articleSection\":[\"Uncategorized\"],\"inLanguage\":\"es-ES\"},{\"@type\":\"Person\",\"@id\":\"https:\/\/www.ucat.edu.ve\/web\/#\/schema\/person\/e90fe655adf97bd5c1dbc608855d16cf\",\"name\":\"Secretaria General\",\"url\":\"https:\/\/www.ucat.edu.ve\/web\/author\/secgeucat\/\"}]}<\/script>\n<!-- \/ Yoast SEO plugin. -->","yoast_head_json":{"title":"Con apoyo de la UCAT iniciaron Diplomado de Catequesis en Pregonero - Universidad Cat\u00f3lica del T\u00e1chira","robots":{"index":"index","follow":"follow","max-snippet":"max-snippet:-1","max-image-preview":"max-image-preview:large","max-video-preview":"max-video-preview:-1"},"canonical":"https:\/\/www.ucat.edu.ve\/web\/con-apoyo-de-la-ucat-iniciaron-diplomado-de-catequesis-en-pregonero\/","og_locale":"es_ES","og_type":"article","og_title":"Con apoyo de la UCAT iniciaron Diplomado de Catequesis en Pregonero - Universidad Cat\u00f3lica del T\u00e1chira","og_description":"El s\u00e1bado 28 de octubre se dio inicio al Diplomado en Catequesis \u201cCatequistas en esp\u00edritu y verdad\u201d en la Vicar\u00eda Sant\u00edsima Trinidad, ubicada en el municipio Uribante del Estado T\u00e1chira. Con la presencia de 45 catequistas se apertur\u00f3 esta experiencia de formaci\u00f3n, dijo el padre Nelson Duque, quien tambi\u00e9n agradeci\u00f3 a la Universidad Cat\u00f3lica del","og_url":"https:\/\/www.ucat.edu.ve\/web\/con-apoyo-de-la-ucat-iniciaron-diplomado-de-catequesis-en-pregonero\/","og_site_name":"Universidad Cat\u00f3lica del T\u00e1chira","article_publisher":"https:\/\/www.facebook.com\/notiucat\/","article_published_time":"2023-10-31T18:32:08+00:00","article_modified_time":"2023-10-31T18:34:37+00:00","og_image":[{"width":1086,"height":671,"url":"https:\/\/www.ucat.edu.ve\/web\/wp-content\/uploads\/2023\/10\/Noticia-UCAT-Con-apoyo-de-la-UCAT-iniciaron-Diplomado-de-Catequesis-en-Pregonero.png","type":"image\/png"}],"author":"Secretaria General","twitter_card":"summary_large_image","twitter_creator":"@notiucat","twitter_site":"@notiucat","twitter_misc":{"Written by":"Secretaria General","Est. reading time":"2 minutos"},"schema":{"@context":"https:\/\/schema.org","@graph":[{"@type":"Organization","@id":"https:\/\/www.ucat.edu.ve\/web\/#organization","name":"Universidad Cat\u00f3lica Del T\u00e1chira UCAT","url":"https:\/\/www.ucat.edu.ve\/web\/","sameAs":["https:\/\/www.instagram.com\/notiucat\/","https:\/\/www.youtube.com\/channel\/UCwEbYSB1R9fzlII-8dcxuYA?view_as=subscriber","https:\/\/www.facebook.com\/notiucat\/","https:\/\/twitter.com\/notiucat"],"logo":{"@type":"ImageObject","inLanguage":"es-ES","@id":"https:\/\/www.ucat.edu.ve\/web\/#\/schema\/logo\/image\/","url":"https:\/\/www.ucat.edu.ve\/web\/wp-content\/uploads\/2015\/07\/logoucat.gif","contentUrl":"https:\/\/www.ucat.edu.ve\/web\/wp-content\/uploads\/2015\/07\/logoucat.gif","width":219,"height":155,"caption":"Universidad Cat\u00f3lica Del T\u00e1chira UCAT"},"image":{"@id":"https:\/\/www.ucat.edu.ve\/web\/#\/schema\/logo\/image\/"}},{"@type":"WebSite","@id":"https:\/\/www.ucat.edu.ve\/web\/#website","url":"https:\/\/www.ucat.edu.ve\/web\/","name":"Universidad Cat\u00f3lica del T\u00e1chira","description":"","publisher":{"@id":"https:\/\/www.ucat.edu.ve\/web\/#organization"},"potentialAction":[{"@type":"SearchAction","target":{"@type":"EntryPoint","urlTemplate":"https:\/\/www.ucat.edu.ve\/web\/?s={search_term_string}"},"query-input":"required name=search_term_string"}],"inLanguage":"es-ES"},{"@type":"ImageObject","inLanguage":"es-ES","@id":"https:\/\/www.ucat.edu.ve\/web\/con-apoyo-de-la-ucat-iniciaron-diplomado-de-catequesis-en-pregonero\/#primaryimage","url":"https:\/\/www.ucat.edu.ve\/web\/wp-content\/uploads\/2023\/10\/Noticia-UCAT-Con-apoyo-de-la-UCAT-iniciaron-Diplomado-de-Catequesis-en-Pregonero.png","contentUrl":"https:\/\/www.ucat.edu.ve\/web\/wp-content\/uploads\/2023\/10\/Noticia-UCAT-Con-apoyo-de-la-UCAT-iniciaron-Diplomado-de-Catequesis-en-Pregonero.png","width":1086,"height":671},{"@type":"WebPage","@id":"https:\/\/www.ucat.edu.ve\/web\/con-apoyo-de-la-ucat-iniciaron-diplomado-de-catequesis-en-pregonero\/#webpage","url":"https:\/\/www.ucat.edu.ve\/web\/con-apoyo-de-la-ucat-iniciaron-diplomado-de-catequesis-en-pregonero\/","name":"Con apoyo de la UCAT iniciaron Diplomado de Catequesis en Pregonero - Universidad Cat\u00f3lica del T\u00e1chira","isPartOf":{"@id":"https:\/\/www.ucat.edu.ve\/web\/#website"},"primaryImageOfPage":{"@id":"https:\/\/www.ucat.edu.ve\/web\/con-apoyo-de-la-ucat-iniciaron-diplomado-de-catequesis-en-pregonero\/#primaryimage"},"datePublished":"2023-10-31T18:32:08+00:00","dateModified":"2023-10-31T18:34:37+00:00","breadcrumb":{"@id":"https:\/\/www.ucat.edu.ve\/web\/con-apoyo-de-la-ucat-iniciaron-diplomado-de-catequesis-en-pregonero\/#breadcrumb"},"inLanguage":"es-ES","potentialAction":[{"@type":"ReadAction","target":["https:\/\/www.ucat.edu.ve\/web\/con-apoyo-de-la-ucat-iniciaron-diplomado-de-catequesis-en-pregonero\/"]}]},{"@type":"BreadcrumbList","@id":"https:\/\/www.ucat.edu.ve\/web\/con-apoyo-de-la-ucat-iniciaron-diplomado-de-catequesis-en-pregonero\/#breadcrumb","itemListElement":[{"@type":"ListItem","position":1,"name":"Home","item":"https:\/\/www.ucat.edu.ve\/web\/"},{"@type":"ListItem","position":2,"name":"Con apoyo de la UCAT iniciaron Diplomado de Catequesis en Pregonero"}]},{"@type":"Article","@id":"https:\/\/www.ucat.edu.ve\/web\/con-apoyo-de-la-ucat-iniciaron-diplomado-de-catequesis-en-pregonero\/#article","isPartOf":{"@id":"https:\/\/www.ucat.edu.ve\/web\/con-apoyo-de-la-ucat-iniciaron-diplomado-de-catequesis-en-pregonero\/#webpage"},"author":{"name":"Secretaria General","@id":"https:\/\/www.ucat.edu.ve\/web\/#\/schema\/person\/e90fe655adf97bd5c1dbc608855d16cf"},"headline":"Con apoyo de la UCAT iniciaron Diplomado de Catequesis en Pregonero","datePublished":"2023-10-31T18:32:08+00:00","dateModified":"2023-10-31T18:34:37+00:00","mainEntityOfPage":{"@id":"https:\/\/www.ucat.edu.ve\/web\/con-apoyo-de-la-ucat-iniciaron-diplomado-de-catequesis-en-pregonero\/#webpage"},"wordCount":229,"publisher":{"@id":"https:\/\/www.ucat.edu.ve\/web\/#organization"},"image":{"@id":"https:\/\/www.ucat.edu.ve\/web\/con-apoyo-de-la-ucat-iniciaron-diplomado-de-catequesis-en-pregonero\/#primaryimage"},"thumbnailUrl":"https:\/\/www.ucat.edu.ve\/web\/wp-content\/uploads\/2023\/10\/Noticia-UCAT-Con-apoyo-de-la-UCAT-iniciaron-Diplomado-de-Catequesis-en-Pregonero.png","articleSection":["Uncategorized"],"inLanguage":"es-ES"},{"@type":"Person","@id":"https:\/\/www.ucat.edu.ve\/web\/#\/schema\/person\/e90fe655adf97bd5c1dbc608855d16cf","name":"Secretaria General","url":"https:\/\/www.ucat.edu.ve\/web\/author\/secgeucat\/"}]}},"_links":{"self":[{"href":"https:\/\/www.ucat.edu.ve\/web\/wp-json\/wp\/v2\/posts\/11872"}],"collection":[{"href":"https:\/\/www.ucat.edu.ve\/web\/wp-json\/wp\/v2\/posts"}],"about":[{"href":"https:\/\/www.ucat.edu.ve\/web\/wp-json\/wp\/v2\/types\/post"}],"author":[{"embeddable":true,"href":"https:\/\/www.ucat.edu.ve\/web\/wp-json\/wp\/v2\/users\/23"}],"replies":[{"embeddable":true,"href":"https:\/\/www.ucat.edu.ve\/web\/wp-json\/wp\/v2\/comments?post=11872"}],"version-history":[{"count":3,"href":"https:\/\/www.ucat.edu.ve\/web\/wp-json\/wp\/v2\/posts\/11872\/revisions"}],"predecessor-version":[{"id":11877,"href":"https:\/\/www.ucat.edu.ve\/web\/wp-json\/wp\/v2\/posts\/11872\/revisions\/11877"}],"wp:featuredmedia":[{"embeddable":true,"href":"https:\/\/www.ucat.edu.ve\/web\/wp-json\/wp\/v2\/media\/11873"}],"wp:attachment":[{"href":"https:\/\/www.ucat.edu.ve\/web\/wp-json\/wp\/v2\/media?parent=11872"}],"wp:term":[{"taxonomy":"category","embeddable":true,"href":"https:\/\/www.ucat.edu.ve\/web\/wp-json\/wp\/v2\/categories?post=11872"},{"taxonomy":"post_tag","embeddable":true,"href":"https:\/\/www.ucat.edu.ve\/web\/wp-json\/wp\/v2\/tags?post=11872"}],"curies":[{"name":"wp","href":"https:\/\/api.w.org\/{rel}","templated":true}]}}