 {"id":11888,"date":"2023-11-03T18:23:27","date_gmt":"2023-11-03T18:23:27","guid":{"rendered":"https:\/\/www.ucat.edu.ve\/web\/?p=11888"},"modified":"2023-11-03T19:31:51","modified_gmt":"2023-11-03T19:31:51","slug":"nota-de-duelo-alfonso-sanchez-nieto","status":"publish","type":"post","link":"https:\/\/www.ucat.edu.ve\/web\/nota-de-duelo-alfonso-sanchez-nieto\/","title":{"rendered":"Nota de Duelo &#8211; Alfonso S\u00e1nchez Nieto"},"content":{"rendered":"<p style=\"text-align: center\"><img loading=\"lazy\" class=\"alignnone size-medium wp-image-11891\" src=\"https:\/\/www.ucat.edu.ve\/web\/wp-content\/uploads\/2023\/11\/Banner_Notis_NOTA_DUELO_Alfonso-Sanchez-Nieto2-521x289.jpg\" alt=\"\" width=\"521\" height=\"289\" srcset=\"https:\/\/www.ucat.edu.ve\/web\/wp-content\/uploads\/2023\/11\/Banner_Notis_NOTA_DUELO_Alfonso-Sanchez-Nieto2-521x289.jpg 521w, https:\/\/www.ucat.edu.ve\/web\/wp-content\/uploads\/2023\/11\/Banner_Notis_NOTA_DUELO_Alfonso-Sanchez-Nieto2.jpg 953w\" sizes=\"(max-width: 521px) 100vw, 521px\" \/><\/p>\n<p style=\"text-align: center\">Las Autoridades, y dem\u00e1s miembros de la Comunidad de la Universidad Cat\u00f3lica del T\u00e1chira, lamentan profundamente el fallecimiento del profesor:<\/p>\n<p style=\"text-align: center\"><strong>Alfonso S\u00e1nchez Nieto<\/strong><\/p>\n<p style=\"text-align: center\">Antiguo Vicerrector \u2013 Decano del N\u00facleo Universitario Pedro Rinc\u00f3n Guti\u00e9rrez-T\u00e1chira de la Universidad de los Andes<\/p>\n<p style=\"text-align: justify\">Hecho luctuoso acaecido el d\u00eda de hoy, en esta ciudad de San Crist\u00f3bal. En estos momentos de dolor, hacemos llegar a la distinguida familia del profesor Alfonso S\u00e1nchez Nieto y a los miembros de la comunidad universitaria de la Universidad de Los Andes, nuestras palabras de esperanza cristiana en la Resurrecci\u00f3n final con las palabras que la Iglesia, desde sus or\u00edgenes, ha recordado en el canto de las letan\u00edas \u201cQuien cree en Ti Se\u00f1or, no morir\u00e1 para siempre\/Yo s\u00e9 que mi Redentor vive y el \u00faltimo d\u00eda resucitar\u00e9 de la tierra\u201d.<\/p>\n<p style=\"text-align: center\"><strong>San Crist\u00f3bal, 3 de noviembre de 2023<\/strong><\/p>\n","protected":false},"excerpt":{"rendered":"<p>Las Autoridades, y dem\u00e1s miembros de la Comunidad de la Universidad Cat\u00f3lica del T\u00e1chira, lamentan profundamente el fallecimiento del profesor: Alfonso S\u00e1nchez Nieto Antiguo Vicerrector \u2013 Decano del N\u00facleo Universitario Pedro Rinc\u00f3n Guti\u00e9rrez-T\u00e1chira de la Universidad de los Andes Hecho luctuoso acaecido el d\u00eda de hoy, en esta ciudad de San Crist\u00f3bal. En estos momentos<\/p>\n","protected":false},"author":23,"featured_media":11891,"comment_status":"closed","ping_status":"closed","sticky":false,"template":"","format":"standard","meta":[],"categories":[3],"tags":[],"yoast_head":"<!-- This site is optimized with the Yoast SEO plugin v19.2 - https:\/\/yoast.com\/wordpress\/plugins\/seo\/ -->\n<title>Nota de Duelo - Alfonso S\u00e1nchez Nieto - Universidad Cat\u00f3lica del T\u00e1chira<\/title>\n<meta name=\"robots\" content=\"index, follow, max-snippet:-1, max-image-preview:large, max-video-preview:-1\" \/>\n<link rel=\"canonical\" href=\"https:\/\/www.ucat.edu.ve\/web\/nota-de-duelo-alfonso-sanchez-nieto\/\" \/>\n<meta property=\"og:locale\" content=\"es_ES\" \/>\n<meta property=\"og:type\" content=\"article\" \/>\n<meta property=\"og:title\" content=\"Nota de Duelo - Alfonso S\u00e1nchez Nieto - Universidad Cat\u00f3lica del T\u00e1chira\" \/>\n<meta property=\"og:description\" content=\"Las Autoridades, y dem\u00e1s miembros de la Comunidad de la Universidad Cat\u00f3lica del T\u00e1chira, lamentan profundamente el fallecimiento del profesor: Alfonso S\u00e1nchez Nieto Antiguo Vicerrector \u2013 Decano del N\u00facleo Universitario Pedro Rinc\u00f3n Guti\u00e9rrez-T\u00e1chira de la Universidad de los Andes Hecho luctuoso acaecido el d\u00eda de hoy, en esta ciudad de San Crist\u00f3bal. En estos momentos\" \/>\n<meta property=\"og:url\" content=\"https:\/\/www.ucat.edu.ve\/web\/nota-de-duelo-alfonso-sanchez-nieto\/\" \/>\n<meta property=\"og:site_name\" content=\"Universidad Cat\u00f3lica del T\u00e1chira\" \/>\n<meta property=\"article:publisher\" content=\"https:\/\/www.facebook.com\/notiucat\/\" \/>\n<meta property=\"article:published_time\" content=\"2023-11-03T18:23:27+00:00\" \/>\n<meta property=\"article:modified_time\" content=\"2023-11-03T19:31:51+00:00\" \/>\n<meta property=\"og:image\" content=\"https:\/\/www.ucat.edu.ve\/web\/wp-content\/uploads\/2023\/11\/Banner_Notis_NOTA_DUELO_Alfonso-Sanchez-Nieto2.jpg\" \/>\n\t<meta property=\"og:image:width\" content=\"953\" \/>\n\t<meta property=\"og:image:height\" content=\"529\" \/>\n\t<meta property=\"og:image:type\" content=\"image\/jpeg\" \/>\n<meta name=\"author\" content=\"Secretaria General\" \/>\n<meta name=\"twitter:card\" content=\"summary_large_image\" \/>\n<meta name=\"twitter:creator\" content=\"@notiucat\" \/>\n<meta name=\"twitter:site\" content=\"@notiucat\" \/>\n<meta name=\"twitter:label1\" content=\"Written by\" \/>\n\t<meta name=\"twitter:data1\" content=\"Secretaria General\" \/>\n\t<meta name=\"twitter:label2\" content=\"Est. reading time\" \/>\n\t<meta name=\"twitter:data2\" content=\"1 minuto\" \/>\n<script type=\"application\/ld+json\" class=\"yoast-schema-graph\">{\"@context\":\"https:\/\/schema.org\",\"@graph\":[{\"@type\":\"Organization\",\"@id\":\"https:\/\/www.ucat.edu.ve\/web\/#organization\",\"name\":\"Universidad Cat\u00f3lica Del T\u00e1chira UCAT\",\"url\":\"https:\/\/www.ucat.edu.ve\/web\/\",\"sameAs\":[\"https:\/\/www.instagram.com\/notiucat\/\",\"https:\/\/www.youtube.com\/channel\/UCwEbYSB1R9fzlII-8dcxuYA?view_as=subscriber\",\"https:\/\/www.facebook.com\/notiucat\/\",\"https:\/\/twitter.com\/notiucat\"],\"logo\":{\"@type\":\"ImageObject\",\"inLanguage\":\"es-ES\",\"@id\":\"https:\/\/www.ucat.edu.ve\/web\/#\/schema\/logo\/image\/\",\"url\":\"https:\/\/www.ucat.edu.ve\/web\/wp-content\/uploads\/2015\/07\/logoucat.gif\",\"contentUrl\":\"https:\/\/www.ucat.edu.ve\/web\/wp-content\/uploads\/2015\/07\/logoucat.gif\",\"width\":219,\"height\":155,\"caption\":\"Universidad Cat\u00f3lica Del T\u00e1chira UCAT\"},\"image\":{\"@id\":\"https:\/\/www.ucat.edu.ve\/web\/#\/schema\/logo\/image\/\"}},{\"@type\":\"WebSite\",\"@id\":\"https:\/\/www.ucat.edu.ve\/web\/#website\",\"url\":\"https:\/\/www.ucat.edu.ve\/web\/\",\"name\":\"Universidad Cat\u00f3lica del T\u00e1chira\",\"description\":\"\",\"publisher\":{\"@id\":\"https:\/\/www.ucat.edu.ve\/web\/#organization\"},\"potentialAction\":[{\"@type\":\"SearchAction\",\"target\":{\"@type\":\"EntryPoint\",\"urlTemplate\":\"https:\/\/www.ucat.edu.ve\/web\/?s={search_term_string}\"},\"query-input\":\"required name=search_term_string\"}],\"inLanguage\":\"es-ES\"},{\"@type\":\"ImageObject\",\"inLanguage\":\"es-ES\",\"@id\":\"https:\/\/www.ucat.edu.ve\/web\/nota-de-duelo-alfonso-sanchez-nieto\/#primaryimage\",\"url\":\"https:\/\/www.ucat.edu.ve\/web\/wp-content\/uploads\/2023\/11\/Banner_Notis_NOTA_DUELO_Alfonso-Sanchez-Nieto2.jpg\",\"contentUrl\":\"https:\/\/www.ucat.edu.ve\/web\/wp-content\/uploads\/2023\/11\/Banner_Notis_NOTA_DUELO_Alfonso-Sanchez-Nieto2.jpg\",\"width\":953,\"height\":529},{\"@type\":\"WebPage\",\"@id\":\"https:\/\/www.ucat.edu.ve\/web\/nota-de-duelo-alfonso-sanchez-nieto\/#webpage\",\"url\":\"https:\/\/www.ucat.edu.ve\/web\/nota-de-duelo-alfonso-sanchez-nieto\/\",\"name\":\"Nota de Duelo - Alfonso S\u00e1nchez Nieto - Universidad Cat\u00f3lica del T\u00e1chira\",\"isPartOf\":{\"@id\":\"https:\/\/www.ucat.edu.ve\/web\/#website\"},\"primaryImageOfPage\":{\"@id\":\"https:\/\/www.ucat.edu.ve\/web\/nota-de-duelo-alfonso-sanchez-nieto\/#primaryimage\"},\"datePublished\":\"2023-11-03T18:23:27+00:00\",\"dateModified\":\"2023-11-03T19:31:51+00:00\",\"breadcrumb\":{\"@id\":\"https:\/\/www.ucat.edu.ve\/web\/nota-de-duelo-alfonso-sanchez-nieto\/#breadcrumb\"},\"inLanguage\":\"es-ES\",\"potentialAction\":[{\"@type\":\"ReadAction\",\"target\":[\"https:\/\/www.ucat.edu.ve\/web\/nota-de-duelo-alfonso-sanchez-nieto\/\"]}]},{\"@type\":\"BreadcrumbList\",\"@id\":\"https:\/\/www.ucat.edu.ve\/web\/nota-de-duelo-alfonso-sanchez-nieto\/#breadcrumb\",\"itemListElement\":[{\"@type\":\"ListItem\",\"position\":1,\"name\":\"Home\",\"item\":\"https:\/\/www.ucat.edu.ve\/web\/\"},{\"@type\":\"ListItem\",\"position\":2,\"name\":\"Nota de Duelo &#8211; Alfonso S\u00e1nchez Nieto\"}]},{\"@type\":\"Article\",\"@id\":\"https:\/\/www.ucat.edu.ve\/web\/nota-de-duelo-alfonso-sanchez-nieto\/#article\",\"isPartOf\":{\"@id\":\"https:\/\/www.ucat.edu.ve\/web\/nota-de-duelo-alfonso-sanchez-nieto\/#webpage\"},\"author\":{\"name\":\"Secretaria General\",\"@id\":\"https:\/\/www.ucat.edu.ve\/web\/#\/schema\/person\/e90fe655adf97bd5c1dbc608855d16cf\"},\"headline\":\"Nota de Duelo &#8211; Alfonso S\u00e1nchez Nieto\",\"datePublished\":\"2023-11-03T18:23:27+00:00\",\"dateModified\":\"2023-11-03T19:31:51+00:00\",\"mainEntityOfPage\":{\"@id\":\"https:\/\/www.ucat.edu.ve\/web\/nota-de-duelo-alfonso-sanchez-nieto\/#webpage\"},\"wordCount\":160,\"publisher\":{\"@id\":\"https:\/\/www.ucat.edu.ve\/web\/#organization\"},\"image\":{\"@id\":\"https:\/\/www.ucat.edu.ve\/web\/nota-de-duelo-alfonso-sanchez-nieto\/#primaryimage\"},\"thumbnailUrl\":\"https:\/\/www.ucat.edu.ve\/web\/wp-content\/uploads\/2023\/11\/Banner_Notis_NOTA_DUELO_Alfonso-Sanchez-Nieto2.jpg\",\"articleSection\":[\"Noticias\"],\"inLanguage\":\"es-ES\"},{\"@type\":\"Person\",\"@id\":\"https:\/\/www.ucat.edu.ve\/web\/#\/schema\/person\/e90fe655adf97bd5c1dbc608855d16cf\",\"name\":\"Secretaria General\",\"url\":\"https:\/\/www.ucat.edu.ve\/web\/author\/secgeucat\/\"}]}<\/script>\n<!-- \/ Yoast SEO plugin. -->","yoast_head_json":{"title":"Nota de Duelo - Alfonso S\u00e1nchez Nieto - Universidad Cat\u00f3lica del T\u00e1chira","robots":{"index":"index","follow":"follow","max-snippet":"max-snippet:-1","max-image-preview":"max-image-preview:large","max-video-preview":"max-video-preview:-1"},"canonical":"https:\/\/www.ucat.edu.ve\/web\/nota-de-duelo-alfonso-sanchez-nieto\/","og_locale":"es_ES","og_type":"article","og_title":"Nota de Duelo - Alfonso S\u00e1nchez Nieto - Universidad Cat\u00f3lica del T\u00e1chira","og_description":"Las Autoridades, y dem\u00e1s miembros de la Comunidad de la Universidad Cat\u00f3lica del T\u00e1chira, lamentan profundamente el fallecimiento del profesor: Alfonso S\u00e1nchez Nieto Antiguo Vicerrector \u2013 Decano del N\u00facleo Universitario Pedro Rinc\u00f3n Guti\u00e9rrez-T\u00e1chira de la Universidad de los Andes Hecho luctuoso acaecido el d\u00eda de hoy, en esta ciudad de San Crist\u00f3bal. En estos momentos","og_url":"https:\/\/www.ucat.edu.ve\/web\/nota-de-duelo-alfonso-sanchez-nieto\/","og_site_name":"Universidad Cat\u00f3lica del T\u00e1chira","article_publisher":"https:\/\/www.facebook.com\/notiucat\/","article_published_time":"2023-11-03T18:23:27+00:00","article_modified_time":"2023-11-03T19:31:51+00:00","og_image":[{"width":953,"height":529,"url":"https:\/\/www.ucat.edu.ve\/web\/wp-content\/uploads\/2023\/11\/Banner_Notis_NOTA_DUELO_Alfonso-Sanchez-Nieto2.jpg","type":"image\/jpeg"}],"author":"Secretaria General","twitter_card":"summary_large_image","twitter_creator":"@notiucat","twitter_site":"@notiucat","twitter_misc":{"Written by":"Secretaria General","Est. reading time":"1 minuto"},"schema":{"@context":"https:\/\/schema.org","@graph":[{"@type":"Organization","@id":"https:\/\/www.ucat.edu.ve\/web\/#organization","name":"Universidad Cat\u00f3lica Del T\u00e1chira UCAT","url":"https:\/\/www.ucat.edu.ve\/web\/","sameAs":["https:\/\/www.instagram.com\/notiucat\/","https:\/\/www.youtube.com\/channel\/UCwEbYSB1R9fzlII-8dcxuYA?view_as=subscriber","https:\/\/www.facebook.com\/notiucat\/","https:\/\/twitter.com\/notiucat"],"logo":{"@type":"ImageObject","inLanguage":"es-ES","@id":"https:\/\/www.ucat.edu.ve\/web\/#\/schema\/logo\/image\/","url":"https:\/\/www.ucat.edu.ve\/web\/wp-content\/uploads\/2015\/07\/logoucat.gif","contentUrl":"https:\/\/www.ucat.edu.ve\/web\/wp-content\/uploads\/2015\/07\/logoucat.gif","width":219,"height":155,"caption":"Universidad Cat\u00f3lica Del T\u00e1chira UCAT"},"image":{"@id":"https:\/\/www.ucat.edu.ve\/web\/#\/schema\/logo\/image\/"}},{"@type":"WebSite","@id":"https:\/\/www.ucat.edu.ve\/web\/#website","url":"https:\/\/www.ucat.edu.ve\/web\/","name":"Universidad Cat\u00f3lica del T\u00e1chira","description":"","publisher":{"@id":"https:\/\/www.ucat.edu.ve\/web\/#organization"},"potentialAction":[{"@type":"SearchAction","target":{"@type":"EntryPoint","urlTemplate":"https:\/\/www.ucat.edu.ve\/web\/?s={search_term_string}"},"query-input":"required name=search_term_string"}],"inLanguage":"es-ES"},{"@type":"ImageObject","inLanguage":"es-ES","@id":"https:\/\/www.ucat.edu.ve\/web\/nota-de-duelo-alfonso-sanchez-nieto\/#primaryimage","url":"https:\/\/www.ucat.edu.ve\/web\/wp-content\/uploads\/2023\/11\/Banner_Notis_NOTA_DUELO_Alfonso-Sanchez-Nieto2.jpg","contentUrl":"https:\/\/www.ucat.edu.ve\/web\/wp-content\/uploads\/2023\/11\/Banner_Notis_NOTA_DUELO_Alfonso-Sanchez-Nieto2.jpg","width":953,"height":529},{"@type":"WebPage","@id":"https:\/\/www.ucat.edu.ve\/web\/nota-de-duelo-alfonso-sanchez-nieto\/#webpage","url":"https:\/\/www.ucat.edu.ve\/web\/nota-de-duelo-alfonso-sanchez-nieto\/","name":"Nota de Duelo - Alfonso S\u00e1nchez Nieto - Universidad Cat\u00f3lica del T\u00e1chira","isPartOf":{"@id":"https:\/\/www.ucat.edu.ve\/web\/#website"},"primaryImageOfPage":{"@id":"https:\/\/www.ucat.edu.ve\/web\/nota-de-duelo-alfonso-sanchez-nieto\/#primaryimage"},"datePublished":"2023-11-03T18:23:27+00:00","dateModified":"2023-11-03T19:31:51+00:00","breadcrumb":{"@id":"https:\/\/www.ucat.edu.ve\/web\/nota-de-duelo-alfonso-sanchez-nieto\/#breadcrumb"},"inLanguage":"es-ES","potentialAction":[{"@type":"ReadAction","target":["https:\/\/www.ucat.edu.ve\/web\/nota-de-duelo-alfonso-sanchez-nieto\/"]}]},{"@type":"BreadcrumbList","@id":"https:\/\/www.ucat.edu.ve\/web\/nota-de-duelo-alfonso-sanchez-nieto\/#breadcrumb","itemListElement":[{"@type":"ListItem","position":1,"name":"Home","item":"https:\/\/www.ucat.edu.ve\/web\/"},{"@type":"ListItem","position":2,"name":"Nota de Duelo &#8211; Alfonso S\u00e1nchez Nieto"}]},{"@type":"Article","@id":"https:\/\/www.ucat.edu.ve\/web\/nota-de-duelo-alfonso-sanchez-nieto\/#article","isPartOf":{"@id":"https:\/\/www.ucat.edu.ve\/web\/nota-de-duelo-alfonso-sanchez-nieto\/#webpage"},"author":{"name":"Secretaria General","@id":"https:\/\/www.ucat.edu.ve\/web\/#\/schema\/person\/e90fe655adf97bd5c1dbc608855d16cf"},"headline":"Nota de Duelo &#8211; Alfonso S\u00e1nchez Nieto","datePublished":"2023-11-03T18:23:27+00:00","dateModified":"2023-11-03T19:31:51+00:00","mainEntityOfPage":{"@id":"https:\/\/www.ucat.edu.ve\/web\/nota-de-duelo-alfonso-sanchez-nieto\/#webpage"},"wordCount":160,"publisher":{"@id":"https:\/\/www.ucat.edu.ve\/web\/#organization"},"image":{"@id":"https:\/\/www.ucat.edu.ve\/web\/nota-de-duelo-alfonso-sanchez-nieto\/#primaryimage"},"thumbnailUrl":"https:\/\/www.ucat.edu.ve\/web\/wp-content\/uploads\/2023\/11\/Banner_Notis_NOTA_DUELO_Alfonso-Sanchez-Nieto2.jpg","articleSection":["Noticias"],"inLanguage":"es-ES"},{"@type":"Person","@id":"https:\/\/www.ucat.edu.ve\/web\/#\/schema\/person\/e90fe655adf97bd5c1dbc608855d16cf","name":"Secretaria General","url":"https:\/\/www.ucat.edu.ve\/web\/author\/secgeucat\/"}]}},"_links":{"self":[{"href":"https:\/\/www.ucat.edu.ve\/web\/wp-json\/wp\/v2\/posts\/11888"}],"collection":[{"href":"https:\/\/www.ucat.edu.ve\/web\/wp-json\/wp\/v2\/posts"}],"about":[{"href":"https:\/\/www.ucat.edu.ve\/web\/wp-json\/wp\/v2\/types\/post"}],"author":[{"embeddable":true,"href":"https:\/\/www.ucat.edu.ve\/web\/wp-json\/wp\/v2\/users\/23"}],"replies":[{"embeddable":true,"href":"https:\/\/www.ucat.edu.ve\/web\/wp-json\/wp\/v2\/comments?post=11888"}],"version-history":[{"count":2,"href":"https:\/\/www.ucat.edu.ve\/web\/wp-json\/wp\/v2\/posts\/11888\/revisions"}],"predecessor-version":[{"id":11892,"href":"https:\/\/www.ucat.edu.ve\/web\/wp-json\/wp\/v2\/posts\/11888\/revisions\/11892"}],"wp:featuredmedia":[{"embeddable":true,"href":"https:\/\/www.ucat.edu.ve\/web\/wp-json\/wp\/v2\/media\/11891"}],"wp:attachment":[{"href":"https:\/\/www.ucat.edu.ve\/web\/wp-json\/wp\/v2\/media?parent=11888"}],"wp:term":[{"taxonomy":"category","embeddable":true,"href":"https:\/\/www.ucat.edu.ve\/web\/wp-json\/wp\/v2\/categories?post=11888"},{"taxonomy":"post_tag","embeddable":true,"href":"https:\/\/www.ucat.edu.ve\/web\/wp-json\/wp\/v2\/tags?post=11888"}],"curies":[{"name":"wp","href":"https:\/\/api.w.org\/{rel}","templated":true}]}}