 {"id":11893,"date":"2023-11-06T12:17:59","date_gmt":"2023-11-06T12:17:59","guid":{"rendered":"https:\/\/www.ucat.edu.ve\/web\/?p=11893"},"modified":"2023-11-06T12:17:59","modified_gmt":"2023-11-06T12:17:59","slug":"ucat-presente-en-el-seminario-internacional-liderar-la-educacion-superior-mas-alla-del-2030","status":"publish","type":"post","link":"https:\/\/www.ucat.edu.ve\/web\/ucat-presente-en-el-seminario-internacional-liderar-la-educacion-superior-mas-alla-del-2030\/","title":{"rendered":"UCAT presente en el &#8220;Seminario Internacional Liderar la Educaci\u00f3n Superior m\u00e1s all\u00e1 del 2030&#8221;"},"content":{"rendered":"<p style=\"text-align: center;\"><img loading=\"lazy\" class=\"alignnone size-medium wp-image-11894\" src=\"https:\/\/www.ucat.edu.ve\/web\/wp-content\/uploads\/2023\/11\/Noticia-UCAT_-UCAT-presente-en-el-Seminario-Internacional-Liderar-la-Educacion-Superior-mas-alla-del-2030-521x322.png\" alt=\"\" width=\"521\" height=\"322\" srcset=\"https:\/\/www.ucat.edu.ve\/web\/wp-content\/uploads\/2023\/11\/Noticia-UCAT_-UCAT-presente-en-el-Seminario-Internacional-Liderar-la-Educacion-Superior-mas-alla-del-2030-521x322.png 521w, https:\/\/www.ucat.edu.ve\/web\/wp-content\/uploads\/2023\/11\/Noticia-UCAT_-UCAT-presente-en-el-Seminario-Internacional-Liderar-la-Educacion-Superior-mas-alla-del-2030-340x210.png 340w, https:\/\/www.ucat.edu.ve\/web\/wp-content\/uploads\/2023\/11\/Noticia-UCAT_-UCAT-presente-en-el-Seminario-Internacional-Liderar-la-Educacion-Superior-mas-alla-del-2030.png 1086w\" sizes=\"(max-width: 521px) 100vw, 521px\" \/><\/p>\n<p style=\"font-weight: 400; text-align: justify;\">Desde el 1 hasta el 3 de noviembre se realiz\u00f3 en la ciudad de Bogot\u00e1, Colombia el Seminario Internacional \u201cLiderar la Educaci\u00f3n Superior m\u00e1s all\u00e1 del 2030\u201d, conceptos praxis y toma de decisiones, organizado en alianza con la Red Telescopi, la Universidad de los Andes y la Universidad Polit\u00e9cnica de Catalunya. \u00a0\u00a0en el que participaron autoridades de la Universidad Cat\u00f3lica del T\u00e1chira, el Vicerrector Acad\u00e9mico, el presb\u00edtero Ricardo Casanova y la Vicerrectora Administrativa, Doctora F\u00e9lida Roa.<\/p>\n<p style=\"font-weight: 400; text-align: justify;\">El objetivo de este Seminario tuvo como especial atenci\u00f3n \u201cGenerar un espacio de reflexi\u00f3n y formaci\u00f3n de directivos de instituciones de Educaci\u00f3n Superior (IES), que les permita fortalecer y cualificar su liderazgo y gesti\u00f3n, al nivel institucional o de las unidades acad\u00e9micas y de administraci\u00f3n, ante los retos y cambios que se presentan en educaci\u00f3n terciaria y superior en Iberoam\u00e9rica\u201d.<\/p>\n<p style=\"font-weight: 400; text-align: justify;\">El evento cont\u00f3 con 80 participantes de 10 pa\u00edses y estuvo dirigido a miembros de los m\u00e1ximos \u00f3rganos colegiados de gobierno, rectores, vicerrectores, decanos y directivos de las diferentes \u00e1reas acad\u00e9micas y administrativas de las IES<\/p>\n<p style=\"font-weight: 400; text-align: justify;\">Entre los contenidos acad\u00e9micos que se ofrecieron La experiencia del liderazgo universitario. Enfoque en la alta direcci\u00f3n universitaria, Las IES como plataformas educativas conectadas a ecosistemas, Aprendizaje a lo largo de la vida, Rutas flexibles de aprendizaje y formaci\u00f3n, Instituciones de Educaci\u00f3n Superior &#8211; Sociedad: relacionamiento multiplicador, Los retos de la sostenibilidad econ\u00f3mica: nuevas fuentes de financiaci\u00f3n y las estrategias de costos, y los contextos altamente digitalizados para el desarrollo de los proyectos educativos: lo humano, lo \u00e9tico y lo cultural.<\/p>\n<p style=\"font-weight: 400; text-align: justify;\">La UCAT, pionera de la educaci\u00f3n universitaria en el Estado T\u00e1chira, se mantiene comprometida con la innovaci\u00f3n de sus procesos de gesti\u00f3n acad\u00e9mica y administrativa, para seguir siendo referente de excelencia.<\/p>\n<p style=\"font-weight: 400;\">(<strong>PrensaUCAT<\/strong>)<\/p>\n","protected":false},"excerpt":{"rendered":"<p>Desde el 1 hasta el 3 de noviembre se realiz\u00f3 en la ciudad de Bogot\u00e1, Colombia el Seminario Internacional \u201cLiderar la Educaci\u00f3n Superior m\u00e1s all\u00e1 del 2030\u201d, conceptos praxis y toma de decisiones, organizado en alianza con la Red Telescopi, la Universidad de los Andes y la Universidad Polit\u00e9cnica de Catalunya. \u00a0\u00a0en el que participaron<\/p>\n","protected":false},"author":23,"featured_media":11894,"comment_status":"closed","ping_status":"closed","sticky":false,"template":"","format":"standard","meta":[],"categories":[3],"tags":[],"yoast_head":"<!-- This site is optimized with the Yoast SEO plugin v19.2 - https:\/\/yoast.com\/wordpress\/plugins\/seo\/ -->\n<title>UCAT presente en el &quot;Seminario Internacional Liderar la Educaci\u00f3n Superior m\u00e1s all\u00e1 del 2030&quot; - Universidad Cat\u00f3lica del T\u00e1chira<\/title>\n<meta name=\"robots\" content=\"index, follow, max-snippet:-1, max-image-preview:large, max-video-preview:-1\" \/>\n<link rel=\"canonical\" href=\"https:\/\/www.ucat.edu.ve\/web\/ucat-presente-en-el-seminario-internacional-liderar-la-educacion-superior-mas-alla-del-2030\/\" \/>\n<meta property=\"og:locale\" content=\"es_ES\" \/>\n<meta property=\"og:type\" content=\"article\" \/>\n<meta property=\"og:title\" content=\"UCAT presente en el &quot;Seminario Internacional Liderar la Educaci\u00f3n Superior m\u00e1s all\u00e1 del 2030&quot; - Universidad Cat\u00f3lica del T\u00e1chira\" \/>\n<meta property=\"og:description\" content=\"Desde el 1 hasta el 3 de noviembre se realiz\u00f3 en la ciudad de Bogot\u00e1, Colombia el Seminario Internacional \u201cLiderar la Educaci\u00f3n Superior m\u00e1s all\u00e1 del 2030\u201d, conceptos praxis y toma de decisiones, organizado en alianza con la Red Telescopi, la Universidad de los Andes y la Universidad Polit\u00e9cnica de Catalunya. \u00a0\u00a0en el que participaron\" \/>\n<meta property=\"og:url\" content=\"https:\/\/www.ucat.edu.ve\/web\/ucat-presente-en-el-seminario-internacional-liderar-la-educacion-superior-mas-alla-del-2030\/\" \/>\n<meta property=\"og:site_name\" content=\"Universidad Cat\u00f3lica del T\u00e1chira\" \/>\n<meta property=\"article:publisher\" content=\"https:\/\/www.facebook.com\/notiucat\/\" \/>\n<meta property=\"article:published_time\" content=\"2023-11-06T12:17:59+00:00\" \/>\n<meta property=\"og:image\" content=\"https:\/\/www.ucat.edu.ve\/web\/wp-content\/uploads\/2023\/11\/Noticia-UCAT_-UCAT-presente-en-el-Seminario-Internacional-Liderar-la-Educacion-Superior-mas-alla-del-2030.png\" \/>\n\t<meta property=\"og:image:width\" content=\"1086\" \/>\n\t<meta property=\"og:image:height\" content=\"671\" \/>\n\t<meta property=\"og:image:type\" content=\"image\/png\" \/>\n<meta name=\"author\" content=\"Secretaria General\" \/>\n<meta name=\"twitter:card\" content=\"summary_large_image\" \/>\n<meta name=\"twitter:creator\" content=\"@notiucat\" \/>\n<meta name=\"twitter:site\" content=\"@notiucat\" \/>\n<meta name=\"twitter:label1\" content=\"Written by\" \/>\n\t<meta name=\"twitter:data1\" content=\"Secretaria General\" \/>\n\t<meta name=\"twitter:label2\" content=\"Est. reading time\" \/>\n\t<meta name=\"twitter:data2\" content=\"2 minutos\" \/>\n<script type=\"application\/ld+json\" class=\"yoast-schema-graph\">{\"@context\":\"https:\/\/schema.org\",\"@graph\":[{\"@type\":\"Organization\",\"@id\":\"https:\/\/www.ucat.edu.ve\/web\/#organization\",\"name\":\"Universidad Cat\u00f3lica Del T\u00e1chira UCAT\",\"url\":\"https:\/\/www.ucat.edu.ve\/web\/\",\"sameAs\":[\"https:\/\/www.instagram.com\/notiucat\/\",\"https:\/\/www.youtube.com\/channel\/UCwEbYSB1R9fzlII-8dcxuYA?view_as=subscriber\",\"https:\/\/www.facebook.com\/notiucat\/\",\"https:\/\/twitter.com\/notiucat\"],\"logo\":{\"@type\":\"ImageObject\",\"inLanguage\":\"es-ES\",\"@id\":\"https:\/\/www.ucat.edu.ve\/web\/#\/schema\/logo\/image\/\",\"url\":\"https:\/\/www.ucat.edu.ve\/web\/wp-content\/uploads\/2015\/07\/logoucat.gif\",\"contentUrl\":\"https:\/\/www.ucat.edu.ve\/web\/wp-content\/uploads\/2015\/07\/logoucat.gif\",\"width\":219,\"height\":155,\"caption\":\"Universidad Cat\u00f3lica Del T\u00e1chira UCAT\"},\"image\":{\"@id\":\"https:\/\/www.ucat.edu.ve\/web\/#\/schema\/logo\/image\/\"}},{\"@type\":\"WebSite\",\"@id\":\"https:\/\/www.ucat.edu.ve\/web\/#website\",\"url\":\"https:\/\/www.ucat.edu.ve\/web\/\",\"name\":\"Universidad Cat\u00f3lica del T\u00e1chira\",\"description\":\"\",\"publisher\":{\"@id\":\"https:\/\/www.ucat.edu.ve\/web\/#organization\"},\"potentialAction\":[{\"@type\":\"SearchAction\",\"target\":{\"@type\":\"EntryPoint\",\"urlTemplate\":\"https:\/\/www.ucat.edu.ve\/web\/?s={search_term_string}\"},\"query-input\":\"required name=search_term_string\"}],\"inLanguage\":\"es-ES\"},{\"@type\":\"ImageObject\",\"inLanguage\":\"es-ES\",\"@id\":\"https:\/\/www.ucat.edu.ve\/web\/ucat-presente-en-el-seminario-internacional-liderar-la-educacion-superior-mas-alla-del-2030\/#primaryimage\",\"url\":\"https:\/\/www.ucat.edu.ve\/web\/wp-content\/uploads\/2023\/11\/Noticia-UCAT_-UCAT-presente-en-el-Seminario-Internacional-Liderar-la-Educacion-Superior-mas-alla-del-2030.png\",\"contentUrl\":\"https:\/\/www.ucat.edu.ve\/web\/wp-content\/uploads\/2023\/11\/Noticia-UCAT_-UCAT-presente-en-el-Seminario-Internacional-Liderar-la-Educacion-Superior-mas-alla-del-2030.png\",\"width\":1086,\"height\":671},{\"@type\":\"WebPage\",\"@id\":\"https:\/\/www.ucat.edu.ve\/web\/ucat-presente-en-el-seminario-internacional-liderar-la-educacion-superior-mas-alla-del-2030\/#webpage\",\"url\":\"https:\/\/www.ucat.edu.ve\/web\/ucat-presente-en-el-seminario-internacional-liderar-la-educacion-superior-mas-alla-del-2030\/\",\"name\":\"UCAT presente en el \\\"Seminario Internacional Liderar la Educaci\u00f3n Superior m\u00e1s all\u00e1 del 2030\\\" - Universidad Cat\u00f3lica del T\u00e1chira\",\"isPartOf\":{\"@id\":\"https:\/\/www.ucat.edu.ve\/web\/#website\"},\"primaryImageOfPage\":{\"@id\":\"https:\/\/www.ucat.edu.ve\/web\/ucat-presente-en-el-seminario-internacional-liderar-la-educacion-superior-mas-alla-del-2030\/#primaryimage\"},\"datePublished\":\"2023-11-06T12:17:59+00:00\",\"dateModified\":\"2023-11-06T12:17:59+00:00\",\"breadcrumb\":{\"@id\":\"https:\/\/www.ucat.edu.ve\/web\/ucat-presente-en-el-seminario-internacional-liderar-la-educacion-superior-mas-alla-del-2030\/#breadcrumb\"},\"inLanguage\":\"es-ES\",\"potentialAction\":[{\"@type\":\"ReadAction\",\"target\":[\"https:\/\/www.ucat.edu.ve\/web\/ucat-presente-en-el-seminario-internacional-liderar-la-educacion-superior-mas-alla-del-2030\/\"]}]},{\"@type\":\"BreadcrumbList\",\"@id\":\"https:\/\/www.ucat.edu.ve\/web\/ucat-presente-en-el-seminario-internacional-liderar-la-educacion-superior-mas-alla-del-2030\/#breadcrumb\",\"itemListElement\":[{\"@type\":\"ListItem\",\"position\":1,\"name\":\"Home\",\"item\":\"https:\/\/www.ucat.edu.ve\/web\/\"},{\"@type\":\"ListItem\",\"position\":2,\"name\":\"UCAT presente en el &#8220;Seminario Internacional Liderar la Educaci\u00f3n Superior m\u00e1s all\u00e1 del 2030&#8221;\"}]},{\"@type\":\"Article\",\"@id\":\"https:\/\/www.ucat.edu.ve\/web\/ucat-presente-en-el-seminario-internacional-liderar-la-educacion-superior-mas-alla-del-2030\/#article\",\"isPartOf\":{\"@id\":\"https:\/\/www.ucat.edu.ve\/web\/ucat-presente-en-el-seminario-internacional-liderar-la-educacion-superior-mas-alla-del-2030\/#webpage\"},\"author\":{\"name\":\"Secretaria General\",\"@id\":\"https:\/\/www.ucat.edu.ve\/web\/#\/schema\/person\/e90fe655adf97bd5c1dbc608855d16cf\"},\"headline\":\"UCAT presente en el &#8220;Seminario Internacional Liderar la Educaci\u00f3n Superior m\u00e1s all\u00e1 del 2030&#8221;\",\"datePublished\":\"2023-11-06T12:17:59+00:00\",\"dateModified\":\"2023-11-06T12:17:59+00:00\",\"mainEntityOfPage\":{\"@id\":\"https:\/\/www.ucat.edu.ve\/web\/ucat-presente-en-el-seminario-internacional-liderar-la-educacion-superior-mas-alla-del-2030\/#webpage\"},\"wordCount\":326,\"publisher\":{\"@id\":\"https:\/\/www.ucat.edu.ve\/web\/#organization\"},\"image\":{\"@id\":\"https:\/\/www.ucat.edu.ve\/web\/ucat-presente-en-el-seminario-internacional-liderar-la-educacion-superior-mas-alla-del-2030\/#primaryimage\"},\"thumbnailUrl\":\"https:\/\/www.ucat.edu.ve\/web\/wp-content\/uploads\/2023\/11\/Noticia-UCAT_-UCAT-presente-en-el-Seminario-Internacional-Liderar-la-Educacion-Superior-mas-alla-del-2030.png\",\"articleSection\":[\"Noticias\"],\"inLanguage\":\"es-ES\"},{\"@type\":\"Person\",\"@id\":\"https:\/\/www.ucat.edu.ve\/web\/#\/schema\/person\/e90fe655adf97bd5c1dbc608855d16cf\",\"name\":\"Secretaria General\",\"url\":\"https:\/\/www.ucat.edu.ve\/web\/author\/secgeucat\/\"}]}<\/script>\n<!-- \/ Yoast SEO plugin. -->","yoast_head_json":{"title":"UCAT presente en el \"Seminario Internacional Liderar la Educaci\u00f3n Superior m\u00e1s all\u00e1 del 2030\" - Universidad Cat\u00f3lica del T\u00e1chira","robots":{"index":"index","follow":"follow","max-snippet":"max-snippet:-1","max-image-preview":"max-image-preview:large","max-video-preview":"max-video-preview:-1"},"canonical":"https:\/\/www.ucat.edu.ve\/web\/ucat-presente-en-el-seminario-internacional-liderar-la-educacion-superior-mas-alla-del-2030\/","og_locale":"es_ES","og_type":"article","og_title":"UCAT presente en el \"Seminario Internacional Liderar la Educaci\u00f3n Superior m\u00e1s all\u00e1 del 2030\" - Universidad Cat\u00f3lica del T\u00e1chira","og_description":"Desde el 1 hasta el 3 de noviembre se realiz\u00f3 en la ciudad de Bogot\u00e1, Colombia el Seminario Internacional \u201cLiderar la Educaci\u00f3n Superior m\u00e1s all\u00e1 del 2030\u201d, conceptos praxis y toma de decisiones, organizado en alianza con la Red Telescopi, la Universidad de los Andes y la Universidad Polit\u00e9cnica de Catalunya. \u00a0\u00a0en el que participaron","og_url":"https:\/\/www.ucat.edu.ve\/web\/ucat-presente-en-el-seminario-internacional-liderar-la-educacion-superior-mas-alla-del-2030\/","og_site_name":"Universidad Cat\u00f3lica del T\u00e1chira","article_publisher":"https:\/\/www.facebook.com\/notiucat\/","article_published_time":"2023-11-06T12:17:59+00:00","og_image":[{"width":1086,"height":671,"url":"https:\/\/www.ucat.edu.ve\/web\/wp-content\/uploads\/2023\/11\/Noticia-UCAT_-UCAT-presente-en-el-Seminario-Internacional-Liderar-la-Educacion-Superior-mas-alla-del-2030.png","type":"image\/png"}],"author":"Secretaria General","twitter_card":"summary_large_image","twitter_creator":"@notiucat","twitter_site":"@notiucat","twitter_misc":{"Written by":"Secretaria General","Est. reading time":"2 minutos"},"schema":{"@context":"https:\/\/schema.org","@graph":[{"@type":"Organization","@id":"https:\/\/www.ucat.edu.ve\/web\/#organization","name":"Universidad Cat\u00f3lica Del T\u00e1chira UCAT","url":"https:\/\/www.ucat.edu.ve\/web\/","sameAs":["https:\/\/www.instagram.com\/notiucat\/","https:\/\/www.youtube.com\/channel\/UCwEbYSB1R9fzlII-8dcxuYA?view_as=subscriber","https:\/\/www.facebook.com\/notiucat\/","https:\/\/twitter.com\/notiucat"],"logo":{"@type":"ImageObject","inLanguage":"es-ES","@id":"https:\/\/www.ucat.edu.ve\/web\/#\/schema\/logo\/image\/","url":"https:\/\/www.ucat.edu.ve\/web\/wp-content\/uploads\/2015\/07\/logoucat.gif","contentUrl":"https:\/\/www.ucat.edu.ve\/web\/wp-content\/uploads\/2015\/07\/logoucat.gif","width":219,"height":155,"caption":"Universidad Cat\u00f3lica Del T\u00e1chira UCAT"},"image":{"@id":"https:\/\/www.ucat.edu.ve\/web\/#\/schema\/logo\/image\/"}},{"@type":"WebSite","@id":"https:\/\/www.ucat.edu.ve\/web\/#website","url":"https:\/\/www.ucat.edu.ve\/web\/","name":"Universidad Cat\u00f3lica del T\u00e1chira","description":"","publisher":{"@id":"https:\/\/www.ucat.edu.ve\/web\/#organization"},"potentialAction":[{"@type":"SearchAction","target":{"@type":"EntryPoint","urlTemplate":"https:\/\/www.ucat.edu.ve\/web\/?s={search_term_string}"},"query-input":"required name=search_term_string"}],"inLanguage":"es-ES"},{"@type":"ImageObject","inLanguage":"es-ES","@id":"https:\/\/www.ucat.edu.ve\/web\/ucat-presente-en-el-seminario-internacional-liderar-la-educacion-superior-mas-alla-del-2030\/#primaryimage","url":"https:\/\/www.ucat.edu.ve\/web\/wp-content\/uploads\/2023\/11\/Noticia-UCAT_-UCAT-presente-en-el-Seminario-Internacional-Liderar-la-Educacion-Superior-mas-alla-del-2030.png","contentUrl":"https:\/\/www.ucat.edu.ve\/web\/wp-content\/uploads\/2023\/11\/Noticia-UCAT_-UCAT-presente-en-el-Seminario-Internacional-Liderar-la-Educacion-Superior-mas-alla-del-2030.png","width":1086,"height":671},{"@type":"WebPage","@id":"https:\/\/www.ucat.edu.ve\/web\/ucat-presente-en-el-seminario-internacional-liderar-la-educacion-superior-mas-alla-del-2030\/#webpage","url":"https:\/\/www.ucat.edu.ve\/web\/ucat-presente-en-el-seminario-internacional-liderar-la-educacion-superior-mas-alla-del-2030\/","name":"UCAT presente en el \"Seminario Internacional Liderar la Educaci\u00f3n Superior m\u00e1s all\u00e1 del 2030\" - Universidad Cat\u00f3lica del T\u00e1chira","isPartOf":{"@id":"https:\/\/www.ucat.edu.ve\/web\/#website"},"primaryImageOfPage":{"@id":"https:\/\/www.ucat.edu.ve\/web\/ucat-presente-en-el-seminario-internacional-liderar-la-educacion-superior-mas-alla-del-2030\/#primaryimage"},"datePublished":"2023-11-06T12:17:59+00:00","dateModified":"2023-11-06T12:17:59+00:00","breadcrumb":{"@id":"https:\/\/www.ucat.edu.ve\/web\/ucat-presente-en-el-seminario-internacional-liderar-la-educacion-superior-mas-alla-del-2030\/#breadcrumb"},"inLanguage":"es-ES","potentialAction":[{"@type":"ReadAction","target":["https:\/\/www.ucat.edu.ve\/web\/ucat-presente-en-el-seminario-internacional-liderar-la-educacion-superior-mas-alla-del-2030\/"]}]},{"@type":"BreadcrumbList","@id":"https:\/\/www.ucat.edu.ve\/web\/ucat-presente-en-el-seminario-internacional-liderar-la-educacion-superior-mas-alla-del-2030\/#breadcrumb","itemListElement":[{"@type":"ListItem","position":1,"name":"Home","item":"https:\/\/www.ucat.edu.ve\/web\/"},{"@type":"ListItem","position":2,"name":"UCAT presente en el &#8220;Seminario Internacional Liderar la Educaci\u00f3n Superior m\u00e1s all\u00e1 del 2030&#8221;"}]},{"@type":"Article","@id":"https:\/\/www.ucat.edu.ve\/web\/ucat-presente-en-el-seminario-internacional-liderar-la-educacion-superior-mas-alla-del-2030\/#article","isPartOf":{"@id":"https:\/\/www.ucat.edu.ve\/web\/ucat-presente-en-el-seminario-internacional-liderar-la-educacion-superior-mas-alla-del-2030\/#webpage"},"author":{"name":"Secretaria General","@id":"https:\/\/www.ucat.edu.ve\/web\/#\/schema\/person\/e90fe655adf97bd5c1dbc608855d16cf"},"headline":"UCAT presente en el &#8220;Seminario Internacional Liderar la Educaci\u00f3n Superior m\u00e1s all\u00e1 del 2030&#8221;","datePublished":"2023-11-06T12:17:59+00:00","dateModified":"2023-11-06T12:17:59+00:00","mainEntityOfPage":{"@id":"https:\/\/www.ucat.edu.ve\/web\/ucat-presente-en-el-seminario-internacional-liderar-la-educacion-superior-mas-alla-del-2030\/#webpage"},"wordCount":326,"publisher":{"@id":"https:\/\/www.ucat.edu.ve\/web\/#organization"},"image":{"@id":"https:\/\/www.ucat.edu.ve\/web\/ucat-presente-en-el-seminario-internacional-liderar-la-educacion-superior-mas-alla-del-2030\/#primaryimage"},"thumbnailUrl":"https:\/\/www.ucat.edu.ve\/web\/wp-content\/uploads\/2023\/11\/Noticia-UCAT_-UCAT-presente-en-el-Seminario-Internacional-Liderar-la-Educacion-Superior-mas-alla-del-2030.png","articleSection":["Noticias"],"inLanguage":"es-ES"},{"@type":"Person","@id":"https:\/\/www.ucat.edu.ve\/web\/#\/schema\/person\/e90fe655adf97bd5c1dbc608855d16cf","name":"Secretaria General","url":"https:\/\/www.ucat.edu.ve\/web\/author\/secgeucat\/"}]}},"_links":{"self":[{"href":"https:\/\/www.ucat.edu.ve\/web\/wp-json\/wp\/v2\/posts\/11893"}],"collection":[{"href":"https:\/\/www.ucat.edu.ve\/web\/wp-json\/wp\/v2\/posts"}],"about":[{"href":"https:\/\/www.ucat.edu.ve\/web\/wp-json\/wp\/v2\/types\/post"}],"author":[{"embeddable":true,"href":"https:\/\/www.ucat.edu.ve\/web\/wp-json\/wp\/v2\/users\/23"}],"replies":[{"embeddable":true,"href":"https:\/\/www.ucat.edu.ve\/web\/wp-json\/wp\/v2\/comments?post=11893"}],"version-history":[{"count":1,"href":"https:\/\/www.ucat.edu.ve\/web\/wp-json\/wp\/v2\/posts\/11893\/revisions"}],"predecessor-version":[{"id":11895,"href":"https:\/\/www.ucat.edu.ve\/web\/wp-json\/wp\/v2\/posts\/11893\/revisions\/11895"}],"wp:featuredmedia":[{"embeddable":true,"href":"https:\/\/www.ucat.edu.ve\/web\/wp-json\/wp\/v2\/media\/11894"}],"wp:attachment":[{"href":"https:\/\/www.ucat.edu.ve\/web\/wp-json\/wp\/v2\/media?parent=11893"}],"wp:term":[{"taxonomy":"category","embeddable":true,"href":"https:\/\/www.ucat.edu.ve\/web\/wp-json\/wp\/v2\/categories?post=11893"},{"taxonomy":"post_tag","embeddable":true,"href":"https:\/\/www.ucat.edu.ve\/web\/wp-json\/wp\/v2\/tags?post=11893"}],"curies":[{"name":"wp","href":"https:\/\/api.w.org\/{rel}","templated":true}]}}