 {"id":11915,"date":"2023-11-10T18:20:17","date_gmt":"2023-11-10T18:20:17","guid":{"rendered":"https:\/\/www.ucat.edu.ve\/web\/?p=11915"},"modified":"2023-11-10T18:20:17","modified_gmt":"2023-11-10T18:20:17","slug":"servidores-comunitarios-de-la-ucat-promoveran-protocolo-de-prevencion-en-la-diocesis-de-san-cristobal","status":"publish","type":"post","link":"https:\/\/www.ucat.edu.ve\/web\/servidores-comunitarios-de-la-ucat-promoveran-protocolo-de-prevencion-en-la-diocesis-de-san-cristobal\/","title":{"rendered":"Servidores comunitarios de la UCAT promover\u00e1n protocolo de prevenci\u00f3n en la Di\u00f3cesis de San Crist\u00f3bal"},"content":{"rendered":"<p style=\"text-align: center;\"><img loading=\"lazy\" class=\"alignnone size-medium wp-image-11916\" src=\"https:\/\/www.ucat.edu.ve\/web\/wp-content\/uploads\/2023\/11\/Noticia-UCAT_Servidores-comunitarios-de-la-UCAT-promoveran-protocolo-de-prevencion-en-la-Diocesis-de-San-Cristobal-521x322.png\" alt=\"\" width=\"521\" height=\"322\" srcset=\"https:\/\/www.ucat.edu.ve\/web\/wp-content\/uploads\/2023\/11\/Noticia-UCAT_Servidores-comunitarios-de-la-UCAT-promoveran-protocolo-de-prevencion-en-la-Diocesis-de-San-Cristobal-521x322.png 521w, https:\/\/www.ucat.edu.ve\/web\/wp-content\/uploads\/2023\/11\/Noticia-UCAT_Servidores-comunitarios-de-la-UCAT-promoveran-protocolo-de-prevencion-en-la-Diocesis-de-San-Cristobal-340x210.png 340w, https:\/\/www.ucat.edu.ve\/web\/wp-content\/uploads\/2023\/11\/Noticia-UCAT_Servidores-comunitarios-de-la-UCAT-promoveran-protocolo-de-prevencion-en-la-Diocesis-de-San-Cristobal.png 1086w\" sizes=\"(max-width: 521px) 100vw, 521px\" \/><\/p>\n<p style=\"font-weight: 400; text-align: justify;\">En la sede Loma del Tejar de la Universidad Cat\u00f3lica del T\u00e1chira, se llev\u00f3 a cabo el primer encuentro con los servidores comunitarios que promover\u00e1n el estudio y conocimiento de los Protocolos de Prevenci\u00f3n y Actuaci\u00f3n contra los Abusos Sexuales, as\u00ed como la creaci\u00f3n de espacios y ambientes seguros en la Iglesia Cat\u00f3lica.<\/p>\n<p style=\"font-weight: 400; text-align: justify;\">En el encuentro formativo estuvieron presentes los servidores comunitarios que cursan el cuarto y quinto a\u00f1o de la carrera de Derecho, adem\u00e1s del profesor Erven Amaya, S.I. Coordinador de Pastoral, el sacerdote Jean Poveda y el profesor Gerardo D\u00edaz, los dos \u00faltimos, miembros del equipo interdisciplinario en las jornadas de capacitaci\u00f3n.<\/p>\n<p style=\"font-weight: 400; text-align: justify;\">Seg\u00fan expres\u00f3 el Profesor Amaya, los servidores comunitarios estar\u00e1n difundiendo los protocolos emanados por la Di\u00f3cesis de San Crist\u00f3bal en las catequesis de las parroquias y en los nueve colegios pertenecientes a la Asociaci\u00f3n Venezolana de Educaci\u00f3n Cat\u00f3lica, con una duraci\u00f3n de 120 horas y el objetivo de \u201cfomentar una cultura de prevenci\u00f3n de abusos contra ni\u00f1os, ni\u00f1as, adolescentes y personas vulnerables en la regi\u00f3n tachirense\u201d.<\/p>\n<p style=\"font-weight: 400; text-align: justify;\">El Presb\u00edtero Jean Carlos Medina Poveda, Coordinador de la Facultad de Ciencias de la Religi\u00f3n en la UCAT, explic\u00f3 a los j\u00f3venes estudiantes los protocolos de prevenci\u00f3n y las herramientas para difundirlos en las diversas instancias, como parte de las jornadas de capacitaci\u00f3n promovidas por la Universidad Cat\u00f3lica.<\/p>\n<p style=\"font-weight: 400; text-align: justify;\">Durante su intervenci\u00f3n, el profesor Gerardo D\u00edaz explic\u00f3 algunos casos reales para concienciar a los servidores sobre la gravedad de los abusos sexuales, se\u00f1alando que, en la mayor\u00eda de los casos, ocurren dentro de las familias y en pocas ocasiones dentro de la Iglesia, pero suele ser m\u00e1s impactante y no menos grave, cuando involucra a un miembro de la instituci\u00f3n eclesi\u00e1stica.<\/p>\n<p style=\"font-weight: 400; text-align: justify;\">La Universidad Cat\u00f3lica del T\u00e1chira, se enorgullece por el compromiso y la dedicaci\u00f3n de sus estudiantes y miembros de la comunidad eclesi\u00e1stica en la promoci\u00f3n de entornos seguros y libres de violencia. Esta colaboraci\u00f3n interdisciplinaria demuestra el valor de la educaci\u00f3n y la fe en la construcci\u00f3n de una sociedad m\u00e1s justa y protectora para todos, a la vez que demuestra el esfuerzo constante en\u00a0las tareas de prevenci\u00f3n de abusos y la protecci\u00f3n de los m\u00e1s vulnerables.<\/p>\n<p style=\"font-weight: 400;\">(<strong>PrensaUCAT<\/strong>)<\/p>\n","protected":false},"excerpt":{"rendered":"<p>En la sede Loma del Tejar de la Universidad Cat\u00f3lica del T\u00e1chira, se llev\u00f3 a cabo el primer encuentro con los servidores comunitarios que promover\u00e1n el estudio y conocimiento de los Protocolos de Prevenci\u00f3n y Actuaci\u00f3n contra los Abusos Sexuales, as\u00ed como la creaci\u00f3n de espacios y ambientes seguros en la Iglesia Cat\u00f3lica. En el<\/p>\n","protected":false},"author":23,"featured_media":11916,"comment_status":"closed","ping_status":"closed","sticky":false,"template":"","format":"standard","meta":[],"categories":[3],"tags":[],"yoast_head":"<!-- This site is optimized with the Yoast SEO plugin v19.2 - https:\/\/yoast.com\/wordpress\/plugins\/seo\/ -->\n<title>Servidores comunitarios de la UCAT promover\u00e1n protocolo de prevenci\u00f3n en la Di\u00f3cesis de San Crist\u00f3bal - Universidad Cat\u00f3lica del T\u00e1chira<\/title>\n<meta name=\"robots\" content=\"index, follow, max-snippet:-1, max-image-preview:large, max-video-preview:-1\" \/>\n<link rel=\"canonical\" href=\"https:\/\/www.ucat.edu.ve\/web\/servidores-comunitarios-de-la-ucat-promoveran-protocolo-de-prevencion-en-la-diocesis-de-san-cristobal\/\" \/>\n<meta property=\"og:locale\" content=\"es_ES\" \/>\n<meta property=\"og:type\" content=\"article\" \/>\n<meta property=\"og:title\" content=\"Servidores comunitarios de la UCAT promover\u00e1n protocolo de prevenci\u00f3n en la Di\u00f3cesis de San Crist\u00f3bal - Universidad Cat\u00f3lica del T\u00e1chira\" \/>\n<meta property=\"og:description\" content=\"En la sede Loma del Tejar de la Universidad Cat\u00f3lica del T\u00e1chira, se llev\u00f3 a cabo el primer encuentro con los servidores comunitarios que promover\u00e1n el estudio y conocimiento de los Protocolos de Prevenci\u00f3n y Actuaci\u00f3n contra los Abusos Sexuales, as\u00ed como la creaci\u00f3n de espacios y ambientes seguros en la Iglesia Cat\u00f3lica. En el\" \/>\n<meta property=\"og:url\" content=\"https:\/\/www.ucat.edu.ve\/web\/servidores-comunitarios-de-la-ucat-promoveran-protocolo-de-prevencion-en-la-diocesis-de-san-cristobal\/\" \/>\n<meta property=\"og:site_name\" content=\"Universidad Cat\u00f3lica del T\u00e1chira\" \/>\n<meta property=\"article:publisher\" content=\"https:\/\/www.facebook.com\/notiucat\/\" \/>\n<meta property=\"article:published_time\" content=\"2023-11-10T18:20:17+00:00\" \/>\n<meta property=\"og:image\" content=\"https:\/\/www.ucat.edu.ve\/web\/wp-content\/uploads\/2023\/11\/Noticia-UCAT_Servidores-comunitarios-de-la-UCAT-promoveran-protocolo-de-prevencion-en-la-Diocesis-de-San-Cristobal.png\" \/>\n\t<meta property=\"og:image:width\" content=\"1086\" \/>\n\t<meta property=\"og:image:height\" content=\"671\" \/>\n\t<meta property=\"og:image:type\" content=\"image\/png\" \/>\n<meta name=\"author\" content=\"Secretaria General\" \/>\n<meta name=\"twitter:card\" content=\"summary_large_image\" \/>\n<meta name=\"twitter:creator\" content=\"@notiucat\" \/>\n<meta name=\"twitter:site\" content=\"@notiucat\" \/>\n<meta name=\"twitter:label1\" content=\"Written by\" \/>\n\t<meta name=\"twitter:data1\" content=\"Secretaria General\" \/>\n\t<meta name=\"twitter:label2\" content=\"Est. reading time\" \/>\n\t<meta name=\"twitter:data2\" content=\"2 minutos\" \/>\n<script type=\"application\/ld+json\" class=\"yoast-schema-graph\">{\"@context\":\"https:\/\/schema.org\",\"@graph\":[{\"@type\":\"Organization\",\"@id\":\"https:\/\/www.ucat.edu.ve\/web\/#organization\",\"name\":\"Universidad Cat\u00f3lica Del T\u00e1chira UCAT\",\"url\":\"https:\/\/www.ucat.edu.ve\/web\/\",\"sameAs\":[\"https:\/\/www.instagram.com\/notiucat\/\",\"https:\/\/www.youtube.com\/channel\/UCwEbYSB1R9fzlII-8dcxuYA?view_as=subscriber\",\"https:\/\/www.facebook.com\/notiucat\/\",\"https:\/\/twitter.com\/notiucat\"],\"logo\":{\"@type\":\"ImageObject\",\"inLanguage\":\"es-ES\",\"@id\":\"https:\/\/www.ucat.edu.ve\/web\/#\/schema\/logo\/image\/\",\"url\":\"https:\/\/www.ucat.edu.ve\/web\/wp-content\/uploads\/2015\/07\/logoucat.gif\",\"contentUrl\":\"https:\/\/www.ucat.edu.ve\/web\/wp-content\/uploads\/2015\/07\/logoucat.gif\",\"width\":219,\"height\":155,\"caption\":\"Universidad Cat\u00f3lica Del T\u00e1chira UCAT\"},\"image\":{\"@id\":\"https:\/\/www.ucat.edu.ve\/web\/#\/schema\/logo\/image\/\"}},{\"@type\":\"WebSite\",\"@id\":\"https:\/\/www.ucat.edu.ve\/web\/#website\",\"url\":\"https:\/\/www.ucat.edu.ve\/web\/\",\"name\":\"Universidad Cat\u00f3lica del T\u00e1chira\",\"description\":\"\",\"publisher\":{\"@id\":\"https:\/\/www.ucat.edu.ve\/web\/#organization\"},\"potentialAction\":[{\"@type\":\"SearchAction\",\"target\":{\"@type\":\"EntryPoint\",\"urlTemplate\":\"https:\/\/www.ucat.edu.ve\/web\/?s={search_term_string}\"},\"query-input\":\"required name=search_term_string\"}],\"inLanguage\":\"es-ES\"},{\"@type\":\"ImageObject\",\"inLanguage\":\"es-ES\",\"@id\":\"https:\/\/www.ucat.edu.ve\/web\/servidores-comunitarios-de-la-ucat-promoveran-protocolo-de-prevencion-en-la-diocesis-de-san-cristobal\/#primaryimage\",\"url\":\"https:\/\/www.ucat.edu.ve\/web\/wp-content\/uploads\/2023\/11\/Noticia-UCAT_Servidores-comunitarios-de-la-UCAT-promoveran-protocolo-de-prevencion-en-la-Diocesis-de-San-Cristobal.png\",\"contentUrl\":\"https:\/\/www.ucat.edu.ve\/web\/wp-content\/uploads\/2023\/11\/Noticia-UCAT_Servidores-comunitarios-de-la-UCAT-promoveran-protocolo-de-prevencion-en-la-Diocesis-de-San-Cristobal.png\",\"width\":1086,\"height\":671},{\"@type\":\"WebPage\",\"@id\":\"https:\/\/www.ucat.edu.ve\/web\/servidores-comunitarios-de-la-ucat-promoveran-protocolo-de-prevencion-en-la-diocesis-de-san-cristobal\/#webpage\",\"url\":\"https:\/\/www.ucat.edu.ve\/web\/servidores-comunitarios-de-la-ucat-promoveran-protocolo-de-prevencion-en-la-diocesis-de-san-cristobal\/\",\"name\":\"Servidores comunitarios de la UCAT promover\u00e1n protocolo de prevenci\u00f3n en la Di\u00f3cesis de San Crist\u00f3bal - Universidad Cat\u00f3lica del T\u00e1chira\",\"isPartOf\":{\"@id\":\"https:\/\/www.ucat.edu.ve\/web\/#website\"},\"primaryImageOfPage\":{\"@id\":\"https:\/\/www.ucat.edu.ve\/web\/servidores-comunitarios-de-la-ucat-promoveran-protocolo-de-prevencion-en-la-diocesis-de-san-cristobal\/#primaryimage\"},\"datePublished\":\"2023-11-10T18:20:17+00:00\",\"dateModified\":\"2023-11-10T18:20:17+00:00\",\"breadcrumb\":{\"@id\":\"https:\/\/www.ucat.edu.ve\/web\/servidores-comunitarios-de-la-ucat-promoveran-protocolo-de-prevencion-en-la-diocesis-de-san-cristobal\/#breadcrumb\"},\"inLanguage\":\"es-ES\",\"potentialAction\":[{\"@type\":\"ReadAction\",\"target\":[\"https:\/\/www.ucat.edu.ve\/web\/servidores-comunitarios-de-la-ucat-promoveran-protocolo-de-prevencion-en-la-diocesis-de-san-cristobal\/\"]}]},{\"@type\":\"BreadcrumbList\",\"@id\":\"https:\/\/www.ucat.edu.ve\/web\/servidores-comunitarios-de-la-ucat-promoveran-protocolo-de-prevencion-en-la-diocesis-de-san-cristobal\/#breadcrumb\",\"itemListElement\":[{\"@type\":\"ListItem\",\"position\":1,\"name\":\"Home\",\"item\":\"https:\/\/www.ucat.edu.ve\/web\/\"},{\"@type\":\"ListItem\",\"position\":2,\"name\":\"Servidores comunitarios de la UCAT promover\u00e1n protocolo de prevenci\u00f3n en la Di\u00f3cesis de San Crist\u00f3bal\"}]},{\"@type\":\"Article\",\"@id\":\"https:\/\/www.ucat.edu.ve\/web\/servidores-comunitarios-de-la-ucat-promoveran-protocolo-de-prevencion-en-la-diocesis-de-san-cristobal\/#article\",\"isPartOf\":{\"@id\":\"https:\/\/www.ucat.edu.ve\/web\/servidores-comunitarios-de-la-ucat-promoveran-protocolo-de-prevencion-en-la-diocesis-de-san-cristobal\/#webpage\"},\"author\":{\"name\":\"Secretaria General\",\"@id\":\"https:\/\/www.ucat.edu.ve\/web\/#\/schema\/person\/e90fe655adf97bd5c1dbc608855d16cf\"},\"headline\":\"Servidores comunitarios de la UCAT promover\u00e1n protocolo de prevenci\u00f3n en la Di\u00f3cesis de San Crist\u00f3bal\",\"datePublished\":\"2023-11-10T18:20:17+00:00\",\"dateModified\":\"2023-11-10T18:20:17+00:00\",\"mainEntityOfPage\":{\"@id\":\"https:\/\/www.ucat.edu.ve\/web\/servidores-comunitarios-de-la-ucat-promoveran-protocolo-de-prevencion-en-la-diocesis-de-san-cristobal\/#webpage\"},\"wordCount\":426,\"publisher\":{\"@id\":\"https:\/\/www.ucat.edu.ve\/web\/#organization\"},\"image\":{\"@id\":\"https:\/\/www.ucat.edu.ve\/web\/servidores-comunitarios-de-la-ucat-promoveran-protocolo-de-prevencion-en-la-diocesis-de-san-cristobal\/#primaryimage\"},\"thumbnailUrl\":\"https:\/\/www.ucat.edu.ve\/web\/wp-content\/uploads\/2023\/11\/Noticia-UCAT_Servidores-comunitarios-de-la-UCAT-promoveran-protocolo-de-prevencion-en-la-Diocesis-de-San-Cristobal.png\",\"articleSection\":[\"Noticias\"],\"inLanguage\":\"es-ES\"},{\"@type\":\"Person\",\"@id\":\"https:\/\/www.ucat.edu.ve\/web\/#\/schema\/person\/e90fe655adf97bd5c1dbc608855d16cf\",\"name\":\"Secretaria General\",\"url\":\"https:\/\/www.ucat.edu.ve\/web\/author\/secgeucat\/\"}]}<\/script>\n<!-- \/ Yoast SEO plugin. -->","yoast_head_json":{"title":"Servidores comunitarios de la UCAT promover\u00e1n protocolo de prevenci\u00f3n en la Di\u00f3cesis de San Crist\u00f3bal - Universidad Cat\u00f3lica del T\u00e1chira","robots":{"index":"index","follow":"follow","max-snippet":"max-snippet:-1","max-image-preview":"max-image-preview:large","max-video-preview":"max-video-preview:-1"},"canonical":"https:\/\/www.ucat.edu.ve\/web\/servidores-comunitarios-de-la-ucat-promoveran-protocolo-de-prevencion-en-la-diocesis-de-san-cristobal\/","og_locale":"es_ES","og_type":"article","og_title":"Servidores comunitarios de la UCAT promover\u00e1n protocolo de prevenci\u00f3n en la Di\u00f3cesis de San Crist\u00f3bal - Universidad Cat\u00f3lica del T\u00e1chira","og_description":"En la sede Loma del Tejar de la Universidad Cat\u00f3lica del T\u00e1chira, se llev\u00f3 a cabo el primer encuentro con los servidores comunitarios que promover\u00e1n el estudio y conocimiento de los Protocolos de Prevenci\u00f3n y Actuaci\u00f3n contra los Abusos Sexuales, as\u00ed como la creaci\u00f3n de espacios y ambientes seguros en la Iglesia Cat\u00f3lica. En el","og_url":"https:\/\/www.ucat.edu.ve\/web\/servidores-comunitarios-de-la-ucat-promoveran-protocolo-de-prevencion-en-la-diocesis-de-san-cristobal\/","og_site_name":"Universidad Cat\u00f3lica del T\u00e1chira","article_publisher":"https:\/\/www.facebook.com\/notiucat\/","article_published_time":"2023-11-10T18:20:17+00:00","og_image":[{"width":1086,"height":671,"url":"https:\/\/www.ucat.edu.ve\/web\/wp-content\/uploads\/2023\/11\/Noticia-UCAT_Servidores-comunitarios-de-la-UCAT-promoveran-protocolo-de-prevencion-en-la-Diocesis-de-San-Cristobal.png","type":"image\/png"}],"author":"Secretaria General","twitter_card":"summary_large_image","twitter_creator":"@notiucat","twitter_site":"@notiucat","twitter_misc":{"Written by":"Secretaria General","Est. reading time":"2 minutos"},"schema":{"@context":"https:\/\/schema.org","@graph":[{"@type":"Organization","@id":"https:\/\/www.ucat.edu.ve\/web\/#organization","name":"Universidad Cat\u00f3lica Del T\u00e1chira UCAT","url":"https:\/\/www.ucat.edu.ve\/web\/","sameAs":["https:\/\/www.instagram.com\/notiucat\/","https:\/\/www.youtube.com\/channel\/UCwEbYSB1R9fzlII-8dcxuYA?view_as=subscriber","https:\/\/www.facebook.com\/notiucat\/","https:\/\/twitter.com\/notiucat"],"logo":{"@type":"ImageObject","inLanguage":"es-ES","@id":"https:\/\/www.ucat.edu.ve\/web\/#\/schema\/logo\/image\/","url":"https:\/\/www.ucat.edu.ve\/web\/wp-content\/uploads\/2015\/07\/logoucat.gif","contentUrl":"https:\/\/www.ucat.edu.ve\/web\/wp-content\/uploads\/2015\/07\/logoucat.gif","width":219,"height":155,"caption":"Universidad Cat\u00f3lica Del T\u00e1chira UCAT"},"image":{"@id":"https:\/\/www.ucat.edu.ve\/web\/#\/schema\/logo\/image\/"}},{"@type":"WebSite","@id":"https:\/\/www.ucat.edu.ve\/web\/#website","url":"https:\/\/www.ucat.edu.ve\/web\/","name":"Universidad Cat\u00f3lica del T\u00e1chira","description":"","publisher":{"@id":"https:\/\/www.ucat.edu.ve\/web\/#organization"},"potentialAction":[{"@type":"SearchAction","target":{"@type":"EntryPoint","urlTemplate":"https:\/\/www.ucat.edu.ve\/web\/?s={search_term_string}"},"query-input":"required name=search_term_string"}],"inLanguage":"es-ES"},{"@type":"ImageObject","inLanguage":"es-ES","@id":"https:\/\/www.ucat.edu.ve\/web\/servidores-comunitarios-de-la-ucat-promoveran-protocolo-de-prevencion-en-la-diocesis-de-san-cristobal\/#primaryimage","url":"https:\/\/www.ucat.edu.ve\/web\/wp-content\/uploads\/2023\/11\/Noticia-UCAT_Servidores-comunitarios-de-la-UCAT-promoveran-protocolo-de-prevencion-en-la-Diocesis-de-San-Cristobal.png","contentUrl":"https:\/\/www.ucat.edu.ve\/web\/wp-content\/uploads\/2023\/11\/Noticia-UCAT_Servidores-comunitarios-de-la-UCAT-promoveran-protocolo-de-prevencion-en-la-Diocesis-de-San-Cristobal.png","width":1086,"height":671},{"@type":"WebPage","@id":"https:\/\/www.ucat.edu.ve\/web\/servidores-comunitarios-de-la-ucat-promoveran-protocolo-de-prevencion-en-la-diocesis-de-san-cristobal\/#webpage","url":"https:\/\/www.ucat.edu.ve\/web\/servidores-comunitarios-de-la-ucat-promoveran-protocolo-de-prevencion-en-la-diocesis-de-san-cristobal\/","name":"Servidores comunitarios de la UCAT promover\u00e1n protocolo de prevenci\u00f3n en la Di\u00f3cesis de San Crist\u00f3bal - Universidad Cat\u00f3lica del T\u00e1chira","isPartOf":{"@id":"https:\/\/www.ucat.edu.ve\/web\/#website"},"primaryImageOfPage":{"@id":"https:\/\/www.ucat.edu.ve\/web\/servidores-comunitarios-de-la-ucat-promoveran-protocolo-de-prevencion-en-la-diocesis-de-san-cristobal\/#primaryimage"},"datePublished":"2023-11-10T18:20:17+00:00","dateModified":"2023-11-10T18:20:17+00:00","breadcrumb":{"@id":"https:\/\/www.ucat.edu.ve\/web\/servidores-comunitarios-de-la-ucat-promoveran-protocolo-de-prevencion-en-la-diocesis-de-san-cristobal\/#breadcrumb"},"inLanguage":"es-ES","potentialAction":[{"@type":"ReadAction","target":["https:\/\/www.ucat.edu.ve\/web\/servidores-comunitarios-de-la-ucat-promoveran-protocolo-de-prevencion-en-la-diocesis-de-san-cristobal\/"]}]},{"@type":"BreadcrumbList","@id":"https:\/\/www.ucat.edu.ve\/web\/servidores-comunitarios-de-la-ucat-promoveran-protocolo-de-prevencion-en-la-diocesis-de-san-cristobal\/#breadcrumb","itemListElement":[{"@type":"ListItem","position":1,"name":"Home","item":"https:\/\/www.ucat.edu.ve\/web\/"},{"@type":"ListItem","position":2,"name":"Servidores comunitarios de la UCAT promover\u00e1n protocolo de prevenci\u00f3n en la Di\u00f3cesis de San Crist\u00f3bal"}]},{"@type":"Article","@id":"https:\/\/www.ucat.edu.ve\/web\/servidores-comunitarios-de-la-ucat-promoveran-protocolo-de-prevencion-en-la-diocesis-de-san-cristobal\/#article","isPartOf":{"@id":"https:\/\/www.ucat.edu.ve\/web\/servidores-comunitarios-de-la-ucat-promoveran-protocolo-de-prevencion-en-la-diocesis-de-san-cristobal\/#webpage"},"author":{"name":"Secretaria General","@id":"https:\/\/www.ucat.edu.ve\/web\/#\/schema\/person\/e90fe655adf97bd5c1dbc608855d16cf"},"headline":"Servidores comunitarios de la UCAT promover\u00e1n protocolo de prevenci\u00f3n en la Di\u00f3cesis de San Crist\u00f3bal","datePublished":"2023-11-10T18:20:17+00:00","dateModified":"2023-11-10T18:20:17+00:00","mainEntityOfPage":{"@id":"https:\/\/www.ucat.edu.ve\/web\/servidores-comunitarios-de-la-ucat-promoveran-protocolo-de-prevencion-en-la-diocesis-de-san-cristobal\/#webpage"},"wordCount":426,"publisher":{"@id":"https:\/\/www.ucat.edu.ve\/web\/#organization"},"image":{"@id":"https:\/\/www.ucat.edu.ve\/web\/servidores-comunitarios-de-la-ucat-promoveran-protocolo-de-prevencion-en-la-diocesis-de-san-cristobal\/#primaryimage"},"thumbnailUrl":"https:\/\/www.ucat.edu.ve\/web\/wp-content\/uploads\/2023\/11\/Noticia-UCAT_Servidores-comunitarios-de-la-UCAT-promoveran-protocolo-de-prevencion-en-la-Diocesis-de-San-Cristobal.png","articleSection":["Noticias"],"inLanguage":"es-ES"},{"@type":"Person","@id":"https:\/\/www.ucat.edu.ve\/web\/#\/schema\/person\/e90fe655adf97bd5c1dbc608855d16cf","name":"Secretaria General","url":"https:\/\/www.ucat.edu.ve\/web\/author\/secgeucat\/"}]}},"_links":{"self":[{"href":"https:\/\/www.ucat.edu.ve\/web\/wp-json\/wp\/v2\/posts\/11915"}],"collection":[{"href":"https:\/\/www.ucat.edu.ve\/web\/wp-json\/wp\/v2\/posts"}],"about":[{"href":"https:\/\/www.ucat.edu.ve\/web\/wp-json\/wp\/v2\/types\/post"}],"author":[{"embeddable":true,"href":"https:\/\/www.ucat.edu.ve\/web\/wp-json\/wp\/v2\/users\/23"}],"replies":[{"embeddable":true,"href":"https:\/\/www.ucat.edu.ve\/web\/wp-json\/wp\/v2\/comments?post=11915"}],"version-history":[{"count":1,"href":"https:\/\/www.ucat.edu.ve\/web\/wp-json\/wp\/v2\/posts\/11915\/revisions"}],"predecessor-version":[{"id":11917,"href":"https:\/\/www.ucat.edu.ve\/web\/wp-json\/wp\/v2\/posts\/11915\/revisions\/11917"}],"wp:featuredmedia":[{"embeddable":true,"href":"https:\/\/www.ucat.edu.ve\/web\/wp-json\/wp\/v2\/media\/11916"}],"wp:attachment":[{"href":"https:\/\/www.ucat.edu.ve\/web\/wp-json\/wp\/v2\/media?parent=11915"}],"wp:term":[{"taxonomy":"category","embeddable":true,"href":"https:\/\/www.ucat.edu.ve\/web\/wp-json\/wp\/v2\/categories?post=11915"},{"taxonomy":"post_tag","embeddable":true,"href":"https:\/\/www.ucat.edu.ve\/web\/wp-json\/wp\/v2\/tags?post=11915"}],"curies":[{"name":"wp","href":"https:\/\/api.w.org\/{rel}","templated":true}]}}