 {"id":11925,"date":"2023-11-13T15:51:52","date_gmt":"2023-11-13T15:51:52","guid":{"rendered":"https:\/\/www.ucat.edu.ve\/web\/?p=11925"},"modified":"2023-11-13T15:51:52","modified_gmt":"2023-11-13T15:51:52","slug":"decanato-de-investigacion-y-posgrado-de-la-ucat-realizo-taller-de-formacion-en-diagnostico-comunitario","status":"publish","type":"post","link":"https:\/\/www.ucat.edu.ve\/web\/decanato-de-investigacion-y-posgrado-de-la-ucat-realizo-taller-de-formacion-en-diagnostico-comunitario\/","title":{"rendered":"Decanato de Investigaci\u00f3n y Posgrado de la UCAT realiz\u00f3 taller de formaci\u00f3n en Diagn\u00f3stico Comunitario"},"content":{"rendered":"<p style=\"text-align: center;\"><img loading=\"lazy\" class=\"alignnone size-medium wp-image-11926\" src=\"https:\/\/www.ucat.edu.ve\/web\/wp-content\/uploads\/2023\/11\/Noticia-UCAT_Decanato-de-Investigacion-y-Posgrado-de-la-UCAT-realizo-taller-de-formacion-en-Diagnostico-Comunitario-521x322.png\" alt=\"\" width=\"521\" height=\"322\" srcset=\"https:\/\/www.ucat.edu.ve\/web\/wp-content\/uploads\/2023\/11\/Noticia-UCAT_Decanato-de-Investigacion-y-Posgrado-de-la-UCAT-realizo-taller-de-formacion-en-Diagnostico-Comunitario-521x322.png 521w, https:\/\/www.ucat.edu.ve\/web\/wp-content\/uploads\/2023\/11\/Noticia-UCAT_Decanato-de-Investigacion-y-Posgrado-de-la-UCAT-realizo-taller-de-formacion-en-Diagnostico-Comunitario-340x210.png 340w, https:\/\/www.ucat.edu.ve\/web\/wp-content\/uploads\/2023\/11\/Noticia-UCAT_Decanato-de-Investigacion-y-Posgrado-de-la-UCAT-realizo-taller-de-formacion-en-Diagnostico-Comunitario.png 1086w\" sizes=\"(max-width: 521px) 100vw, 521px\" \/><\/p>\n<p style=\"font-weight: 400; text-align: justify;\">La Red Apost\u00f3lica Ignaciana de la Frontera y el Decanato de Investigaci\u00f3n y Postgrado de la Universidad Cat\u00f3lica del T\u00e1chira han auspiciado un taller de formaci\u00f3n en Diagn\u00f3stico Comunitario, facilitado por el Profesor Sim\u00f3n Merch\u00e1n. El taller se llev\u00f3 a cabo en la Casa de Retiros Espirituales Cristo Rey de Pericos, con el objetivo de formar investigadores responsables con el espacio geogr\u00e1fico y la historia de quienes lo habitan.<\/p>\n<p style=\"font-weight: 400; text-align: justify;\">Siguiendo el paradigma pedag\u00f3gico ignaciano, los participantes aprendieron a investigar las comunidades para diagnosticar sus necesidades y vulnerabilidades. El taller fue una oportunidad para reflexionar sobre la importancia de involucrarse en la realidad social y contribuir al desarrollo sostenible de las comunidades.<\/p>\n<p style=\"font-weight: 400; text-align: justify;\">El Profesor Sim\u00f3n Merch\u00e1n, facilitador del taller, destac\u00f3 la importancia de formar investigadores comprometidos con la realidad social, capaces de desarrollar diagn\u00f3sticos comunitarios rigurosos y relevantes para la toma de decisiones.<\/p>\n<p style=\"font-weight: 400; text-align: justify;\">Los participantes del taller expresaron su satisfacci\u00f3n por la experiencia y agradecieron a la Red Apost\u00f3lica Ignaciana de la Frontera y al Decanato de Investigaci\u00f3n y Postgrado de la Universidad Cat\u00f3lica del T\u00e1chira por la oportunidad de formaci\u00f3n y desarrollo de habilidades.<\/p>\n<p style=\"font-weight: 400; text-align: justify;\">La Universidad Cat\u00f3lica del T\u00e1chira reafirma su compromiso de formar profesionales responsables y comprometidos con la realidad social, y agradece a la Red Apost\u00f3lica Ignaciana de la Frontera por su colaboraci\u00f3n en la realizaci\u00f3n de este taller.<\/p>\n<p style=\"font-weight: 400; text-align: justify;\">La Red Apost\u00f3lica Ignaciana de la Frontera y el Decanato de Investigaci\u00f3n y Postgrado de la Universidad Cat\u00f3lica del T\u00e1chira han auspiciado un taller de formaci\u00f3n en Diagn\u00f3stico Comunitario, facilitado por el Profesor Sim\u00f3n Merch\u00e1n. El taller se llev\u00f3 a cabo en la Casa de Retiros Espirituales Cristo Rey de Pericos, con el objetivo de formar investigadores responsables con el espacio geogr\u00e1fico y la historia de quienes lo habitan.<\/p>\n<p style=\"font-weight: 400; text-align: justify;\">Siguiendo el paradigma pedag\u00f3gico ignaciano, los participantes aprendieron a investigar las comunidades para diagnosticar sus necesidades y vulnerabilidades. El taller fue una oportunidad para reflexionar sobre la importancia de involucrarse en la realidad social y contribuir al desarrollo sostenible de las comunidades.<\/p>\n<p style=\"font-weight: 400; text-align: justify;\">El Profesor Sim\u00f3n Merch\u00e1n, facilitador del taller, destac\u00f3 la importancia de formar investigadores comprometidos con la realidad social, capaces de desarrollar diagn\u00f3sticos comunitarios rigurosos y relevantes para la toma de decisiones.<\/p>\n<p style=\"font-weight: 400; text-align: justify;\">Los participantes del taller expresaron su satisfacci\u00f3n por la experiencia y agradecieron a la Red Apost\u00f3lica Ignaciana de la Frontera y al Decanato de Investigaci\u00f3n y Postgrado de la Universidad Cat\u00f3lica del T\u00e1chira por la oportunidad de formaci\u00f3n y desarrollo de habilidades.<\/p>\n<p style=\"font-weight: 400; text-align: justify;\">La Universidad Cat\u00f3lica del T\u00e1chira reafirma su compromiso de formar profesionales responsables y comprometidos con la realidad social, y agradece a la Red Apost\u00f3lica Ignaciana de la Frontera por su colaboraci\u00f3n en la realizaci\u00f3n de este taller.<\/p>\n<p style=\"font-weight: 400;\">(<strong>PrensaUCAT<\/strong>)<\/p>\n","protected":false},"excerpt":{"rendered":"<p>La Red Apost\u00f3lica Ignaciana de la Frontera y el Decanato de Investigaci\u00f3n y Postgrado de la Universidad Cat\u00f3lica del T\u00e1chira han auspiciado un taller de formaci\u00f3n en Diagn\u00f3stico Comunitario, facilitado por el Profesor Sim\u00f3n Merch\u00e1n. El taller se llev\u00f3 a cabo en la Casa de Retiros Espirituales Cristo Rey de Pericos, con el objetivo de<\/p>\n","protected":false},"author":23,"featured_media":11926,"comment_status":"closed","ping_status":"closed","sticky":false,"template":"","format":"standard","meta":[],"categories":[3],"tags":[],"yoast_head":"<!-- This site is optimized with the Yoast SEO plugin v19.2 - https:\/\/yoast.com\/wordpress\/plugins\/seo\/ -->\n<title>Decanato de Investigaci\u00f3n y Posgrado de la UCAT realiz\u00f3 taller de formaci\u00f3n en Diagn\u00f3stico Comunitario - Universidad Cat\u00f3lica del T\u00e1chira<\/title>\n<meta name=\"robots\" content=\"index, follow, max-snippet:-1, max-image-preview:large, max-video-preview:-1\" \/>\n<link rel=\"canonical\" href=\"https:\/\/www.ucat.edu.ve\/web\/decanato-de-investigacion-y-posgrado-de-la-ucat-realizo-taller-de-formacion-en-diagnostico-comunitario\/\" \/>\n<meta property=\"og:locale\" content=\"es_ES\" \/>\n<meta property=\"og:type\" content=\"article\" \/>\n<meta property=\"og:title\" content=\"Decanato de Investigaci\u00f3n y Posgrado de la UCAT realiz\u00f3 taller de formaci\u00f3n en Diagn\u00f3stico Comunitario - Universidad Cat\u00f3lica del T\u00e1chira\" \/>\n<meta property=\"og:description\" content=\"La Red Apost\u00f3lica Ignaciana de la Frontera y el Decanato de Investigaci\u00f3n y Postgrado de la Universidad Cat\u00f3lica del T\u00e1chira han auspiciado un taller de formaci\u00f3n en Diagn\u00f3stico Comunitario, facilitado por el Profesor Sim\u00f3n Merch\u00e1n. El taller se llev\u00f3 a cabo en la Casa de Retiros Espirituales Cristo Rey de Pericos, con el objetivo de\" \/>\n<meta property=\"og:url\" content=\"https:\/\/www.ucat.edu.ve\/web\/decanato-de-investigacion-y-posgrado-de-la-ucat-realizo-taller-de-formacion-en-diagnostico-comunitario\/\" \/>\n<meta property=\"og:site_name\" content=\"Universidad Cat\u00f3lica del T\u00e1chira\" \/>\n<meta property=\"article:publisher\" content=\"https:\/\/www.facebook.com\/notiucat\/\" \/>\n<meta property=\"article:published_time\" content=\"2023-11-13T15:51:52+00:00\" \/>\n<meta property=\"og:image\" content=\"https:\/\/www.ucat.edu.ve\/web\/wp-content\/uploads\/2023\/11\/Noticia-UCAT_Decanato-de-Investigacion-y-Posgrado-de-la-UCAT-realizo-taller-de-formacion-en-Diagnostico-Comunitario.png\" \/>\n\t<meta property=\"og:image:width\" content=\"1086\" \/>\n\t<meta property=\"og:image:height\" content=\"671\" \/>\n\t<meta property=\"og:image:type\" content=\"image\/png\" \/>\n<meta name=\"author\" content=\"Secretaria General\" \/>\n<meta name=\"twitter:card\" content=\"summary_large_image\" \/>\n<meta name=\"twitter:creator\" content=\"@notiucat\" \/>\n<meta name=\"twitter:site\" content=\"@notiucat\" \/>\n<meta name=\"twitter:label1\" content=\"Written by\" \/>\n\t<meta name=\"twitter:data1\" content=\"Secretaria General\" \/>\n\t<meta name=\"twitter:label2\" content=\"Est. reading time\" \/>\n\t<meta name=\"twitter:data2\" content=\"2 minutos\" \/>\n<script type=\"application\/ld+json\" class=\"yoast-schema-graph\">{\"@context\":\"https:\/\/schema.org\",\"@graph\":[{\"@type\":\"Organization\",\"@id\":\"https:\/\/www.ucat.edu.ve\/web\/#organization\",\"name\":\"Universidad Cat\u00f3lica Del T\u00e1chira UCAT\",\"url\":\"https:\/\/www.ucat.edu.ve\/web\/\",\"sameAs\":[\"https:\/\/www.instagram.com\/notiucat\/\",\"https:\/\/www.youtube.com\/channel\/UCwEbYSB1R9fzlII-8dcxuYA?view_as=subscriber\",\"https:\/\/www.facebook.com\/notiucat\/\",\"https:\/\/twitter.com\/notiucat\"],\"logo\":{\"@type\":\"ImageObject\",\"inLanguage\":\"es-ES\",\"@id\":\"https:\/\/www.ucat.edu.ve\/web\/#\/schema\/logo\/image\/\",\"url\":\"https:\/\/www.ucat.edu.ve\/web\/wp-content\/uploads\/2015\/07\/logoucat.gif\",\"contentUrl\":\"https:\/\/www.ucat.edu.ve\/web\/wp-content\/uploads\/2015\/07\/logoucat.gif\",\"width\":219,\"height\":155,\"caption\":\"Universidad Cat\u00f3lica Del T\u00e1chira UCAT\"},\"image\":{\"@id\":\"https:\/\/www.ucat.edu.ve\/web\/#\/schema\/logo\/image\/\"}},{\"@type\":\"WebSite\",\"@id\":\"https:\/\/www.ucat.edu.ve\/web\/#website\",\"url\":\"https:\/\/www.ucat.edu.ve\/web\/\",\"name\":\"Universidad Cat\u00f3lica del T\u00e1chira\",\"description\":\"\",\"publisher\":{\"@id\":\"https:\/\/www.ucat.edu.ve\/web\/#organization\"},\"potentialAction\":[{\"@type\":\"SearchAction\",\"target\":{\"@type\":\"EntryPoint\",\"urlTemplate\":\"https:\/\/www.ucat.edu.ve\/web\/?s={search_term_string}\"},\"query-input\":\"required name=search_term_string\"}],\"inLanguage\":\"es-ES\"},{\"@type\":\"ImageObject\",\"inLanguage\":\"es-ES\",\"@id\":\"https:\/\/www.ucat.edu.ve\/web\/decanato-de-investigacion-y-posgrado-de-la-ucat-realizo-taller-de-formacion-en-diagnostico-comunitario\/#primaryimage\",\"url\":\"https:\/\/www.ucat.edu.ve\/web\/wp-content\/uploads\/2023\/11\/Noticia-UCAT_Decanato-de-Investigacion-y-Posgrado-de-la-UCAT-realizo-taller-de-formacion-en-Diagnostico-Comunitario.png\",\"contentUrl\":\"https:\/\/www.ucat.edu.ve\/web\/wp-content\/uploads\/2023\/11\/Noticia-UCAT_Decanato-de-Investigacion-y-Posgrado-de-la-UCAT-realizo-taller-de-formacion-en-Diagnostico-Comunitario.png\",\"width\":1086,\"height\":671},{\"@type\":\"WebPage\",\"@id\":\"https:\/\/www.ucat.edu.ve\/web\/decanato-de-investigacion-y-posgrado-de-la-ucat-realizo-taller-de-formacion-en-diagnostico-comunitario\/#webpage\",\"url\":\"https:\/\/www.ucat.edu.ve\/web\/decanato-de-investigacion-y-posgrado-de-la-ucat-realizo-taller-de-formacion-en-diagnostico-comunitario\/\",\"name\":\"Decanato de Investigaci\u00f3n y Posgrado de la UCAT realiz\u00f3 taller de formaci\u00f3n en Diagn\u00f3stico Comunitario - Universidad Cat\u00f3lica del T\u00e1chira\",\"isPartOf\":{\"@id\":\"https:\/\/www.ucat.edu.ve\/web\/#website\"},\"primaryImageOfPage\":{\"@id\":\"https:\/\/www.ucat.edu.ve\/web\/decanato-de-investigacion-y-posgrado-de-la-ucat-realizo-taller-de-formacion-en-diagnostico-comunitario\/#primaryimage\"},\"datePublished\":\"2023-11-13T15:51:52+00:00\",\"dateModified\":\"2023-11-13T15:51:52+00:00\",\"breadcrumb\":{\"@id\":\"https:\/\/www.ucat.edu.ve\/web\/decanato-de-investigacion-y-posgrado-de-la-ucat-realizo-taller-de-formacion-en-diagnostico-comunitario\/#breadcrumb\"},\"inLanguage\":\"es-ES\",\"potentialAction\":[{\"@type\":\"ReadAction\",\"target\":[\"https:\/\/www.ucat.edu.ve\/web\/decanato-de-investigacion-y-posgrado-de-la-ucat-realizo-taller-de-formacion-en-diagnostico-comunitario\/\"]}]},{\"@type\":\"BreadcrumbList\",\"@id\":\"https:\/\/www.ucat.edu.ve\/web\/decanato-de-investigacion-y-posgrado-de-la-ucat-realizo-taller-de-formacion-en-diagnostico-comunitario\/#breadcrumb\",\"itemListElement\":[{\"@type\":\"ListItem\",\"position\":1,\"name\":\"Home\",\"item\":\"https:\/\/www.ucat.edu.ve\/web\/\"},{\"@type\":\"ListItem\",\"position\":2,\"name\":\"Decanato de Investigaci\u00f3n y Posgrado de la UCAT realiz\u00f3 taller de formaci\u00f3n en Diagn\u00f3stico Comunitario\"}]},{\"@type\":\"Article\",\"@id\":\"https:\/\/www.ucat.edu.ve\/web\/decanato-de-investigacion-y-posgrado-de-la-ucat-realizo-taller-de-formacion-en-diagnostico-comunitario\/#article\",\"isPartOf\":{\"@id\":\"https:\/\/www.ucat.edu.ve\/web\/decanato-de-investigacion-y-posgrado-de-la-ucat-realizo-taller-de-formacion-en-diagnostico-comunitario\/#webpage\"},\"author\":{\"name\":\"Secretaria General\",\"@id\":\"https:\/\/www.ucat.edu.ve\/web\/#\/schema\/person\/e90fe655adf97bd5c1dbc608855d16cf\"},\"headline\":\"Decanato de Investigaci\u00f3n y Posgrado de la UCAT realiz\u00f3 taller de formaci\u00f3n en Diagn\u00f3stico Comunitario\",\"datePublished\":\"2023-11-13T15:51:52+00:00\",\"dateModified\":\"2023-11-13T15:51:52+00:00\",\"mainEntityOfPage\":{\"@id\":\"https:\/\/www.ucat.edu.ve\/web\/decanato-de-investigacion-y-posgrado-de-la-ucat-realizo-taller-de-formacion-en-diagnostico-comunitario\/#webpage\"},\"wordCount\":509,\"publisher\":{\"@id\":\"https:\/\/www.ucat.edu.ve\/web\/#organization\"},\"image\":{\"@id\":\"https:\/\/www.ucat.edu.ve\/web\/decanato-de-investigacion-y-posgrado-de-la-ucat-realizo-taller-de-formacion-en-diagnostico-comunitario\/#primaryimage\"},\"thumbnailUrl\":\"https:\/\/www.ucat.edu.ve\/web\/wp-content\/uploads\/2023\/11\/Noticia-UCAT_Decanato-de-Investigacion-y-Posgrado-de-la-UCAT-realizo-taller-de-formacion-en-Diagnostico-Comunitario.png\",\"articleSection\":[\"Noticias\"],\"inLanguage\":\"es-ES\"},{\"@type\":\"Person\",\"@id\":\"https:\/\/www.ucat.edu.ve\/web\/#\/schema\/person\/e90fe655adf97bd5c1dbc608855d16cf\",\"name\":\"Secretaria General\",\"url\":\"https:\/\/www.ucat.edu.ve\/web\/author\/secgeucat\/\"}]}<\/script>\n<!-- \/ Yoast SEO plugin. -->","yoast_head_json":{"title":"Decanato de Investigaci\u00f3n y Posgrado de la UCAT realiz\u00f3 taller de formaci\u00f3n en Diagn\u00f3stico Comunitario - Universidad Cat\u00f3lica del T\u00e1chira","robots":{"index":"index","follow":"follow","max-snippet":"max-snippet:-1","max-image-preview":"max-image-preview:large","max-video-preview":"max-video-preview:-1"},"canonical":"https:\/\/www.ucat.edu.ve\/web\/decanato-de-investigacion-y-posgrado-de-la-ucat-realizo-taller-de-formacion-en-diagnostico-comunitario\/","og_locale":"es_ES","og_type":"article","og_title":"Decanato de Investigaci\u00f3n y Posgrado de la UCAT realiz\u00f3 taller de formaci\u00f3n en Diagn\u00f3stico Comunitario - Universidad Cat\u00f3lica del T\u00e1chira","og_description":"La Red Apost\u00f3lica Ignaciana de la Frontera y el Decanato de Investigaci\u00f3n y Postgrado de la Universidad Cat\u00f3lica del T\u00e1chira han auspiciado un taller de formaci\u00f3n en Diagn\u00f3stico Comunitario, facilitado por el Profesor Sim\u00f3n Merch\u00e1n. El taller se llev\u00f3 a cabo en la Casa de Retiros Espirituales Cristo Rey de Pericos, con el objetivo de","og_url":"https:\/\/www.ucat.edu.ve\/web\/decanato-de-investigacion-y-posgrado-de-la-ucat-realizo-taller-de-formacion-en-diagnostico-comunitario\/","og_site_name":"Universidad Cat\u00f3lica del T\u00e1chira","article_publisher":"https:\/\/www.facebook.com\/notiucat\/","article_published_time":"2023-11-13T15:51:52+00:00","og_image":[{"width":1086,"height":671,"url":"https:\/\/www.ucat.edu.ve\/web\/wp-content\/uploads\/2023\/11\/Noticia-UCAT_Decanato-de-Investigacion-y-Posgrado-de-la-UCAT-realizo-taller-de-formacion-en-Diagnostico-Comunitario.png","type":"image\/png"}],"author":"Secretaria General","twitter_card":"summary_large_image","twitter_creator":"@notiucat","twitter_site":"@notiucat","twitter_misc":{"Written by":"Secretaria General","Est. reading time":"2 minutos"},"schema":{"@context":"https:\/\/schema.org","@graph":[{"@type":"Organization","@id":"https:\/\/www.ucat.edu.ve\/web\/#organization","name":"Universidad Cat\u00f3lica Del T\u00e1chira UCAT","url":"https:\/\/www.ucat.edu.ve\/web\/","sameAs":["https:\/\/www.instagram.com\/notiucat\/","https:\/\/www.youtube.com\/channel\/UCwEbYSB1R9fzlII-8dcxuYA?view_as=subscriber","https:\/\/www.facebook.com\/notiucat\/","https:\/\/twitter.com\/notiucat"],"logo":{"@type":"ImageObject","inLanguage":"es-ES","@id":"https:\/\/www.ucat.edu.ve\/web\/#\/schema\/logo\/image\/","url":"https:\/\/www.ucat.edu.ve\/web\/wp-content\/uploads\/2015\/07\/logoucat.gif","contentUrl":"https:\/\/www.ucat.edu.ve\/web\/wp-content\/uploads\/2015\/07\/logoucat.gif","width":219,"height":155,"caption":"Universidad Cat\u00f3lica Del T\u00e1chira UCAT"},"image":{"@id":"https:\/\/www.ucat.edu.ve\/web\/#\/schema\/logo\/image\/"}},{"@type":"WebSite","@id":"https:\/\/www.ucat.edu.ve\/web\/#website","url":"https:\/\/www.ucat.edu.ve\/web\/","name":"Universidad Cat\u00f3lica del T\u00e1chira","description":"","publisher":{"@id":"https:\/\/www.ucat.edu.ve\/web\/#organization"},"potentialAction":[{"@type":"SearchAction","target":{"@type":"EntryPoint","urlTemplate":"https:\/\/www.ucat.edu.ve\/web\/?s={search_term_string}"},"query-input":"required name=search_term_string"}],"inLanguage":"es-ES"},{"@type":"ImageObject","inLanguage":"es-ES","@id":"https:\/\/www.ucat.edu.ve\/web\/decanato-de-investigacion-y-posgrado-de-la-ucat-realizo-taller-de-formacion-en-diagnostico-comunitario\/#primaryimage","url":"https:\/\/www.ucat.edu.ve\/web\/wp-content\/uploads\/2023\/11\/Noticia-UCAT_Decanato-de-Investigacion-y-Posgrado-de-la-UCAT-realizo-taller-de-formacion-en-Diagnostico-Comunitario.png","contentUrl":"https:\/\/www.ucat.edu.ve\/web\/wp-content\/uploads\/2023\/11\/Noticia-UCAT_Decanato-de-Investigacion-y-Posgrado-de-la-UCAT-realizo-taller-de-formacion-en-Diagnostico-Comunitario.png","width":1086,"height":671},{"@type":"WebPage","@id":"https:\/\/www.ucat.edu.ve\/web\/decanato-de-investigacion-y-posgrado-de-la-ucat-realizo-taller-de-formacion-en-diagnostico-comunitario\/#webpage","url":"https:\/\/www.ucat.edu.ve\/web\/decanato-de-investigacion-y-posgrado-de-la-ucat-realizo-taller-de-formacion-en-diagnostico-comunitario\/","name":"Decanato de Investigaci\u00f3n y Posgrado de la UCAT realiz\u00f3 taller de formaci\u00f3n en Diagn\u00f3stico Comunitario - Universidad Cat\u00f3lica del T\u00e1chira","isPartOf":{"@id":"https:\/\/www.ucat.edu.ve\/web\/#website"},"primaryImageOfPage":{"@id":"https:\/\/www.ucat.edu.ve\/web\/decanato-de-investigacion-y-posgrado-de-la-ucat-realizo-taller-de-formacion-en-diagnostico-comunitario\/#primaryimage"},"datePublished":"2023-11-13T15:51:52+00:00","dateModified":"2023-11-13T15:51:52+00:00","breadcrumb":{"@id":"https:\/\/www.ucat.edu.ve\/web\/decanato-de-investigacion-y-posgrado-de-la-ucat-realizo-taller-de-formacion-en-diagnostico-comunitario\/#breadcrumb"},"inLanguage":"es-ES","potentialAction":[{"@type":"ReadAction","target":["https:\/\/www.ucat.edu.ve\/web\/decanato-de-investigacion-y-posgrado-de-la-ucat-realizo-taller-de-formacion-en-diagnostico-comunitario\/"]}]},{"@type":"BreadcrumbList","@id":"https:\/\/www.ucat.edu.ve\/web\/decanato-de-investigacion-y-posgrado-de-la-ucat-realizo-taller-de-formacion-en-diagnostico-comunitario\/#breadcrumb","itemListElement":[{"@type":"ListItem","position":1,"name":"Home","item":"https:\/\/www.ucat.edu.ve\/web\/"},{"@type":"ListItem","position":2,"name":"Decanato de Investigaci\u00f3n y Posgrado de la UCAT realiz\u00f3 taller de formaci\u00f3n en Diagn\u00f3stico Comunitario"}]},{"@type":"Article","@id":"https:\/\/www.ucat.edu.ve\/web\/decanato-de-investigacion-y-posgrado-de-la-ucat-realizo-taller-de-formacion-en-diagnostico-comunitario\/#article","isPartOf":{"@id":"https:\/\/www.ucat.edu.ve\/web\/decanato-de-investigacion-y-posgrado-de-la-ucat-realizo-taller-de-formacion-en-diagnostico-comunitario\/#webpage"},"author":{"name":"Secretaria General","@id":"https:\/\/www.ucat.edu.ve\/web\/#\/schema\/person\/e90fe655adf97bd5c1dbc608855d16cf"},"headline":"Decanato de Investigaci\u00f3n y Posgrado de la UCAT realiz\u00f3 taller de formaci\u00f3n en Diagn\u00f3stico Comunitario","datePublished":"2023-11-13T15:51:52+00:00","dateModified":"2023-11-13T15:51:52+00:00","mainEntityOfPage":{"@id":"https:\/\/www.ucat.edu.ve\/web\/decanato-de-investigacion-y-posgrado-de-la-ucat-realizo-taller-de-formacion-en-diagnostico-comunitario\/#webpage"},"wordCount":509,"publisher":{"@id":"https:\/\/www.ucat.edu.ve\/web\/#organization"},"image":{"@id":"https:\/\/www.ucat.edu.ve\/web\/decanato-de-investigacion-y-posgrado-de-la-ucat-realizo-taller-de-formacion-en-diagnostico-comunitario\/#primaryimage"},"thumbnailUrl":"https:\/\/www.ucat.edu.ve\/web\/wp-content\/uploads\/2023\/11\/Noticia-UCAT_Decanato-de-Investigacion-y-Posgrado-de-la-UCAT-realizo-taller-de-formacion-en-Diagnostico-Comunitario.png","articleSection":["Noticias"],"inLanguage":"es-ES"},{"@type":"Person","@id":"https:\/\/www.ucat.edu.ve\/web\/#\/schema\/person\/e90fe655adf97bd5c1dbc608855d16cf","name":"Secretaria General","url":"https:\/\/www.ucat.edu.ve\/web\/author\/secgeucat\/"}]}},"_links":{"self":[{"href":"https:\/\/www.ucat.edu.ve\/web\/wp-json\/wp\/v2\/posts\/11925"}],"collection":[{"href":"https:\/\/www.ucat.edu.ve\/web\/wp-json\/wp\/v2\/posts"}],"about":[{"href":"https:\/\/www.ucat.edu.ve\/web\/wp-json\/wp\/v2\/types\/post"}],"author":[{"embeddable":true,"href":"https:\/\/www.ucat.edu.ve\/web\/wp-json\/wp\/v2\/users\/23"}],"replies":[{"embeddable":true,"href":"https:\/\/www.ucat.edu.ve\/web\/wp-json\/wp\/v2\/comments?post=11925"}],"version-history":[{"count":1,"href":"https:\/\/www.ucat.edu.ve\/web\/wp-json\/wp\/v2\/posts\/11925\/revisions"}],"predecessor-version":[{"id":11927,"href":"https:\/\/www.ucat.edu.ve\/web\/wp-json\/wp\/v2\/posts\/11925\/revisions\/11927"}],"wp:featuredmedia":[{"embeddable":true,"href":"https:\/\/www.ucat.edu.ve\/web\/wp-json\/wp\/v2\/media\/11926"}],"wp:attachment":[{"href":"https:\/\/www.ucat.edu.ve\/web\/wp-json\/wp\/v2\/media?parent=11925"}],"wp:term":[{"taxonomy":"category","embeddable":true,"href":"https:\/\/www.ucat.edu.ve\/web\/wp-json\/wp\/v2\/categories?post=11925"},{"taxonomy":"post_tag","embeddable":true,"href":"https:\/\/www.ucat.edu.ve\/web\/wp-json\/wp\/v2\/tags?post=11925"}],"curies":[{"name":"wp","href":"https:\/\/api.w.org\/{rel}","templated":true}]}}