 {"id":11975,"date":"2023-11-17T13:19:50","date_gmt":"2023-11-17T13:19:50","guid":{"rendered":"https:\/\/www.ucat.edu.ve\/web\/?p=11975"},"modified":"2023-11-17T13:19:50","modified_gmt":"2023-11-17T13:19:50","slug":"aperturaron-decima-edicion-del-ucatmun-encuentro-dialogo-y-compromiso-por-el-bien-comun","status":"publish","type":"post","link":"https:\/\/www.ucat.edu.ve\/web\/aperturaron-decima-edicion-del-ucatmun-encuentro-dialogo-y-compromiso-por-el-bien-comun\/","title":{"rendered":"Aperturaron D\u00e9cima Edici\u00f3n del UCATMUN: \u201cEncuentro, Di\u00e1logo y Compromiso por el Bien Com\u00fan\u201d"},"content":{"rendered":"<p style=\"text-align: center;\"><img loading=\"lazy\" class=\"alignnone size-medium wp-image-11976\" src=\"https:\/\/www.ucat.edu.ve\/web\/wp-content\/uploads\/2023\/11\/Noticia-UCAT-Aperturaron-Decima-Edicion-del-UCATMUN-Encuentro-Dialogo-y-Compromiso-por-el-Bien-Comun-521x322.png\" alt=\"\" width=\"521\" height=\"322\" srcset=\"https:\/\/www.ucat.edu.ve\/web\/wp-content\/uploads\/2023\/11\/Noticia-UCAT-Aperturaron-Decima-Edicion-del-UCATMUN-Encuentro-Dialogo-y-Compromiso-por-el-Bien-Comun-521x322.png 521w, https:\/\/www.ucat.edu.ve\/web\/wp-content\/uploads\/2023\/11\/Noticia-UCAT-Aperturaron-Decima-Edicion-del-UCATMUN-Encuentro-Dialogo-y-Compromiso-por-el-Bien-Comun-340x210.png 340w, https:\/\/www.ucat.edu.ve\/web\/wp-content\/uploads\/2023\/11\/Noticia-UCAT-Aperturaron-Decima-Edicion-del-UCATMUN-Encuentro-Dialogo-y-Compromiso-por-el-Bien-Comun.png 1086w\" sizes=\"(max-width: 521px) 100vw, 521px\" \/><\/p>\n<p style=\"font-weight: 400; text-align: justify;\">En un emotivo acto de apertura, la Universidad Cat\u00f3lica del T\u00e1chira dio la bienvenida a la D\u00e9cima Edici\u00f3n del Modelo de las Naciones Unidas \u201cUCATMUN\u201d, este 16 de noviembre en las instalaciones del auditorio de la sede Loma del Tejar en Barrio Obrero, un evento que re\u00fane a estudiantes de diversas regiones del pa\u00eds para promover el di\u00e1logo, la comprensi\u00f3n y el compromiso por el bien com\u00fan.<\/p>\n<p style=\"font-weight: 400; text-align: justify;\">El evento cont\u00f3 con la participaci\u00f3n de delegaciones provenientes de Maracaibo, Barquisimeto y M\u00e9rida, as\u00ed como con el personal directivo de diversas instituciones de la regi\u00f3n, quienes fueron recibidos con calidez en la universidad anfitriona.<\/p>\n<p style=\"font-weight: 400; text-align: justify;\">Por su parte el Vicerrector de la UCAT, presb\u00edtero Ricardo Casanova, en sus palabras de Bienvenida, se\u00f1al\u00f3 el objetivo principal del UCATMUN pues \u201cbusca promover la cultura de paz y el respeto a trav\u00e9s de espacios seguros y de calidad, donde los participantes puedan desarrollar sus potencialidades y fomentar la cultura de paz en la sociedad\u201d.<\/p>\n<p style=\"font-weight: 400; text-align: left;\"><strong><em>Promoviendo el Desarrollo Integral de los Participantes<\/em><\/strong><\/p>\n<p style=\"font-weight: 400; text-align: justify;\">Los participantes de la D\u00e9cima Edici\u00f3n del UCATMUN tendr\u00e1n la oportunidad de desarrollar sus habilidades, actitudes, aptitudes y competencias profesionales a trav\u00e9s de debates de inter\u00e9s y actualidad. Este evento representa un espacio enriquecedor para el crecimiento personal y acad\u00e9mico de los participantes, permiti\u00e9ndoles dar lo mejor de s\u00ed mismos a lo largo de estos d\u00edas.<\/p>\n<p style=\"font-weight: 400; text-align: left;\"><strong><em>Compromiso con el Di\u00e1logo y el Bien Com\u00fan<\/em><\/strong><\/p>\n<p style=\"font-weight: 400; text-align: justify;\">El UCATMUN es un claro ejemplo de visi\u00f3n de futuro y compromiso por el bien com\u00fan, la lucha por el respeto de la dignidad e igualdad de la persona, as\u00ed como la defensa de sus derechos. A trav\u00e9s de debates y negociaciones, este evento busca promover el entendimiento y el respeto mutuo, aun cuando existan ideas diversas sobre un mismo tema, demostrando que es posible llegar a acuerdos y soluciones.<\/p>\n<p style=\"font-weight: 400; text-align: justify;\">La Universidad Cat\u00f3lica del T\u00e1chira augura que esta experiencia sea enriquecedora para todos los participantes, permiti\u00e9ndoles crecer de manera integral y formarse como mejores seres humanos y profesionales de calidad, promoviendo el respeto, el entendimiento y la cultura del di\u00e1logo.<\/p>\n<p style=\"font-weight: 400; text-align: left;\"><strong><em>Los Comit\u00e9s propuestos para esta edici\u00f3n<\/em><\/strong><\/p>\n<p style=\"font-weight: 400; text-align: left;\">En seis comit\u00e9s estar\u00e1 organizada esta edici\u00f3n, tal como la Cumbre del G20, donde se tratar\u00e1n temas de la democratizaci\u00f3n de las finanzas globales y medidas para asegurar la seguridad alimentaria.<\/p>\n<p style=\"font-weight: 400; text-align: justify;\">\u00a0Asimismo, la participaci\u00f3n en la ONU Mujeres abordar\u00e1 temas de gran importancia como la situaci\u00f3n de la Rep\u00fablica Isl\u00e1mica de Ir\u00e1n, los mecanismos para impulsar la participaci\u00f3n pol\u00edtica de mujeres y la ley org\u00e1nica de garant\u00eda integral de la libertad sexual. Del mismo modo, la presencia en ECOSOC permitir\u00e1 explorar temas sobre el futuro de las inteligencias artificiales y su impacto econ\u00f3mico y social, as\u00ed como la evaluaci\u00f3n del impacto de las sanciones econ\u00f3micas a Rusia.<\/p>\n<p style=\"font-weight: 400; text-align: justify;\">Por otro lado, ACNUR tratar\u00e1 temas sobre c\u00f3mo acabar con la ap\u00e1trida campa\u00f1a #IBELONG y la garant\u00eda humanitaria fundamental del ni\u00f1o en migraciones irregulares. La participaci\u00f3n en la Corte Interamericana de Derechos Humanos permitir\u00e1 conocer el caso de los estados de Ecuador, Panam\u00e1 y Venezuela vs Colombia, mientras que la Prensa UCATMUN cubrir\u00e1 el trabajo de los diversos comit\u00e9s como reporteros de la Agencia Central de Noticias.<\/p>\n<p style=\"font-weight: 400;\">\u00a0(<strong>PrensaUCAT<\/strong>)<\/p>\n","protected":false},"excerpt":{"rendered":"<p>En un emotivo acto de apertura, la Universidad Cat\u00f3lica del T\u00e1chira dio la bienvenida a la D\u00e9cima Edici\u00f3n del Modelo de las Naciones Unidas \u201cUCATMUN\u201d, este 16 de noviembre en las instalaciones del auditorio de la sede Loma del Tejar en Barrio Obrero, un evento que re\u00fane a estudiantes de diversas regiones del pa\u00eds para<\/p>\n","protected":false},"author":23,"featured_media":11976,"comment_status":"closed","ping_status":"closed","sticky":false,"template":"","format":"standard","meta":[],"categories":[3],"tags":[],"yoast_head":"<!-- This site is optimized with the Yoast SEO plugin v19.2 - https:\/\/yoast.com\/wordpress\/plugins\/seo\/ -->\n<title>Aperturaron D\u00e9cima Edici\u00f3n del UCATMUN: \u201cEncuentro, Di\u00e1logo y Compromiso por el Bien Com\u00fan\u201d - Universidad Cat\u00f3lica del T\u00e1chira<\/title>\n<meta name=\"robots\" content=\"index, follow, max-snippet:-1, max-image-preview:large, max-video-preview:-1\" \/>\n<link rel=\"canonical\" href=\"https:\/\/www.ucat.edu.ve\/web\/aperturaron-decima-edicion-del-ucatmun-encuentro-dialogo-y-compromiso-por-el-bien-comun\/\" \/>\n<meta property=\"og:locale\" content=\"es_ES\" \/>\n<meta property=\"og:type\" content=\"article\" \/>\n<meta property=\"og:title\" content=\"Aperturaron D\u00e9cima Edici\u00f3n del UCATMUN: \u201cEncuentro, Di\u00e1logo y Compromiso por el Bien Com\u00fan\u201d - Universidad Cat\u00f3lica del T\u00e1chira\" \/>\n<meta property=\"og:description\" content=\"En un emotivo acto de apertura, la Universidad Cat\u00f3lica del T\u00e1chira dio la bienvenida a la D\u00e9cima Edici\u00f3n del Modelo de las Naciones Unidas \u201cUCATMUN\u201d, este 16 de noviembre en las instalaciones del auditorio de la sede Loma del Tejar en Barrio Obrero, un evento que re\u00fane a estudiantes de diversas regiones del pa\u00eds para\" \/>\n<meta property=\"og:url\" content=\"https:\/\/www.ucat.edu.ve\/web\/aperturaron-decima-edicion-del-ucatmun-encuentro-dialogo-y-compromiso-por-el-bien-comun\/\" \/>\n<meta property=\"og:site_name\" content=\"Universidad Cat\u00f3lica del T\u00e1chira\" \/>\n<meta property=\"article:publisher\" content=\"https:\/\/www.facebook.com\/notiucat\/\" \/>\n<meta property=\"article:published_time\" content=\"2023-11-17T13:19:50+00:00\" \/>\n<meta property=\"og:image\" content=\"https:\/\/www.ucat.edu.ve\/web\/wp-content\/uploads\/2023\/11\/Noticia-UCAT-Aperturaron-Decima-Edicion-del-UCATMUN-Encuentro-Dialogo-y-Compromiso-por-el-Bien-Comun.png\" \/>\n\t<meta property=\"og:image:width\" content=\"1086\" \/>\n\t<meta property=\"og:image:height\" content=\"671\" \/>\n\t<meta property=\"og:image:type\" content=\"image\/png\" \/>\n<meta name=\"author\" content=\"Secretaria General\" \/>\n<meta name=\"twitter:card\" content=\"summary_large_image\" \/>\n<meta name=\"twitter:creator\" content=\"@notiucat\" \/>\n<meta name=\"twitter:site\" content=\"@notiucat\" \/>\n<meta name=\"twitter:label1\" content=\"Written by\" \/>\n\t<meta name=\"twitter:data1\" content=\"Secretaria General\" \/>\n\t<meta name=\"twitter:label2\" content=\"Est. reading time\" \/>\n\t<meta name=\"twitter:data2\" content=\"3 minutos\" \/>\n<script type=\"application\/ld+json\" class=\"yoast-schema-graph\">{\"@context\":\"https:\/\/schema.org\",\"@graph\":[{\"@type\":\"Organization\",\"@id\":\"https:\/\/www.ucat.edu.ve\/web\/#organization\",\"name\":\"Universidad Cat\u00f3lica Del T\u00e1chira UCAT\",\"url\":\"https:\/\/www.ucat.edu.ve\/web\/\",\"sameAs\":[\"https:\/\/www.instagram.com\/notiucat\/\",\"https:\/\/www.youtube.com\/channel\/UCwEbYSB1R9fzlII-8dcxuYA?view_as=subscriber\",\"https:\/\/www.facebook.com\/notiucat\/\",\"https:\/\/twitter.com\/notiucat\"],\"logo\":{\"@type\":\"ImageObject\",\"inLanguage\":\"es-ES\",\"@id\":\"https:\/\/www.ucat.edu.ve\/web\/#\/schema\/logo\/image\/\",\"url\":\"https:\/\/www.ucat.edu.ve\/web\/wp-content\/uploads\/2015\/07\/logoucat.gif\",\"contentUrl\":\"https:\/\/www.ucat.edu.ve\/web\/wp-content\/uploads\/2015\/07\/logoucat.gif\",\"width\":219,\"height\":155,\"caption\":\"Universidad Cat\u00f3lica Del T\u00e1chira UCAT\"},\"image\":{\"@id\":\"https:\/\/www.ucat.edu.ve\/web\/#\/schema\/logo\/image\/\"}},{\"@type\":\"WebSite\",\"@id\":\"https:\/\/www.ucat.edu.ve\/web\/#website\",\"url\":\"https:\/\/www.ucat.edu.ve\/web\/\",\"name\":\"Universidad Cat\u00f3lica del T\u00e1chira\",\"description\":\"\",\"publisher\":{\"@id\":\"https:\/\/www.ucat.edu.ve\/web\/#organization\"},\"potentialAction\":[{\"@type\":\"SearchAction\",\"target\":{\"@type\":\"EntryPoint\",\"urlTemplate\":\"https:\/\/www.ucat.edu.ve\/web\/?s={search_term_string}\"},\"query-input\":\"required name=search_term_string\"}],\"inLanguage\":\"es-ES\"},{\"@type\":\"ImageObject\",\"inLanguage\":\"es-ES\",\"@id\":\"https:\/\/www.ucat.edu.ve\/web\/aperturaron-decima-edicion-del-ucatmun-encuentro-dialogo-y-compromiso-por-el-bien-comun\/#primaryimage\",\"url\":\"https:\/\/www.ucat.edu.ve\/web\/wp-content\/uploads\/2023\/11\/Noticia-UCAT-Aperturaron-Decima-Edicion-del-UCATMUN-Encuentro-Dialogo-y-Compromiso-por-el-Bien-Comun.png\",\"contentUrl\":\"https:\/\/www.ucat.edu.ve\/web\/wp-content\/uploads\/2023\/11\/Noticia-UCAT-Aperturaron-Decima-Edicion-del-UCATMUN-Encuentro-Dialogo-y-Compromiso-por-el-Bien-Comun.png\",\"width\":1086,\"height\":671},{\"@type\":\"WebPage\",\"@id\":\"https:\/\/www.ucat.edu.ve\/web\/aperturaron-decima-edicion-del-ucatmun-encuentro-dialogo-y-compromiso-por-el-bien-comun\/#webpage\",\"url\":\"https:\/\/www.ucat.edu.ve\/web\/aperturaron-decima-edicion-del-ucatmun-encuentro-dialogo-y-compromiso-por-el-bien-comun\/\",\"name\":\"Aperturaron D\u00e9cima Edici\u00f3n del UCATMUN: \u201cEncuentro, Di\u00e1logo y Compromiso por el Bien Com\u00fan\u201d - Universidad Cat\u00f3lica del T\u00e1chira\",\"isPartOf\":{\"@id\":\"https:\/\/www.ucat.edu.ve\/web\/#website\"},\"primaryImageOfPage\":{\"@id\":\"https:\/\/www.ucat.edu.ve\/web\/aperturaron-decima-edicion-del-ucatmun-encuentro-dialogo-y-compromiso-por-el-bien-comun\/#primaryimage\"},\"datePublished\":\"2023-11-17T13:19:50+00:00\",\"dateModified\":\"2023-11-17T13:19:50+00:00\",\"breadcrumb\":{\"@id\":\"https:\/\/www.ucat.edu.ve\/web\/aperturaron-decima-edicion-del-ucatmun-encuentro-dialogo-y-compromiso-por-el-bien-comun\/#breadcrumb\"},\"inLanguage\":\"es-ES\",\"potentialAction\":[{\"@type\":\"ReadAction\",\"target\":[\"https:\/\/www.ucat.edu.ve\/web\/aperturaron-decima-edicion-del-ucatmun-encuentro-dialogo-y-compromiso-por-el-bien-comun\/\"]}]},{\"@type\":\"BreadcrumbList\",\"@id\":\"https:\/\/www.ucat.edu.ve\/web\/aperturaron-decima-edicion-del-ucatmun-encuentro-dialogo-y-compromiso-por-el-bien-comun\/#breadcrumb\",\"itemListElement\":[{\"@type\":\"ListItem\",\"position\":1,\"name\":\"Home\",\"item\":\"https:\/\/www.ucat.edu.ve\/web\/\"},{\"@type\":\"ListItem\",\"position\":2,\"name\":\"Aperturaron D\u00e9cima Edici\u00f3n del UCATMUN: \u201cEncuentro, Di\u00e1logo y Compromiso por el Bien Com\u00fan\u201d\"}]},{\"@type\":\"Article\",\"@id\":\"https:\/\/www.ucat.edu.ve\/web\/aperturaron-decima-edicion-del-ucatmun-encuentro-dialogo-y-compromiso-por-el-bien-comun\/#article\",\"isPartOf\":{\"@id\":\"https:\/\/www.ucat.edu.ve\/web\/aperturaron-decima-edicion-del-ucatmun-encuentro-dialogo-y-compromiso-por-el-bien-comun\/#webpage\"},\"author\":{\"name\":\"Secretaria General\",\"@id\":\"https:\/\/www.ucat.edu.ve\/web\/#\/schema\/person\/e90fe655adf97bd5c1dbc608855d16cf\"},\"headline\":\"Aperturaron D\u00e9cima Edici\u00f3n del UCATMUN: \u201cEncuentro, Di\u00e1logo y Compromiso por el Bien Com\u00fan\u201d\",\"datePublished\":\"2023-11-17T13:19:50+00:00\",\"dateModified\":\"2023-11-17T13:19:50+00:00\",\"mainEntityOfPage\":{\"@id\":\"https:\/\/www.ucat.edu.ve\/web\/aperturaron-decima-edicion-del-ucatmun-encuentro-dialogo-y-compromiso-por-el-bien-comun\/#webpage\"},\"wordCount\":593,\"publisher\":{\"@id\":\"https:\/\/www.ucat.edu.ve\/web\/#organization\"},\"image\":{\"@id\":\"https:\/\/www.ucat.edu.ve\/web\/aperturaron-decima-edicion-del-ucatmun-encuentro-dialogo-y-compromiso-por-el-bien-comun\/#primaryimage\"},\"thumbnailUrl\":\"https:\/\/www.ucat.edu.ve\/web\/wp-content\/uploads\/2023\/11\/Noticia-UCAT-Aperturaron-Decima-Edicion-del-UCATMUN-Encuentro-Dialogo-y-Compromiso-por-el-Bien-Comun.png\",\"articleSection\":[\"Noticias\"],\"inLanguage\":\"es-ES\"},{\"@type\":\"Person\",\"@id\":\"https:\/\/www.ucat.edu.ve\/web\/#\/schema\/person\/e90fe655adf97bd5c1dbc608855d16cf\",\"name\":\"Secretaria General\",\"url\":\"https:\/\/www.ucat.edu.ve\/web\/author\/secgeucat\/\"}]}<\/script>\n<!-- \/ Yoast SEO plugin. -->","yoast_head_json":{"title":"Aperturaron D\u00e9cima Edici\u00f3n del UCATMUN: \u201cEncuentro, Di\u00e1logo y Compromiso por el Bien Com\u00fan\u201d - Universidad Cat\u00f3lica del T\u00e1chira","robots":{"index":"index","follow":"follow","max-snippet":"max-snippet:-1","max-image-preview":"max-image-preview:large","max-video-preview":"max-video-preview:-1"},"canonical":"https:\/\/www.ucat.edu.ve\/web\/aperturaron-decima-edicion-del-ucatmun-encuentro-dialogo-y-compromiso-por-el-bien-comun\/","og_locale":"es_ES","og_type":"article","og_title":"Aperturaron D\u00e9cima Edici\u00f3n del UCATMUN: \u201cEncuentro, Di\u00e1logo y Compromiso por el Bien Com\u00fan\u201d - Universidad Cat\u00f3lica del T\u00e1chira","og_description":"En un emotivo acto de apertura, la Universidad Cat\u00f3lica del T\u00e1chira dio la bienvenida a la D\u00e9cima Edici\u00f3n del Modelo de las Naciones Unidas \u201cUCATMUN\u201d, este 16 de noviembre en las instalaciones del auditorio de la sede Loma del Tejar en Barrio Obrero, un evento que re\u00fane a estudiantes de diversas regiones del pa\u00eds para","og_url":"https:\/\/www.ucat.edu.ve\/web\/aperturaron-decima-edicion-del-ucatmun-encuentro-dialogo-y-compromiso-por-el-bien-comun\/","og_site_name":"Universidad Cat\u00f3lica del T\u00e1chira","article_publisher":"https:\/\/www.facebook.com\/notiucat\/","article_published_time":"2023-11-17T13:19:50+00:00","og_image":[{"width":1086,"height":671,"url":"https:\/\/www.ucat.edu.ve\/web\/wp-content\/uploads\/2023\/11\/Noticia-UCAT-Aperturaron-Decima-Edicion-del-UCATMUN-Encuentro-Dialogo-y-Compromiso-por-el-Bien-Comun.png","type":"image\/png"}],"author":"Secretaria General","twitter_card":"summary_large_image","twitter_creator":"@notiucat","twitter_site":"@notiucat","twitter_misc":{"Written by":"Secretaria General","Est. reading time":"3 minutos"},"schema":{"@context":"https:\/\/schema.org","@graph":[{"@type":"Organization","@id":"https:\/\/www.ucat.edu.ve\/web\/#organization","name":"Universidad Cat\u00f3lica Del T\u00e1chira UCAT","url":"https:\/\/www.ucat.edu.ve\/web\/","sameAs":["https:\/\/www.instagram.com\/notiucat\/","https:\/\/www.youtube.com\/channel\/UCwEbYSB1R9fzlII-8dcxuYA?view_as=subscriber","https:\/\/www.facebook.com\/notiucat\/","https:\/\/twitter.com\/notiucat"],"logo":{"@type":"ImageObject","inLanguage":"es-ES","@id":"https:\/\/www.ucat.edu.ve\/web\/#\/schema\/logo\/image\/","url":"https:\/\/www.ucat.edu.ve\/web\/wp-content\/uploads\/2015\/07\/logoucat.gif","contentUrl":"https:\/\/www.ucat.edu.ve\/web\/wp-content\/uploads\/2015\/07\/logoucat.gif","width":219,"height":155,"caption":"Universidad Cat\u00f3lica Del T\u00e1chira UCAT"},"image":{"@id":"https:\/\/www.ucat.edu.ve\/web\/#\/schema\/logo\/image\/"}},{"@type":"WebSite","@id":"https:\/\/www.ucat.edu.ve\/web\/#website","url":"https:\/\/www.ucat.edu.ve\/web\/","name":"Universidad Cat\u00f3lica del T\u00e1chira","description":"","publisher":{"@id":"https:\/\/www.ucat.edu.ve\/web\/#organization"},"potentialAction":[{"@type":"SearchAction","target":{"@type":"EntryPoint","urlTemplate":"https:\/\/www.ucat.edu.ve\/web\/?s={search_term_string}"},"query-input":"required name=search_term_string"}],"inLanguage":"es-ES"},{"@type":"ImageObject","inLanguage":"es-ES","@id":"https:\/\/www.ucat.edu.ve\/web\/aperturaron-decima-edicion-del-ucatmun-encuentro-dialogo-y-compromiso-por-el-bien-comun\/#primaryimage","url":"https:\/\/www.ucat.edu.ve\/web\/wp-content\/uploads\/2023\/11\/Noticia-UCAT-Aperturaron-Decima-Edicion-del-UCATMUN-Encuentro-Dialogo-y-Compromiso-por-el-Bien-Comun.png","contentUrl":"https:\/\/www.ucat.edu.ve\/web\/wp-content\/uploads\/2023\/11\/Noticia-UCAT-Aperturaron-Decima-Edicion-del-UCATMUN-Encuentro-Dialogo-y-Compromiso-por-el-Bien-Comun.png","width":1086,"height":671},{"@type":"WebPage","@id":"https:\/\/www.ucat.edu.ve\/web\/aperturaron-decima-edicion-del-ucatmun-encuentro-dialogo-y-compromiso-por-el-bien-comun\/#webpage","url":"https:\/\/www.ucat.edu.ve\/web\/aperturaron-decima-edicion-del-ucatmun-encuentro-dialogo-y-compromiso-por-el-bien-comun\/","name":"Aperturaron D\u00e9cima Edici\u00f3n del UCATMUN: \u201cEncuentro, Di\u00e1logo y Compromiso por el Bien Com\u00fan\u201d - Universidad Cat\u00f3lica del T\u00e1chira","isPartOf":{"@id":"https:\/\/www.ucat.edu.ve\/web\/#website"},"primaryImageOfPage":{"@id":"https:\/\/www.ucat.edu.ve\/web\/aperturaron-decima-edicion-del-ucatmun-encuentro-dialogo-y-compromiso-por-el-bien-comun\/#primaryimage"},"datePublished":"2023-11-17T13:19:50+00:00","dateModified":"2023-11-17T13:19:50+00:00","breadcrumb":{"@id":"https:\/\/www.ucat.edu.ve\/web\/aperturaron-decima-edicion-del-ucatmun-encuentro-dialogo-y-compromiso-por-el-bien-comun\/#breadcrumb"},"inLanguage":"es-ES","potentialAction":[{"@type":"ReadAction","target":["https:\/\/www.ucat.edu.ve\/web\/aperturaron-decima-edicion-del-ucatmun-encuentro-dialogo-y-compromiso-por-el-bien-comun\/"]}]},{"@type":"BreadcrumbList","@id":"https:\/\/www.ucat.edu.ve\/web\/aperturaron-decima-edicion-del-ucatmun-encuentro-dialogo-y-compromiso-por-el-bien-comun\/#breadcrumb","itemListElement":[{"@type":"ListItem","position":1,"name":"Home","item":"https:\/\/www.ucat.edu.ve\/web\/"},{"@type":"ListItem","position":2,"name":"Aperturaron D\u00e9cima Edici\u00f3n del UCATMUN: \u201cEncuentro, Di\u00e1logo y Compromiso por el Bien Com\u00fan\u201d"}]},{"@type":"Article","@id":"https:\/\/www.ucat.edu.ve\/web\/aperturaron-decima-edicion-del-ucatmun-encuentro-dialogo-y-compromiso-por-el-bien-comun\/#article","isPartOf":{"@id":"https:\/\/www.ucat.edu.ve\/web\/aperturaron-decima-edicion-del-ucatmun-encuentro-dialogo-y-compromiso-por-el-bien-comun\/#webpage"},"author":{"name":"Secretaria General","@id":"https:\/\/www.ucat.edu.ve\/web\/#\/schema\/person\/e90fe655adf97bd5c1dbc608855d16cf"},"headline":"Aperturaron D\u00e9cima Edici\u00f3n del UCATMUN: \u201cEncuentro, Di\u00e1logo y Compromiso por el Bien Com\u00fan\u201d","datePublished":"2023-11-17T13:19:50+00:00","dateModified":"2023-11-17T13:19:50+00:00","mainEntityOfPage":{"@id":"https:\/\/www.ucat.edu.ve\/web\/aperturaron-decima-edicion-del-ucatmun-encuentro-dialogo-y-compromiso-por-el-bien-comun\/#webpage"},"wordCount":593,"publisher":{"@id":"https:\/\/www.ucat.edu.ve\/web\/#organization"},"image":{"@id":"https:\/\/www.ucat.edu.ve\/web\/aperturaron-decima-edicion-del-ucatmun-encuentro-dialogo-y-compromiso-por-el-bien-comun\/#primaryimage"},"thumbnailUrl":"https:\/\/www.ucat.edu.ve\/web\/wp-content\/uploads\/2023\/11\/Noticia-UCAT-Aperturaron-Decima-Edicion-del-UCATMUN-Encuentro-Dialogo-y-Compromiso-por-el-Bien-Comun.png","articleSection":["Noticias"],"inLanguage":"es-ES"},{"@type":"Person","@id":"https:\/\/www.ucat.edu.ve\/web\/#\/schema\/person\/e90fe655adf97bd5c1dbc608855d16cf","name":"Secretaria General","url":"https:\/\/www.ucat.edu.ve\/web\/author\/secgeucat\/"}]}},"_links":{"self":[{"href":"https:\/\/www.ucat.edu.ve\/web\/wp-json\/wp\/v2\/posts\/11975"}],"collection":[{"href":"https:\/\/www.ucat.edu.ve\/web\/wp-json\/wp\/v2\/posts"}],"about":[{"href":"https:\/\/www.ucat.edu.ve\/web\/wp-json\/wp\/v2\/types\/post"}],"author":[{"embeddable":true,"href":"https:\/\/www.ucat.edu.ve\/web\/wp-json\/wp\/v2\/users\/23"}],"replies":[{"embeddable":true,"href":"https:\/\/www.ucat.edu.ve\/web\/wp-json\/wp\/v2\/comments?post=11975"}],"version-history":[{"count":1,"href":"https:\/\/www.ucat.edu.ve\/web\/wp-json\/wp\/v2\/posts\/11975\/revisions"}],"predecessor-version":[{"id":11977,"href":"https:\/\/www.ucat.edu.ve\/web\/wp-json\/wp\/v2\/posts\/11975\/revisions\/11977"}],"wp:featuredmedia":[{"embeddable":true,"href":"https:\/\/www.ucat.edu.ve\/web\/wp-json\/wp\/v2\/media\/11976"}],"wp:attachment":[{"href":"https:\/\/www.ucat.edu.ve\/web\/wp-json\/wp\/v2\/media?parent=11975"}],"wp:term":[{"taxonomy":"category","embeddable":true,"href":"https:\/\/www.ucat.edu.ve\/web\/wp-json\/wp\/v2\/categories?post=11975"},{"taxonomy":"post_tag","embeddable":true,"href":"https:\/\/www.ucat.edu.ve\/web\/wp-json\/wp\/v2\/tags?post=11975"}],"curies":[{"name":"wp","href":"https:\/\/api.w.org\/{rel}","templated":true}]}}