 {"id":12091,"date":"2023-12-04T12:34:44","date_gmt":"2023-12-04T12:34:44","guid":{"rendered":"https:\/\/www.ucat.edu.ve\/web\/?p=12091"},"modified":"2023-12-04T12:34:44","modified_gmt":"2023-12-04T12:34:44","slug":"profesor-de-la-ucat-co-coordina-obra-sobre-derecho-administrativo-y-corrupcion","status":"publish","type":"post","link":"https:\/\/www.ucat.edu.ve\/web\/profesor-de-la-ucat-co-coordina-obra-sobre-derecho-administrativo-y-corrupcion\/","title":{"rendered":"Profesor de la UCAT co-coordina obra sobre Derecho Administrativo y corrupci\u00f3n"},"content":{"rendered":"<p style=\"text-align: center;\"><img loading=\"lazy\" class=\"alignnone size-medium wp-image-12092\" src=\"https:\/\/www.ucat.edu.ve\/web\/wp-content\/uploads\/2023\/12\/Noticia-UCAT_Profesor-de-la-UCAT-co-coordina-obra-sobre-Derecho-Administrativo-y-corrupcion-521x322.png\" alt=\"\" width=\"521\" height=\"322\" srcset=\"https:\/\/www.ucat.edu.ve\/web\/wp-content\/uploads\/2023\/12\/Noticia-UCAT_Profesor-de-la-UCAT-co-coordina-obra-sobre-Derecho-Administrativo-y-corrupcion-521x322.png 521w, https:\/\/www.ucat.edu.ve\/web\/wp-content\/uploads\/2023\/12\/Noticia-UCAT_Profesor-de-la-UCAT-co-coordina-obra-sobre-Derecho-Administrativo-y-corrupcion-340x210.png 340w, https:\/\/www.ucat.edu.ve\/web\/wp-content\/uploads\/2023\/12\/Noticia-UCAT_Profesor-de-la-UCAT-co-coordina-obra-sobre-Derecho-Administrativo-y-corrupcion.png 1086w\" sizes=\"(max-width: 521px) 100vw, 521px\" \/><\/p>\n<p style=\"font-weight: 400; text-align: justify;\">El profesor e investigador de la Universidad Cat\u00f3lica del T\u00e1chira (UCAT), Mauricio R. Pern\u00eda-Reyes, ha participado junto a Jessica Vivas Roso (AVEDA), en la coordinaci\u00f3n de la obra colectiva &#8220;El rol del Derecho Administrativo en la lucha contra la corrupci\u00f3n. Reflexiones, aportes y propuestas de mejora&#8221;. La obra ha sido editada por la Asociaci\u00f3n Venezolana de Derecho Administrativo y el Centro de Estudios sobre Control Fiscal, y fue publicada el 15 de noviembre.<\/p>\n<p style=\"text-align: justify;\">La obra est\u00e1 estructurada en tres partes: &#8220;Corrupci\u00f3n y Derecho Administrativo&#8221;, &#8220;Corrupci\u00f3n en las Contrataciones P\u00fablicas y el rol del Derecho Administrativo en su prevenci\u00f3n&#8221;, y &#8220;Herramientas en la lucha contra la corrupci\u00f3n&#8221;. Cuenta con la participaci\u00f3n de destacados investigadores de Argentina, Espa\u00f1a, M\u00e9xico, Uruguay y Venezuela.<\/p>\n<p style=\"text-align: left;\"><strong><em>La perspectiva iberoamericana del Derecho Administrativo en la prevenci\u00f3n de la corrupci\u00f3n<\/em><\/strong><\/p>\n<p style=\"text-align: justify;\">Desde una perspectiva iberoamericana, la obra promueve la transparencia, el acceso a la informaci\u00f3n p\u00fablica, la rendici\u00f3n de cuentas y las buenas pr\u00e1cticas en la gesti\u00f3n p\u00fablica. Con 239 p\u00e1ginas, la coedici\u00f3n de la Asociaci\u00f3n Venezolana de Derecho Administrativo y el Centro de Estudios sobre Control Fiscal se convierte en un referente para la prevenci\u00f3n de la corrupci\u00f3n en la regi\u00f3n.<\/p>\n<p style=\"text-align: justify;\">La presentaci\u00f3n de la obra ser\u00e1 en el Aula Brewer-Car\u00edas de la Fundaci\u00f3n de Estudios de Derecho Administrativo y Universitas Fundaci\u00f3n para enero de 2024. Este evento se convierte en una oportunidad para reflexionar sobre la importancia del Derecho Administrativo en la lucha contra la corrupci\u00f3n, y para conocer de primera mano las propuestas y aportes de los investigadores que han participado en la obra.<\/p>\n<p>(<strong>PrensaUCAT<\/strong>)<\/p>\n","protected":false},"excerpt":{"rendered":"<p>El profesor e investigador de la Universidad Cat\u00f3lica del T\u00e1chira (UCAT), Mauricio R. Pern\u00eda-Reyes, ha participado junto a Jessica Vivas Roso (AVEDA), en la coordinaci\u00f3n de la obra colectiva &#8220;El rol del Derecho Administrativo en la lucha contra la corrupci\u00f3n. Reflexiones, aportes y propuestas de mejora&#8221;. La obra ha sido editada por la Asociaci\u00f3n Venezolana<\/p>\n","protected":false},"author":23,"featured_media":12092,"comment_status":"closed","ping_status":"closed","sticky":false,"template":"","format":"standard","meta":[],"categories":[3],"tags":[],"yoast_head":"<!-- This site is optimized with the Yoast SEO plugin v19.2 - https:\/\/yoast.com\/wordpress\/plugins\/seo\/ -->\n<title>Profesor de la UCAT co-coordina obra sobre Derecho Administrativo y corrupci\u00f3n - Universidad Cat\u00f3lica del T\u00e1chira<\/title>\n<meta name=\"robots\" content=\"index, follow, max-snippet:-1, max-image-preview:large, max-video-preview:-1\" \/>\n<link rel=\"canonical\" href=\"https:\/\/www.ucat.edu.ve\/web\/profesor-de-la-ucat-co-coordina-obra-sobre-derecho-administrativo-y-corrupcion\/\" \/>\n<meta property=\"og:locale\" content=\"es_ES\" \/>\n<meta property=\"og:type\" content=\"article\" \/>\n<meta property=\"og:title\" content=\"Profesor de la UCAT co-coordina obra sobre Derecho Administrativo y corrupci\u00f3n - Universidad Cat\u00f3lica del T\u00e1chira\" \/>\n<meta property=\"og:description\" content=\"El profesor e investigador de la Universidad Cat\u00f3lica del T\u00e1chira (UCAT), Mauricio R. Pern\u00eda-Reyes, ha participado junto a Jessica Vivas Roso (AVEDA), en la coordinaci\u00f3n de la obra colectiva &#8220;El rol del Derecho Administrativo en la lucha contra la corrupci\u00f3n. Reflexiones, aportes y propuestas de mejora&#8221;. La obra ha sido editada por la Asociaci\u00f3n Venezolana\" \/>\n<meta property=\"og:url\" content=\"https:\/\/www.ucat.edu.ve\/web\/profesor-de-la-ucat-co-coordina-obra-sobre-derecho-administrativo-y-corrupcion\/\" \/>\n<meta property=\"og:site_name\" content=\"Universidad Cat\u00f3lica del T\u00e1chira\" \/>\n<meta property=\"article:publisher\" content=\"https:\/\/www.facebook.com\/notiucat\/\" \/>\n<meta property=\"article:published_time\" content=\"2023-12-04T12:34:44+00:00\" \/>\n<meta property=\"og:image\" content=\"https:\/\/www.ucat.edu.ve\/web\/wp-content\/uploads\/2023\/12\/Noticia-UCAT_Profesor-de-la-UCAT-co-coordina-obra-sobre-Derecho-Administrativo-y-corrupcion.png\" \/>\n\t<meta property=\"og:image:width\" content=\"1086\" \/>\n\t<meta property=\"og:image:height\" content=\"671\" \/>\n\t<meta property=\"og:image:type\" content=\"image\/png\" \/>\n<meta name=\"author\" content=\"Secretaria General\" \/>\n<meta name=\"twitter:card\" content=\"summary_large_image\" \/>\n<meta name=\"twitter:creator\" content=\"@notiucat\" \/>\n<meta name=\"twitter:site\" content=\"@notiucat\" \/>\n<meta name=\"twitter:label1\" content=\"Written by\" \/>\n\t<meta name=\"twitter:data1\" content=\"Secretaria General\" \/>\n\t<meta name=\"twitter:label2\" content=\"Est. reading time\" \/>\n\t<meta name=\"twitter:data2\" content=\"1 minuto\" \/>\n<script type=\"application\/ld+json\" class=\"yoast-schema-graph\">{\"@context\":\"https:\/\/schema.org\",\"@graph\":[{\"@type\":\"Organization\",\"@id\":\"https:\/\/www.ucat.edu.ve\/web\/#organization\",\"name\":\"Universidad Cat\u00f3lica Del T\u00e1chira UCAT\",\"url\":\"https:\/\/www.ucat.edu.ve\/web\/\",\"sameAs\":[\"https:\/\/www.instagram.com\/notiucat\/\",\"https:\/\/www.youtube.com\/channel\/UCwEbYSB1R9fzlII-8dcxuYA?view_as=subscriber\",\"https:\/\/www.facebook.com\/notiucat\/\",\"https:\/\/twitter.com\/notiucat\"],\"logo\":{\"@type\":\"ImageObject\",\"inLanguage\":\"es-ES\",\"@id\":\"https:\/\/www.ucat.edu.ve\/web\/#\/schema\/logo\/image\/\",\"url\":\"https:\/\/www.ucat.edu.ve\/web\/wp-content\/uploads\/2015\/07\/logoucat.gif\",\"contentUrl\":\"https:\/\/www.ucat.edu.ve\/web\/wp-content\/uploads\/2015\/07\/logoucat.gif\",\"width\":219,\"height\":155,\"caption\":\"Universidad Cat\u00f3lica Del T\u00e1chira UCAT\"},\"image\":{\"@id\":\"https:\/\/www.ucat.edu.ve\/web\/#\/schema\/logo\/image\/\"}},{\"@type\":\"WebSite\",\"@id\":\"https:\/\/www.ucat.edu.ve\/web\/#website\",\"url\":\"https:\/\/www.ucat.edu.ve\/web\/\",\"name\":\"Universidad Cat\u00f3lica del T\u00e1chira\",\"description\":\"\",\"publisher\":{\"@id\":\"https:\/\/www.ucat.edu.ve\/web\/#organization\"},\"potentialAction\":[{\"@type\":\"SearchAction\",\"target\":{\"@type\":\"EntryPoint\",\"urlTemplate\":\"https:\/\/www.ucat.edu.ve\/web\/?s={search_term_string}\"},\"query-input\":\"required name=search_term_string\"}],\"inLanguage\":\"es-ES\"},{\"@type\":\"ImageObject\",\"inLanguage\":\"es-ES\",\"@id\":\"https:\/\/www.ucat.edu.ve\/web\/profesor-de-la-ucat-co-coordina-obra-sobre-derecho-administrativo-y-corrupcion\/#primaryimage\",\"url\":\"https:\/\/www.ucat.edu.ve\/web\/wp-content\/uploads\/2023\/12\/Noticia-UCAT_Profesor-de-la-UCAT-co-coordina-obra-sobre-Derecho-Administrativo-y-corrupcion.png\",\"contentUrl\":\"https:\/\/www.ucat.edu.ve\/web\/wp-content\/uploads\/2023\/12\/Noticia-UCAT_Profesor-de-la-UCAT-co-coordina-obra-sobre-Derecho-Administrativo-y-corrupcion.png\",\"width\":1086,\"height\":671},{\"@type\":\"WebPage\",\"@id\":\"https:\/\/www.ucat.edu.ve\/web\/profesor-de-la-ucat-co-coordina-obra-sobre-derecho-administrativo-y-corrupcion\/#webpage\",\"url\":\"https:\/\/www.ucat.edu.ve\/web\/profesor-de-la-ucat-co-coordina-obra-sobre-derecho-administrativo-y-corrupcion\/\",\"name\":\"Profesor de la UCAT co-coordina obra sobre Derecho Administrativo y corrupci\u00f3n - Universidad Cat\u00f3lica del T\u00e1chira\",\"isPartOf\":{\"@id\":\"https:\/\/www.ucat.edu.ve\/web\/#website\"},\"primaryImageOfPage\":{\"@id\":\"https:\/\/www.ucat.edu.ve\/web\/profesor-de-la-ucat-co-coordina-obra-sobre-derecho-administrativo-y-corrupcion\/#primaryimage\"},\"datePublished\":\"2023-12-04T12:34:44+00:00\",\"dateModified\":\"2023-12-04T12:34:44+00:00\",\"breadcrumb\":{\"@id\":\"https:\/\/www.ucat.edu.ve\/web\/profesor-de-la-ucat-co-coordina-obra-sobre-derecho-administrativo-y-corrupcion\/#breadcrumb\"},\"inLanguage\":\"es-ES\",\"potentialAction\":[{\"@type\":\"ReadAction\",\"target\":[\"https:\/\/www.ucat.edu.ve\/web\/profesor-de-la-ucat-co-coordina-obra-sobre-derecho-administrativo-y-corrupcion\/\"]}]},{\"@type\":\"BreadcrumbList\",\"@id\":\"https:\/\/www.ucat.edu.ve\/web\/profesor-de-la-ucat-co-coordina-obra-sobre-derecho-administrativo-y-corrupcion\/#breadcrumb\",\"itemListElement\":[{\"@type\":\"ListItem\",\"position\":1,\"name\":\"Home\",\"item\":\"https:\/\/www.ucat.edu.ve\/web\/\"},{\"@type\":\"ListItem\",\"position\":2,\"name\":\"Profesor de la UCAT co-coordina obra sobre Derecho Administrativo y corrupci\u00f3n\"}]},{\"@type\":\"Article\",\"@id\":\"https:\/\/www.ucat.edu.ve\/web\/profesor-de-la-ucat-co-coordina-obra-sobre-derecho-administrativo-y-corrupcion\/#article\",\"isPartOf\":{\"@id\":\"https:\/\/www.ucat.edu.ve\/web\/profesor-de-la-ucat-co-coordina-obra-sobre-derecho-administrativo-y-corrupcion\/#webpage\"},\"author\":{\"name\":\"Secretaria General\",\"@id\":\"https:\/\/www.ucat.edu.ve\/web\/#\/schema\/person\/e90fe655adf97bd5c1dbc608855d16cf\"},\"headline\":\"Profesor de la UCAT co-coordina obra sobre Derecho Administrativo y corrupci\u00f3n\",\"datePublished\":\"2023-12-04T12:34:44+00:00\",\"dateModified\":\"2023-12-04T12:34:44+00:00\",\"mainEntityOfPage\":{\"@id\":\"https:\/\/www.ucat.edu.ve\/web\/profesor-de-la-ucat-co-coordina-obra-sobre-derecho-administrativo-y-corrupcion\/#webpage\"},\"wordCount\":301,\"publisher\":{\"@id\":\"https:\/\/www.ucat.edu.ve\/web\/#organization\"},\"image\":{\"@id\":\"https:\/\/www.ucat.edu.ve\/web\/profesor-de-la-ucat-co-coordina-obra-sobre-derecho-administrativo-y-corrupcion\/#primaryimage\"},\"thumbnailUrl\":\"https:\/\/www.ucat.edu.ve\/web\/wp-content\/uploads\/2023\/12\/Noticia-UCAT_Profesor-de-la-UCAT-co-coordina-obra-sobre-Derecho-Administrativo-y-corrupcion.png\",\"articleSection\":[\"Noticias\"],\"inLanguage\":\"es-ES\"},{\"@type\":\"Person\",\"@id\":\"https:\/\/www.ucat.edu.ve\/web\/#\/schema\/person\/e90fe655adf97bd5c1dbc608855d16cf\",\"name\":\"Secretaria General\",\"url\":\"https:\/\/www.ucat.edu.ve\/web\/author\/secgeucat\/\"}]}<\/script>\n<!-- \/ Yoast SEO plugin. -->","yoast_head_json":{"title":"Profesor de la UCAT co-coordina obra sobre Derecho Administrativo y corrupci\u00f3n - Universidad Cat\u00f3lica del T\u00e1chira","robots":{"index":"index","follow":"follow","max-snippet":"max-snippet:-1","max-image-preview":"max-image-preview:large","max-video-preview":"max-video-preview:-1"},"canonical":"https:\/\/www.ucat.edu.ve\/web\/profesor-de-la-ucat-co-coordina-obra-sobre-derecho-administrativo-y-corrupcion\/","og_locale":"es_ES","og_type":"article","og_title":"Profesor de la UCAT co-coordina obra sobre Derecho Administrativo y corrupci\u00f3n - Universidad Cat\u00f3lica del T\u00e1chira","og_description":"El profesor e investigador de la Universidad Cat\u00f3lica del T\u00e1chira (UCAT), Mauricio R. Pern\u00eda-Reyes, ha participado junto a Jessica Vivas Roso (AVEDA), en la coordinaci\u00f3n de la obra colectiva &#8220;El rol del Derecho Administrativo en la lucha contra la corrupci\u00f3n. Reflexiones, aportes y propuestas de mejora&#8221;. La obra ha sido editada por la Asociaci\u00f3n Venezolana","og_url":"https:\/\/www.ucat.edu.ve\/web\/profesor-de-la-ucat-co-coordina-obra-sobre-derecho-administrativo-y-corrupcion\/","og_site_name":"Universidad Cat\u00f3lica del T\u00e1chira","article_publisher":"https:\/\/www.facebook.com\/notiucat\/","article_published_time":"2023-12-04T12:34:44+00:00","og_image":[{"width":1086,"height":671,"url":"https:\/\/www.ucat.edu.ve\/web\/wp-content\/uploads\/2023\/12\/Noticia-UCAT_Profesor-de-la-UCAT-co-coordina-obra-sobre-Derecho-Administrativo-y-corrupcion.png","type":"image\/png"}],"author":"Secretaria General","twitter_card":"summary_large_image","twitter_creator":"@notiucat","twitter_site":"@notiucat","twitter_misc":{"Written by":"Secretaria General","Est. reading time":"1 minuto"},"schema":{"@context":"https:\/\/schema.org","@graph":[{"@type":"Organization","@id":"https:\/\/www.ucat.edu.ve\/web\/#organization","name":"Universidad Cat\u00f3lica Del T\u00e1chira UCAT","url":"https:\/\/www.ucat.edu.ve\/web\/","sameAs":["https:\/\/www.instagram.com\/notiucat\/","https:\/\/www.youtube.com\/channel\/UCwEbYSB1R9fzlII-8dcxuYA?view_as=subscriber","https:\/\/www.facebook.com\/notiucat\/","https:\/\/twitter.com\/notiucat"],"logo":{"@type":"ImageObject","inLanguage":"es-ES","@id":"https:\/\/www.ucat.edu.ve\/web\/#\/schema\/logo\/image\/","url":"https:\/\/www.ucat.edu.ve\/web\/wp-content\/uploads\/2015\/07\/logoucat.gif","contentUrl":"https:\/\/www.ucat.edu.ve\/web\/wp-content\/uploads\/2015\/07\/logoucat.gif","width":219,"height":155,"caption":"Universidad Cat\u00f3lica Del T\u00e1chira UCAT"},"image":{"@id":"https:\/\/www.ucat.edu.ve\/web\/#\/schema\/logo\/image\/"}},{"@type":"WebSite","@id":"https:\/\/www.ucat.edu.ve\/web\/#website","url":"https:\/\/www.ucat.edu.ve\/web\/","name":"Universidad Cat\u00f3lica del T\u00e1chira","description":"","publisher":{"@id":"https:\/\/www.ucat.edu.ve\/web\/#organization"},"potentialAction":[{"@type":"SearchAction","target":{"@type":"EntryPoint","urlTemplate":"https:\/\/www.ucat.edu.ve\/web\/?s={search_term_string}"},"query-input":"required name=search_term_string"}],"inLanguage":"es-ES"},{"@type":"ImageObject","inLanguage":"es-ES","@id":"https:\/\/www.ucat.edu.ve\/web\/profesor-de-la-ucat-co-coordina-obra-sobre-derecho-administrativo-y-corrupcion\/#primaryimage","url":"https:\/\/www.ucat.edu.ve\/web\/wp-content\/uploads\/2023\/12\/Noticia-UCAT_Profesor-de-la-UCAT-co-coordina-obra-sobre-Derecho-Administrativo-y-corrupcion.png","contentUrl":"https:\/\/www.ucat.edu.ve\/web\/wp-content\/uploads\/2023\/12\/Noticia-UCAT_Profesor-de-la-UCAT-co-coordina-obra-sobre-Derecho-Administrativo-y-corrupcion.png","width":1086,"height":671},{"@type":"WebPage","@id":"https:\/\/www.ucat.edu.ve\/web\/profesor-de-la-ucat-co-coordina-obra-sobre-derecho-administrativo-y-corrupcion\/#webpage","url":"https:\/\/www.ucat.edu.ve\/web\/profesor-de-la-ucat-co-coordina-obra-sobre-derecho-administrativo-y-corrupcion\/","name":"Profesor de la UCAT co-coordina obra sobre Derecho Administrativo y corrupci\u00f3n - Universidad Cat\u00f3lica del T\u00e1chira","isPartOf":{"@id":"https:\/\/www.ucat.edu.ve\/web\/#website"},"primaryImageOfPage":{"@id":"https:\/\/www.ucat.edu.ve\/web\/profesor-de-la-ucat-co-coordina-obra-sobre-derecho-administrativo-y-corrupcion\/#primaryimage"},"datePublished":"2023-12-04T12:34:44+00:00","dateModified":"2023-12-04T12:34:44+00:00","breadcrumb":{"@id":"https:\/\/www.ucat.edu.ve\/web\/profesor-de-la-ucat-co-coordina-obra-sobre-derecho-administrativo-y-corrupcion\/#breadcrumb"},"inLanguage":"es-ES","potentialAction":[{"@type":"ReadAction","target":["https:\/\/www.ucat.edu.ve\/web\/profesor-de-la-ucat-co-coordina-obra-sobre-derecho-administrativo-y-corrupcion\/"]}]},{"@type":"BreadcrumbList","@id":"https:\/\/www.ucat.edu.ve\/web\/profesor-de-la-ucat-co-coordina-obra-sobre-derecho-administrativo-y-corrupcion\/#breadcrumb","itemListElement":[{"@type":"ListItem","position":1,"name":"Home","item":"https:\/\/www.ucat.edu.ve\/web\/"},{"@type":"ListItem","position":2,"name":"Profesor de la UCAT co-coordina obra sobre Derecho Administrativo y corrupci\u00f3n"}]},{"@type":"Article","@id":"https:\/\/www.ucat.edu.ve\/web\/profesor-de-la-ucat-co-coordina-obra-sobre-derecho-administrativo-y-corrupcion\/#article","isPartOf":{"@id":"https:\/\/www.ucat.edu.ve\/web\/profesor-de-la-ucat-co-coordina-obra-sobre-derecho-administrativo-y-corrupcion\/#webpage"},"author":{"name":"Secretaria General","@id":"https:\/\/www.ucat.edu.ve\/web\/#\/schema\/person\/e90fe655adf97bd5c1dbc608855d16cf"},"headline":"Profesor de la UCAT co-coordina obra sobre Derecho Administrativo y corrupci\u00f3n","datePublished":"2023-12-04T12:34:44+00:00","dateModified":"2023-12-04T12:34:44+00:00","mainEntityOfPage":{"@id":"https:\/\/www.ucat.edu.ve\/web\/profesor-de-la-ucat-co-coordina-obra-sobre-derecho-administrativo-y-corrupcion\/#webpage"},"wordCount":301,"publisher":{"@id":"https:\/\/www.ucat.edu.ve\/web\/#organization"},"image":{"@id":"https:\/\/www.ucat.edu.ve\/web\/profesor-de-la-ucat-co-coordina-obra-sobre-derecho-administrativo-y-corrupcion\/#primaryimage"},"thumbnailUrl":"https:\/\/www.ucat.edu.ve\/web\/wp-content\/uploads\/2023\/12\/Noticia-UCAT_Profesor-de-la-UCAT-co-coordina-obra-sobre-Derecho-Administrativo-y-corrupcion.png","articleSection":["Noticias"],"inLanguage":"es-ES"},{"@type":"Person","@id":"https:\/\/www.ucat.edu.ve\/web\/#\/schema\/person\/e90fe655adf97bd5c1dbc608855d16cf","name":"Secretaria General","url":"https:\/\/www.ucat.edu.ve\/web\/author\/secgeucat\/"}]}},"_links":{"self":[{"href":"https:\/\/www.ucat.edu.ve\/web\/wp-json\/wp\/v2\/posts\/12091"}],"collection":[{"href":"https:\/\/www.ucat.edu.ve\/web\/wp-json\/wp\/v2\/posts"}],"about":[{"href":"https:\/\/www.ucat.edu.ve\/web\/wp-json\/wp\/v2\/types\/post"}],"author":[{"embeddable":true,"href":"https:\/\/www.ucat.edu.ve\/web\/wp-json\/wp\/v2\/users\/23"}],"replies":[{"embeddable":true,"href":"https:\/\/www.ucat.edu.ve\/web\/wp-json\/wp\/v2\/comments?post=12091"}],"version-history":[{"count":1,"href":"https:\/\/www.ucat.edu.ve\/web\/wp-json\/wp\/v2\/posts\/12091\/revisions"}],"predecessor-version":[{"id":12093,"href":"https:\/\/www.ucat.edu.ve\/web\/wp-json\/wp\/v2\/posts\/12091\/revisions\/12093"}],"wp:featuredmedia":[{"embeddable":true,"href":"https:\/\/www.ucat.edu.ve\/web\/wp-json\/wp\/v2\/media\/12092"}],"wp:attachment":[{"href":"https:\/\/www.ucat.edu.ve\/web\/wp-json\/wp\/v2\/media?parent=12091"}],"wp:term":[{"taxonomy":"category","embeddable":true,"href":"https:\/\/www.ucat.edu.ve\/web\/wp-json\/wp\/v2\/categories?post=12091"},{"taxonomy":"post_tag","embeddable":true,"href":"https:\/\/www.ucat.edu.ve\/web\/wp-json\/wp\/v2\/tags?post=12091"}],"curies":[{"name":"wp","href":"https:\/\/api.w.org\/{rel}","templated":true}]}}