 {"id":12094,"date":"2023-12-04T12:38:42","date_gmt":"2023-12-04T12:38:42","guid":{"rendered":"https:\/\/www.ucat.edu.ve\/web\/?p=12094"},"modified":"2023-12-04T12:38:42","modified_gmt":"2023-12-04T12:38:42","slug":"ucat-presente-en-conversatorio-actores-del-desarrollo-socio-economico-de-la-frontera-colombo-venezolana","status":"publish","type":"post","link":"https:\/\/www.ucat.edu.ve\/web\/ucat-presente-en-conversatorio-actores-del-desarrollo-socio-economico-de-la-frontera-colombo-venezolana\/","title":{"rendered":"UCAT presente en Conversatorio \u201cActores del Desarrollo Socio-Econ\u00f3mico de la Frontera Colombo Venezolana\u201d"},"content":{"rendered":"<p style=\"text-align: center;\"><img loading=\"lazy\" class=\"alignnone size-medium wp-image-12095\" src=\"https:\/\/www.ucat.edu.ve\/web\/wp-content\/uploads\/2023\/12\/Noticia-UCAT_UCAT-presente-en-Conversatorio-Actores-del-Desarrollo-Socio-Economico-de-la-Frontera-Colombo-Venezolana-521x322.png\" alt=\"\" width=\"521\" height=\"322\" srcset=\"https:\/\/www.ucat.edu.ve\/web\/wp-content\/uploads\/2023\/12\/Noticia-UCAT_UCAT-presente-en-Conversatorio-Actores-del-Desarrollo-Socio-Economico-de-la-Frontera-Colombo-Venezolana-521x322.png 521w, https:\/\/www.ucat.edu.ve\/web\/wp-content\/uploads\/2023\/12\/Noticia-UCAT_UCAT-presente-en-Conversatorio-Actores-del-Desarrollo-Socio-Economico-de-la-Frontera-Colombo-Venezolana-340x210.png 340w, https:\/\/www.ucat.edu.ve\/web\/wp-content\/uploads\/2023\/12\/Noticia-UCAT_UCAT-presente-en-Conversatorio-Actores-del-Desarrollo-Socio-Economico-de-la-Frontera-Colombo-Venezolana.png 1086w\" sizes=\"(max-width: 521px) 100vw, 521px\" \/><\/p>\n<p style=\"text-align: justify;\">Este mi\u00e9rcoles 29 de noviembre, la Universidad Francisco de Paula Santander (UFPS) en la ciudad de C\u00facuta fue el escenario del conversatorio \u201cActores del Desarrollo Socio-Econ\u00f3mico de la Frontera Colombo Venezolana\u201d, organizado por la UFPS y la Alianza Acad\u00e9mica por la Frontera.<\/p>\n<p style=\"font-weight: 400; text-align: left;\">El evento cont\u00f3 con la participaci\u00f3n de m\u00e1s de 200 actores fronterizos, entre ellos el Dr. Gustavo Guar\u00edn, Asesor del ministro de Comercio Exterior de la Rep\u00fablica de Colombia, y la intervenci\u00f3n v\u00eda virtual del Sr. ministro de Colombia en Venezuela, el Dr. Milton Rengifo.<\/p>\n<p style=\"font-weight: 400; text-align: justify;\">La UCAT particip\u00f3 en el conversatorio representada por el profesor Yensy Meneses, Coordinador del Departamento de Educaci\u00f3n Continua, quien tuvo bajo su responsabilidad la mesa y la relator\u00eda de los actores sociales y culturales de la frontera. \u201cLa integraci\u00f3n Binacional y, en especial, la integraci\u00f3n del sujeto de frontera, parte de iniciativas y actividades conjuntas de cohesi\u00f3n social entre las instituciones y actores que permiten entrelazar esfuerzos y a su vez, concretar propuestas de iniciativas de pol\u00edticas p\u00fablicas. Por ello, la importancia de las universidades como eje de concertaci\u00f3n y articulaci\u00f3n de actores fronterizos\u201d, se\u00f1al\u00f3 el profesor Meneses.<\/p>\n<p style=\"text-align: justify;\">Adem\u00e1s de la UCAT, tambi\u00e9n hicieron presencia la Universidad de los Andes, la Universidad Pedag\u00f3gica Experimental Libertador, representantes de la C\u00e1mara de Industria y Comercio del Estado T\u00e1chira, empresarios del Municipio Pedro Mar\u00eda Ure\u00f1a y Municipio Bol\u00edvar, miembros de las agencias aduaneras de la frontera, quienes disertaron sobre la importancia de la flexibilizaci\u00f3n en la movilidad fronteriza como medio de integraci\u00f3n econ\u00f3mica, social, cultural y acad\u00e9mica.<\/p>\n<p style=\"font-weight: 400; text-align: justify;\">\u201cEstos eventos debemos replicarlos en este lado de la frontera. La objetividad, respeto y trayectoria de la academia la sit\u00faan como el lugar necesario e ideal para plantear las diversas iniciativas de verdadera integraci\u00f3n regional, en especial de integraci\u00f3n fronteriza, teniendo como premisa la humanizaci\u00f3n del sujeto de frontera\u201d, agreg\u00f3 el profesor Meneses.<\/p>\n<p><strong>(PrensaUCAT)<\/strong><\/p>\n","protected":false},"excerpt":{"rendered":"<p>Este mi\u00e9rcoles 29 de noviembre, la Universidad Francisco de Paula Santander (UFPS) en la ciudad de C\u00facuta fue el escenario del conversatorio \u201cActores del Desarrollo Socio-Econ\u00f3mico de la Frontera Colombo Venezolana\u201d, organizado por la UFPS y la Alianza Acad\u00e9mica por la Frontera. El evento cont\u00f3 con la participaci\u00f3n de m\u00e1s de 200 actores fronterizos, entre<\/p>\n","protected":false},"author":23,"featured_media":12095,"comment_status":"closed","ping_status":"closed","sticky":false,"template":"","format":"standard","meta":[],"categories":[3],"tags":[],"yoast_head":"<!-- This site is optimized with the Yoast SEO plugin v19.2 - https:\/\/yoast.com\/wordpress\/plugins\/seo\/ -->\n<title>UCAT presente en Conversatorio \u201cActores del Desarrollo Socio-Econ\u00f3mico de la Frontera Colombo Venezolana\u201d - Universidad Cat\u00f3lica del T\u00e1chira<\/title>\n<meta name=\"robots\" content=\"index, follow, max-snippet:-1, max-image-preview:large, max-video-preview:-1\" \/>\n<link rel=\"canonical\" href=\"https:\/\/www.ucat.edu.ve\/web\/ucat-presente-en-conversatorio-actores-del-desarrollo-socio-economico-de-la-frontera-colombo-venezolana\/\" \/>\n<meta property=\"og:locale\" content=\"es_ES\" \/>\n<meta property=\"og:type\" content=\"article\" \/>\n<meta property=\"og:title\" content=\"UCAT presente en Conversatorio \u201cActores del Desarrollo Socio-Econ\u00f3mico de la Frontera Colombo Venezolana\u201d - Universidad Cat\u00f3lica del T\u00e1chira\" \/>\n<meta property=\"og:description\" content=\"Este mi\u00e9rcoles 29 de noviembre, la Universidad Francisco de Paula Santander (UFPS) en la ciudad de C\u00facuta fue el escenario del conversatorio \u201cActores del Desarrollo Socio-Econ\u00f3mico de la Frontera Colombo Venezolana\u201d, organizado por la UFPS y la Alianza Acad\u00e9mica por la Frontera. El evento cont\u00f3 con la participaci\u00f3n de m\u00e1s de 200 actores fronterizos, entre\" \/>\n<meta property=\"og:url\" content=\"https:\/\/www.ucat.edu.ve\/web\/ucat-presente-en-conversatorio-actores-del-desarrollo-socio-economico-de-la-frontera-colombo-venezolana\/\" \/>\n<meta property=\"og:site_name\" content=\"Universidad Cat\u00f3lica del T\u00e1chira\" \/>\n<meta property=\"article:publisher\" content=\"https:\/\/www.facebook.com\/notiucat\/\" \/>\n<meta property=\"article:published_time\" content=\"2023-12-04T12:38:42+00:00\" \/>\n<meta property=\"og:image\" content=\"https:\/\/www.ucat.edu.ve\/web\/wp-content\/uploads\/2023\/12\/Noticia-UCAT_UCAT-presente-en-Conversatorio-Actores-del-Desarrollo-Socio-Economico-de-la-Frontera-Colombo-Venezolana.png\" \/>\n\t<meta property=\"og:image:width\" content=\"1086\" \/>\n\t<meta property=\"og:image:height\" content=\"671\" \/>\n\t<meta property=\"og:image:type\" content=\"image\/png\" \/>\n<meta name=\"author\" content=\"Secretaria General\" \/>\n<meta name=\"twitter:card\" content=\"summary_large_image\" \/>\n<meta name=\"twitter:creator\" content=\"@notiucat\" \/>\n<meta name=\"twitter:site\" content=\"@notiucat\" \/>\n<meta name=\"twitter:label1\" content=\"Written by\" \/>\n\t<meta name=\"twitter:data1\" content=\"Secretaria General\" \/>\n\t<meta name=\"twitter:label2\" content=\"Est. reading time\" \/>\n\t<meta name=\"twitter:data2\" content=\"2 minutos\" \/>\n<script type=\"application\/ld+json\" class=\"yoast-schema-graph\">{\"@context\":\"https:\/\/schema.org\",\"@graph\":[{\"@type\":\"Organization\",\"@id\":\"https:\/\/www.ucat.edu.ve\/web\/#organization\",\"name\":\"Universidad Cat\u00f3lica Del T\u00e1chira UCAT\",\"url\":\"https:\/\/www.ucat.edu.ve\/web\/\",\"sameAs\":[\"https:\/\/www.instagram.com\/notiucat\/\",\"https:\/\/www.youtube.com\/channel\/UCwEbYSB1R9fzlII-8dcxuYA?view_as=subscriber\",\"https:\/\/www.facebook.com\/notiucat\/\",\"https:\/\/twitter.com\/notiucat\"],\"logo\":{\"@type\":\"ImageObject\",\"inLanguage\":\"es-ES\",\"@id\":\"https:\/\/www.ucat.edu.ve\/web\/#\/schema\/logo\/image\/\",\"url\":\"https:\/\/www.ucat.edu.ve\/web\/wp-content\/uploads\/2015\/07\/logoucat.gif\",\"contentUrl\":\"https:\/\/www.ucat.edu.ve\/web\/wp-content\/uploads\/2015\/07\/logoucat.gif\",\"width\":219,\"height\":155,\"caption\":\"Universidad Cat\u00f3lica Del T\u00e1chira UCAT\"},\"image\":{\"@id\":\"https:\/\/www.ucat.edu.ve\/web\/#\/schema\/logo\/image\/\"}},{\"@type\":\"WebSite\",\"@id\":\"https:\/\/www.ucat.edu.ve\/web\/#website\",\"url\":\"https:\/\/www.ucat.edu.ve\/web\/\",\"name\":\"Universidad Cat\u00f3lica del T\u00e1chira\",\"description\":\"\",\"publisher\":{\"@id\":\"https:\/\/www.ucat.edu.ve\/web\/#organization\"},\"potentialAction\":[{\"@type\":\"SearchAction\",\"target\":{\"@type\":\"EntryPoint\",\"urlTemplate\":\"https:\/\/www.ucat.edu.ve\/web\/?s={search_term_string}\"},\"query-input\":\"required name=search_term_string\"}],\"inLanguage\":\"es-ES\"},{\"@type\":\"ImageObject\",\"inLanguage\":\"es-ES\",\"@id\":\"https:\/\/www.ucat.edu.ve\/web\/ucat-presente-en-conversatorio-actores-del-desarrollo-socio-economico-de-la-frontera-colombo-venezolana\/#primaryimage\",\"url\":\"https:\/\/www.ucat.edu.ve\/web\/wp-content\/uploads\/2023\/12\/Noticia-UCAT_UCAT-presente-en-Conversatorio-Actores-del-Desarrollo-Socio-Economico-de-la-Frontera-Colombo-Venezolana.png\",\"contentUrl\":\"https:\/\/www.ucat.edu.ve\/web\/wp-content\/uploads\/2023\/12\/Noticia-UCAT_UCAT-presente-en-Conversatorio-Actores-del-Desarrollo-Socio-Economico-de-la-Frontera-Colombo-Venezolana.png\",\"width\":1086,\"height\":671},{\"@type\":\"WebPage\",\"@id\":\"https:\/\/www.ucat.edu.ve\/web\/ucat-presente-en-conversatorio-actores-del-desarrollo-socio-economico-de-la-frontera-colombo-venezolana\/#webpage\",\"url\":\"https:\/\/www.ucat.edu.ve\/web\/ucat-presente-en-conversatorio-actores-del-desarrollo-socio-economico-de-la-frontera-colombo-venezolana\/\",\"name\":\"UCAT presente en Conversatorio \u201cActores del Desarrollo Socio-Econ\u00f3mico de la Frontera Colombo Venezolana\u201d - Universidad Cat\u00f3lica del T\u00e1chira\",\"isPartOf\":{\"@id\":\"https:\/\/www.ucat.edu.ve\/web\/#website\"},\"primaryImageOfPage\":{\"@id\":\"https:\/\/www.ucat.edu.ve\/web\/ucat-presente-en-conversatorio-actores-del-desarrollo-socio-economico-de-la-frontera-colombo-venezolana\/#primaryimage\"},\"datePublished\":\"2023-12-04T12:38:42+00:00\",\"dateModified\":\"2023-12-04T12:38:42+00:00\",\"breadcrumb\":{\"@id\":\"https:\/\/www.ucat.edu.ve\/web\/ucat-presente-en-conversatorio-actores-del-desarrollo-socio-economico-de-la-frontera-colombo-venezolana\/#breadcrumb\"},\"inLanguage\":\"es-ES\",\"potentialAction\":[{\"@type\":\"ReadAction\",\"target\":[\"https:\/\/www.ucat.edu.ve\/web\/ucat-presente-en-conversatorio-actores-del-desarrollo-socio-economico-de-la-frontera-colombo-venezolana\/\"]}]},{\"@type\":\"BreadcrumbList\",\"@id\":\"https:\/\/www.ucat.edu.ve\/web\/ucat-presente-en-conversatorio-actores-del-desarrollo-socio-economico-de-la-frontera-colombo-venezolana\/#breadcrumb\",\"itemListElement\":[{\"@type\":\"ListItem\",\"position\":1,\"name\":\"Home\",\"item\":\"https:\/\/www.ucat.edu.ve\/web\/\"},{\"@type\":\"ListItem\",\"position\":2,\"name\":\"UCAT presente en Conversatorio \u201cActores del Desarrollo Socio-Econ\u00f3mico de la Frontera Colombo Venezolana\u201d\"}]},{\"@type\":\"Article\",\"@id\":\"https:\/\/www.ucat.edu.ve\/web\/ucat-presente-en-conversatorio-actores-del-desarrollo-socio-economico-de-la-frontera-colombo-venezolana\/#article\",\"isPartOf\":{\"@id\":\"https:\/\/www.ucat.edu.ve\/web\/ucat-presente-en-conversatorio-actores-del-desarrollo-socio-economico-de-la-frontera-colombo-venezolana\/#webpage\"},\"author\":{\"name\":\"Secretaria General\",\"@id\":\"https:\/\/www.ucat.edu.ve\/web\/#\/schema\/person\/e90fe655adf97bd5c1dbc608855d16cf\"},\"headline\":\"UCAT presente en Conversatorio \u201cActores del Desarrollo Socio-Econ\u00f3mico de la Frontera Colombo Venezolana\u201d\",\"datePublished\":\"2023-12-04T12:38:42+00:00\",\"dateModified\":\"2023-12-04T12:38:42+00:00\",\"mainEntityOfPage\":{\"@id\":\"https:\/\/www.ucat.edu.ve\/web\/ucat-presente-en-conversatorio-actores-del-desarrollo-socio-economico-de-la-frontera-colombo-venezolana\/#webpage\"},\"wordCount\":353,\"publisher\":{\"@id\":\"https:\/\/www.ucat.edu.ve\/web\/#organization\"},\"image\":{\"@id\":\"https:\/\/www.ucat.edu.ve\/web\/ucat-presente-en-conversatorio-actores-del-desarrollo-socio-economico-de-la-frontera-colombo-venezolana\/#primaryimage\"},\"thumbnailUrl\":\"https:\/\/www.ucat.edu.ve\/web\/wp-content\/uploads\/2023\/12\/Noticia-UCAT_UCAT-presente-en-Conversatorio-Actores-del-Desarrollo-Socio-Economico-de-la-Frontera-Colombo-Venezolana.png\",\"articleSection\":[\"Noticias\"],\"inLanguage\":\"es-ES\"},{\"@type\":\"Person\",\"@id\":\"https:\/\/www.ucat.edu.ve\/web\/#\/schema\/person\/e90fe655adf97bd5c1dbc608855d16cf\",\"name\":\"Secretaria General\",\"url\":\"https:\/\/www.ucat.edu.ve\/web\/author\/secgeucat\/\"}]}<\/script>\n<!-- \/ Yoast SEO plugin. -->","yoast_head_json":{"title":"UCAT presente en Conversatorio \u201cActores del Desarrollo Socio-Econ\u00f3mico de la Frontera Colombo Venezolana\u201d - Universidad Cat\u00f3lica del T\u00e1chira","robots":{"index":"index","follow":"follow","max-snippet":"max-snippet:-1","max-image-preview":"max-image-preview:large","max-video-preview":"max-video-preview:-1"},"canonical":"https:\/\/www.ucat.edu.ve\/web\/ucat-presente-en-conversatorio-actores-del-desarrollo-socio-economico-de-la-frontera-colombo-venezolana\/","og_locale":"es_ES","og_type":"article","og_title":"UCAT presente en Conversatorio \u201cActores del Desarrollo Socio-Econ\u00f3mico de la Frontera Colombo Venezolana\u201d - Universidad Cat\u00f3lica del T\u00e1chira","og_description":"Este mi\u00e9rcoles 29 de noviembre, la Universidad Francisco de Paula Santander (UFPS) en la ciudad de C\u00facuta fue el escenario del conversatorio \u201cActores del Desarrollo Socio-Econ\u00f3mico de la Frontera Colombo Venezolana\u201d, organizado por la UFPS y la Alianza Acad\u00e9mica por la Frontera. El evento cont\u00f3 con la participaci\u00f3n de m\u00e1s de 200 actores fronterizos, entre","og_url":"https:\/\/www.ucat.edu.ve\/web\/ucat-presente-en-conversatorio-actores-del-desarrollo-socio-economico-de-la-frontera-colombo-venezolana\/","og_site_name":"Universidad Cat\u00f3lica del T\u00e1chira","article_publisher":"https:\/\/www.facebook.com\/notiucat\/","article_published_time":"2023-12-04T12:38:42+00:00","og_image":[{"width":1086,"height":671,"url":"https:\/\/www.ucat.edu.ve\/web\/wp-content\/uploads\/2023\/12\/Noticia-UCAT_UCAT-presente-en-Conversatorio-Actores-del-Desarrollo-Socio-Economico-de-la-Frontera-Colombo-Venezolana.png","type":"image\/png"}],"author":"Secretaria General","twitter_card":"summary_large_image","twitter_creator":"@notiucat","twitter_site":"@notiucat","twitter_misc":{"Written by":"Secretaria General","Est. reading time":"2 minutos"},"schema":{"@context":"https:\/\/schema.org","@graph":[{"@type":"Organization","@id":"https:\/\/www.ucat.edu.ve\/web\/#organization","name":"Universidad Cat\u00f3lica Del T\u00e1chira UCAT","url":"https:\/\/www.ucat.edu.ve\/web\/","sameAs":["https:\/\/www.instagram.com\/notiucat\/","https:\/\/www.youtube.com\/channel\/UCwEbYSB1R9fzlII-8dcxuYA?view_as=subscriber","https:\/\/www.facebook.com\/notiucat\/","https:\/\/twitter.com\/notiucat"],"logo":{"@type":"ImageObject","inLanguage":"es-ES","@id":"https:\/\/www.ucat.edu.ve\/web\/#\/schema\/logo\/image\/","url":"https:\/\/www.ucat.edu.ve\/web\/wp-content\/uploads\/2015\/07\/logoucat.gif","contentUrl":"https:\/\/www.ucat.edu.ve\/web\/wp-content\/uploads\/2015\/07\/logoucat.gif","width":219,"height":155,"caption":"Universidad Cat\u00f3lica Del T\u00e1chira UCAT"},"image":{"@id":"https:\/\/www.ucat.edu.ve\/web\/#\/schema\/logo\/image\/"}},{"@type":"WebSite","@id":"https:\/\/www.ucat.edu.ve\/web\/#website","url":"https:\/\/www.ucat.edu.ve\/web\/","name":"Universidad Cat\u00f3lica del T\u00e1chira","description":"","publisher":{"@id":"https:\/\/www.ucat.edu.ve\/web\/#organization"},"potentialAction":[{"@type":"SearchAction","target":{"@type":"EntryPoint","urlTemplate":"https:\/\/www.ucat.edu.ve\/web\/?s={search_term_string}"},"query-input":"required name=search_term_string"}],"inLanguage":"es-ES"},{"@type":"ImageObject","inLanguage":"es-ES","@id":"https:\/\/www.ucat.edu.ve\/web\/ucat-presente-en-conversatorio-actores-del-desarrollo-socio-economico-de-la-frontera-colombo-venezolana\/#primaryimage","url":"https:\/\/www.ucat.edu.ve\/web\/wp-content\/uploads\/2023\/12\/Noticia-UCAT_UCAT-presente-en-Conversatorio-Actores-del-Desarrollo-Socio-Economico-de-la-Frontera-Colombo-Venezolana.png","contentUrl":"https:\/\/www.ucat.edu.ve\/web\/wp-content\/uploads\/2023\/12\/Noticia-UCAT_UCAT-presente-en-Conversatorio-Actores-del-Desarrollo-Socio-Economico-de-la-Frontera-Colombo-Venezolana.png","width":1086,"height":671},{"@type":"WebPage","@id":"https:\/\/www.ucat.edu.ve\/web\/ucat-presente-en-conversatorio-actores-del-desarrollo-socio-economico-de-la-frontera-colombo-venezolana\/#webpage","url":"https:\/\/www.ucat.edu.ve\/web\/ucat-presente-en-conversatorio-actores-del-desarrollo-socio-economico-de-la-frontera-colombo-venezolana\/","name":"UCAT presente en Conversatorio \u201cActores del Desarrollo Socio-Econ\u00f3mico de la Frontera Colombo Venezolana\u201d - Universidad Cat\u00f3lica del T\u00e1chira","isPartOf":{"@id":"https:\/\/www.ucat.edu.ve\/web\/#website"},"primaryImageOfPage":{"@id":"https:\/\/www.ucat.edu.ve\/web\/ucat-presente-en-conversatorio-actores-del-desarrollo-socio-economico-de-la-frontera-colombo-venezolana\/#primaryimage"},"datePublished":"2023-12-04T12:38:42+00:00","dateModified":"2023-12-04T12:38:42+00:00","breadcrumb":{"@id":"https:\/\/www.ucat.edu.ve\/web\/ucat-presente-en-conversatorio-actores-del-desarrollo-socio-economico-de-la-frontera-colombo-venezolana\/#breadcrumb"},"inLanguage":"es-ES","potentialAction":[{"@type":"ReadAction","target":["https:\/\/www.ucat.edu.ve\/web\/ucat-presente-en-conversatorio-actores-del-desarrollo-socio-economico-de-la-frontera-colombo-venezolana\/"]}]},{"@type":"BreadcrumbList","@id":"https:\/\/www.ucat.edu.ve\/web\/ucat-presente-en-conversatorio-actores-del-desarrollo-socio-economico-de-la-frontera-colombo-venezolana\/#breadcrumb","itemListElement":[{"@type":"ListItem","position":1,"name":"Home","item":"https:\/\/www.ucat.edu.ve\/web\/"},{"@type":"ListItem","position":2,"name":"UCAT presente en Conversatorio \u201cActores del Desarrollo Socio-Econ\u00f3mico de la Frontera Colombo Venezolana\u201d"}]},{"@type":"Article","@id":"https:\/\/www.ucat.edu.ve\/web\/ucat-presente-en-conversatorio-actores-del-desarrollo-socio-economico-de-la-frontera-colombo-venezolana\/#article","isPartOf":{"@id":"https:\/\/www.ucat.edu.ve\/web\/ucat-presente-en-conversatorio-actores-del-desarrollo-socio-economico-de-la-frontera-colombo-venezolana\/#webpage"},"author":{"name":"Secretaria General","@id":"https:\/\/www.ucat.edu.ve\/web\/#\/schema\/person\/e90fe655adf97bd5c1dbc608855d16cf"},"headline":"UCAT presente en Conversatorio \u201cActores del Desarrollo Socio-Econ\u00f3mico de la Frontera Colombo Venezolana\u201d","datePublished":"2023-12-04T12:38:42+00:00","dateModified":"2023-12-04T12:38:42+00:00","mainEntityOfPage":{"@id":"https:\/\/www.ucat.edu.ve\/web\/ucat-presente-en-conversatorio-actores-del-desarrollo-socio-economico-de-la-frontera-colombo-venezolana\/#webpage"},"wordCount":353,"publisher":{"@id":"https:\/\/www.ucat.edu.ve\/web\/#organization"},"image":{"@id":"https:\/\/www.ucat.edu.ve\/web\/ucat-presente-en-conversatorio-actores-del-desarrollo-socio-economico-de-la-frontera-colombo-venezolana\/#primaryimage"},"thumbnailUrl":"https:\/\/www.ucat.edu.ve\/web\/wp-content\/uploads\/2023\/12\/Noticia-UCAT_UCAT-presente-en-Conversatorio-Actores-del-Desarrollo-Socio-Economico-de-la-Frontera-Colombo-Venezolana.png","articleSection":["Noticias"],"inLanguage":"es-ES"},{"@type":"Person","@id":"https:\/\/www.ucat.edu.ve\/web\/#\/schema\/person\/e90fe655adf97bd5c1dbc608855d16cf","name":"Secretaria General","url":"https:\/\/www.ucat.edu.ve\/web\/author\/secgeucat\/"}]}},"_links":{"self":[{"href":"https:\/\/www.ucat.edu.ve\/web\/wp-json\/wp\/v2\/posts\/12094"}],"collection":[{"href":"https:\/\/www.ucat.edu.ve\/web\/wp-json\/wp\/v2\/posts"}],"about":[{"href":"https:\/\/www.ucat.edu.ve\/web\/wp-json\/wp\/v2\/types\/post"}],"author":[{"embeddable":true,"href":"https:\/\/www.ucat.edu.ve\/web\/wp-json\/wp\/v2\/users\/23"}],"replies":[{"embeddable":true,"href":"https:\/\/www.ucat.edu.ve\/web\/wp-json\/wp\/v2\/comments?post=12094"}],"version-history":[{"count":1,"href":"https:\/\/www.ucat.edu.ve\/web\/wp-json\/wp\/v2\/posts\/12094\/revisions"}],"predecessor-version":[{"id":12096,"href":"https:\/\/www.ucat.edu.ve\/web\/wp-json\/wp\/v2\/posts\/12094\/revisions\/12096"}],"wp:featuredmedia":[{"embeddable":true,"href":"https:\/\/www.ucat.edu.ve\/web\/wp-json\/wp\/v2\/media\/12095"}],"wp:attachment":[{"href":"https:\/\/www.ucat.edu.ve\/web\/wp-json\/wp\/v2\/media?parent=12094"}],"wp:term":[{"taxonomy":"category","embeddable":true,"href":"https:\/\/www.ucat.edu.ve\/web\/wp-json\/wp\/v2\/categories?post=12094"},{"taxonomy":"post_tag","embeddable":true,"href":"https:\/\/www.ucat.edu.ve\/web\/wp-json\/wp\/v2\/tags?post=12094"}],"curies":[{"name":"wp","href":"https:\/\/api.w.org\/{rel}","templated":true}]}}