 {"id":12226,"date":"2024-01-31T12:53:41","date_gmt":"2024-01-31T12:53:41","guid":{"rendered":"https:\/\/www.ucat.edu.ve\/web\/?p=12226"},"modified":"2024-01-31T12:54:18","modified_gmt":"2024-01-31T12:54:18","slug":"taller-de-formacion-recursos-expresivos-para-la-vida-profesional","status":"publish","type":"post","link":"https:\/\/www.ucat.edu.ve\/web\/taller-de-formacion-recursos-expresivos-para-la-vida-profesional\/","title":{"rendered":"Taller de formaci\u00f3n &#8220;Recursos Expresivos para la vida Profesional&#8221;"},"content":{"rendered":"<p style=\"text-align: center\"><img loading=\"lazy\" class=\"alignnone size-medium wp-image-12227\" src=\"https:\/\/www.ucat.edu.ve\/web\/wp-content\/uploads\/2024\/01\/2024-01-22-Talleres-Artes-Escenicas-banner-521x322.jpg\" alt=\"\" width=\"521\" height=\"322\" srcset=\"https:\/\/www.ucat.edu.ve\/web\/wp-content\/uploads\/2024\/01\/2024-01-22-Talleres-Artes-Escenicas-banner-521x322.jpg 521w, https:\/\/www.ucat.edu.ve\/web\/wp-content\/uploads\/2024\/01\/2024-01-22-Talleres-Artes-Escenicas-banner-340x210.jpg 340w, https:\/\/www.ucat.edu.ve\/web\/wp-content\/uploads\/2024\/01\/2024-01-22-Talleres-Artes-Escenicas-banner.jpg 1243w\" sizes=\"(max-width: 521px) 100vw, 521px\" \/><\/p>\n<p style=\"text-align: justify\">\u201cRecursos Expresivos para la vida Profesional\u201d es un taller intensivo para potenciar nuestras condiciones naturales expresivas y adquirir herramientas t\u00e9cnicas del uso de la voz, la imagen corporal, eliminar el miedo esc\u00e9nico y tips para lograr una comunicaci\u00f3n asertiva. Dise\u00f1ado especialmente para los estudiantes ucatenses de las carreras que buscan potenciar sus habilidades y lograr un mejor desenvolvimiento en el \u00e1rea acad\u00e9mica, profesional, en las relaciones empresariales y p\u00fablicas. Tiene una duraci\u00f3n de 08 horas acad\u00e9micas desarrolladas en 4 clases.<\/p>\n<p><img loading=\"lazy\" class=\"size-full aligncenter\" src=\"https:\/\/www.ucat.edu.ve\/web\/wp-content\/uploads\/2024\/01\/2024-01-22-Talleres-Artes-Escenicas-POST.jpg\" alt=\"UCAT\" width=\"1080\" height=\"1350\" \/><\/p>\n<p style=\"text-align: justify\">El taller inicia el d\u00eda <em>martes 20 de febrero<\/em> y se realizar\u00e1 durante los 3 martes siguientes: 27 de febrero, 05 de marzo y 12 de marzo, en horario de 11:30am a 01:00pm, en los salones de Arte y Cultura de la UCAT, sede Loma del Tejar (Barrio Obrero).<\/p>\n<p style=\"text-align: justify\">Las inscripciones est\u00e1n abiertas hasta el d\u00eda lunes 19 de febrero. Para formalizar la inscripci\u00f3n, acercarse a la oficina de Arte y Cultura ubicada en la planta baja del edificio B de la sede Loma del Tejar, en las oficinas del DMU. Tambi\u00e9n puedes realizar la inscripci\u00f3n comunic\u00e1ndote con el prof. Pedro Luis Duque, a trav\u00e9s del whatsapp +58-414-7418843.<\/p>\n<p style=\"text-align: justify\">Este taller forma parte de las actividades del Programa de Artes Esc\u00e9nicas, promovido por la Coordinaci\u00f3n de Arte y Cultura de la UCAT, adscrita al Decanato del Medio Universitario.<\/p>\n<p style=\"text-align: center\">San Crist\u00f3bal, mi\u00e9rcoles 31 de enero del 2024<\/p>\n<p style=\"text-align: right\">Prensa<br \/>\nCoordinaci\u00f3n de Arte y Cultura<br \/>\nDecanato del Medio Universitario<br \/>\nUniversidad Cat\u00f3lica del T\u00e1chira<\/p>\n<p><em>\u00a0<\/em><\/p>\n","protected":false},"excerpt":{"rendered":"<p>\u201cRecursos Expresivos para la vida Profesional\u201d es un taller intensivo para potenciar nuestras condiciones naturales expresivas y adquirir herramientas t\u00e9cnicas del uso de la voz, la imagen corporal, eliminar el miedo esc\u00e9nico y tips para lograr una comunicaci\u00f3n asertiva. Dise\u00f1ado especialmente para los estudiantes ucatenses de las carreras que buscan potenciar sus habilidades y lograr<\/p>\n","protected":false},"author":23,"featured_media":12227,"comment_status":"closed","ping_status":"closed","sticky":false,"template":"","format":"standard","meta":[],"categories":[3],"tags":[],"yoast_head":"<!-- This site is optimized with the Yoast SEO plugin v19.2 - https:\/\/yoast.com\/wordpress\/plugins\/seo\/ -->\n<title>Taller de formaci\u00f3n &quot;Recursos Expresivos para la vida Profesional&quot; - Universidad Cat\u00f3lica del T\u00e1chira<\/title>\n<meta name=\"robots\" content=\"index, follow, max-snippet:-1, max-image-preview:large, max-video-preview:-1\" \/>\n<link rel=\"canonical\" href=\"https:\/\/www.ucat.edu.ve\/web\/taller-de-formacion-recursos-expresivos-para-la-vida-profesional\/\" \/>\n<meta property=\"og:locale\" content=\"es_ES\" \/>\n<meta property=\"og:type\" content=\"article\" \/>\n<meta property=\"og:title\" content=\"Taller de formaci\u00f3n &quot;Recursos Expresivos para la vida Profesional&quot; - Universidad Cat\u00f3lica del T\u00e1chira\" \/>\n<meta property=\"og:description\" content=\"\u201cRecursos Expresivos para la vida Profesional\u201d es un taller intensivo para potenciar nuestras condiciones naturales expresivas y adquirir herramientas t\u00e9cnicas del uso de la voz, la imagen corporal, eliminar el miedo esc\u00e9nico y tips para lograr una comunicaci\u00f3n asertiva. Dise\u00f1ado especialmente para los estudiantes ucatenses de las carreras que buscan potenciar sus habilidades y lograr\" \/>\n<meta property=\"og:url\" content=\"https:\/\/www.ucat.edu.ve\/web\/taller-de-formacion-recursos-expresivos-para-la-vida-profesional\/\" \/>\n<meta property=\"og:site_name\" content=\"Universidad Cat\u00f3lica del T\u00e1chira\" \/>\n<meta property=\"article:publisher\" content=\"https:\/\/www.facebook.com\/notiucat\/\" \/>\n<meta property=\"article:published_time\" content=\"2024-01-31T12:53:41+00:00\" \/>\n<meta property=\"article:modified_time\" content=\"2024-01-31T12:54:18+00:00\" \/>\n<meta property=\"og:image\" content=\"https:\/\/www.ucat.edu.ve\/web\/wp-content\/uploads\/2024\/01\/2024-01-22-Talleres-Artes-Escenicas-banner.jpg\" \/>\n\t<meta property=\"og:image:width\" content=\"1243\" \/>\n\t<meta property=\"og:image:height\" content=\"768\" \/>\n\t<meta property=\"og:image:type\" content=\"image\/jpeg\" \/>\n<meta name=\"author\" content=\"Secretaria General\" \/>\n<meta name=\"twitter:card\" content=\"summary_large_image\" \/>\n<meta name=\"twitter:creator\" content=\"@notiucat\" \/>\n<meta name=\"twitter:site\" content=\"@notiucat\" \/>\n<meta name=\"twitter:label1\" content=\"Written by\" \/>\n\t<meta name=\"twitter:data1\" content=\"Secretaria General\" \/>\n\t<meta name=\"twitter:label2\" content=\"Est. reading time\" \/>\n\t<meta name=\"twitter:data2\" content=\"2 minutos\" \/>\n<script type=\"application\/ld+json\" class=\"yoast-schema-graph\">{\"@context\":\"https:\/\/schema.org\",\"@graph\":[{\"@type\":\"Organization\",\"@id\":\"https:\/\/www.ucat.edu.ve\/web\/#organization\",\"name\":\"Universidad Cat\u00f3lica Del T\u00e1chira UCAT\",\"url\":\"https:\/\/www.ucat.edu.ve\/web\/\",\"sameAs\":[\"https:\/\/www.instagram.com\/notiucat\/\",\"https:\/\/www.youtube.com\/channel\/UCwEbYSB1R9fzlII-8dcxuYA?view_as=subscriber\",\"https:\/\/www.facebook.com\/notiucat\/\",\"https:\/\/twitter.com\/notiucat\"],\"logo\":{\"@type\":\"ImageObject\",\"inLanguage\":\"es-ES\",\"@id\":\"https:\/\/www.ucat.edu.ve\/web\/#\/schema\/logo\/image\/\",\"url\":\"https:\/\/www.ucat.edu.ve\/web\/wp-content\/uploads\/2015\/07\/logoucat.gif\",\"contentUrl\":\"https:\/\/www.ucat.edu.ve\/web\/wp-content\/uploads\/2015\/07\/logoucat.gif\",\"width\":219,\"height\":155,\"caption\":\"Universidad Cat\u00f3lica Del T\u00e1chira UCAT\"},\"image\":{\"@id\":\"https:\/\/www.ucat.edu.ve\/web\/#\/schema\/logo\/image\/\"}},{\"@type\":\"WebSite\",\"@id\":\"https:\/\/www.ucat.edu.ve\/web\/#website\",\"url\":\"https:\/\/www.ucat.edu.ve\/web\/\",\"name\":\"Universidad Cat\u00f3lica del T\u00e1chira\",\"description\":\"\",\"publisher\":{\"@id\":\"https:\/\/www.ucat.edu.ve\/web\/#organization\"},\"potentialAction\":[{\"@type\":\"SearchAction\",\"target\":{\"@type\":\"EntryPoint\",\"urlTemplate\":\"https:\/\/www.ucat.edu.ve\/web\/?s={search_term_string}\"},\"query-input\":\"required name=search_term_string\"}],\"inLanguage\":\"es-ES\"},{\"@type\":\"ImageObject\",\"inLanguage\":\"es-ES\",\"@id\":\"https:\/\/www.ucat.edu.ve\/web\/taller-de-formacion-recursos-expresivos-para-la-vida-profesional\/#primaryimage\",\"url\":\"https:\/\/www.ucat.edu.ve\/web\/wp-content\/uploads\/2024\/01\/2024-01-22-Talleres-Artes-Escenicas-banner.jpg\",\"contentUrl\":\"https:\/\/www.ucat.edu.ve\/web\/wp-content\/uploads\/2024\/01\/2024-01-22-Talleres-Artes-Escenicas-banner.jpg\",\"width\":1243,\"height\":768},{\"@type\":\"WebPage\",\"@id\":\"https:\/\/www.ucat.edu.ve\/web\/taller-de-formacion-recursos-expresivos-para-la-vida-profesional\/#webpage\",\"url\":\"https:\/\/www.ucat.edu.ve\/web\/taller-de-formacion-recursos-expresivos-para-la-vida-profesional\/\",\"name\":\"Taller de formaci\u00f3n \\\"Recursos Expresivos para la vida Profesional\\\" - Universidad Cat\u00f3lica del T\u00e1chira\",\"isPartOf\":{\"@id\":\"https:\/\/www.ucat.edu.ve\/web\/#website\"},\"primaryImageOfPage\":{\"@id\":\"https:\/\/www.ucat.edu.ve\/web\/taller-de-formacion-recursos-expresivos-para-la-vida-profesional\/#primaryimage\"},\"datePublished\":\"2024-01-31T12:53:41+00:00\",\"dateModified\":\"2024-01-31T12:54:18+00:00\",\"breadcrumb\":{\"@id\":\"https:\/\/www.ucat.edu.ve\/web\/taller-de-formacion-recursos-expresivos-para-la-vida-profesional\/#breadcrumb\"},\"inLanguage\":\"es-ES\",\"potentialAction\":[{\"@type\":\"ReadAction\",\"target\":[\"https:\/\/www.ucat.edu.ve\/web\/taller-de-formacion-recursos-expresivos-para-la-vida-profesional\/\"]}]},{\"@type\":\"BreadcrumbList\",\"@id\":\"https:\/\/www.ucat.edu.ve\/web\/taller-de-formacion-recursos-expresivos-para-la-vida-profesional\/#breadcrumb\",\"itemListElement\":[{\"@type\":\"ListItem\",\"position\":1,\"name\":\"Home\",\"item\":\"https:\/\/www.ucat.edu.ve\/web\/\"},{\"@type\":\"ListItem\",\"position\":2,\"name\":\"Taller de formaci\u00f3n &#8220;Recursos Expresivos para la vida Profesional&#8221;\"}]},{\"@type\":\"Article\",\"@id\":\"https:\/\/www.ucat.edu.ve\/web\/taller-de-formacion-recursos-expresivos-para-la-vida-profesional\/#article\",\"isPartOf\":{\"@id\":\"https:\/\/www.ucat.edu.ve\/web\/taller-de-formacion-recursos-expresivos-para-la-vida-profesional\/#webpage\"},\"author\":{\"name\":\"Secretaria General\",\"@id\":\"https:\/\/www.ucat.edu.ve\/web\/#\/schema\/person\/e90fe655adf97bd5c1dbc608855d16cf\"},\"headline\":\"Taller de formaci\u00f3n &#8220;Recursos Expresivos para la vida Profesional&#8221;\",\"datePublished\":\"2024-01-31T12:53:41+00:00\",\"dateModified\":\"2024-01-31T12:54:18+00:00\",\"mainEntityOfPage\":{\"@id\":\"https:\/\/www.ucat.edu.ve\/web\/taller-de-formacion-recursos-expresivos-para-la-vida-profesional\/#webpage\"},\"wordCount\":263,\"publisher\":{\"@id\":\"https:\/\/www.ucat.edu.ve\/web\/#organization\"},\"image\":{\"@id\":\"https:\/\/www.ucat.edu.ve\/web\/taller-de-formacion-recursos-expresivos-para-la-vida-profesional\/#primaryimage\"},\"thumbnailUrl\":\"https:\/\/www.ucat.edu.ve\/web\/wp-content\/uploads\/2024\/01\/2024-01-22-Talleres-Artes-Escenicas-banner.jpg\",\"articleSection\":[\"Noticias\"],\"inLanguage\":\"es-ES\"},{\"@type\":\"Person\",\"@id\":\"https:\/\/www.ucat.edu.ve\/web\/#\/schema\/person\/e90fe655adf97bd5c1dbc608855d16cf\",\"name\":\"Secretaria General\",\"url\":\"https:\/\/www.ucat.edu.ve\/web\/author\/secgeucat\/\"}]}<\/script>\n<!-- \/ Yoast SEO plugin. -->","yoast_head_json":{"title":"Taller de formaci\u00f3n \"Recursos Expresivos para la vida Profesional\" - Universidad Cat\u00f3lica del T\u00e1chira","robots":{"index":"index","follow":"follow","max-snippet":"max-snippet:-1","max-image-preview":"max-image-preview:large","max-video-preview":"max-video-preview:-1"},"canonical":"https:\/\/www.ucat.edu.ve\/web\/taller-de-formacion-recursos-expresivos-para-la-vida-profesional\/","og_locale":"es_ES","og_type":"article","og_title":"Taller de formaci\u00f3n \"Recursos Expresivos para la vida Profesional\" - Universidad Cat\u00f3lica del T\u00e1chira","og_description":"\u201cRecursos Expresivos para la vida Profesional\u201d es un taller intensivo para potenciar nuestras condiciones naturales expresivas y adquirir herramientas t\u00e9cnicas del uso de la voz, la imagen corporal, eliminar el miedo esc\u00e9nico y tips para lograr una comunicaci\u00f3n asertiva. Dise\u00f1ado especialmente para los estudiantes ucatenses de las carreras que buscan potenciar sus habilidades y lograr","og_url":"https:\/\/www.ucat.edu.ve\/web\/taller-de-formacion-recursos-expresivos-para-la-vida-profesional\/","og_site_name":"Universidad Cat\u00f3lica del T\u00e1chira","article_publisher":"https:\/\/www.facebook.com\/notiucat\/","article_published_time":"2024-01-31T12:53:41+00:00","article_modified_time":"2024-01-31T12:54:18+00:00","og_image":[{"width":1243,"height":768,"url":"https:\/\/www.ucat.edu.ve\/web\/wp-content\/uploads\/2024\/01\/2024-01-22-Talleres-Artes-Escenicas-banner.jpg","type":"image\/jpeg"}],"author":"Secretaria General","twitter_card":"summary_large_image","twitter_creator":"@notiucat","twitter_site":"@notiucat","twitter_misc":{"Written by":"Secretaria General","Est. reading time":"2 minutos"},"schema":{"@context":"https:\/\/schema.org","@graph":[{"@type":"Organization","@id":"https:\/\/www.ucat.edu.ve\/web\/#organization","name":"Universidad Cat\u00f3lica Del T\u00e1chira UCAT","url":"https:\/\/www.ucat.edu.ve\/web\/","sameAs":["https:\/\/www.instagram.com\/notiucat\/","https:\/\/www.youtube.com\/channel\/UCwEbYSB1R9fzlII-8dcxuYA?view_as=subscriber","https:\/\/www.facebook.com\/notiucat\/","https:\/\/twitter.com\/notiucat"],"logo":{"@type":"ImageObject","inLanguage":"es-ES","@id":"https:\/\/www.ucat.edu.ve\/web\/#\/schema\/logo\/image\/","url":"https:\/\/www.ucat.edu.ve\/web\/wp-content\/uploads\/2015\/07\/logoucat.gif","contentUrl":"https:\/\/www.ucat.edu.ve\/web\/wp-content\/uploads\/2015\/07\/logoucat.gif","width":219,"height":155,"caption":"Universidad Cat\u00f3lica Del T\u00e1chira UCAT"},"image":{"@id":"https:\/\/www.ucat.edu.ve\/web\/#\/schema\/logo\/image\/"}},{"@type":"WebSite","@id":"https:\/\/www.ucat.edu.ve\/web\/#website","url":"https:\/\/www.ucat.edu.ve\/web\/","name":"Universidad Cat\u00f3lica del T\u00e1chira","description":"","publisher":{"@id":"https:\/\/www.ucat.edu.ve\/web\/#organization"},"potentialAction":[{"@type":"SearchAction","target":{"@type":"EntryPoint","urlTemplate":"https:\/\/www.ucat.edu.ve\/web\/?s={search_term_string}"},"query-input":"required name=search_term_string"}],"inLanguage":"es-ES"},{"@type":"ImageObject","inLanguage":"es-ES","@id":"https:\/\/www.ucat.edu.ve\/web\/taller-de-formacion-recursos-expresivos-para-la-vida-profesional\/#primaryimage","url":"https:\/\/www.ucat.edu.ve\/web\/wp-content\/uploads\/2024\/01\/2024-01-22-Talleres-Artes-Escenicas-banner.jpg","contentUrl":"https:\/\/www.ucat.edu.ve\/web\/wp-content\/uploads\/2024\/01\/2024-01-22-Talleres-Artes-Escenicas-banner.jpg","width":1243,"height":768},{"@type":"WebPage","@id":"https:\/\/www.ucat.edu.ve\/web\/taller-de-formacion-recursos-expresivos-para-la-vida-profesional\/#webpage","url":"https:\/\/www.ucat.edu.ve\/web\/taller-de-formacion-recursos-expresivos-para-la-vida-profesional\/","name":"Taller de formaci\u00f3n \"Recursos Expresivos para la vida Profesional\" - Universidad Cat\u00f3lica del T\u00e1chira","isPartOf":{"@id":"https:\/\/www.ucat.edu.ve\/web\/#website"},"primaryImageOfPage":{"@id":"https:\/\/www.ucat.edu.ve\/web\/taller-de-formacion-recursos-expresivos-para-la-vida-profesional\/#primaryimage"},"datePublished":"2024-01-31T12:53:41+00:00","dateModified":"2024-01-31T12:54:18+00:00","breadcrumb":{"@id":"https:\/\/www.ucat.edu.ve\/web\/taller-de-formacion-recursos-expresivos-para-la-vida-profesional\/#breadcrumb"},"inLanguage":"es-ES","potentialAction":[{"@type":"ReadAction","target":["https:\/\/www.ucat.edu.ve\/web\/taller-de-formacion-recursos-expresivos-para-la-vida-profesional\/"]}]},{"@type":"BreadcrumbList","@id":"https:\/\/www.ucat.edu.ve\/web\/taller-de-formacion-recursos-expresivos-para-la-vida-profesional\/#breadcrumb","itemListElement":[{"@type":"ListItem","position":1,"name":"Home","item":"https:\/\/www.ucat.edu.ve\/web\/"},{"@type":"ListItem","position":2,"name":"Taller de formaci\u00f3n &#8220;Recursos Expresivos para la vida Profesional&#8221;"}]},{"@type":"Article","@id":"https:\/\/www.ucat.edu.ve\/web\/taller-de-formacion-recursos-expresivos-para-la-vida-profesional\/#article","isPartOf":{"@id":"https:\/\/www.ucat.edu.ve\/web\/taller-de-formacion-recursos-expresivos-para-la-vida-profesional\/#webpage"},"author":{"name":"Secretaria General","@id":"https:\/\/www.ucat.edu.ve\/web\/#\/schema\/person\/e90fe655adf97bd5c1dbc608855d16cf"},"headline":"Taller de formaci\u00f3n &#8220;Recursos Expresivos para la vida Profesional&#8221;","datePublished":"2024-01-31T12:53:41+00:00","dateModified":"2024-01-31T12:54:18+00:00","mainEntityOfPage":{"@id":"https:\/\/www.ucat.edu.ve\/web\/taller-de-formacion-recursos-expresivos-para-la-vida-profesional\/#webpage"},"wordCount":263,"publisher":{"@id":"https:\/\/www.ucat.edu.ve\/web\/#organization"},"image":{"@id":"https:\/\/www.ucat.edu.ve\/web\/taller-de-formacion-recursos-expresivos-para-la-vida-profesional\/#primaryimage"},"thumbnailUrl":"https:\/\/www.ucat.edu.ve\/web\/wp-content\/uploads\/2024\/01\/2024-01-22-Talleres-Artes-Escenicas-banner.jpg","articleSection":["Noticias"],"inLanguage":"es-ES"},{"@type":"Person","@id":"https:\/\/www.ucat.edu.ve\/web\/#\/schema\/person\/e90fe655adf97bd5c1dbc608855d16cf","name":"Secretaria General","url":"https:\/\/www.ucat.edu.ve\/web\/author\/secgeucat\/"}]}},"_links":{"self":[{"href":"https:\/\/www.ucat.edu.ve\/web\/wp-json\/wp\/v2\/posts\/12226"}],"collection":[{"href":"https:\/\/www.ucat.edu.ve\/web\/wp-json\/wp\/v2\/posts"}],"about":[{"href":"https:\/\/www.ucat.edu.ve\/web\/wp-json\/wp\/v2\/types\/post"}],"author":[{"embeddable":true,"href":"https:\/\/www.ucat.edu.ve\/web\/wp-json\/wp\/v2\/users\/23"}],"replies":[{"embeddable":true,"href":"https:\/\/www.ucat.edu.ve\/web\/wp-json\/wp\/v2\/comments?post=12226"}],"version-history":[{"count":2,"href":"https:\/\/www.ucat.edu.ve\/web\/wp-json\/wp\/v2\/posts\/12226\/revisions"}],"predecessor-version":[{"id":12231,"href":"https:\/\/www.ucat.edu.ve\/web\/wp-json\/wp\/v2\/posts\/12226\/revisions\/12231"}],"wp:featuredmedia":[{"embeddable":true,"href":"https:\/\/www.ucat.edu.ve\/web\/wp-json\/wp\/v2\/media\/12227"}],"wp:attachment":[{"href":"https:\/\/www.ucat.edu.ve\/web\/wp-json\/wp\/v2\/media?parent=12226"}],"wp:term":[{"taxonomy":"category","embeddable":true,"href":"https:\/\/www.ucat.edu.ve\/web\/wp-json\/wp\/v2\/categories?post=12226"},{"taxonomy":"post_tag","embeddable":true,"href":"https:\/\/www.ucat.edu.ve\/web\/wp-json\/wp\/v2\/tags?post=12226"}],"curies":[{"name":"wp","href":"https:\/\/api.w.org\/{rel}","templated":true}]}}