 {"id":12278,"date":"2024-02-25T16:40:19","date_gmt":"2024-02-25T16:40:19","guid":{"rendered":"https:\/\/www.ucat.edu.ve\/web\/?p=12278"},"modified":"2024-02-25T16:40:19","modified_gmt":"2024-02-25T16:40:19","slug":"nota-de-duelo-lcdo-conrado-contreras-pulido","status":"publish","type":"post","link":"https:\/\/www.ucat.edu.ve\/web\/nota-de-duelo-lcdo-conrado-contreras-pulido\/","title":{"rendered":"Nota de Duelo &#8211; Lcdo. Conrado Contreras Pulido\u00a0"},"content":{"rendered":"<p style=\"text-align: center;\">\u00a0<img loading=\"lazy\" class=\"alignnone size-medium wp-image-12279\" src=\"https:\/\/www.ucat.edu.ve\/web\/wp-content\/uploads\/2024\/02\/Banner_Notis_NOTA_DUELO-Lcdo.-Conrado-Contreras-Pulido-521x289.jpg\" alt=\"\" width=\"521\" height=\"289\" srcset=\"https:\/\/www.ucat.edu.ve\/web\/wp-content\/uploads\/2024\/02\/Banner_Notis_NOTA_DUELO-Lcdo.-Conrado-Contreras-Pulido-521x289.jpg 521w, https:\/\/www.ucat.edu.ve\/web\/wp-content\/uploads\/2024\/02\/Banner_Notis_NOTA_DUELO-Lcdo.-Conrado-Contreras-Pulido.jpg 953w\" sizes=\"(max-width: 521px) 100vw, 521px\" \/><\/p>\n<p style=\"text-align: justify;\">El Gran Canciller, el Consejo Fundacional, las Autoridades Rectorales, Decanales y todo la Comunidad de la Universidad Cat\u00f3lica del T\u00e1chira, lamentan profundamente el fallecimiento del: Lcdo. Conrado Contreras Pulido<\/p>\n<p style=\"text-align: justify;\">Profesor Jubilado Fundador de la Universidad Cat\u00f3lica Andr\u00e9s Bello Extensi\u00f3n T\u00e1chira &#8211; UCABET y antiguo Director de la Escuela de Administraci\u00f3n y Contadur\u00eda P\u00fablica, Primer Decano de la Facultad de Ciencias Econ\u00f3micas y Sociales de la Universidad Cat\u00f3lica del T\u00e1chira Y tambi\u00e9n, en su tiempo, su Vicerrector Administrativo, destac\u00e1ndose por su servicio, bonhom\u00eda y entrega a las labores de esta su casa, cualidades todas que son recordadas con singular afecto.<\/p>\n<p style=\"text-align: justify;\">Hecho luctuoso acaecido el d\u00eda de hoy, en el Reino de Espa\u00f1a. En estos momentos de dolor, hacemos llegar a toda la familia del profesor Conrado Contreras Pulido, nuestras palabras de esperanza cristiana en la Resurrecci\u00f3n final con las palabras que la Iglesia, desde sus or\u00edgenes, ha recordado en el canto de las letan\u00edas &#8220;Quien cree en Ti Se\u00f1or, no morir\u00e1 para siempre\/Yo s\u00e9 que mi Redentor vive y el \u00faltimo d\u00eda resucitar\u00e9 de la tierra&#8221;.<\/p>\n<p style=\"text-align: center;\">San Crist\u00f3bal, 25 de febrero de 2024\u2063<\/p>\n","protected":false},"excerpt":{"rendered":"<p>\u00a0 El Gran Canciller, el Consejo Fundacional, las Autoridades Rectorales, Decanales y todo la Comunidad de la Universidad Cat\u00f3lica del T\u00e1chira, lamentan profundamente el fallecimiento del: Lcdo. Conrado Contreras Pulido Profesor Jubilado Fundador de la Universidad Cat\u00f3lica Andr\u00e9s Bello Extensi\u00f3n T\u00e1chira &#8211; UCABET y antiguo Director de la Escuela de Administraci\u00f3n y Contadur\u00eda P\u00fablica, Primer<\/p>\n","protected":false},"author":23,"featured_media":12279,"comment_status":"closed","ping_status":"closed","sticky":false,"template":"","format":"standard","meta":[],"categories":[3],"tags":[],"yoast_head":"<!-- This site is optimized with the Yoast SEO plugin v19.2 - https:\/\/yoast.com\/wordpress\/plugins\/seo\/ -->\n<title>Nota de Duelo - Lcdo. Conrado Contreras Pulido\u00a0 - Universidad Cat\u00f3lica del T\u00e1chira<\/title>\n<meta name=\"robots\" content=\"index, follow, max-snippet:-1, max-image-preview:large, max-video-preview:-1\" \/>\n<link rel=\"canonical\" href=\"https:\/\/www.ucat.edu.ve\/web\/nota-de-duelo-lcdo-conrado-contreras-pulido\/\" \/>\n<meta property=\"og:locale\" content=\"es_ES\" \/>\n<meta property=\"og:type\" content=\"article\" \/>\n<meta property=\"og:title\" content=\"Nota de Duelo - Lcdo. Conrado Contreras Pulido\u00a0 - Universidad Cat\u00f3lica del T\u00e1chira\" \/>\n<meta property=\"og:description\" content=\"\u00a0 El Gran Canciller, el Consejo Fundacional, las Autoridades Rectorales, Decanales y todo la Comunidad de la Universidad Cat\u00f3lica del T\u00e1chira, lamentan profundamente el fallecimiento del: Lcdo. Conrado Contreras Pulido Profesor Jubilado Fundador de la Universidad Cat\u00f3lica Andr\u00e9s Bello Extensi\u00f3n T\u00e1chira &#8211; UCABET y antiguo Director de la Escuela de Administraci\u00f3n y Contadur\u00eda P\u00fablica, Primer\" \/>\n<meta property=\"og:url\" content=\"https:\/\/www.ucat.edu.ve\/web\/nota-de-duelo-lcdo-conrado-contreras-pulido\/\" \/>\n<meta property=\"og:site_name\" content=\"Universidad Cat\u00f3lica del T\u00e1chira\" \/>\n<meta property=\"article:publisher\" content=\"https:\/\/www.facebook.com\/notiucat\/\" \/>\n<meta property=\"article:published_time\" content=\"2024-02-25T16:40:19+00:00\" \/>\n<meta property=\"og:image\" content=\"https:\/\/www.ucat.edu.ve\/web\/wp-content\/uploads\/2024\/02\/Banner_Notis_NOTA_DUELO-Lcdo.-Conrado-Contreras-Pulido.jpg\" \/>\n\t<meta property=\"og:image:width\" content=\"953\" \/>\n\t<meta property=\"og:image:height\" content=\"529\" \/>\n\t<meta property=\"og:image:type\" content=\"image\/jpeg\" \/>\n<meta name=\"author\" content=\"Secretaria General\" \/>\n<meta name=\"twitter:card\" content=\"summary_large_image\" \/>\n<meta name=\"twitter:creator\" content=\"@notiucat\" \/>\n<meta name=\"twitter:site\" content=\"@notiucat\" \/>\n<meta name=\"twitter:label1\" content=\"Written by\" \/>\n\t<meta name=\"twitter:data1\" content=\"Secretaria General\" \/>\n\t<meta name=\"twitter:label2\" content=\"Est. reading time\" \/>\n\t<meta name=\"twitter:data2\" content=\"1 minuto\" \/>\n<script type=\"application\/ld+json\" class=\"yoast-schema-graph\">{\"@context\":\"https:\/\/schema.org\",\"@graph\":[{\"@type\":\"Organization\",\"@id\":\"https:\/\/www.ucat.edu.ve\/web\/#organization\",\"name\":\"Universidad Cat\u00f3lica Del T\u00e1chira UCAT\",\"url\":\"https:\/\/www.ucat.edu.ve\/web\/\",\"sameAs\":[\"https:\/\/www.instagram.com\/notiucat\/\",\"https:\/\/www.youtube.com\/channel\/UCwEbYSB1R9fzlII-8dcxuYA?view_as=subscriber\",\"https:\/\/www.facebook.com\/notiucat\/\",\"https:\/\/twitter.com\/notiucat\"],\"logo\":{\"@type\":\"ImageObject\",\"inLanguage\":\"es-ES\",\"@id\":\"https:\/\/www.ucat.edu.ve\/web\/#\/schema\/logo\/image\/\",\"url\":\"https:\/\/www.ucat.edu.ve\/web\/wp-content\/uploads\/2015\/07\/logoucat.gif\",\"contentUrl\":\"https:\/\/www.ucat.edu.ve\/web\/wp-content\/uploads\/2015\/07\/logoucat.gif\",\"width\":219,\"height\":155,\"caption\":\"Universidad Cat\u00f3lica Del T\u00e1chira UCAT\"},\"image\":{\"@id\":\"https:\/\/www.ucat.edu.ve\/web\/#\/schema\/logo\/image\/\"}},{\"@type\":\"WebSite\",\"@id\":\"https:\/\/www.ucat.edu.ve\/web\/#website\",\"url\":\"https:\/\/www.ucat.edu.ve\/web\/\",\"name\":\"Universidad Cat\u00f3lica del T\u00e1chira\",\"description\":\"\",\"publisher\":{\"@id\":\"https:\/\/www.ucat.edu.ve\/web\/#organization\"},\"potentialAction\":[{\"@type\":\"SearchAction\",\"target\":{\"@type\":\"EntryPoint\",\"urlTemplate\":\"https:\/\/www.ucat.edu.ve\/web\/?s={search_term_string}\"},\"query-input\":\"required name=search_term_string\"}],\"inLanguage\":\"es-ES\"},{\"@type\":\"ImageObject\",\"inLanguage\":\"es-ES\",\"@id\":\"https:\/\/www.ucat.edu.ve\/web\/nota-de-duelo-lcdo-conrado-contreras-pulido\/#primaryimage\",\"url\":\"https:\/\/www.ucat.edu.ve\/web\/wp-content\/uploads\/2024\/02\/Banner_Notis_NOTA_DUELO-Lcdo.-Conrado-Contreras-Pulido.jpg\",\"contentUrl\":\"https:\/\/www.ucat.edu.ve\/web\/wp-content\/uploads\/2024\/02\/Banner_Notis_NOTA_DUELO-Lcdo.-Conrado-Contreras-Pulido.jpg\",\"width\":953,\"height\":529},{\"@type\":\"WebPage\",\"@id\":\"https:\/\/www.ucat.edu.ve\/web\/nota-de-duelo-lcdo-conrado-contreras-pulido\/#webpage\",\"url\":\"https:\/\/www.ucat.edu.ve\/web\/nota-de-duelo-lcdo-conrado-contreras-pulido\/\",\"name\":\"Nota de Duelo - Lcdo. Conrado Contreras Pulido\u00a0 - Universidad Cat\u00f3lica del T\u00e1chira\",\"isPartOf\":{\"@id\":\"https:\/\/www.ucat.edu.ve\/web\/#website\"},\"primaryImageOfPage\":{\"@id\":\"https:\/\/www.ucat.edu.ve\/web\/nota-de-duelo-lcdo-conrado-contreras-pulido\/#primaryimage\"},\"datePublished\":\"2024-02-25T16:40:19+00:00\",\"dateModified\":\"2024-02-25T16:40:19+00:00\",\"breadcrumb\":{\"@id\":\"https:\/\/www.ucat.edu.ve\/web\/nota-de-duelo-lcdo-conrado-contreras-pulido\/#breadcrumb\"},\"inLanguage\":\"es-ES\",\"potentialAction\":[{\"@type\":\"ReadAction\",\"target\":[\"https:\/\/www.ucat.edu.ve\/web\/nota-de-duelo-lcdo-conrado-contreras-pulido\/\"]}]},{\"@type\":\"BreadcrumbList\",\"@id\":\"https:\/\/www.ucat.edu.ve\/web\/nota-de-duelo-lcdo-conrado-contreras-pulido\/#breadcrumb\",\"itemListElement\":[{\"@type\":\"ListItem\",\"position\":1,\"name\":\"Home\",\"item\":\"https:\/\/www.ucat.edu.ve\/web\/\"},{\"@type\":\"ListItem\",\"position\":2,\"name\":\"Nota de Duelo &#8211; Lcdo. Conrado Contreras Pulido\u00a0\"}]},{\"@type\":\"Article\",\"@id\":\"https:\/\/www.ucat.edu.ve\/web\/nota-de-duelo-lcdo-conrado-contreras-pulido\/#article\",\"isPartOf\":{\"@id\":\"https:\/\/www.ucat.edu.ve\/web\/nota-de-duelo-lcdo-conrado-contreras-pulido\/#webpage\"},\"author\":{\"name\":\"Secretaria General\",\"@id\":\"https:\/\/www.ucat.edu.ve\/web\/#\/schema\/person\/e90fe655adf97bd5c1dbc608855d16cf\"},\"headline\":\"Nota de Duelo &#8211; Lcdo. Conrado Contreras Pulido\u00a0\",\"datePublished\":\"2024-02-25T16:40:19+00:00\",\"dateModified\":\"2024-02-25T16:40:19+00:00\",\"mainEntityOfPage\":{\"@id\":\"https:\/\/www.ucat.edu.ve\/web\/nota-de-duelo-lcdo-conrado-contreras-pulido\/#webpage\"},\"wordCount\":212,\"publisher\":{\"@id\":\"https:\/\/www.ucat.edu.ve\/web\/#organization\"},\"image\":{\"@id\":\"https:\/\/www.ucat.edu.ve\/web\/nota-de-duelo-lcdo-conrado-contreras-pulido\/#primaryimage\"},\"thumbnailUrl\":\"https:\/\/www.ucat.edu.ve\/web\/wp-content\/uploads\/2024\/02\/Banner_Notis_NOTA_DUELO-Lcdo.-Conrado-Contreras-Pulido.jpg\",\"articleSection\":[\"Noticias\"],\"inLanguage\":\"es-ES\"},{\"@type\":\"Person\",\"@id\":\"https:\/\/www.ucat.edu.ve\/web\/#\/schema\/person\/e90fe655adf97bd5c1dbc608855d16cf\",\"name\":\"Secretaria General\",\"url\":\"https:\/\/www.ucat.edu.ve\/web\/author\/secgeucat\/\"}]}<\/script>\n<!-- \/ Yoast SEO plugin. -->","yoast_head_json":{"title":"Nota de Duelo - Lcdo. Conrado Contreras Pulido\u00a0 - Universidad Cat\u00f3lica del T\u00e1chira","robots":{"index":"index","follow":"follow","max-snippet":"max-snippet:-1","max-image-preview":"max-image-preview:large","max-video-preview":"max-video-preview:-1"},"canonical":"https:\/\/www.ucat.edu.ve\/web\/nota-de-duelo-lcdo-conrado-contreras-pulido\/","og_locale":"es_ES","og_type":"article","og_title":"Nota de Duelo - Lcdo. Conrado Contreras Pulido\u00a0 - Universidad Cat\u00f3lica del T\u00e1chira","og_description":"\u00a0 El Gran Canciller, el Consejo Fundacional, las Autoridades Rectorales, Decanales y todo la Comunidad de la Universidad Cat\u00f3lica del T\u00e1chira, lamentan profundamente el fallecimiento del: Lcdo. Conrado Contreras Pulido Profesor Jubilado Fundador de la Universidad Cat\u00f3lica Andr\u00e9s Bello Extensi\u00f3n T\u00e1chira &#8211; UCABET y antiguo Director de la Escuela de Administraci\u00f3n y Contadur\u00eda P\u00fablica, Primer","og_url":"https:\/\/www.ucat.edu.ve\/web\/nota-de-duelo-lcdo-conrado-contreras-pulido\/","og_site_name":"Universidad Cat\u00f3lica del T\u00e1chira","article_publisher":"https:\/\/www.facebook.com\/notiucat\/","article_published_time":"2024-02-25T16:40:19+00:00","og_image":[{"width":953,"height":529,"url":"https:\/\/www.ucat.edu.ve\/web\/wp-content\/uploads\/2024\/02\/Banner_Notis_NOTA_DUELO-Lcdo.-Conrado-Contreras-Pulido.jpg","type":"image\/jpeg"}],"author":"Secretaria General","twitter_card":"summary_large_image","twitter_creator":"@notiucat","twitter_site":"@notiucat","twitter_misc":{"Written by":"Secretaria General","Est. reading time":"1 minuto"},"schema":{"@context":"https:\/\/schema.org","@graph":[{"@type":"Organization","@id":"https:\/\/www.ucat.edu.ve\/web\/#organization","name":"Universidad Cat\u00f3lica Del T\u00e1chira UCAT","url":"https:\/\/www.ucat.edu.ve\/web\/","sameAs":["https:\/\/www.instagram.com\/notiucat\/","https:\/\/www.youtube.com\/channel\/UCwEbYSB1R9fzlII-8dcxuYA?view_as=subscriber","https:\/\/www.facebook.com\/notiucat\/","https:\/\/twitter.com\/notiucat"],"logo":{"@type":"ImageObject","inLanguage":"es-ES","@id":"https:\/\/www.ucat.edu.ve\/web\/#\/schema\/logo\/image\/","url":"https:\/\/www.ucat.edu.ve\/web\/wp-content\/uploads\/2015\/07\/logoucat.gif","contentUrl":"https:\/\/www.ucat.edu.ve\/web\/wp-content\/uploads\/2015\/07\/logoucat.gif","width":219,"height":155,"caption":"Universidad Cat\u00f3lica Del T\u00e1chira UCAT"},"image":{"@id":"https:\/\/www.ucat.edu.ve\/web\/#\/schema\/logo\/image\/"}},{"@type":"WebSite","@id":"https:\/\/www.ucat.edu.ve\/web\/#website","url":"https:\/\/www.ucat.edu.ve\/web\/","name":"Universidad Cat\u00f3lica del T\u00e1chira","description":"","publisher":{"@id":"https:\/\/www.ucat.edu.ve\/web\/#organization"},"potentialAction":[{"@type":"SearchAction","target":{"@type":"EntryPoint","urlTemplate":"https:\/\/www.ucat.edu.ve\/web\/?s={search_term_string}"},"query-input":"required name=search_term_string"}],"inLanguage":"es-ES"},{"@type":"ImageObject","inLanguage":"es-ES","@id":"https:\/\/www.ucat.edu.ve\/web\/nota-de-duelo-lcdo-conrado-contreras-pulido\/#primaryimage","url":"https:\/\/www.ucat.edu.ve\/web\/wp-content\/uploads\/2024\/02\/Banner_Notis_NOTA_DUELO-Lcdo.-Conrado-Contreras-Pulido.jpg","contentUrl":"https:\/\/www.ucat.edu.ve\/web\/wp-content\/uploads\/2024\/02\/Banner_Notis_NOTA_DUELO-Lcdo.-Conrado-Contreras-Pulido.jpg","width":953,"height":529},{"@type":"WebPage","@id":"https:\/\/www.ucat.edu.ve\/web\/nota-de-duelo-lcdo-conrado-contreras-pulido\/#webpage","url":"https:\/\/www.ucat.edu.ve\/web\/nota-de-duelo-lcdo-conrado-contreras-pulido\/","name":"Nota de Duelo - Lcdo. Conrado Contreras Pulido\u00a0 - Universidad Cat\u00f3lica del T\u00e1chira","isPartOf":{"@id":"https:\/\/www.ucat.edu.ve\/web\/#website"},"primaryImageOfPage":{"@id":"https:\/\/www.ucat.edu.ve\/web\/nota-de-duelo-lcdo-conrado-contreras-pulido\/#primaryimage"},"datePublished":"2024-02-25T16:40:19+00:00","dateModified":"2024-02-25T16:40:19+00:00","breadcrumb":{"@id":"https:\/\/www.ucat.edu.ve\/web\/nota-de-duelo-lcdo-conrado-contreras-pulido\/#breadcrumb"},"inLanguage":"es-ES","potentialAction":[{"@type":"ReadAction","target":["https:\/\/www.ucat.edu.ve\/web\/nota-de-duelo-lcdo-conrado-contreras-pulido\/"]}]},{"@type":"BreadcrumbList","@id":"https:\/\/www.ucat.edu.ve\/web\/nota-de-duelo-lcdo-conrado-contreras-pulido\/#breadcrumb","itemListElement":[{"@type":"ListItem","position":1,"name":"Home","item":"https:\/\/www.ucat.edu.ve\/web\/"},{"@type":"ListItem","position":2,"name":"Nota de Duelo &#8211; Lcdo. Conrado Contreras Pulido\u00a0"}]},{"@type":"Article","@id":"https:\/\/www.ucat.edu.ve\/web\/nota-de-duelo-lcdo-conrado-contreras-pulido\/#article","isPartOf":{"@id":"https:\/\/www.ucat.edu.ve\/web\/nota-de-duelo-lcdo-conrado-contreras-pulido\/#webpage"},"author":{"name":"Secretaria General","@id":"https:\/\/www.ucat.edu.ve\/web\/#\/schema\/person\/e90fe655adf97bd5c1dbc608855d16cf"},"headline":"Nota de Duelo &#8211; Lcdo. Conrado Contreras Pulido\u00a0","datePublished":"2024-02-25T16:40:19+00:00","dateModified":"2024-02-25T16:40:19+00:00","mainEntityOfPage":{"@id":"https:\/\/www.ucat.edu.ve\/web\/nota-de-duelo-lcdo-conrado-contreras-pulido\/#webpage"},"wordCount":212,"publisher":{"@id":"https:\/\/www.ucat.edu.ve\/web\/#organization"},"image":{"@id":"https:\/\/www.ucat.edu.ve\/web\/nota-de-duelo-lcdo-conrado-contreras-pulido\/#primaryimage"},"thumbnailUrl":"https:\/\/www.ucat.edu.ve\/web\/wp-content\/uploads\/2024\/02\/Banner_Notis_NOTA_DUELO-Lcdo.-Conrado-Contreras-Pulido.jpg","articleSection":["Noticias"],"inLanguage":"es-ES"},{"@type":"Person","@id":"https:\/\/www.ucat.edu.ve\/web\/#\/schema\/person\/e90fe655adf97bd5c1dbc608855d16cf","name":"Secretaria General","url":"https:\/\/www.ucat.edu.ve\/web\/author\/secgeucat\/"}]}},"_links":{"self":[{"href":"https:\/\/www.ucat.edu.ve\/web\/wp-json\/wp\/v2\/posts\/12278"}],"collection":[{"href":"https:\/\/www.ucat.edu.ve\/web\/wp-json\/wp\/v2\/posts"}],"about":[{"href":"https:\/\/www.ucat.edu.ve\/web\/wp-json\/wp\/v2\/types\/post"}],"author":[{"embeddable":true,"href":"https:\/\/www.ucat.edu.ve\/web\/wp-json\/wp\/v2\/users\/23"}],"replies":[{"embeddable":true,"href":"https:\/\/www.ucat.edu.ve\/web\/wp-json\/wp\/v2\/comments?post=12278"}],"version-history":[{"count":1,"href":"https:\/\/www.ucat.edu.ve\/web\/wp-json\/wp\/v2\/posts\/12278\/revisions"}],"predecessor-version":[{"id":12280,"href":"https:\/\/www.ucat.edu.ve\/web\/wp-json\/wp\/v2\/posts\/12278\/revisions\/12280"}],"wp:featuredmedia":[{"embeddable":true,"href":"https:\/\/www.ucat.edu.ve\/web\/wp-json\/wp\/v2\/media\/12279"}],"wp:attachment":[{"href":"https:\/\/www.ucat.edu.ve\/web\/wp-json\/wp\/v2\/media?parent=12278"}],"wp:term":[{"taxonomy":"category","embeddable":true,"href":"https:\/\/www.ucat.edu.ve\/web\/wp-json\/wp\/v2\/categories?post=12278"},{"taxonomy":"post_tag","embeddable":true,"href":"https:\/\/www.ucat.edu.ve\/web\/wp-json\/wp\/v2\/tags?post=12278"}],"curies":[{"name":"wp","href":"https:\/\/api.w.org\/{rel}","templated":true}]}}