 {"id":12438,"date":"2024-04-04T12:55:33","date_gmt":"2024-04-04T12:55:33","guid":{"rendered":"https:\/\/www.ucat.edu.ve\/web\/?p=12438"},"modified":"2024-04-04T12:55:33","modified_gmt":"2024-04-04T12:55:33","slug":"la-ucat-reconoce-la-trayectoria-de-profesores-con-15-20-y-25-anos-de-servicio","status":"publish","type":"post","link":"https:\/\/www.ucat.edu.ve\/web\/la-ucat-reconoce-la-trayectoria-de-profesores-con-15-20-y-25-anos-de-servicio\/","title":{"rendered":"La UCAT Reconoce la trayectoria de profesores con 15, 20 y 25 A\u00f1os de Servicio"},"content":{"rendered":"<p style=\"text-align: center;\"><img loading=\"lazy\" class=\"alignnone size-medium wp-image-12439\" src=\"https:\/\/www.ucat.edu.ve\/web\/wp-content\/uploads\/2024\/04\/Noticia-UCAT-La-UCAT-Reconoce-la-trayectoria-de-profesores-con-15-20-y-25-Anos-de-Servicio-521x322.png\" alt=\"\" width=\"521\" height=\"322\" srcset=\"https:\/\/www.ucat.edu.ve\/web\/wp-content\/uploads\/2024\/04\/Noticia-UCAT-La-UCAT-Reconoce-la-trayectoria-de-profesores-con-15-20-y-25-Anos-de-Servicio-521x322.png 521w, https:\/\/www.ucat.edu.ve\/web\/wp-content\/uploads\/2024\/04\/Noticia-UCAT-La-UCAT-Reconoce-la-trayectoria-de-profesores-con-15-20-y-25-Anos-de-Servicio-340x210.png 340w, https:\/\/www.ucat.edu.ve\/web\/wp-content\/uploads\/2024\/04\/Noticia-UCAT-La-UCAT-Reconoce-la-trayectoria-de-profesores-con-15-20-y-25-Anos-de-Servicio.png 1086w\" sizes=\"(max-width: 521px) 100vw, 521px\" \/><\/p>\n<p style=\"text-align: justify;\">El pasado 18 de marzo, en las instalaciones de la Universidad Cat\u00f3lica del T\u00e1chira, sede Loma del Tejar en Barrio Obrero, se llev\u00f3 a cabo el emotivo acto de entrega de reconocimientos a los profesores ucatenses. En esta solemne ceremonia, se rindi\u00f3 homenaje a la labor excepcional de nuestros queridos maestros, quienes con dedicaci\u00f3n y pasi\u00f3n forjan el futuro de nuestra instituci\u00f3n.<\/p>\n<p style=\"text-align: justify;\">En el majestuoso Auditorio de la UCAT, sede Loma del Tejar, el presb\u00edtero Yonekura Shimizu, Rector la Universidad resalt\u00f3 la invaluable contribuci\u00f3n de nuestros profesores, brindando un reconocimiento especial a aquellos que han dedicado 15, 20, 25 a\u00f1os de su vida a nuestra amada Universidad.<\/p>\n<p style=\"text-align: justify;\">Es un gesto de gratitud y admiraci\u00f3n hacia aquellos que han entregado lo mejor de s\u00ed en pro de la educaci\u00f3n y el crecimiento acad\u00e9mico de nuestra comunidad universitaria.<\/p>\n<p style=\"text-align: justify;\">En el marco de la celebraci\u00f3n del d\u00eda del profesor Ucatense, la UCAT tambi\u00e9n reconoci\u00f3 a sacerdotes que desempe\u00f1an roles docentes en nuestra instituci\u00f3n. Se hizo hincapi\u00e9 en la importancia de la \u00e9tica del cuidado en la labor docente, tomando como ejemplo la figura de San Jos\u00e9. Se resalta la necesidad de vivir en coherencia con la fe cristiana, cultivando la prudencia y la atenci\u00f3n en cada una de nuestras acciones.<\/p>\n<p style=\"text-align: justify;\">En su alocuci\u00f3n el Rector de la UCAT inst\u00f3 a todos los docentes a seguir el ejemplo de San Jos\u00e9, siendo custodios y protectores de la comunidad universitaria, inspirados en la fe y el carisma ignaciano. La \u00e9tica del cuidado nos invita a reflexionar sobre nuestra identidad, nuestro prop\u00f3sito y nuestro llamado, para as\u00ed servir a la sociedad con amor y comprensi\u00f3n.<\/p>\n<p style=\"text-align: justify;\">En este sentido, se concluy\u00f3 con una invitaci\u00f3n a que San Jos\u00e9 interceda por todos nosotros, para que podamos continuar sirviendo a los dem\u00e1s con ternura y afecto, siguiendo el noble camino trazado por nuestros profesores y el legado de la Universidad Cat\u00f3lica del T\u00e1chira.<\/p>\n<p style=\"text-align: justify;\">\u00a1Felicidades a todos los profesores reconocidos y a nuestra querida instituci\u00f3n por fomentar la excelencia acad\u00e9mica y humana en cada uno de sus miembros!<\/p>\n<p>(PrensaUCAT)<\/p>\n","protected":false},"excerpt":{"rendered":"<p>El pasado 18 de marzo, en las instalaciones de la Universidad Cat\u00f3lica del T\u00e1chira, sede Loma del Tejar en Barrio Obrero, se llev\u00f3 a cabo el emotivo acto de entrega de reconocimientos a los profesores ucatenses. En esta solemne ceremonia, se rindi\u00f3 homenaje a la labor excepcional de nuestros queridos maestros, quienes con dedicaci\u00f3n y<\/p>\n","protected":false},"author":23,"featured_media":12439,"comment_status":"closed","ping_status":"closed","sticky":false,"template":"","format":"standard","meta":[],"categories":[3],"tags":[],"yoast_head":"<!-- This site is optimized with the Yoast SEO plugin v19.2 - https:\/\/yoast.com\/wordpress\/plugins\/seo\/ -->\n<title>La UCAT Reconoce la trayectoria de profesores con 15, 20 y 25 A\u00f1os de Servicio - Universidad Cat\u00f3lica del T\u00e1chira<\/title>\n<meta name=\"robots\" content=\"index, follow, max-snippet:-1, max-image-preview:large, max-video-preview:-1\" \/>\n<link rel=\"canonical\" href=\"https:\/\/www.ucat.edu.ve\/web\/la-ucat-reconoce-la-trayectoria-de-profesores-con-15-20-y-25-anos-de-servicio\/\" \/>\n<meta property=\"og:locale\" content=\"es_ES\" \/>\n<meta property=\"og:type\" content=\"article\" \/>\n<meta property=\"og:title\" content=\"La UCAT Reconoce la trayectoria de profesores con 15, 20 y 25 A\u00f1os de Servicio - Universidad Cat\u00f3lica del T\u00e1chira\" \/>\n<meta property=\"og:description\" content=\"El pasado 18 de marzo, en las instalaciones de la Universidad Cat\u00f3lica del T\u00e1chira, sede Loma del Tejar en Barrio Obrero, se llev\u00f3 a cabo el emotivo acto de entrega de reconocimientos a los profesores ucatenses. En esta solemne ceremonia, se rindi\u00f3 homenaje a la labor excepcional de nuestros queridos maestros, quienes con dedicaci\u00f3n y\" \/>\n<meta property=\"og:url\" content=\"https:\/\/www.ucat.edu.ve\/web\/la-ucat-reconoce-la-trayectoria-de-profesores-con-15-20-y-25-anos-de-servicio\/\" \/>\n<meta property=\"og:site_name\" content=\"Universidad Cat\u00f3lica del T\u00e1chira\" \/>\n<meta property=\"article:publisher\" content=\"https:\/\/www.facebook.com\/notiucat\/\" \/>\n<meta property=\"article:published_time\" content=\"2024-04-04T12:55:33+00:00\" \/>\n<meta property=\"og:image\" content=\"https:\/\/www.ucat.edu.ve\/web\/wp-content\/uploads\/2024\/04\/Noticia-UCAT-La-UCAT-Reconoce-la-trayectoria-de-profesores-con-15-20-y-25-Anos-de-Servicio.png\" \/>\n\t<meta property=\"og:image:width\" content=\"1086\" \/>\n\t<meta property=\"og:image:height\" content=\"671\" \/>\n\t<meta property=\"og:image:type\" content=\"image\/png\" \/>\n<meta name=\"author\" content=\"Secretaria General\" \/>\n<meta name=\"twitter:card\" content=\"summary_large_image\" \/>\n<meta name=\"twitter:creator\" content=\"@notiucat\" \/>\n<meta name=\"twitter:site\" content=\"@notiucat\" \/>\n<meta name=\"twitter:label1\" content=\"Written by\" \/>\n\t<meta name=\"twitter:data1\" content=\"Secretaria General\" \/>\n\t<meta name=\"twitter:label2\" content=\"Est. reading time\" \/>\n\t<meta name=\"twitter:data2\" content=\"2 minutos\" \/>\n<script type=\"application\/ld+json\" class=\"yoast-schema-graph\">{\"@context\":\"https:\/\/schema.org\",\"@graph\":[{\"@type\":\"Organization\",\"@id\":\"https:\/\/www.ucat.edu.ve\/web\/#organization\",\"name\":\"Universidad Cat\u00f3lica Del T\u00e1chira UCAT\",\"url\":\"https:\/\/www.ucat.edu.ve\/web\/\",\"sameAs\":[\"https:\/\/www.instagram.com\/notiucat\/\",\"https:\/\/www.youtube.com\/channel\/UCwEbYSB1R9fzlII-8dcxuYA?view_as=subscriber\",\"https:\/\/www.facebook.com\/notiucat\/\",\"https:\/\/twitter.com\/notiucat\"],\"logo\":{\"@type\":\"ImageObject\",\"inLanguage\":\"es-ES\",\"@id\":\"https:\/\/www.ucat.edu.ve\/web\/#\/schema\/logo\/image\/\",\"url\":\"https:\/\/www.ucat.edu.ve\/web\/wp-content\/uploads\/2015\/07\/logoucat.gif\",\"contentUrl\":\"https:\/\/www.ucat.edu.ve\/web\/wp-content\/uploads\/2015\/07\/logoucat.gif\",\"width\":219,\"height\":155,\"caption\":\"Universidad Cat\u00f3lica Del T\u00e1chira UCAT\"},\"image\":{\"@id\":\"https:\/\/www.ucat.edu.ve\/web\/#\/schema\/logo\/image\/\"}},{\"@type\":\"WebSite\",\"@id\":\"https:\/\/www.ucat.edu.ve\/web\/#website\",\"url\":\"https:\/\/www.ucat.edu.ve\/web\/\",\"name\":\"Universidad Cat\u00f3lica del T\u00e1chira\",\"description\":\"\",\"publisher\":{\"@id\":\"https:\/\/www.ucat.edu.ve\/web\/#organization\"},\"potentialAction\":[{\"@type\":\"SearchAction\",\"target\":{\"@type\":\"EntryPoint\",\"urlTemplate\":\"https:\/\/www.ucat.edu.ve\/web\/?s={search_term_string}\"},\"query-input\":\"required name=search_term_string\"}],\"inLanguage\":\"es-ES\"},{\"@type\":\"ImageObject\",\"inLanguage\":\"es-ES\",\"@id\":\"https:\/\/www.ucat.edu.ve\/web\/la-ucat-reconoce-la-trayectoria-de-profesores-con-15-20-y-25-anos-de-servicio\/#primaryimage\",\"url\":\"https:\/\/www.ucat.edu.ve\/web\/wp-content\/uploads\/2024\/04\/Noticia-UCAT-La-UCAT-Reconoce-la-trayectoria-de-profesores-con-15-20-y-25-Anos-de-Servicio.png\",\"contentUrl\":\"https:\/\/www.ucat.edu.ve\/web\/wp-content\/uploads\/2024\/04\/Noticia-UCAT-La-UCAT-Reconoce-la-trayectoria-de-profesores-con-15-20-y-25-Anos-de-Servicio.png\",\"width\":1086,\"height\":671},{\"@type\":\"WebPage\",\"@id\":\"https:\/\/www.ucat.edu.ve\/web\/la-ucat-reconoce-la-trayectoria-de-profesores-con-15-20-y-25-anos-de-servicio\/#webpage\",\"url\":\"https:\/\/www.ucat.edu.ve\/web\/la-ucat-reconoce-la-trayectoria-de-profesores-con-15-20-y-25-anos-de-servicio\/\",\"name\":\"La UCAT Reconoce la trayectoria de profesores con 15, 20 y 25 A\u00f1os de Servicio - Universidad Cat\u00f3lica del T\u00e1chira\",\"isPartOf\":{\"@id\":\"https:\/\/www.ucat.edu.ve\/web\/#website\"},\"primaryImageOfPage\":{\"@id\":\"https:\/\/www.ucat.edu.ve\/web\/la-ucat-reconoce-la-trayectoria-de-profesores-con-15-20-y-25-anos-de-servicio\/#primaryimage\"},\"datePublished\":\"2024-04-04T12:55:33+00:00\",\"dateModified\":\"2024-04-04T12:55:33+00:00\",\"breadcrumb\":{\"@id\":\"https:\/\/www.ucat.edu.ve\/web\/la-ucat-reconoce-la-trayectoria-de-profesores-con-15-20-y-25-anos-de-servicio\/#breadcrumb\"},\"inLanguage\":\"es-ES\",\"potentialAction\":[{\"@type\":\"ReadAction\",\"target\":[\"https:\/\/www.ucat.edu.ve\/web\/la-ucat-reconoce-la-trayectoria-de-profesores-con-15-20-y-25-anos-de-servicio\/\"]}]},{\"@type\":\"BreadcrumbList\",\"@id\":\"https:\/\/www.ucat.edu.ve\/web\/la-ucat-reconoce-la-trayectoria-de-profesores-con-15-20-y-25-anos-de-servicio\/#breadcrumb\",\"itemListElement\":[{\"@type\":\"ListItem\",\"position\":1,\"name\":\"Home\",\"item\":\"https:\/\/www.ucat.edu.ve\/web\/\"},{\"@type\":\"ListItem\",\"position\":2,\"name\":\"La UCAT Reconoce la trayectoria de profesores con 15, 20 y 25 A\u00f1os de Servicio\"}]},{\"@type\":\"Article\",\"@id\":\"https:\/\/www.ucat.edu.ve\/web\/la-ucat-reconoce-la-trayectoria-de-profesores-con-15-20-y-25-anos-de-servicio\/#article\",\"isPartOf\":{\"@id\":\"https:\/\/www.ucat.edu.ve\/web\/la-ucat-reconoce-la-trayectoria-de-profesores-con-15-20-y-25-anos-de-servicio\/#webpage\"},\"author\":{\"name\":\"Secretaria General\",\"@id\":\"https:\/\/www.ucat.edu.ve\/web\/#\/schema\/person\/e90fe655adf97bd5c1dbc608855d16cf\"},\"headline\":\"La UCAT Reconoce la trayectoria de profesores con 15, 20 y 25 A\u00f1os de Servicio\",\"datePublished\":\"2024-04-04T12:55:33+00:00\",\"dateModified\":\"2024-04-04T12:55:33+00:00\",\"mainEntityOfPage\":{\"@id\":\"https:\/\/www.ucat.edu.ve\/web\/la-ucat-reconoce-la-trayectoria-de-profesores-con-15-20-y-25-anos-de-servicio\/#webpage\"},\"wordCount\":374,\"publisher\":{\"@id\":\"https:\/\/www.ucat.edu.ve\/web\/#organization\"},\"image\":{\"@id\":\"https:\/\/www.ucat.edu.ve\/web\/la-ucat-reconoce-la-trayectoria-de-profesores-con-15-20-y-25-anos-de-servicio\/#primaryimage\"},\"thumbnailUrl\":\"https:\/\/www.ucat.edu.ve\/web\/wp-content\/uploads\/2024\/04\/Noticia-UCAT-La-UCAT-Reconoce-la-trayectoria-de-profesores-con-15-20-y-25-Anos-de-Servicio.png\",\"articleSection\":[\"Noticias\"],\"inLanguage\":\"es-ES\"},{\"@type\":\"Person\",\"@id\":\"https:\/\/www.ucat.edu.ve\/web\/#\/schema\/person\/e90fe655adf97bd5c1dbc608855d16cf\",\"name\":\"Secretaria General\",\"url\":\"https:\/\/www.ucat.edu.ve\/web\/author\/secgeucat\/\"}]}<\/script>\n<!-- \/ Yoast SEO plugin. -->","yoast_head_json":{"title":"La UCAT Reconoce la trayectoria de profesores con 15, 20 y 25 A\u00f1os de Servicio - Universidad Cat\u00f3lica del T\u00e1chira","robots":{"index":"index","follow":"follow","max-snippet":"max-snippet:-1","max-image-preview":"max-image-preview:large","max-video-preview":"max-video-preview:-1"},"canonical":"https:\/\/www.ucat.edu.ve\/web\/la-ucat-reconoce-la-trayectoria-de-profesores-con-15-20-y-25-anos-de-servicio\/","og_locale":"es_ES","og_type":"article","og_title":"La UCAT Reconoce la trayectoria de profesores con 15, 20 y 25 A\u00f1os de Servicio - Universidad Cat\u00f3lica del T\u00e1chira","og_description":"El pasado 18 de marzo, en las instalaciones de la Universidad Cat\u00f3lica del T\u00e1chira, sede Loma del Tejar en Barrio Obrero, se llev\u00f3 a cabo el emotivo acto de entrega de reconocimientos a los profesores ucatenses. En esta solemne ceremonia, se rindi\u00f3 homenaje a la labor excepcional de nuestros queridos maestros, quienes con dedicaci\u00f3n y","og_url":"https:\/\/www.ucat.edu.ve\/web\/la-ucat-reconoce-la-trayectoria-de-profesores-con-15-20-y-25-anos-de-servicio\/","og_site_name":"Universidad Cat\u00f3lica del T\u00e1chira","article_publisher":"https:\/\/www.facebook.com\/notiucat\/","article_published_time":"2024-04-04T12:55:33+00:00","og_image":[{"width":1086,"height":671,"url":"https:\/\/www.ucat.edu.ve\/web\/wp-content\/uploads\/2024\/04\/Noticia-UCAT-La-UCAT-Reconoce-la-trayectoria-de-profesores-con-15-20-y-25-Anos-de-Servicio.png","type":"image\/png"}],"author":"Secretaria General","twitter_card":"summary_large_image","twitter_creator":"@notiucat","twitter_site":"@notiucat","twitter_misc":{"Written by":"Secretaria General","Est. reading time":"2 minutos"},"schema":{"@context":"https:\/\/schema.org","@graph":[{"@type":"Organization","@id":"https:\/\/www.ucat.edu.ve\/web\/#organization","name":"Universidad Cat\u00f3lica Del T\u00e1chira UCAT","url":"https:\/\/www.ucat.edu.ve\/web\/","sameAs":["https:\/\/www.instagram.com\/notiucat\/","https:\/\/www.youtube.com\/channel\/UCwEbYSB1R9fzlII-8dcxuYA?view_as=subscriber","https:\/\/www.facebook.com\/notiucat\/","https:\/\/twitter.com\/notiucat"],"logo":{"@type":"ImageObject","inLanguage":"es-ES","@id":"https:\/\/www.ucat.edu.ve\/web\/#\/schema\/logo\/image\/","url":"https:\/\/www.ucat.edu.ve\/web\/wp-content\/uploads\/2015\/07\/logoucat.gif","contentUrl":"https:\/\/www.ucat.edu.ve\/web\/wp-content\/uploads\/2015\/07\/logoucat.gif","width":219,"height":155,"caption":"Universidad Cat\u00f3lica Del T\u00e1chira UCAT"},"image":{"@id":"https:\/\/www.ucat.edu.ve\/web\/#\/schema\/logo\/image\/"}},{"@type":"WebSite","@id":"https:\/\/www.ucat.edu.ve\/web\/#website","url":"https:\/\/www.ucat.edu.ve\/web\/","name":"Universidad Cat\u00f3lica del T\u00e1chira","description":"","publisher":{"@id":"https:\/\/www.ucat.edu.ve\/web\/#organization"},"potentialAction":[{"@type":"SearchAction","target":{"@type":"EntryPoint","urlTemplate":"https:\/\/www.ucat.edu.ve\/web\/?s={search_term_string}"},"query-input":"required name=search_term_string"}],"inLanguage":"es-ES"},{"@type":"ImageObject","inLanguage":"es-ES","@id":"https:\/\/www.ucat.edu.ve\/web\/la-ucat-reconoce-la-trayectoria-de-profesores-con-15-20-y-25-anos-de-servicio\/#primaryimage","url":"https:\/\/www.ucat.edu.ve\/web\/wp-content\/uploads\/2024\/04\/Noticia-UCAT-La-UCAT-Reconoce-la-trayectoria-de-profesores-con-15-20-y-25-Anos-de-Servicio.png","contentUrl":"https:\/\/www.ucat.edu.ve\/web\/wp-content\/uploads\/2024\/04\/Noticia-UCAT-La-UCAT-Reconoce-la-trayectoria-de-profesores-con-15-20-y-25-Anos-de-Servicio.png","width":1086,"height":671},{"@type":"WebPage","@id":"https:\/\/www.ucat.edu.ve\/web\/la-ucat-reconoce-la-trayectoria-de-profesores-con-15-20-y-25-anos-de-servicio\/#webpage","url":"https:\/\/www.ucat.edu.ve\/web\/la-ucat-reconoce-la-trayectoria-de-profesores-con-15-20-y-25-anos-de-servicio\/","name":"La UCAT Reconoce la trayectoria de profesores con 15, 20 y 25 A\u00f1os de Servicio - Universidad Cat\u00f3lica del T\u00e1chira","isPartOf":{"@id":"https:\/\/www.ucat.edu.ve\/web\/#website"},"primaryImageOfPage":{"@id":"https:\/\/www.ucat.edu.ve\/web\/la-ucat-reconoce-la-trayectoria-de-profesores-con-15-20-y-25-anos-de-servicio\/#primaryimage"},"datePublished":"2024-04-04T12:55:33+00:00","dateModified":"2024-04-04T12:55:33+00:00","breadcrumb":{"@id":"https:\/\/www.ucat.edu.ve\/web\/la-ucat-reconoce-la-trayectoria-de-profesores-con-15-20-y-25-anos-de-servicio\/#breadcrumb"},"inLanguage":"es-ES","potentialAction":[{"@type":"ReadAction","target":["https:\/\/www.ucat.edu.ve\/web\/la-ucat-reconoce-la-trayectoria-de-profesores-con-15-20-y-25-anos-de-servicio\/"]}]},{"@type":"BreadcrumbList","@id":"https:\/\/www.ucat.edu.ve\/web\/la-ucat-reconoce-la-trayectoria-de-profesores-con-15-20-y-25-anos-de-servicio\/#breadcrumb","itemListElement":[{"@type":"ListItem","position":1,"name":"Home","item":"https:\/\/www.ucat.edu.ve\/web\/"},{"@type":"ListItem","position":2,"name":"La UCAT Reconoce la trayectoria de profesores con 15, 20 y 25 A\u00f1os de Servicio"}]},{"@type":"Article","@id":"https:\/\/www.ucat.edu.ve\/web\/la-ucat-reconoce-la-trayectoria-de-profesores-con-15-20-y-25-anos-de-servicio\/#article","isPartOf":{"@id":"https:\/\/www.ucat.edu.ve\/web\/la-ucat-reconoce-la-trayectoria-de-profesores-con-15-20-y-25-anos-de-servicio\/#webpage"},"author":{"name":"Secretaria General","@id":"https:\/\/www.ucat.edu.ve\/web\/#\/schema\/person\/e90fe655adf97bd5c1dbc608855d16cf"},"headline":"La UCAT Reconoce la trayectoria de profesores con 15, 20 y 25 A\u00f1os de Servicio","datePublished":"2024-04-04T12:55:33+00:00","dateModified":"2024-04-04T12:55:33+00:00","mainEntityOfPage":{"@id":"https:\/\/www.ucat.edu.ve\/web\/la-ucat-reconoce-la-trayectoria-de-profesores-con-15-20-y-25-anos-de-servicio\/#webpage"},"wordCount":374,"publisher":{"@id":"https:\/\/www.ucat.edu.ve\/web\/#organization"},"image":{"@id":"https:\/\/www.ucat.edu.ve\/web\/la-ucat-reconoce-la-trayectoria-de-profesores-con-15-20-y-25-anos-de-servicio\/#primaryimage"},"thumbnailUrl":"https:\/\/www.ucat.edu.ve\/web\/wp-content\/uploads\/2024\/04\/Noticia-UCAT-La-UCAT-Reconoce-la-trayectoria-de-profesores-con-15-20-y-25-Anos-de-Servicio.png","articleSection":["Noticias"],"inLanguage":"es-ES"},{"@type":"Person","@id":"https:\/\/www.ucat.edu.ve\/web\/#\/schema\/person\/e90fe655adf97bd5c1dbc608855d16cf","name":"Secretaria General","url":"https:\/\/www.ucat.edu.ve\/web\/author\/secgeucat\/"}]}},"_links":{"self":[{"href":"https:\/\/www.ucat.edu.ve\/web\/wp-json\/wp\/v2\/posts\/12438"}],"collection":[{"href":"https:\/\/www.ucat.edu.ve\/web\/wp-json\/wp\/v2\/posts"}],"about":[{"href":"https:\/\/www.ucat.edu.ve\/web\/wp-json\/wp\/v2\/types\/post"}],"author":[{"embeddable":true,"href":"https:\/\/www.ucat.edu.ve\/web\/wp-json\/wp\/v2\/users\/23"}],"replies":[{"embeddable":true,"href":"https:\/\/www.ucat.edu.ve\/web\/wp-json\/wp\/v2\/comments?post=12438"}],"version-history":[{"count":1,"href":"https:\/\/www.ucat.edu.ve\/web\/wp-json\/wp\/v2\/posts\/12438\/revisions"}],"predecessor-version":[{"id":12440,"href":"https:\/\/www.ucat.edu.ve\/web\/wp-json\/wp\/v2\/posts\/12438\/revisions\/12440"}],"wp:featuredmedia":[{"embeddable":true,"href":"https:\/\/www.ucat.edu.ve\/web\/wp-json\/wp\/v2\/media\/12439"}],"wp:attachment":[{"href":"https:\/\/www.ucat.edu.ve\/web\/wp-json\/wp\/v2\/media?parent=12438"}],"wp:term":[{"taxonomy":"category","embeddable":true,"href":"https:\/\/www.ucat.edu.ve\/web\/wp-json\/wp\/v2\/categories?post=12438"},{"taxonomy":"post_tag","embeddable":true,"href":"https:\/\/www.ucat.edu.ve\/web\/wp-json\/wp\/v2\/tags?post=12438"}],"curies":[{"name":"wp","href":"https:\/\/api.w.org\/{rel}","templated":true}]}}