 {"id":12517,"date":"2024-04-22T10:35:22","date_gmt":"2024-04-22T10:35:22","guid":{"rendered":"https:\/\/www.ucat.edu.ve\/web\/?p=12517"},"modified":"2024-04-22T13:57:49","modified_gmt":"2024-04-22T13:57:49","slug":"ofrecen-psicologia-en-la-ucat","status":"publish","type":"post","link":"https:\/\/www.ucat.edu.ve\/web\/ofrecen-psicologia-en-la-ucat\/","title":{"rendered":"Ofrecen Psicolog\u00eda en la UCAT"},"content":{"rendered":"<p style=\"text-align: center\"><img loading=\"lazy\" class=\"alignnone size-medium wp-image-12537\" src=\"https:\/\/www.ucat.edu.ve\/web\/wp-content\/uploads\/2024\/04\/Noticia-UCAT-Ofrecen-psicologia-en-la-UCATv2-521x322.png\" alt=\"\" width=\"521\" height=\"322\" srcset=\"https:\/\/www.ucat.edu.ve\/web\/wp-content\/uploads\/2024\/04\/Noticia-UCAT-Ofrecen-psicologia-en-la-UCATv2-521x322.png 521w, https:\/\/www.ucat.edu.ve\/web\/wp-content\/uploads\/2024\/04\/Noticia-UCAT-Ofrecen-psicologia-en-la-UCATv2-340x210.png 340w, https:\/\/www.ucat.edu.ve\/web\/wp-content\/uploads\/2024\/04\/Noticia-UCAT-Ofrecen-psicologia-en-la-UCATv2.png 1086w\" sizes=\"(max-width: 521px) 100vw, 521px\" \/><\/p>\n<p style=\"text-align: justify\">La Universidad Cat\u00f3lica del T\u00e1chira, anuncia la incorporaci\u00f3n en su oferta acad\u00e9mica de la carrera de Licenciatura en Psicolog\u00eda, recientemente aprobada por el Consejo Nacional de Universidades y publicada en Gaceta Oficial.<\/p>\n<p style=\"text-align: justify\">Seg\u00fan inform\u00f3 el Presb\u00edtero Javier Yonekura, Rector de la UCAT \u201cla carrera formar\u00e1 a los futuros profesionales para la atenci\u00f3n personal, fundamentalmente desde las \u00e1reas de psicolog\u00eda educativa, social, y organizacional, con \u00e9nfasis en el campo cl\u00ednico y psiconeurol\u00f3gico\u201d.<\/p>\n<p style=\"text-align: justify\">Adem\u00e1s de las horas te\u00f3ricas, se incluyen clases pr\u00e1cticas en el laboratorio de investigaci\u00f3n psicol\u00f3gica, el m\u00e1s completo y actualizado de la regi\u00f3n; as\u00ed como tambi\u00e9n, experiencias de campo (hospitales, centros educativos, empresas, geri\u00e1tricos, fundaciones asistenciales, entre otras) en las m\u00e1s diversas \u00e1reas de la psicolog\u00eda.<\/p>\n<p style=\"text-align: justify\">Precis\u00f3 el Rector que el p\u00e9nsum de estudio cuenta con temas novedosos de alto impacto social, de acuerdo con las necesidades del entorno, impartido por un excelente equipo de docentes especialistas en cada una de las \u00e1reas.<\/p>\n<p style=\"text-align: justify\">En la regi\u00f3n, esta nueva oferta acad\u00e9mica en el campo de la salud, representa un paso significativo en la formaci\u00f3n de profesionales en el \u00e1rea de neurociencias, investigaci\u00f3n psicol\u00f3gica y competencias cl\u00ednicas.<\/p>\n<p style=\"text-align: justify\">Las preinscripciones estar\u00e1n abiertas desde el mes de mayo del 2024. Para m\u00e1s informaci\u00f3n pueden acceder al portal web de la Universidad, www.ucat.edu.ve y a las redes sociales <a href=\"https:\/\/www.instagram.com\/notiucat\/\" target=\"_blank\" rel=\"noopener\">@notiucat en Instagram<\/a>, <a href=\"https:\/\/twitter.com\/notiucat\" target=\"_blank\" rel=\"noopener\">X<\/a>, <a href=\"https:\/\/www.tiktok.com\/@notiucatoficial\" target=\"_blank\" rel=\"noopener\">Tiktok<\/a> y <a href=\"https:\/\/www.facebook.com\/notiucat\/\" target=\"_blank\" rel=\"noopener\">Facebook.<\/a><\/p>\n<p><strong>(PrensaUCAT)<\/strong><\/p>\n","protected":false},"excerpt":{"rendered":"<p>La Universidad Cat\u00f3lica del T\u00e1chira, anuncia la incorporaci\u00f3n en su oferta acad\u00e9mica de la carrera de Licenciatura en Psicolog\u00eda, recientemente aprobada por el Consejo Nacional de Universidades y publicada en Gaceta Oficial. Seg\u00fan inform\u00f3 el Presb\u00edtero Javier Yonekura, Rector de la UCAT \u201cla carrera formar\u00e1 a los futuros profesionales para la atenci\u00f3n personal, fundamentalmente desde<\/p>\n","protected":false},"author":23,"featured_media":12537,"comment_status":"closed","ping_status":"closed","sticky":false,"template":"","format":"standard","meta":[],"categories":[3],"tags":[],"yoast_head":"<!-- This site is optimized with the Yoast SEO plugin v19.2 - https:\/\/yoast.com\/wordpress\/plugins\/seo\/ -->\n<title>Ofrecen Psicolog\u00eda en la UCAT - Universidad Cat\u00f3lica del T\u00e1chira<\/title>\n<meta name=\"robots\" content=\"index, follow, max-snippet:-1, max-image-preview:large, max-video-preview:-1\" \/>\n<link rel=\"canonical\" href=\"https:\/\/www.ucat.edu.ve\/web\/ofrecen-psicologia-en-la-ucat\/\" \/>\n<meta property=\"og:locale\" content=\"es_ES\" \/>\n<meta property=\"og:type\" content=\"article\" \/>\n<meta property=\"og:title\" content=\"Ofrecen Psicolog\u00eda en la UCAT - Universidad Cat\u00f3lica del T\u00e1chira\" \/>\n<meta property=\"og:description\" content=\"La Universidad Cat\u00f3lica del T\u00e1chira, anuncia la incorporaci\u00f3n en su oferta acad\u00e9mica de la carrera de Licenciatura en Psicolog\u00eda, recientemente aprobada por el Consejo Nacional de Universidades y publicada en Gaceta Oficial. Seg\u00fan inform\u00f3 el Presb\u00edtero Javier Yonekura, Rector de la UCAT \u201cla carrera formar\u00e1 a los futuros profesionales para la atenci\u00f3n personal, fundamentalmente desde\" \/>\n<meta property=\"og:url\" content=\"https:\/\/www.ucat.edu.ve\/web\/ofrecen-psicologia-en-la-ucat\/\" \/>\n<meta property=\"og:site_name\" content=\"Universidad Cat\u00f3lica del T\u00e1chira\" \/>\n<meta property=\"article:publisher\" content=\"https:\/\/www.facebook.com\/notiucat\/\" \/>\n<meta property=\"article:published_time\" content=\"2024-04-22T10:35:22+00:00\" \/>\n<meta property=\"article:modified_time\" content=\"2024-04-22T13:57:49+00:00\" \/>\n<meta property=\"og:image\" content=\"https:\/\/www.ucat.edu.ve\/web\/wp-content\/uploads\/2024\/04\/Noticia-UCAT-Ofrecen-psicologia-en-la-UCATv2.png\" \/>\n\t<meta property=\"og:image:width\" content=\"1086\" \/>\n\t<meta property=\"og:image:height\" content=\"671\" \/>\n\t<meta property=\"og:image:type\" content=\"image\/png\" \/>\n<meta name=\"author\" content=\"Secretaria General\" \/>\n<meta name=\"twitter:card\" content=\"summary_large_image\" \/>\n<meta name=\"twitter:creator\" content=\"@notiucat\" \/>\n<meta name=\"twitter:site\" content=\"@notiucat\" \/>\n<meta name=\"twitter:label1\" content=\"Written by\" \/>\n\t<meta name=\"twitter:data1\" content=\"Secretaria General\" \/>\n\t<meta name=\"twitter:label2\" content=\"Est. reading time\" \/>\n\t<meta name=\"twitter:data2\" content=\"2 minutos\" \/>\n<script type=\"application\/ld+json\" class=\"yoast-schema-graph\">{\"@context\":\"https:\/\/schema.org\",\"@graph\":[{\"@type\":\"Organization\",\"@id\":\"https:\/\/www.ucat.edu.ve\/web\/#organization\",\"name\":\"Universidad Cat\u00f3lica Del T\u00e1chira UCAT\",\"url\":\"https:\/\/www.ucat.edu.ve\/web\/\",\"sameAs\":[\"https:\/\/www.instagram.com\/notiucat\/\",\"https:\/\/www.youtube.com\/channel\/UCwEbYSB1R9fzlII-8dcxuYA?view_as=subscriber\",\"https:\/\/www.facebook.com\/notiucat\/\",\"https:\/\/twitter.com\/notiucat\"],\"logo\":{\"@type\":\"ImageObject\",\"inLanguage\":\"es-ES\",\"@id\":\"https:\/\/www.ucat.edu.ve\/web\/#\/schema\/logo\/image\/\",\"url\":\"https:\/\/www.ucat.edu.ve\/web\/wp-content\/uploads\/2015\/07\/logoucat.gif\",\"contentUrl\":\"https:\/\/www.ucat.edu.ve\/web\/wp-content\/uploads\/2015\/07\/logoucat.gif\",\"width\":219,\"height\":155,\"caption\":\"Universidad Cat\u00f3lica Del T\u00e1chira UCAT\"},\"image\":{\"@id\":\"https:\/\/www.ucat.edu.ve\/web\/#\/schema\/logo\/image\/\"}},{\"@type\":\"WebSite\",\"@id\":\"https:\/\/www.ucat.edu.ve\/web\/#website\",\"url\":\"https:\/\/www.ucat.edu.ve\/web\/\",\"name\":\"Universidad Cat\u00f3lica del T\u00e1chira\",\"description\":\"\",\"publisher\":{\"@id\":\"https:\/\/www.ucat.edu.ve\/web\/#organization\"},\"potentialAction\":[{\"@type\":\"SearchAction\",\"target\":{\"@type\":\"EntryPoint\",\"urlTemplate\":\"https:\/\/www.ucat.edu.ve\/web\/?s={search_term_string}\"},\"query-input\":\"required name=search_term_string\"}],\"inLanguage\":\"es-ES\"},{\"@type\":\"ImageObject\",\"inLanguage\":\"es-ES\",\"@id\":\"https:\/\/www.ucat.edu.ve\/web\/ofrecen-psicologia-en-la-ucat\/#primaryimage\",\"url\":\"https:\/\/www.ucat.edu.ve\/web\/wp-content\/uploads\/2024\/04\/Noticia-UCAT-Ofrecen-psicologia-en-la-UCATv2.png\",\"contentUrl\":\"https:\/\/www.ucat.edu.ve\/web\/wp-content\/uploads\/2024\/04\/Noticia-UCAT-Ofrecen-psicologia-en-la-UCATv2.png\",\"width\":1086,\"height\":671},{\"@type\":\"WebPage\",\"@id\":\"https:\/\/www.ucat.edu.ve\/web\/ofrecen-psicologia-en-la-ucat\/#webpage\",\"url\":\"https:\/\/www.ucat.edu.ve\/web\/ofrecen-psicologia-en-la-ucat\/\",\"name\":\"Ofrecen Psicolog\u00eda en la UCAT - Universidad Cat\u00f3lica del T\u00e1chira\",\"isPartOf\":{\"@id\":\"https:\/\/www.ucat.edu.ve\/web\/#website\"},\"primaryImageOfPage\":{\"@id\":\"https:\/\/www.ucat.edu.ve\/web\/ofrecen-psicologia-en-la-ucat\/#primaryimage\"},\"datePublished\":\"2024-04-22T10:35:22+00:00\",\"dateModified\":\"2024-04-22T13:57:49+00:00\",\"breadcrumb\":{\"@id\":\"https:\/\/www.ucat.edu.ve\/web\/ofrecen-psicologia-en-la-ucat\/#breadcrumb\"},\"inLanguage\":\"es-ES\",\"potentialAction\":[{\"@type\":\"ReadAction\",\"target\":[\"https:\/\/www.ucat.edu.ve\/web\/ofrecen-psicologia-en-la-ucat\/\"]}]},{\"@type\":\"BreadcrumbList\",\"@id\":\"https:\/\/www.ucat.edu.ve\/web\/ofrecen-psicologia-en-la-ucat\/#breadcrumb\",\"itemListElement\":[{\"@type\":\"ListItem\",\"position\":1,\"name\":\"Home\",\"item\":\"https:\/\/www.ucat.edu.ve\/web\/\"},{\"@type\":\"ListItem\",\"position\":2,\"name\":\"Ofrecen Psicolog\u00eda en la UCAT\"}]},{\"@type\":\"Article\",\"@id\":\"https:\/\/www.ucat.edu.ve\/web\/ofrecen-psicologia-en-la-ucat\/#article\",\"isPartOf\":{\"@id\":\"https:\/\/www.ucat.edu.ve\/web\/ofrecen-psicologia-en-la-ucat\/#webpage\"},\"author\":{\"name\":\"Secretaria General\",\"@id\":\"https:\/\/www.ucat.edu.ve\/web\/#\/schema\/person\/e90fe655adf97bd5c1dbc608855d16cf\"},\"headline\":\"Ofrecen Psicolog\u00eda en la UCAT\",\"datePublished\":\"2024-04-22T10:35:22+00:00\",\"dateModified\":\"2024-04-22T13:57:49+00:00\",\"mainEntityOfPage\":{\"@id\":\"https:\/\/www.ucat.edu.ve\/web\/ofrecen-psicologia-en-la-ucat\/#webpage\"},\"wordCount\":262,\"publisher\":{\"@id\":\"https:\/\/www.ucat.edu.ve\/web\/#organization\"},\"image\":{\"@id\":\"https:\/\/www.ucat.edu.ve\/web\/ofrecen-psicologia-en-la-ucat\/#primaryimage\"},\"thumbnailUrl\":\"https:\/\/www.ucat.edu.ve\/web\/wp-content\/uploads\/2024\/04\/Noticia-UCAT-Ofrecen-psicologia-en-la-UCATv2.png\",\"articleSection\":[\"Noticias\"],\"inLanguage\":\"es-ES\"},{\"@type\":\"Person\",\"@id\":\"https:\/\/www.ucat.edu.ve\/web\/#\/schema\/person\/e90fe655adf97bd5c1dbc608855d16cf\",\"name\":\"Secretaria General\",\"url\":\"https:\/\/www.ucat.edu.ve\/web\/author\/secgeucat\/\"}]}<\/script>\n<!-- \/ Yoast SEO plugin. -->","yoast_head_json":{"title":"Ofrecen Psicolog\u00eda en la UCAT - Universidad Cat\u00f3lica del T\u00e1chira","robots":{"index":"index","follow":"follow","max-snippet":"max-snippet:-1","max-image-preview":"max-image-preview:large","max-video-preview":"max-video-preview:-1"},"canonical":"https:\/\/www.ucat.edu.ve\/web\/ofrecen-psicologia-en-la-ucat\/","og_locale":"es_ES","og_type":"article","og_title":"Ofrecen Psicolog\u00eda en la UCAT - Universidad Cat\u00f3lica del T\u00e1chira","og_description":"La Universidad Cat\u00f3lica del T\u00e1chira, anuncia la incorporaci\u00f3n en su oferta acad\u00e9mica de la carrera de Licenciatura en Psicolog\u00eda, recientemente aprobada por el Consejo Nacional de Universidades y publicada en Gaceta Oficial. Seg\u00fan inform\u00f3 el Presb\u00edtero Javier Yonekura, Rector de la UCAT \u201cla carrera formar\u00e1 a los futuros profesionales para la atenci\u00f3n personal, fundamentalmente desde","og_url":"https:\/\/www.ucat.edu.ve\/web\/ofrecen-psicologia-en-la-ucat\/","og_site_name":"Universidad Cat\u00f3lica del T\u00e1chira","article_publisher":"https:\/\/www.facebook.com\/notiucat\/","article_published_time":"2024-04-22T10:35:22+00:00","article_modified_time":"2024-04-22T13:57:49+00:00","og_image":[{"width":1086,"height":671,"url":"https:\/\/www.ucat.edu.ve\/web\/wp-content\/uploads\/2024\/04\/Noticia-UCAT-Ofrecen-psicologia-en-la-UCATv2.png","type":"image\/png"}],"author":"Secretaria General","twitter_card":"summary_large_image","twitter_creator":"@notiucat","twitter_site":"@notiucat","twitter_misc":{"Written by":"Secretaria General","Est. reading time":"2 minutos"},"schema":{"@context":"https:\/\/schema.org","@graph":[{"@type":"Organization","@id":"https:\/\/www.ucat.edu.ve\/web\/#organization","name":"Universidad Cat\u00f3lica Del T\u00e1chira UCAT","url":"https:\/\/www.ucat.edu.ve\/web\/","sameAs":["https:\/\/www.instagram.com\/notiucat\/","https:\/\/www.youtube.com\/channel\/UCwEbYSB1R9fzlII-8dcxuYA?view_as=subscriber","https:\/\/www.facebook.com\/notiucat\/","https:\/\/twitter.com\/notiucat"],"logo":{"@type":"ImageObject","inLanguage":"es-ES","@id":"https:\/\/www.ucat.edu.ve\/web\/#\/schema\/logo\/image\/","url":"https:\/\/www.ucat.edu.ve\/web\/wp-content\/uploads\/2015\/07\/logoucat.gif","contentUrl":"https:\/\/www.ucat.edu.ve\/web\/wp-content\/uploads\/2015\/07\/logoucat.gif","width":219,"height":155,"caption":"Universidad Cat\u00f3lica Del T\u00e1chira UCAT"},"image":{"@id":"https:\/\/www.ucat.edu.ve\/web\/#\/schema\/logo\/image\/"}},{"@type":"WebSite","@id":"https:\/\/www.ucat.edu.ve\/web\/#website","url":"https:\/\/www.ucat.edu.ve\/web\/","name":"Universidad Cat\u00f3lica del T\u00e1chira","description":"","publisher":{"@id":"https:\/\/www.ucat.edu.ve\/web\/#organization"},"potentialAction":[{"@type":"SearchAction","target":{"@type":"EntryPoint","urlTemplate":"https:\/\/www.ucat.edu.ve\/web\/?s={search_term_string}"},"query-input":"required name=search_term_string"}],"inLanguage":"es-ES"},{"@type":"ImageObject","inLanguage":"es-ES","@id":"https:\/\/www.ucat.edu.ve\/web\/ofrecen-psicologia-en-la-ucat\/#primaryimage","url":"https:\/\/www.ucat.edu.ve\/web\/wp-content\/uploads\/2024\/04\/Noticia-UCAT-Ofrecen-psicologia-en-la-UCATv2.png","contentUrl":"https:\/\/www.ucat.edu.ve\/web\/wp-content\/uploads\/2024\/04\/Noticia-UCAT-Ofrecen-psicologia-en-la-UCATv2.png","width":1086,"height":671},{"@type":"WebPage","@id":"https:\/\/www.ucat.edu.ve\/web\/ofrecen-psicologia-en-la-ucat\/#webpage","url":"https:\/\/www.ucat.edu.ve\/web\/ofrecen-psicologia-en-la-ucat\/","name":"Ofrecen Psicolog\u00eda en la UCAT - Universidad Cat\u00f3lica del T\u00e1chira","isPartOf":{"@id":"https:\/\/www.ucat.edu.ve\/web\/#website"},"primaryImageOfPage":{"@id":"https:\/\/www.ucat.edu.ve\/web\/ofrecen-psicologia-en-la-ucat\/#primaryimage"},"datePublished":"2024-04-22T10:35:22+00:00","dateModified":"2024-04-22T13:57:49+00:00","breadcrumb":{"@id":"https:\/\/www.ucat.edu.ve\/web\/ofrecen-psicologia-en-la-ucat\/#breadcrumb"},"inLanguage":"es-ES","potentialAction":[{"@type":"ReadAction","target":["https:\/\/www.ucat.edu.ve\/web\/ofrecen-psicologia-en-la-ucat\/"]}]},{"@type":"BreadcrumbList","@id":"https:\/\/www.ucat.edu.ve\/web\/ofrecen-psicologia-en-la-ucat\/#breadcrumb","itemListElement":[{"@type":"ListItem","position":1,"name":"Home","item":"https:\/\/www.ucat.edu.ve\/web\/"},{"@type":"ListItem","position":2,"name":"Ofrecen Psicolog\u00eda en la UCAT"}]},{"@type":"Article","@id":"https:\/\/www.ucat.edu.ve\/web\/ofrecen-psicologia-en-la-ucat\/#article","isPartOf":{"@id":"https:\/\/www.ucat.edu.ve\/web\/ofrecen-psicologia-en-la-ucat\/#webpage"},"author":{"name":"Secretaria General","@id":"https:\/\/www.ucat.edu.ve\/web\/#\/schema\/person\/e90fe655adf97bd5c1dbc608855d16cf"},"headline":"Ofrecen Psicolog\u00eda en la UCAT","datePublished":"2024-04-22T10:35:22+00:00","dateModified":"2024-04-22T13:57:49+00:00","mainEntityOfPage":{"@id":"https:\/\/www.ucat.edu.ve\/web\/ofrecen-psicologia-en-la-ucat\/#webpage"},"wordCount":262,"publisher":{"@id":"https:\/\/www.ucat.edu.ve\/web\/#organization"},"image":{"@id":"https:\/\/www.ucat.edu.ve\/web\/ofrecen-psicologia-en-la-ucat\/#primaryimage"},"thumbnailUrl":"https:\/\/www.ucat.edu.ve\/web\/wp-content\/uploads\/2024\/04\/Noticia-UCAT-Ofrecen-psicologia-en-la-UCATv2.png","articleSection":["Noticias"],"inLanguage":"es-ES"},{"@type":"Person","@id":"https:\/\/www.ucat.edu.ve\/web\/#\/schema\/person\/e90fe655adf97bd5c1dbc608855d16cf","name":"Secretaria General","url":"https:\/\/www.ucat.edu.ve\/web\/author\/secgeucat\/"}]}},"_links":{"self":[{"href":"https:\/\/www.ucat.edu.ve\/web\/wp-json\/wp\/v2\/posts\/12517"}],"collection":[{"href":"https:\/\/www.ucat.edu.ve\/web\/wp-json\/wp\/v2\/posts"}],"about":[{"href":"https:\/\/www.ucat.edu.ve\/web\/wp-json\/wp\/v2\/types\/post"}],"author":[{"embeddable":true,"href":"https:\/\/www.ucat.edu.ve\/web\/wp-json\/wp\/v2\/users\/23"}],"replies":[{"embeddable":true,"href":"https:\/\/www.ucat.edu.ve\/web\/wp-json\/wp\/v2\/comments?post=12517"}],"version-history":[{"count":4,"href":"https:\/\/www.ucat.edu.ve\/web\/wp-json\/wp\/v2\/posts\/12517\/revisions"}],"predecessor-version":[{"id":12539,"href":"https:\/\/www.ucat.edu.ve\/web\/wp-json\/wp\/v2\/posts\/12517\/revisions\/12539"}],"wp:featuredmedia":[{"embeddable":true,"href":"https:\/\/www.ucat.edu.ve\/web\/wp-json\/wp\/v2\/media\/12537"}],"wp:attachment":[{"href":"https:\/\/www.ucat.edu.ve\/web\/wp-json\/wp\/v2\/media?parent=12517"}],"wp:term":[{"taxonomy":"category","embeddable":true,"href":"https:\/\/www.ucat.edu.ve\/web\/wp-json\/wp\/v2\/categories?post=12517"},{"taxonomy":"post_tag","embeddable":true,"href":"https:\/\/www.ucat.edu.ve\/web\/wp-json\/wp\/v2\/tags?post=12517"}],"curies":[{"name":"wp","href":"https:\/\/api.w.org\/{rel}","templated":true}]}}