 {"id":12670,"date":"2024-05-15T13:49:18","date_gmt":"2024-05-15T13:49:18","guid":{"rendered":"https:\/\/www.ucat.edu.ve\/web\/?p=12670"},"modified":"2024-05-15T13:49:42","modified_gmt":"2024-05-15T13:49:42","slug":"celebraron-misa-pontifical-en-honor-a-los-100-anos-del-diario-catolico","status":"publish","type":"post","link":"https:\/\/www.ucat.edu.ve\/web\/celebraron-misa-pontifical-en-honor-a-los-100-anos-del-diario-catolico\/","title":{"rendered":"Celebraron Misa Pontifical en honor a los 100 a\u00f1os del Diario Cat\u00f3lico"},"content":{"rendered":"<p style=\"text-align: center\"><img loading=\"lazy\" class=\"alignnone size-full wp-image-12671\" src=\"https:\/\/www.ucat.edu.ve\/web\/wp-content\/uploads\/2024\/05\/Noticia-UCAT-Celebraron-Misa-Pontifical-en-honor-a-los-100-anos-del-Diario-Catolico.png\" alt=\"\" width=\"521\" height=\"322\" srcset=\"https:\/\/www.ucat.edu.ve\/web\/wp-content\/uploads\/2024\/05\/Noticia-UCAT-Celebraron-Misa-Pontifical-en-honor-a-los-100-anos-del-Diario-Catolico.png 1086w, https:\/\/www.ucat.edu.ve\/web\/wp-content\/uploads\/2024\/05\/Noticia-UCAT-Celebraron-Misa-Pontifical-en-honor-a-los-100-anos-del-Diario-Catolico-521x322.png 521w, https:\/\/www.ucat.edu.ve\/web\/wp-content\/uploads\/2024\/05\/Noticia-UCAT-Celebraron-Misa-Pontifical-en-honor-a-los-100-anos-del-Diario-Catolico-340x210.png 340w\" sizes=\"(max-width: 521px) 100vw, 521px\" \/><\/p>\n<p style=\"font-weight: 400;text-align: justify\">El 14 de mayo, en la Catedral de San Crist\u00f3bal, se celebraron los 100 a\u00f1os de fundaci\u00f3n del Diario Cat\u00f3lico, conocido como el \u201cDecano de la prensa Tachirense\u201d y que est\u00e1 al servicio de la Buena Prensa y la promoci\u00f3n del Evangelio.<\/p>\n<p style=\"font-weight: 400;text-align: justify\">&nbsp;La Santa Misa fue presidida por Mons. Mario Moronta, Obispo de San Crist\u00f3bal, junto a su Obispo auxiliar Mons. Juan Alberto Ayala, Mons. Tulio Ram\u00edrez Padilla, presidente de la Comisi\u00f3n episcopal para las comunicaciones, Mons. Pablo Modesto, Obispo de la Di\u00f3cesis de Guasdualito, y los Obispos em\u00e9ritos Mons. Ramiro D\u00edaz y Mons. Luis Alfonso M\u00e1rquez. Asimismo, sacerdotes del presbiterio de la Di\u00f3cesis, delegados de comunicaci\u00f3n de las diversas Arquidi\u00f3cesis, Di\u00f3cesis y Vicariatos en Venezuela, feligreses y amigos del Diario Cat\u00f3lico estuvieron presentes. La liturgia fue embellecida con los cantos lit\u00fargicos de la Coralina del T\u00e1chira, a cargo del director Leoncio Ontiveros.<\/p>\n<p style=\"font-weight: 400;text-align: justify\">En su homil\u00eda, el Obispo resalt\u00f3 la importancia de las comunicaciones y la presencia del Diario Cat\u00f3lico. Tambi\u00e9n record\u00f3 que el primer Obispo, Mons. Sanmiguel, nos dej\u00f3 como herencia el Diario Cat\u00f3lico, un fiel instrumento de evangelizaci\u00f3n que, con el aporte de sus directivos y trabajadores, se adapta e incorpora a los nuevos tiempos a trav\u00e9s de la tecnolog\u00eda.<\/p>\n<p style=\"font-weight: 400;text-align: justify\">&nbsp;\u201cEl desaf\u00edo del Diario Cat\u00f3lico es continuar esta obra eclesial. Hoy damos gracias a Dios con alegr\u00eda porque perseveramos en la misi\u00f3n que Jesucristo encomend\u00f3 en el momento de la Ascensi\u00f3n, y esto lo hacemos con la ayuda del Esp\u00edritu Santo, para la gloria de Dios\u201d, precis\u00f3 Mons. Moronta.<\/p>\n<p style=\"font-weight: 400;text-align: justify\"><strong><em>Inauguraci\u00f3n del Centro de producci\u00f3n televisiva<\/em><\/strong><\/p>\n<p style=\"font-weight: 400;text-align: justify\">Con el Ep\u00f3nimo de Mons. Nelson Arellano, qued\u00f3 inaugurado el Centro de Producci\u00f3n Televisiva de la Di\u00f3cesis de San Crist\u00f3bal, en el Estudio 1 del Diario Cat\u00f3lico, que estar\u00e1 al servicio de la evangelizaci\u00f3n en el continente digital, radiof\u00f3nico, televisivo y de distribuci\u00f3n de streaming, bajo la direcci\u00f3n de la Oficina de Prensa Diocesana.<\/p>\n<p style=\"font-weight: 400;text-align: justify\">Se prev\u00e9 que sea un medio de apoyo para la Di\u00f3cesis, las parroquias y sus comunidades de base, as\u00ed como para las diversas experiencias de formaci\u00f3n permanente y la difusi\u00f3n de tant\u00edsimos mensajes por parte de presb\u00edteros, di\u00e1conos, seminaristas, laicos y religiosas.<\/p>\n<p style=\"font-weight: 400\">(<strong>PrensaDiocesisSC<\/strong>)<\/p>\n<p style=\"font-weight: 400\"><\/p>\n\n\n<figure class=\"wp-block-embed aligncenter is-type-video is-provider-youtube wp-block-embed-youtube wp-embed-aspect-16-9 wp-has-aspect-ratio\"><div class=\"wp-block-embed__wrapper\">\n <iframe loading=\"lazy\" title=\"SANTA MISA CENTENARIO DE DIARIO CAT\u00d3LICO\" width=\"550\" height=\"309\" src=\"https:\/\/www.youtube.com\/embed\/BwQ6Um67YB0?start=145&#038;feature=oembed\" frameborder=\"0\" allow=\"accelerometer; autoplay; clipboard-write; encrypted-media; gyroscope; picture-in-picture; web-share\" referrerpolicy=\"strict-origin-when-cross-origin\" allowfullscreen><\/iframe>\n<\/div><\/figure>\n","protected":false},"excerpt":{"rendered":"<p>El 14 de mayo, en la Catedral de San Crist\u00f3bal, se celebraron los 100 a\u00f1os de fundaci\u00f3n del Diario Cat\u00f3lico, conocido como el \u201cDecano de la prensa Tachirense\u201d y que est\u00e1 al servicio de la Buena Prensa y la promoci\u00f3n del Evangelio. &nbsp;La Santa Misa fue presidida por Mons. Mario Moronta, Obispo de San Crist\u00f3bal,<\/p>\n","protected":false},"author":23,"featured_media":12671,"comment_status":"closed","ping_status":"closed","sticky":false,"template":"","format":"standard","meta":[],"categories":[3],"tags":[],"yoast_head":"<!-- This site is optimized with the Yoast SEO plugin v19.2 - https:\/\/yoast.com\/wordpress\/plugins\/seo\/ -->\n<title>Celebraron Misa Pontifical en honor a los 100 a\u00f1os del Diario Cat\u00f3lico - Universidad Cat\u00f3lica del T\u00e1chira<\/title>\n<meta name=\"robots\" content=\"index, follow, max-snippet:-1, max-image-preview:large, max-video-preview:-1\" \/>\n<link rel=\"canonical\" href=\"https:\/\/www.ucat.edu.ve\/web\/celebraron-misa-pontifical-en-honor-a-los-100-anos-del-diario-catolico\/\" \/>\n<meta property=\"og:locale\" content=\"es_ES\" \/>\n<meta property=\"og:type\" content=\"article\" \/>\n<meta property=\"og:title\" content=\"Celebraron Misa Pontifical en honor a los 100 a\u00f1os del Diario Cat\u00f3lico - Universidad Cat\u00f3lica del T\u00e1chira\" \/>\n<meta property=\"og:description\" content=\"El 14 de mayo, en la Catedral de San Crist\u00f3bal, se celebraron los 100 a\u00f1os de fundaci\u00f3n del Diario Cat\u00f3lico, conocido como el \u201cDecano de la prensa Tachirense\u201d y que est\u00e1 al servicio de la Buena Prensa y la promoci\u00f3n del Evangelio. &nbsp;La Santa Misa fue presidida por Mons. Mario Moronta, Obispo de San Crist\u00f3bal,\" \/>\n<meta property=\"og:url\" content=\"https:\/\/www.ucat.edu.ve\/web\/celebraron-misa-pontifical-en-honor-a-los-100-anos-del-diario-catolico\/\" \/>\n<meta property=\"og:site_name\" content=\"Universidad Cat\u00f3lica del T\u00e1chira\" \/>\n<meta property=\"article:publisher\" content=\"https:\/\/www.facebook.com\/notiucat\/\" \/>\n<meta property=\"article:published_time\" content=\"2024-05-15T13:49:18+00:00\" \/>\n<meta property=\"article:modified_time\" content=\"2024-05-15T13:49:42+00:00\" \/>\n<meta property=\"og:image\" content=\"https:\/\/www.ucat.edu.ve\/web\/wp-content\/uploads\/2024\/05\/Noticia-UCAT-Celebraron-Misa-Pontifical-en-honor-a-los-100-anos-del-Diario-Catolico.png\" \/>\n\t<meta property=\"og:image:width\" content=\"1086\" \/>\n\t<meta property=\"og:image:height\" content=\"671\" \/>\n\t<meta property=\"og:image:type\" content=\"image\/png\" \/>\n<meta name=\"author\" content=\"Secretaria General\" \/>\n<meta name=\"twitter:card\" content=\"summary_large_image\" \/>\n<meta name=\"twitter:creator\" content=\"@notiucat\" \/>\n<meta name=\"twitter:site\" content=\"@notiucat\" \/>\n<meta name=\"twitter:label1\" content=\"Written by\" \/>\n\t<meta name=\"twitter:data1\" content=\"Secretaria General\" \/>\n\t<meta name=\"twitter:label2\" content=\"Est. reading time\" \/>\n\t<meta name=\"twitter:data2\" content=\"2 minutos\" \/>\n<script type=\"application\/ld+json\" class=\"yoast-schema-graph\">{\"@context\":\"https:\/\/schema.org\",\"@graph\":[{\"@type\":\"Organization\",\"@id\":\"https:\/\/www.ucat.edu.ve\/web\/#organization\",\"name\":\"Universidad Cat\u00f3lica Del T\u00e1chira UCAT\",\"url\":\"https:\/\/www.ucat.edu.ve\/web\/\",\"sameAs\":[\"https:\/\/www.instagram.com\/notiucat\/\",\"https:\/\/www.youtube.com\/channel\/UCwEbYSB1R9fzlII-8dcxuYA?view_as=subscriber\",\"https:\/\/www.facebook.com\/notiucat\/\",\"https:\/\/twitter.com\/notiucat\"],\"logo\":{\"@type\":\"ImageObject\",\"inLanguage\":\"es-ES\",\"@id\":\"https:\/\/www.ucat.edu.ve\/web\/#\/schema\/logo\/image\/\",\"url\":\"https:\/\/www.ucat.edu.ve\/web\/wp-content\/uploads\/2015\/07\/logoucat.gif\",\"contentUrl\":\"https:\/\/www.ucat.edu.ve\/web\/wp-content\/uploads\/2015\/07\/logoucat.gif\",\"width\":219,\"height\":155,\"caption\":\"Universidad Cat\u00f3lica Del T\u00e1chira UCAT\"},\"image\":{\"@id\":\"https:\/\/www.ucat.edu.ve\/web\/#\/schema\/logo\/image\/\"}},{\"@type\":\"WebSite\",\"@id\":\"https:\/\/www.ucat.edu.ve\/web\/#website\",\"url\":\"https:\/\/www.ucat.edu.ve\/web\/\",\"name\":\"Universidad Cat\u00f3lica del T\u00e1chira\",\"description\":\"\",\"publisher\":{\"@id\":\"https:\/\/www.ucat.edu.ve\/web\/#organization\"},\"potentialAction\":[{\"@type\":\"SearchAction\",\"target\":{\"@type\":\"EntryPoint\",\"urlTemplate\":\"https:\/\/www.ucat.edu.ve\/web\/?s={search_term_string}\"},\"query-input\":\"required name=search_term_string\"}],\"inLanguage\":\"es-ES\"},{\"@type\":\"ImageObject\",\"inLanguage\":\"es-ES\",\"@id\":\"https:\/\/www.ucat.edu.ve\/web\/celebraron-misa-pontifical-en-honor-a-los-100-anos-del-diario-catolico\/#primaryimage\",\"url\":\"https:\/\/www.ucat.edu.ve\/web\/wp-content\/uploads\/2024\/05\/Noticia-UCAT-Celebraron-Misa-Pontifical-en-honor-a-los-100-anos-del-Diario-Catolico.png\",\"contentUrl\":\"https:\/\/www.ucat.edu.ve\/web\/wp-content\/uploads\/2024\/05\/Noticia-UCAT-Celebraron-Misa-Pontifical-en-honor-a-los-100-anos-del-Diario-Catolico.png\",\"width\":1086,\"height\":671},{\"@type\":\"WebPage\",\"@id\":\"https:\/\/www.ucat.edu.ve\/web\/celebraron-misa-pontifical-en-honor-a-los-100-anos-del-diario-catolico\/#webpage\",\"url\":\"https:\/\/www.ucat.edu.ve\/web\/celebraron-misa-pontifical-en-honor-a-los-100-anos-del-diario-catolico\/\",\"name\":\"Celebraron Misa Pontifical en honor a los 100 a\u00f1os del Diario Cat\u00f3lico - Universidad Cat\u00f3lica del T\u00e1chira\",\"isPartOf\":{\"@id\":\"https:\/\/www.ucat.edu.ve\/web\/#website\"},\"primaryImageOfPage\":{\"@id\":\"https:\/\/www.ucat.edu.ve\/web\/celebraron-misa-pontifical-en-honor-a-los-100-anos-del-diario-catolico\/#primaryimage\"},\"datePublished\":\"2024-05-15T13:49:18+00:00\",\"dateModified\":\"2024-05-15T13:49:42+00:00\",\"breadcrumb\":{\"@id\":\"https:\/\/www.ucat.edu.ve\/web\/celebraron-misa-pontifical-en-honor-a-los-100-anos-del-diario-catolico\/#breadcrumb\"},\"inLanguage\":\"es-ES\",\"potentialAction\":[{\"@type\":\"ReadAction\",\"target\":[\"https:\/\/www.ucat.edu.ve\/web\/celebraron-misa-pontifical-en-honor-a-los-100-anos-del-diario-catolico\/\"]}]},{\"@type\":\"BreadcrumbList\",\"@id\":\"https:\/\/www.ucat.edu.ve\/web\/celebraron-misa-pontifical-en-honor-a-los-100-anos-del-diario-catolico\/#breadcrumb\",\"itemListElement\":[{\"@type\":\"ListItem\",\"position\":1,\"name\":\"Home\",\"item\":\"https:\/\/www.ucat.edu.ve\/web\/\"},{\"@type\":\"ListItem\",\"position\":2,\"name\":\"Celebraron Misa Pontifical en honor a los 100 a\u00f1os del Diario Cat\u00f3lico\"}]},{\"@type\":\"Article\",\"@id\":\"https:\/\/www.ucat.edu.ve\/web\/celebraron-misa-pontifical-en-honor-a-los-100-anos-del-diario-catolico\/#article\",\"isPartOf\":{\"@id\":\"https:\/\/www.ucat.edu.ve\/web\/celebraron-misa-pontifical-en-honor-a-los-100-anos-del-diario-catolico\/#webpage\"},\"author\":{\"name\":\"Secretaria General\",\"@id\":\"https:\/\/www.ucat.edu.ve\/web\/#\/schema\/person\/e90fe655adf97bd5c1dbc608855d16cf\"},\"headline\":\"Celebraron Misa Pontifical en honor a los 100 a\u00f1os del Diario Cat\u00f3lico\",\"datePublished\":\"2024-05-15T13:49:18+00:00\",\"dateModified\":\"2024-05-15T13:49:42+00:00\",\"mainEntityOfPage\":{\"@id\":\"https:\/\/www.ucat.edu.ve\/web\/celebraron-misa-pontifical-en-honor-a-los-100-anos-del-diario-catolico\/#webpage\"},\"wordCount\":427,\"publisher\":{\"@id\":\"https:\/\/www.ucat.edu.ve\/web\/#organization\"},\"image\":{\"@id\":\"https:\/\/www.ucat.edu.ve\/web\/celebraron-misa-pontifical-en-honor-a-los-100-anos-del-diario-catolico\/#primaryimage\"},\"thumbnailUrl\":\"https:\/\/www.ucat.edu.ve\/web\/wp-content\/uploads\/2024\/05\/Noticia-UCAT-Celebraron-Misa-Pontifical-en-honor-a-los-100-anos-del-Diario-Catolico.png\",\"articleSection\":[\"Noticias\"],\"inLanguage\":\"es-ES\"},{\"@type\":\"Person\",\"@id\":\"https:\/\/www.ucat.edu.ve\/web\/#\/schema\/person\/e90fe655adf97bd5c1dbc608855d16cf\",\"name\":\"Secretaria General\",\"url\":\"https:\/\/www.ucat.edu.ve\/web\/author\/secgeucat\/\"}]}<\/script>\n<!-- \/ Yoast SEO plugin. -->","yoast_head_json":{"title":"Celebraron Misa Pontifical en honor a los 100 a\u00f1os del Diario Cat\u00f3lico - Universidad Cat\u00f3lica del T\u00e1chira","robots":{"index":"index","follow":"follow","max-snippet":"max-snippet:-1","max-image-preview":"max-image-preview:large","max-video-preview":"max-video-preview:-1"},"canonical":"https:\/\/www.ucat.edu.ve\/web\/celebraron-misa-pontifical-en-honor-a-los-100-anos-del-diario-catolico\/","og_locale":"es_ES","og_type":"article","og_title":"Celebraron Misa Pontifical en honor a los 100 a\u00f1os del Diario Cat\u00f3lico - Universidad Cat\u00f3lica del T\u00e1chira","og_description":"El 14 de mayo, en la Catedral de San Crist\u00f3bal, se celebraron los 100 a\u00f1os de fundaci\u00f3n del Diario Cat\u00f3lico, conocido como el \u201cDecano de la prensa Tachirense\u201d y que est\u00e1 al servicio de la Buena Prensa y la promoci\u00f3n del Evangelio. &nbsp;La Santa Misa fue presidida por Mons. Mario Moronta, Obispo de San Crist\u00f3bal,","og_url":"https:\/\/www.ucat.edu.ve\/web\/celebraron-misa-pontifical-en-honor-a-los-100-anos-del-diario-catolico\/","og_site_name":"Universidad Cat\u00f3lica del T\u00e1chira","article_publisher":"https:\/\/www.facebook.com\/notiucat\/","article_published_time":"2024-05-15T13:49:18+00:00","article_modified_time":"2024-05-15T13:49:42+00:00","og_image":[{"width":1086,"height":671,"url":"https:\/\/www.ucat.edu.ve\/web\/wp-content\/uploads\/2024\/05\/Noticia-UCAT-Celebraron-Misa-Pontifical-en-honor-a-los-100-anos-del-Diario-Catolico.png","type":"image\/png"}],"author":"Secretaria General","twitter_card":"summary_large_image","twitter_creator":"@notiucat","twitter_site":"@notiucat","twitter_misc":{"Written by":"Secretaria General","Est. reading time":"2 minutos"},"schema":{"@context":"https:\/\/schema.org","@graph":[{"@type":"Organization","@id":"https:\/\/www.ucat.edu.ve\/web\/#organization","name":"Universidad Cat\u00f3lica Del T\u00e1chira UCAT","url":"https:\/\/www.ucat.edu.ve\/web\/","sameAs":["https:\/\/www.instagram.com\/notiucat\/","https:\/\/www.youtube.com\/channel\/UCwEbYSB1R9fzlII-8dcxuYA?view_as=subscriber","https:\/\/www.facebook.com\/notiucat\/","https:\/\/twitter.com\/notiucat"],"logo":{"@type":"ImageObject","inLanguage":"es-ES","@id":"https:\/\/www.ucat.edu.ve\/web\/#\/schema\/logo\/image\/","url":"https:\/\/www.ucat.edu.ve\/web\/wp-content\/uploads\/2015\/07\/logoucat.gif","contentUrl":"https:\/\/www.ucat.edu.ve\/web\/wp-content\/uploads\/2015\/07\/logoucat.gif","width":219,"height":155,"caption":"Universidad Cat\u00f3lica Del T\u00e1chira UCAT"},"image":{"@id":"https:\/\/www.ucat.edu.ve\/web\/#\/schema\/logo\/image\/"}},{"@type":"WebSite","@id":"https:\/\/www.ucat.edu.ve\/web\/#website","url":"https:\/\/www.ucat.edu.ve\/web\/","name":"Universidad Cat\u00f3lica del T\u00e1chira","description":"","publisher":{"@id":"https:\/\/www.ucat.edu.ve\/web\/#organization"},"potentialAction":[{"@type":"SearchAction","target":{"@type":"EntryPoint","urlTemplate":"https:\/\/www.ucat.edu.ve\/web\/?s={search_term_string}"},"query-input":"required name=search_term_string"}],"inLanguage":"es-ES"},{"@type":"ImageObject","inLanguage":"es-ES","@id":"https:\/\/www.ucat.edu.ve\/web\/celebraron-misa-pontifical-en-honor-a-los-100-anos-del-diario-catolico\/#primaryimage","url":"https:\/\/www.ucat.edu.ve\/web\/wp-content\/uploads\/2024\/05\/Noticia-UCAT-Celebraron-Misa-Pontifical-en-honor-a-los-100-anos-del-Diario-Catolico.png","contentUrl":"https:\/\/www.ucat.edu.ve\/web\/wp-content\/uploads\/2024\/05\/Noticia-UCAT-Celebraron-Misa-Pontifical-en-honor-a-los-100-anos-del-Diario-Catolico.png","width":1086,"height":671},{"@type":"WebPage","@id":"https:\/\/www.ucat.edu.ve\/web\/celebraron-misa-pontifical-en-honor-a-los-100-anos-del-diario-catolico\/#webpage","url":"https:\/\/www.ucat.edu.ve\/web\/celebraron-misa-pontifical-en-honor-a-los-100-anos-del-diario-catolico\/","name":"Celebraron Misa Pontifical en honor a los 100 a\u00f1os del Diario Cat\u00f3lico - Universidad Cat\u00f3lica del T\u00e1chira","isPartOf":{"@id":"https:\/\/www.ucat.edu.ve\/web\/#website"},"primaryImageOfPage":{"@id":"https:\/\/www.ucat.edu.ve\/web\/celebraron-misa-pontifical-en-honor-a-los-100-anos-del-diario-catolico\/#primaryimage"},"datePublished":"2024-05-15T13:49:18+00:00","dateModified":"2024-05-15T13:49:42+00:00","breadcrumb":{"@id":"https:\/\/www.ucat.edu.ve\/web\/celebraron-misa-pontifical-en-honor-a-los-100-anos-del-diario-catolico\/#breadcrumb"},"inLanguage":"es-ES","potentialAction":[{"@type":"ReadAction","target":["https:\/\/www.ucat.edu.ve\/web\/celebraron-misa-pontifical-en-honor-a-los-100-anos-del-diario-catolico\/"]}]},{"@type":"BreadcrumbList","@id":"https:\/\/www.ucat.edu.ve\/web\/celebraron-misa-pontifical-en-honor-a-los-100-anos-del-diario-catolico\/#breadcrumb","itemListElement":[{"@type":"ListItem","position":1,"name":"Home","item":"https:\/\/www.ucat.edu.ve\/web\/"},{"@type":"ListItem","position":2,"name":"Celebraron Misa Pontifical en honor a los 100 a\u00f1os del Diario Cat\u00f3lico"}]},{"@type":"Article","@id":"https:\/\/www.ucat.edu.ve\/web\/celebraron-misa-pontifical-en-honor-a-los-100-anos-del-diario-catolico\/#article","isPartOf":{"@id":"https:\/\/www.ucat.edu.ve\/web\/celebraron-misa-pontifical-en-honor-a-los-100-anos-del-diario-catolico\/#webpage"},"author":{"name":"Secretaria General","@id":"https:\/\/www.ucat.edu.ve\/web\/#\/schema\/person\/e90fe655adf97bd5c1dbc608855d16cf"},"headline":"Celebraron Misa Pontifical en honor a los 100 a\u00f1os del Diario Cat\u00f3lico","datePublished":"2024-05-15T13:49:18+00:00","dateModified":"2024-05-15T13:49:42+00:00","mainEntityOfPage":{"@id":"https:\/\/www.ucat.edu.ve\/web\/celebraron-misa-pontifical-en-honor-a-los-100-anos-del-diario-catolico\/#webpage"},"wordCount":427,"publisher":{"@id":"https:\/\/www.ucat.edu.ve\/web\/#organization"},"image":{"@id":"https:\/\/www.ucat.edu.ve\/web\/celebraron-misa-pontifical-en-honor-a-los-100-anos-del-diario-catolico\/#primaryimage"},"thumbnailUrl":"https:\/\/www.ucat.edu.ve\/web\/wp-content\/uploads\/2024\/05\/Noticia-UCAT-Celebraron-Misa-Pontifical-en-honor-a-los-100-anos-del-Diario-Catolico.png","articleSection":["Noticias"],"inLanguage":"es-ES"},{"@type":"Person","@id":"https:\/\/www.ucat.edu.ve\/web\/#\/schema\/person\/e90fe655adf97bd5c1dbc608855d16cf","name":"Secretaria General","url":"https:\/\/www.ucat.edu.ve\/web\/author\/secgeucat\/"}]}},"_links":{"self":[{"href":"https:\/\/www.ucat.edu.ve\/web\/wp-json\/wp\/v2\/posts\/12670"}],"collection":[{"href":"https:\/\/www.ucat.edu.ve\/web\/wp-json\/wp\/v2\/posts"}],"about":[{"href":"https:\/\/www.ucat.edu.ve\/web\/wp-json\/wp\/v2\/types\/post"}],"author":[{"embeddable":true,"href":"https:\/\/www.ucat.edu.ve\/web\/wp-json\/wp\/v2\/users\/23"}],"replies":[{"embeddable":true,"href":"https:\/\/www.ucat.edu.ve\/web\/wp-json\/wp\/v2\/comments?post=12670"}],"version-history":[{"count":2,"href":"https:\/\/www.ucat.edu.ve\/web\/wp-json\/wp\/v2\/posts\/12670\/revisions"}],"predecessor-version":[{"id":12674,"href":"https:\/\/www.ucat.edu.ve\/web\/wp-json\/wp\/v2\/posts\/12670\/revisions\/12674"}],"wp:featuredmedia":[{"embeddable":true,"href":"https:\/\/www.ucat.edu.ve\/web\/wp-json\/wp\/v2\/media\/12671"}],"wp:attachment":[{"href":"https:\/\/www.ucat.edu.ve\/web\/wp-json\/wp\/v2\/media?parent=12670"}],"wp:term":[{"taxonomy":"category","embeddable":true,"href":"https:\/\/www.ucat.edu.ve\/web\/wp-json\/wp\/v2\/categories?post=12670"},{"taxonomy":"post_tag","embeddable":true,"href":"https:\/\/www.ucat.edu.ve\/web\/wp-json\/wp\/v2\/tags?post=12670"}],"curies":[{"name":"wp","href":"https:\/\/api.w.org\/{rel}","templated":true}]}}