 {"id":12871,"date":"2024-06-03T18:54:29","date_gmt":"2024-06-03T18:54:29","guid":{"rendered":"https:\/\/www.ucat.edu.ve\/web\/?p=12871"},"modified":"2024-06-03T18:54:29","modified_gmt":"2024-06-03T18:54:29","slug":"abiertas-preinscripciones-en-la-ucat","status":"publish","type":"post","link":"https:\/\/www.ucat.edu.ve\/web\/abiertas-preinscripciones-en-la-ucat\/","title":{"rendered":"Abiertas preinscripciones en la UCAT"},"content":{"rendered":"<p style=\"text-align: center;\"><img loading=\"lazy\" class=\"alignnone size-medium wp-image-12872\" src=\"https:\/\/www.ucat.edu.ve\/web\/wp-content\/uploads\/2024\/06\/Noticia-UCAT-Preinscripciones-521x322.png\" alt=\"\" width=\"521\" height=\"322\" srcset=\"https:\/\/www.ucat.edu.ve\/web\/wp-content\/uploads\/2024\/06\/Noticia-UCAT-Preinscripciones-521x322.png 521w, https:\/\/www.ucat.edu.ve\/web\/wp-content\/uploads\/2024\/06\/Noticia-UCAT-Preinscripciones-340x210.png 340w, https:\/\/www.ucat.edu.ve\/web\/wp-content\/uploads\/2024\/06\/Noticia-UCAT-Preinscripciones.png 1086w\" sizes=\"(max-width: 521px) 100vw, 521px\" \/><\/p>\n<p style=\"text-align: justify;\">Este lunes 3 de junio, la Universidad Cat\u00f3lica del T\u00e1chira anunci\u00f3 la apertura del proceso de preinscripciones para el a\u00f1o acad\u00e9mico 2024-2025, seg\u00fan lo comunicado por el Dr. Gerardo D\u00edaz, secretario general de la UCAT.<\/p>\n<p style=\"text-align: justify;\">D\u00edaz destac\u00f3 el compromiso de la instituci\u00f3n con la formaci\u00f3n de excelentes profesionales en la regi\u00f3n fronteriza, para lo cual se adapta a los nuevos tiempos \u201cCon el firme compromiso de continuar formando a los futuros profesionales en toda la regi\u00f3n, hemos iniciado el proceso de preinscripciones en nuestra universidad\u201d.<\/p>\n<p style=\"text-align: justify;\">A trav\u00e9s de este proceso, los estudiantes podr\u00e1n postularse para cursar estudios en diversas carreras, tales como: Derecho, Ciencias Pol\u00edticas en sus menciones Administraci\u00f3n y Gesti\u00f3n P\u00fablica y Pol\u00edtica Internacional, T\u00e9cnico Superior en Ciencias Penales y Criminal\u00edstica, Licenciatura en Contadur\u00eda P\u00fablica, Licenciatura en Administraci\u00f3n en sus menciones en Gerencia de Recursos Humanos y Mercadeo.<\/p>\n<p style=\"text-align: justify;\">En la Facultad de Humanidades y Educaci\u00f3n, se enfatiza en la Licenciatura en Educaci\u00f3n en sus diversas menciones: Castellano y Literatura, Ciencias Sociales, Biolog\u00eda y Qu\u00edmica, F\u00edsica y Matem\u00e1tica, Inform\u00e1tica, Inform\u00e1tica y Matem\u00e1tica, e Integral, con el objetivo de preparar a los futuros docentes, responsables de la ense\u00f1anza de las nuevas generaciones.<\/p>\n<p style=\"text-align: justify;\">El secretario resalt\u00f3 que, adem\u00e1s de la oferta acad\u00e9mica tradicional, que ha otorgado reconocimiento a la universidad tanto a nivel nacional como internacional por la calidad de sus egresados, se suma la Licenciatura en Psicolog\u00eda, recientemente aprobada por el Consejo Nacional de Universidades. El perfil de esta nueva carrera se caracteriza por un enfoque cl\u00ednico, con un marcado acento en la pr\u00e1ctica como elemento fundamental para el desarrollo de la competencia profesional.<\/p>\n<p><strong>(PrensaUCAT)<\/strong><\/p>\n","protected":false},"excerpt":{"rendered":"<p>Este lunes 3 de junio, la Universidad Cat\u00f3lica del T\u00e1chira anunci\u00f3 la apertura del proceso de preinscripciones para el a\u00f1o acad\u00e9mico 2024-2025, seg\u00fan lo comunicado por el Dr. Gerardo D\u00edaz, secretario general de la UCAT. D\u00edaz destac\u00f3 el compromiso de la instituci\u00f3n con la formaci\u00f3n de excelentes profesionales en la regi\u00f3n fronteriza, para lo cual<\/p>\n","protected":false},"author":23,"featured_media":12872,"comment_status":"closed","ping_status":"closed","sticky":false,"template":"","format":"standard","meta":[],"categories":[3],"tags":[],"yoast_head":"<!-- This site is optimized with the Yoast SEO plugin v19.2 - https:\/\/yoast.com\/wordpress\/plugins\/seo\/ -->\n<title>Abiertas preinscripciones en la UCAT - Universidad Cat\u00f3lica del T\u00e1chira<\/title>\n<meta name=\"robots\" content=\"index, follow, max-snippet:-1, max-image-preview:large, max-video-preview:-1\" \/>\n<link rel=\"canonical\" href=\"https:\/\/www.ucat.edu.ve\/web\/abiertas-preinscripciones-en-la-ucat\/\" \/>\n<meta property=\"og:locale\" content=\"es_ES\" \/>\n<meta property=\"og:type\" content=\"article\" \/>\n<meta property=\"og:title\" content=\"Abiertas preinscripciones en la UCAT - Universidad Cat\u00f3lica del T\u00e1chira\" \/>\n<meta property=\"og:description\" content=\"Este lunes 3 de junio, la Universidad Cat\u00f3lica del T\u00e1chira anunci\u00f3 la apertura del proceso de preinscripciones para el a\u00f1o acad\u00e9mico 2024-2025, seg\u00fan lo comunicado por el Dr. Gerardo D\u00edaz, secretario general de la UCAT. D\u00edaz destac\u00f3 el compromiso de la instituci\u00f3n con la formaci\u00f3n de excelentes profesionales en la regi\u00f3n fronteriza, para lo cual\" \/>\n<meta property=\"og:url\" content=\"https:\/\/www.ucat.edu.ve\/web\/abiertas-preinscripciones-en-la-ucat\/\" \/>\n<meta property=\"og:site_name\" content=\"Universidad Cat\u00f3lica del T\u00e1chira\" \/>\n<meta property=\"article:publisher\" content=\"https:\/\/www.facebook.com\/notiucat\/\" \/>\n<meta property=\"article:published_time\" content=\"2024-06-03T18:54:29+00:00\" \/>\n<meta property=\"og:image\" content=\"https:\/\/www.ucat.edu.ve\/web\/wp-content\/uploads\/2024\/06\/Noticia-UCAT-Preinscripciones.png\" \/>\n\t<meta property=\"og:image:width\" content=\"1086\" \/>\n\t<meta property=\"og:image:height\" content=\"671\" \/>\n\t<meta property=\"og:image:type\" content=\"image\/png\" \/>\n<meta name=\"author\" content=\"Secretaria General\" \/>\n<meta name=\"twitter:card\" content=\"summary_large_image\" \/>\n<meta name=\"twitter:creator\" content=\"@notiucat\" \/>\n<meta name=\"twitter:site\" content=\"@notiucat\" \/>\n<meta name=\"twitter:label1\" content=\"Written by\" \/>\n\t<meta name=\"twitter:data1\" content=\"Secretaria General\" \/>\n\t<meta name=\"twitter:label2\" content=\"Est. reading time\" \/>\n\t<meta name=\"twitter:data2\" content=\"2 minutos\" \/>\n<script type=\"application\/ld+json\" class=\"yoast-schema-graph\">{\"@context\":\"https:\/\/schema.org\",\"@graph\":[{\"@type\":\"Organization\",\"@id\":\"https:\/\/www.ucat.edu.ve\/web\/#organization\",\"name\":\"Universidad Cat\u00f3lica Del T\u00e1chira UCAT\",\"url\":\"https:\/\/www.ucat.edu.ve\/web\/\",\"sameAs\":[\"https:\/\/www.instagram.com\/notiucat\/\",\"https:\/\/www.youtube.com\/channel\/UCwEbYSB1R9fzlII-8dcxuYA?view_as=subscriber\",\"https:\/\/www.facebook.com\/notiucat\/\",\"https:\/\/twitter.com\/notiucat\"],\"logo\":{\"@type\":\"ImageObject\",\"inLanguage\":\"es-ES\",\"@id\":\"https:\/\/www.ucat.edu.ve\/web\/#\/schema\/logo\/image\/\",\"url\":\"https:\/\/www.ucat.edu.ve\/web\/wp-content\/uploads\/2015\/07\/logoucat.gif\",\"contentUrl\":\"https:\/\/www.ucat.edu.ve\/web\/wp-content\/uploads\/2015\/07\/logoucat.gif\",\"width\":219,\"height\":155,\"caption\":\"Universidad Cat\u00f3lica Del T\u00e1chira UCAT\"},\"image\":{\"@id\":\"https:\/\/www.ucat.edu.ve\/web\/#\/schema\/logo\/image\/\"}},{\"@type\":\"WebSite\",\"@id\":\"https:\/\/www.ucat.edu.ve\/web\/#website\",\"url\":\"https:\/\/www.ucat.edu.ve\/web\/\",\"name\":\"Universidad Cat\u00f3lica del T\u00e1chira\",\"description\":\"\",\"publisher\":{\"@id\":\"https:\/\/www.ucat.edu.ve\/web\/#organization\"},\"potentialAction\":[{\"@type\":\"SearchAction\",\"target\":{\"@type\":\"EntryPoint\",\"urlTemplate\":\"https:\/\/www.ucat.edu.ve\/web\/?s={search_term_string}\"},\"query-input\":\"required name=search_term_string\"}],\"inLanguage\":\"es-ES\"},{\"@type\":\"ImageObject\",\"inLanguage\":\"es-ES\",\"@id\":\"https:\/\/www.ucat.edu.ve\/web\/abiertas-preinscripciones-en-la-ucat\/#primaryimage\",\"url\":\"https:\/\/www.ucat.edu.ve\/web\/wp-content\/uploads\/2024\/06\/Noticia-UCAT-Preinscripciones.png\",\"contentUrl\":\"https:\/\/www.ucat.edu.ve\/web\/wp-content\/uploads\/2024\/06\/Noticia-UCAT-Preinscripciones.png\",\"width\":1086,\"height\":671},{\"@type\":\"WebPage\",\"@id\":\"https:\/\/www.ucat.edu.ve\/web\/abiertas-preinscripciones-en-la-ucat\/#webpage\",\"url\":\"https:\/\/www.ucat.edu.ve\/web\/abiertas-preinscripciones-en-la-ucat\/\",\"name\":\"Abiertas preinscripciones en la UCAT - Universidad Cat\u00f3lica del T\u00e1chira\",\"isPartOf\":{\"@id\":\"https:\/\/www.ucat.edu.ve\/web\/#website\"},\"primaryImageOfPage\":{\"@id\":\"https:\/\/www.ucat.edu.ve\/web\/abiertas-preinscripciones-en-la-ucat\/#primaryimage\"},\"datePublished\":\"2024-06-03T18:54:29+00:00\",\"dateModified\":\"2024-06-03T18:54:29+00:00\",\"breadcrumb\":{\"@id\":\"https:\/\/www.ucat.edu.ve\/web\/abiertas-preinscripciones-en-la-ucat\/#breadcrumb\"},\"inLanguage\":\"es-ES\",\"potentialAction\":[{\"@type\":\"ReadAction\",\"target\":[\"https:\/\/www.ucat.edu.ve\/web\/abiertas-preinscripciones-en-la-ucat\/\"]}]},{\"@type\":\"BreadcrumbList\",\"@id\":\"https:\/\/www.ucat.edu.ve\/web\/abiertas-preinscripciones-en-la-ucat\/#breadcrumb\",\"itemListElement\":[{\"@type\":\"ListItem\",\"position\":1,\"name\":\"Home\",\"item\":\"https:\/\/www.ucat.edu.ve\/web\/\"},{\"@type\":\"ListItem\",\"position\":2,\"name\":\"Abiertas preinscripciones en la UCAT\"}]},{\"@type\":\"Article\",\"@id\":\"https:\/\/www.ucat.edu.ve\/web\/abiertas-preinscripciones-en-la-ucat\/#article\",\"isPartOf\":{\"@id\":\"https:\/\/www.ucat.edu.ve\/web\/abiertas-preinscripciones-en-la-ucat\/#webpage\"},\"author\":{\"name\":\"Secretaria General\",\"@id\":\"https:\/\/www.ucat.edu.ve\/web\/#\/schema\/person\/e90fe655adf97bd5c1dbc608855d16cf\"},\"headline\":\"Abiertas preinscripciones en la UCAT\",\"datePublished\":\"2024-06-03T18:54:29+00:00\",\"dateModified\":\"2024-06-03T18:54:29+00:00\",\"mainEntityOfPage\":{\"@id\":\"https:\/\/www.ucat.edu.ve\/web\/abiertas-preinscripciones-en-la-ucat\/#webpage\"},\"wordCount\":306,\"publisher\":{\"@id\":\"https:\/\/www.ucat.edu.ve\/web\/#organization\"},\"image\":{\"@id\":\"https:\/\/www.ucat.edu.ve\/web\/abiertas-preinscripciones-en-la-ucat\/#primaryimage\"},\"thumbnailUrl\":\"https:\/\/www.ucat.edu.ve\/web\/wp-content\/uploads\/2024\/06\/Noticia-UCAT-Preinscripciones.png\",\"articleSection\":[\"Noticias\"],\"inLanguage\":\"es-ES\"},{\"@type\":\"Person\",\"@id\":\"https:\/\/www.ucat.edu.ve\/web\/#\/schema\/person\/e90fe655adf97bd5c1dbc608855d16cf\",\"name\":\"Secretaria General\",\"url\":\"https:\/\/www.ucat.edu.ve\/web\/author\/secgeucat\/\"}]}<\/script>\n<!-- \/ Yoast SEO plugin. -->","yoast_head_json":{"title":"Abiertas preinscripciones en la UCAT - Universidad Cat\u00f3lica del T\u00e1chira","robots":{"index":"index","follow":"follow","max-snippet":"max-snippet:-1","max-image-preview":"max-image-preview:large","max-video-preview":"max-video-preview:-1"},"canonical":"https:\/\/www.ucat.edu.ve\/web\/abiertas-preinscripciones-en-la-ucat\/","og_locale":"es_ES","og_type":"article","og_title":"Abiertas preinscripciones en la UCAT - Universidad Cat\u00f3lica del T\u00e1chira","og_description":"Este lunes 3 de junio, la Universidad Cat\u00f3lica del T\u00e1chira anunci\u00f3 la apertura del proceso de preinscripciones para el a\u00f1o acad\u00e9mico 2024-2025, seg\u00fan lo comunicado por el Dr. Gerardo D\u00edaz, secretario general de la UCAT. D\u00edaz destac\u00f3 el compromiso de la instituci\u00f3n con la formaci\u00f3n de excelentes profesionales en la regi\u00f3n fronteriza, para lo cual","og_url":"https:\/\/www.ucat.edu.ve\/web\/abiertas-preinscripciones-en-la-ucat\/","og_site_name":"Universidad Cat\u00f3lica del T\u00e1chira","article_publisher":"https:\/\/www.facebook.com\/notiucat\/","article_published_time":"2024-06-03T18:54:29+00:00","og_image":[{"width":1086,"height":671,"url":"https:\/\/www.ucat.edu.ve\/web\/wp-content\/uploads\/2024\/06\/Noticia-UCAT-Preinscripciones.png","type":"image\/png"}],"author":"Secretaria General","twitter_card":"summary_large_image","twitter_creator":"@notiucat","twitter_site":"@notiucat","twitter_misc":{"Written by":"Secretaria General","Est. reading time":"2 minutos"},"schema":{"@context":"https:\/\/schema.org","@graph":[{"@type":"Organization","@id":"https:\/\/www.ucat.edu.ve\/web\/#organization","name":"Universidad Cat\u00f3lica Del T\u00e1chira UCAT","url":"https:\/\/www.ucat.edu.ve\/web\/","sameAs":["https:\/\/www.instagram.com\/notiucat\/","https:\/\/www.youtube.com\/channel\/UCwEbYSB1R9fzlII-8dcxuYA?view_as=subscriber","https:\/\/www.facebook.com\/notiucat\/","https:\/\/twitter.com\/notiucat"],"logo":{"@type":"ImageObject","inLanguage":"es-ES","@id":"https:\/\/www.ucat.edu.ve\/web\/#\/schema\/logo\/image\/","url":"https:\/\/www.ucat.edu.ve\/web\/wp-content\/uploads\/2015\/07\/logoucat.gif","contentUrl":"https:\/\/www.ucat.edu.ve\/web\/wp-content\/uploads\/2015\/07\/logoucat.gif","width":219,"height":155,"caption":"Universidad Cat\u00f3lica Del T\u00e1chira UCAT"},"image":{"@id":"https:\/\/www.ucat.edu.ve\/web\/#\/schema\/logo\/image\/"}},{"@type":"WebSite","@id":"https:\/\/www.ucat.edu.ve\/web\/#website","url":"https:\/\/www.ucat.edu.ve\/web\/","name":"Universidad Cat\u00f3lica del T\u00e1chira","description":"","publisher":{"@id":"https:\/\/www.ucat.edu.ve\/web\/#organization"},"potentialAction":[{"@type":"SearchAction","target":{"@type":"EntryPoint","urlTemplate":"https:\/\/www.ucat.edu.ve\/web\/?s={search_term_string}"},"query-input":"required name=search_term_string"}],"inLanguage":"es-ES"},{"@type":"ImageObject","inLanguage":"es-ES","@id":"https:\/\/www.ucat.edu.ve\/web\/abiertas-preinscripciones-en-la-ucat\/#primaryimage","url":"https:\/\/www.ucat.edu.ve\/web\/wp-content\/uploads\/2024\/06\/Noticia-UCAT-Preinscripciones.png","contentUrl":"https:\/\/www.ucat.edu.ve\/web\/wp-content\/uploads\/2024\/06\/Noticia-UCAT-Preinscripciones.png","width":1086,"height":671},{"@type":"WebPage","@id":"https:\/\/www.ucat.edu.ve\/web\/abiertas-preinscripciones-en-la-ucat\/#webpage","url":"https:\/\/www.ucat.edu.ve\/web\/abiertas-preinscripciones-en-la-ucat\/","name":"Abiertas preinscripciones en la UCAT - Universidad Cat\u00f3lica del T\u00e1chira","isPartOf":{"@id":"https:\/\/www.ucat.edu.ve\/web\/#website"},"primaryImageOfPage":{"@id":"https:\/\/www.ucat.edu.ve\/web\/abiertas-preinscripciones-en-la-ucat\/#primaryimage"},"datePublished":"2024-06-03T18:54:29+00:00","dateModified":"2024-06-03T18:54:29+00:00","breadcrumb":{"@id":"https:\/\/www.ucat.edu.ve\/web\/abiertas-preinscripciones-en-la-ucat\/#breadcrumb"},"inLanguage":"es-ES","potentialAction":[{"@type":"ReadAction","target":["https:\/\/www.ucat.edu.ve\/web\/abiertas-preinscripciones-en-la-ucat\/"]}]},{"@type":"BreadcrumbList","@id":"https:\/\/www.ucat.edu.ve\/web\/abiertas-preinscripciones-en-la-ucat\/#breadcrumb","itemListElement":[{"@type":"ListItem","position":1,"name":"Home","item":"https:\/\/www.ucat.edu.ve\/web\/"},{"@type":"ListItem","position":2,"name":"Abiertas preinscripciones en la UCAT"}]},{"@type":"Article","@id":"https:\/\/www.ucat.edu.ve\/web\/abiertas-preinscripciones-en-la-ucat\/#article","isPartOf":{"@id":"https:\/\/www.ucat.edu.ve\/web\/abiertas-preinscripciones-en-la-ucat\/#webpage"},"author":{"name":"Secretaria General","@id":"https:\/\/www.ucat.edu.ve\/web\/#\/schema\/person\/e90fe655adf97bd5c1dbc608855d16cf"},"headline":"Abiertas preinscripciones en la UCAT","datePublished":"2024-06-03T18:54:29+00:00","dateModified":"2024-06-03T18:54:29+00:00","mainEntityOfPage":{"@id":"https:\/\/www.ucat.edu.ve\/web\/abiertas-preinscripciones-en-la-ucat\/#webpage"},"wordCount":306,"publisher":{"@id":"https:\/\/www.ucat.edu.ve\/web\/#organization"},"image":{"@id":"https:\/\/www.ucat.edu.ve\/web\/abiertas-preinscripciones-en-la-ucat\/#primaryimage"},"thumbnailUrl":"https:\/\/www.ucat.edu.ve\/web\/wp-content\/uploads\/2024\/06\/Noticia-UCAT-Preinscripciones.png","articleSection":["Noticias"],"inLanguage":"es-ES"},{"@type":"Person","@id":"https:\/\/www.ucat.edu.ve\/web\/#\/schema\/person\/e90fe655adf97bd5c1dbc608855d16cf","name":"Secretaria General","url":"https:\/\/www.ucat.edu.ve\/web\/author\/secgeucat\/"}]}},"_links":{"self":[{"href":"https:\/\/www.ucat.edu.ve\/web\/wp-json\/wp\/v2\/posts\/12871"}],"collection":[{"href":"https:\/\/www.ucat.edu.ve\/web\/wp-json\/wp\/v2\/posts"}],"about":[{"href":"https:\/\/www.ucat.edu.ve\/web\/wp-json\/wp\/v2\/types\/post"}],"author":[{"embeddable":true,"href":"https:\/\/www.ucat.edu.ve\/web\/wp-json\/wp\/v2\/users\/23"}],"replies":[{"embeddable":true,"href":"https:\/\/www.ucat.edu.ve\/web\/wp-json\/wp\/v2\/comments?post=12871"}],"version-history":[{"count":1,"href":"https:\/\/www.ucat.edu.ve\/web\/wp-json\/wp\/v2\/posts\/12871\/revisions"}],"predecessor-version":[{"id":12873,"href":"https:\/\/www.ucat.edu.ve\/web\/wp-json\/wp\/v2\/posts\/12871\/revisions\/12873"}],"wp:featuredmedia":[{"embeddable":true,"href":"https:\/\/www.ucat.edu.ve\/web\/wp-json\/wp\/v2\/media\/12872"}],"wp:attachment":[{"href":"https:\/\/www.ucat.edu.ve\/web\/wp-json\/wp\/v2\/media?parent=12871"}],"wp:term":[{"taxonomy":"category","embeddable":true,"href":"https:\/\/www.ucat.edu.ve\/web\/wp-json\/wp\/v2\/categories?post=12871"},{"taxonomy":"post_tag","embeddable":true,"href":"https:\/\/www.ucat.edu.ve\/web\/wp-json\/wp\/v2\/tags?post=12871"}],"curies":[{"name":"wp","href":"https:\/\/api.w.org\/{rel}","templated":true}]}}