 {"id":12938,"date":"2024-06-11T20:35:55","date_gmt":"2024-06-11T20:35:55","guid":{"rendered":"https:\/\/www.ucat.edu.ve\/web\/?p=12938"},"modified":"2024-06-11T20:35:55","modified_gmt":"2024-06-11T20:35:55","slug":"exitosas-jornadas-de-formacion-y-compromiso-semana-de-la-doctrina-social-de-la-iglesia","status":"publish","type":"post","link":"https:\/\/www.ucat.edu.ve\/web\/exitosas-jornadas-de-formacion-y-compromiso-semana-de-la-doctrina-social-de-la-iglesia\/","title":{"rendered":"Exitosas Jornadas de Formaci\u00f3n y Compromiso: Semana de la Doctrina Social de la Iglesia"},"content":{"rendered":"<p style=\"text-align: center;\"><img loading=\"lazy\" class=\"alignnone size-medium wp-image-12939\" src=\"https:\/\/www.ucat.edu.ve\/web\/wp-content\/uploads\/2024\/06\/Noticia-UCAT_Exitosas-Jornadas-de-Formacion-y-Compromiso-Semana-de-la-Doctrina-Social-de-la-Iglesia-521x322.png\" alt=\"\" width=\"521\" height=\"322\" srcset=\"https:\/\/www.ucat.edu.ve\/web\/wp-content\/uploads\/2024\/06\/Noticia-UCAT_Exitosas-Jornadas-de-Formacion-y-Compromiso-Semana-de-la-Doctrina-Social-de-la-Iglesia-521x322.png 521w, https:\/\/www.ucat.edu.ve\/web\/wp-content\/uploads\/2024\/06\/Noticia-UCAT_Exitosas-Jornadas-de-Formacion-y-Compromiso-Semana-de-la-Doctrina-Social-de-la-Iglesia-340x210.png 340w, https:\/\/www.ucat.edu.ve\/web\/wp-content\/uploads\/2024\/06\/Noticia-UCAT_Exitosas-Jornadas-de-Formacion-y-Compromiso-Semana-de-la-Doctrina-Social-de-la-Iglesia.png 1086w\" sizes=\"(max-width: 521px) 100vw, 521px\" \/><\/p>\n<p style=\"text-align: justify;\">En el marco de la reciente celebraci\u00f3n de la Semana de la Doctrina Social de la Iglesia, llevada a cabo desde el 27 hasta el 31 de mayo, en cinco parroquias de la zona metropolitana: \u201cdestacamos el compromiso y entusiasmo con el que se vivieron estas jornadas de formaci\u00f3n y reflexi\u00f3n\u201d, as\u00ed lo expres\u00f3 el Presb\u00edtero Jean Carlos Medina Poveda, Coordinador de la Facultad de Ciencias de la Religi\u00f3n de la Universidad Cat\u00f3lica del T\u00e1chira (UCAT).<\/p>\n<p style=\"text-align: justify;\">Este evento, enmarcado dentro de los Estatutos Sinodales, tuvo como prop\u00f3sito principal adentrarse en los fundamentos de la Doctrina Social de la Iglesia y enriquecer el conocimiento y la pr\u00e1ctica de la comunidad en este \u00e1mbito.<\/p>\n<p style=\"text-align: justify;\">La participaci\u00f3n activa y entusiasta de los fieles provenientes de diversas parroquias resalt\u00f3 la importancia de seguir construyendo espacios de formaci\u00f3n y reflexi\u00f3n, orientados hacia los postulados propuestos en el art\u00edculo 388 de los Estatutos Sinodales.<\/p>\n<p style=\"text-align: justify;\">Las numerosas sugerencias y opiniones brindadas por los participantes durante las jornadas han servido de est\u00edmulo para seguir adelante en esta labor. Asimismo, han motivado la exploraci\u00f3n de temas y din\u00e1micas innovadoras que fortalezcan la labor catequ\u00e9tica y evangelizadora.<\/p>\n<p style=\"text-align: justify;\">De igual manera, el Padre Medina Poveda agradeci\u00f3 de manera especial a los p\u00e1rrocos de las diversas comunidades eclesiales participantes por su colaboraci\u00f3n y compromiso, as\u00ed como a todos los asistentes, cuyo entusiasmo ha dado un nuevo impulso a esta labor formativa y pastoral.<\/p>\n<p style=\"text-align: justify;\">Con el compromiso renovado, la Universidad Cat\u00f3lica del T\u00e1chira sigue adelante con su misi\u00f3n de servir y enriquecer la vida de la comunidad, tomando como gu\u00eda la Doctrina Social de la Iglesia para afrontar los desaf\u00edos morales del mundo actual, a la vez que profundizar en el conocimiento a trav\u00e9s de una perspectiva evang\u00e9lica.<\/p>\n<p>(<strong>PrensaUCAT<\/strong>)<\/p>\n","protected":false},"excerpt":{"rendered":"<p>En el marco de la reciente celebraci\u00f3n de la Semana de la Doctrina Social de la Iglesia, llevada a cabo desde el 27 hasta el 31 de mayo, en cinco parroquias de la zona metropolitana: \u201cdestacamos el compromiso y entusiasmo con el que se vivieron estas jornadas de formaci\u00f3n y reflexi\u00f3n\u201d, as\u00ed lo expres\u00f3 el<\/p>\n","protected":false},"author":23,"featured_media":12939,"comment_status":"closed","ping_status":"closed","sticky":false,"template":"","format":"standard","meta":[],"categories":[3],"tags":[],"yoast_head":"<!-- This site is optimized with the Yoast SEO plugin v19.2 - https:\/\/yoast.com\/wordpress\/plugins\/seo\/ -->\n<title>Exitosas Jornadas de Formaci\u00f3n y Compromiso: Semana de la Doctrina Social de la Iglesia - Universidad Cat\u00f3lica del T\u00e1chira<\/title>\n<meta name=\"robots\" content=\"index, follow, max-snippet:-1, max-image-preview:large, max-video-preview:-1\" \/>\n<link rel=\"canonical\" href=\"https:\/\/www.ucat.edu.ve\/web\/exitosas-jornadas-de-formacion-y-compromiso-semana-de-la-doctrina-social-de-la-iglesia\/\" \/>\n<meta property=\"og:locale\" content=\"es_ES\" \/>\n<meta property=\"og:type\" content=\"article\" \/>\n<meta property=\"og:title\" content=\"Exitosas Jornadas de Formaci\u00f3n y Compromiso: Semana de la Doctrina Social de la Iglesia - Universidad Cat\u00f3lica del T\u00e1chira\" \/>\n<meta property=\"og:description\" content=\"En el marco de la reciente celebraci\u00f3n de la Semana de la Doctrina Social de la Iglesia, llevada a cabo desde el 27 hasta el 31 de mayo, en cinco parroquias de la zona metropolitana: \u201cdestacamos el compromiso y entusiasmo con el que se vivieron estas jornadas de formaci\u00f3n y reflexi\u00f3n\u201d, as\u00ed lo expres\u00f3 el\" \/>\n<meta property=\"og:url\" content=\"https:\/\/www.ucat.edu.ve\/web\/exitosas-jornadas-de-formacion-y-compromiso-semana-de-la-doctrina-social-de-la-iglesia\/\" \/>\n<meta property=\"og:site_name\" content=\"Universidad Cat\u00f3lica del T\u00e1chira\" \/>\n<meta property=\"article:publisher\" content=\"https:\/\/www.facebook.com\/notiucat\/\" \/>\n<meta property=\"article:published_time\" content=\"2024-06-11T20:35:55+00:00\" \/>\n<meta property=\"og:image\" content=\"https:\/\/www.ucat.edu.ve\/web\/wp-content\/uploads\/2024\/06\/Noticia-UCAT_Exitosas-Jornadas-de-Formacion-y-Compromiso-Semana-de-la-Doctrina-Social-de-la-Iglesia.png\" \/>\n\t<meta property=\"og:image:width\" content=\"1086\" \/>\n\t<meta property=\"og:image:height\" content=\"671\" \/>\n\t<meta property=\"og:image:type\" content=\"image\/png\" \/>\n<meta name=\"author\" content=\"Secretaria General\" \/>\n<meta name=\"twitter:card\" content=\"summary_large_image\" \/>\n<meta name=\"twitter:creator\" content=\"@notiucat\" \/>\n<meta name=\"twitter:site\" content=\"@notiucat\" \/>\n<meta name=\"twitter:label1\" content=\"Written by\" \/>\n\t<meta name=\"twitter:data1\" content=\"Secretaria General\" \/>\n\t<meta name=\"twitter:label2\" content=\"Est. reading time\" \/>\n\t<meta name=\"twitter:data2\" content=\"2 minutos\" \/>\n<script type=\"application\/ld+json\" class=\"yoast-schema-graph\">{\"@context\":\"https:\/\/schema.org\",\"@graph\":[{\"@type\":\"Organization\",\"@id\":\"https:\/\/www.ucat.edu.ve\/web\/#organization\",\"name\":\"Universidad Cat\u00f3lica Del T\u00e1chira UCAT\",\"url\":\"https:\/\/www.ucat.edu.ve\/web\/\",\"sameAs\":[\"https:\/\/www.instagram.com\/notiucat\/\",\"https:\/\/www.youtube.com\/channel\/UCwEbYSB1R9fzlII-8dcxuYA?view_as=subscriber\",\"https:\/\/www.facebook.com\/notiucat\/\",\"https:\/\/twitter.com\/notiucat\"],\"logo\":{\"@type\":\"ImageObject\",\"inLanguage\":\"es-ES\",\"@id\":\"https:\/\/www.ucat.edu.ve\/web\/#\/schema\/logo\/image\/\",\"url\":\"https:\/\/www.ucat.edu.ve\/web\/wp-content\/uploads\/2015\/07\/logoucat.gif\",\"contentUrl\":\"https:\/\/www.ucat.edu.ve\/web\/wp-content\/uploads\/2015\/07\/logoucat.gif\",\"width\":219,\"height\":155,\"caption\":\"Universidad Cat\u00f3lica Del T\u00e1chira UCAT\"},\"image\":{\"@id\":\"https:\/\/www.ucat.edu.ve\/web\/#\/schema\/logo\/image\/\"}},{\"@type\":\"WebSite\",\"@id\":\"https:\/\/www.ucat.edu.ve\/web\/#website\",\"url\":\"https:\/\/www.ucat.edu.ve\/web\/\",\"name\":\"Universidad Cat\u00f3lica del T\u00e1chira\",\"description\":\"\",\"publisher\":{\"@id\":\"https:\/\/www.ucat.edu.ve\/web\/#organization\"},\"potentialAction\":[{\"@type\":\"SearchAction\",\"target\":{\"@type\":\"EntryPoint\",\"urlTemplate\":\"https:\/\/www.ucat.edu.ve\/web\/?s={search_term_string}\"},\"query-input\":\"required name=search_term_string\"}],\"inLanguage\":\"es-ES\"},{\"@type\":\"ImageObject\",\"inLanguage\":\"es-ES\",\"@id\":\"https:\/\/www.ucat.edu.ve\/web\/exitosas-jornadas-de-formacion-y-compromiso-semana-de-la-doctrina-social-de-la-iglesia\/#primaryimage\",\"url\":\"https:\/\/www.ucat.edu.ve\/web\/wp-content\/uploads\/2024\/06\/Noticia-UCAT_Exitosas-Jornadas-de-Formacion-y-Compromiso-Semana-de-la-Doctrina-Social-de-la-Iglesia.png\",\"contentUrl\":\"https:\/\/www.ucat.edu.ve\/web\/wp-content\/uploads\/2024\/06\/Noticia-UCAT_Exitosas-Jornadas-de-Formacion-y-Compromiso-Semana-de-la-Doctrina-Social-de-la-Iglesia.png\",\"width\":1086,\"height\":671},{\"@type\":\"WebPage\",\"@id\":\"https:\/\/www.ucat.edu.ve\/web\/exitosas-jornadas-de-formacion-y-compromiso-semana-de-la-doctrina-social-de-la-iglesia\/#webpage\",\"url\":\"https:\/\/www.ucat.edu.ve\/web\/exitosas-jornadas-de-formacion-y-compromiso-semana-de-la-doctrina-social-de-la-iglesia\/\",\"name\":\"Exitosas Jornadas de Formaci\u00f3n y Compromiso: Semana de la Doctrina Social de la Iglesia - Universidad Cat\u00f3lica del T\u00e1chira\",\"isPartOf\":{\"@id\":\"https:\/\/www.ucat.edu.ve\/web\/#website\"},\"primaryImageOfPage\":{\"@id\":\"https:\/\/www.ucat.edu.ve\/web\/exitosas-jornadas-de-formacion-y-compromiso-semana-de-la-doctrina-social-de-la-iglesia\/#primaryimage\"},\"datePublished\":\"2024-06-11T20:35:55+00:00\",\"dateModified\":\"2024-06-11T20:35:55+00:00\",\"breadcrumb\":{\"@id\":\"https:\/\/www.ucat.edu.ve\/web\/exitosas-jornadas-de-formacion-y-compromiso-semana-de-la-doctrina-social-de-la-iglesia\/#breadcrumb\"},\"inLanguage\":\"es-ES\",\"potentialAction\":[{\"@type\":\"ReadAction\",\"target\":[\"https:\/\/www.ucat.edu.ve\/web\/exitosas-jornadas-de-formacion-y-compromiso-semana-de-la-doctrina-social-de-la-iglesia\/\"]}]},{\"@type\":\"BreadcrumbList\",\"@id\":\"https:\/\/www.ucat.edu.ve\/web\/exitosas-jornadas-de-formacion-y-compromiso-semana-de-la-doctrina-social-de-la-iglesia\/#breadcrumb\",\"itemListElement\":[{\"@type\":\"ListItem\",\"position\":1,\"name\":\"Home\",\"item\":\"https:\/\/www.ucat.edu.ve\/web\/\"},{\"@type\":\"ListItem\",\"position\":2,\"name\":\"Exitosas Jornadas de Formaci\u00f3n y Compromiso: Semana de la Doctrina Social de la Iglesia\"}]},{\"@type\":\"Article\",\"@id\":\"https:\/\/www.ucat.edu.ve\/web\/exitosas-jornadas-de-formacion-y-compromiso-semana-de-la-doctrina-social-de-la-iglesia\/#article\",\"isPartOf\":{\"@id\":\"https:\/\/www.ucat.edu.ve\/web\/exitosas-jornadas-de-formacion-y-compromiso-semana-de-la-doctrina-social-de-la-iglesia\/#webpage\"},\"author\":{\"name\":\"Secretaria General\",\"@id\":\"https:\/\/www.ucat.edu.ve\/web\/#\/schema\/person\/e90fe655adf97bd5c1dbc608855d16cf\"},\"headline\":\"Exitosas Jornadas de Formaci\u00f3n y Compromiso: Semana de la Doctrina Social de la Iglesia\",\"datePublished\":\"2024-06-11T20:35:55+00:00\",\"dateModified\":\"2024-06-11T20:35:55+00:00\",\"mainEntityOfPage\":{\"@id\":\"https:\/\/www.ucat.edu.ve\/web\/exitosas-jornadas-de-formacion-y-compromiso-semana-de-la-doctrina-social-de-la-iglesia\/#webpage\"},\"wordCount\":324,\"publisher\":{\"@id\":\"https:\/\/www.ucat.edu.ve\/web\/#organization\"},\"image\":{\"@id\":\"https:\/\/www.ucat.edu.ve\/web\/exitosas-jornadas-de-formacion-y-compromiso-semana-de-la-doctrina-social-de-la-iglesia\/#primaryimage\"},\"thumbnailUrl\":\"https:\/\/www.ucat.edu.ve\/web\/wp-content\/uploads\/2024\/06\/Noticia-UCAT_Exitosas-Jornadas-de-Formacion-y-Compromiso-Semana-de-la-Doctrina-Social-de-la-Iglesia.png\",\"articleSection\":[\"Noticias\"],\"inLanguage\":\"es-ES\"},{\"@type\":\"Person\",\"@id\":\"https:\/\/www.ucat.edu.ve\/web\/#\/schema\/person\/e90fe655adf97bd5c1dbc608855d16cf\",\"name\":\"Secretaria General\",\"url\":\"https:\/\/www.ucat.edu.ve\/web\/author\/secgeucat\/\"}]}<\/script>\n<!-- \/ Yoast SEO plugin. -->","yoast_head_json":{"title":"Exitosas Jornadas de Formaci\u00f3n y Compromiso: Semana de la Doctrina Social de la Iglesia - Universidad Cat\u00f3lica del T\u00e1chira","robots":{"index":"index","follow":"follow","max-snippet":"max-snippet:-1","max-image-preview":"max-image-preview:large","max-video-preview":"max-video-preview:-1"},"canonical":"https:\/\/www.ucat.edu.ve\/web\/exitosas-jornadas-de-formacion-y-compromiso-semana-de-la-doctrina-social-de-la-iglesia\/","og_locale":"es_ES","og_type":"article","og_title":"Exitosas Jornadas de Formaci\u00f3n y Compromiso: Semana de la Doctrina Social de la Iglesia - Universidad Cat\u00f3lica del T\u00e1chira","og_description":"En el marco de la reciente celebraci\u00f3n de la Semana de la Doctrina Social de la Iglesia, llevada a cabo desde el 27 hasta el 31 de mayo, en cinco parroquias de la zona metropolitana: \u201cdestacamos el compromiso y entusiasmo con el que se vivieron estas jornadas de formaci\u00f3n y reflexi\u00f3n\u201d, as\u00ed lo expres\u00f3 el","og_url":"https:\/\/www.ucat.edu.ve\/web\/exitosas-jornadas-de-formacion-y-compromiso-semana-de-la-doctrina-social-de-la-iglesia\/","og_site_name":"Universidad Cat\u00f3lica del T\u00e1chira","article_publisher":"https:\/\/www.facebook.com\/notiucat\/","article_published_time":"2024-06-11T20:35:55+00:00","og_image":[{"width":1086,"height":671,"url":"https:\/\/www.ucat.edu.ve\/web\/wp-content\/uploads\/2024\/06\/Noticia-UCAT_Exitosas-Jornadas-de-Formacion-y-Compromiso-Semana-de-la-Doctrina-Social-de-la-Iglesia.png","type":"image\/png"}],"author":"Secretaria General","twitter_card":"summary_large_image","twitter_creator":"@notiucat","twitter_site":"@notiucat","twitter_misc":{"Written by":"Secretaria General","Est. reading time":"2 minutos"},"schema":{"@context":"https:\/\/schema.org","@graph":[{"@type":"Organization","@id":"https:\/\/www.ucat.edu.ve\/web\/#organization","name":"Universidad Cat\u00f3lica Del T\u00e1chira UCAT","url":"https:\/\/www.ucat.edu.ve\/web\/","sameAs":["https:\/\/www.instagram.com\/notiucat\/","https:\/\/www.youtube.com\/channel\/UCwEbYSB1R9fzlII-8dcxuYA?view_as=subscriber","https:\/\/www.facebook.com\/notiucat\/","https:\/\/twitter.com\/notiucat"],"logo":{"@type":"ImageObject","inLanguage":"es-ES","@id":"https:\/\/www.ucat.edu.ve\/web\/#\/schema\/logo\/image\/","url":"https:\/\/www.ucat.edu.ve\/web\/wp-content\/uploads\/2015\/07\/logoucat.gif","contentUrl":"https:\/\/www.ucat.edu.ve\/web\/wp-content\/uploads\/2015\/07\/logoucat.gif","width":219,"height":155,"caption":"Universidad Cat\u00f3lica Del T\u00e1chira UCAT"},"image":{"@id":"https:\/\/www.ucat.edu.ve\/web\/#\/schema\/logo\/image\/"}},{"@type":"WebSite","@id":"https:\/\/www.ucat.edu.ve\/web\/#website","url":"https:\/\/www.ucat.edu.ve\/web\/","name":"Universidad Cat\u00f3lica del T\u00e1chira","description":"","publisher":{"@id":"https:\/\/www.ucat.edu.ve\/web\/#organization"},"potentialAction":[{"@type":"SearchAction","target":{"@type":"EntryPoint","urlTemplate":"https:\/\/www.ucat.edu.ve\/web\/?s={search_term_string}"},"query-input":"required name=search_term_string"}],"inLanguage":"es-ES"},{"@type":"ImageObject","inLanguage":"es-ES","@id":"https:\/\/www.ucat.edu.ve\/web\/exitosas-jornadas-de-formacion-y-compromiso-semana-de-la-doctrina-social-de-la-iglesia\/#primaryimage","url":"https:\/\/www.ucat.edu.ve\/web\/wp-content\/uploads\/2024\/06\/Noticia-UCAT_Exitosas-Jornadas-de-Formacion-y-Compromiso-Semana-de-la-Doctrina-Social-de-la-Iglesia.png","contentUrl":"https:\/\/www.ucat.edu.ve\/web\/wp-content\/uploads\/2024\/06\/Noticia-UCAT_Exitosas-Jornadas-de-Formacion-y-Compromiso-Semana-de-la-Doctrina-Social-de-la-Iglesia.png","width":1086,"height":671},{"@type":"WebPage","@id":"https:\/\/www.ucat.edu.ve\/web\/exitosas-jornadas-de-formacion-y-compromiso-semana-de-la-doctrina-social-de-la-iglesia\/#webpage","url":"https:\/\/www.ucat.edu.ve\/web\/exitosas-jornadas-de-formacion-y-compromiso-semana-de-la-doctrina-social-de-la-iglesia\/","name":"Exitosas Jornadas de Formaci\u00f3n y Compromiso: Semana de la Doctrina Social de la Iglesia - Universidad Cat\u00f3lica del T\u00e1chira","isPartOf":{"@id":"https:\/\/www.ucat.edu.ve\/web\/#website"},"primaryImageOfPage":{"@id":"https:\/\/www.ucat.edu.ve\/web\/exitosas-jornadas-de-formacion-y-compromiso-semana-de-la-doctrina-social-de-la-iglesia\/#primaryimage"},"datePublished":"2024-06-11T20:35:55+00:00","dateModified":"2024-06-11T20:35:55+00:00","breadcrumb":{"@id":"https:\/\/www.ucat.edu.ve\/web\/exitosas-jornadas-de-formacion-y-compromiso-semana-de-la-doctrina-social-de-la-iglesia\/#breadcrumb"},"inLanguage":"es-ES","potentialAction":[{"@type":"ReadAction","target":["https:\/\/www.ucat.edu.ve\/web\/exitosas-jornadas-de-formacion-y-compromiso-semana-de-la-doctrina-social-de-la-iglesia\/"]}]},{"@type":"BreadcrumbList","@id":"https:\/\/www.ucat.edu.ve\/web\/exitosas-jornadas-de-formacion-y-compromiso-semana-de-la-doctrina-social-de-la-iglesia\/#breadcrumb","itemListElement":[{"@type":"ListItem","position":1,"name":"Home","item":"https:\/\/www.ucat.edu.ve\/web\/"},{"@type":"ListItem","position":2,"name":"Exitosas Jornadas de Formaci\u00f3n y Compromiso: Semana de la Doctrina Social de la Iglesia"}]},{"@type":"Article","@id":"https:\/\/www.ucat.edu.ve\/web\/exitosas-jornadas-de-formacion-y-compromiso-semana-de-la-doctrina-social-de-la-iglesia\/#article","isPartOf":{"@id":"https:\/\/www.ucat.edu.ve\/web\/exitosas-jornadas-de-formacion-y-compromiso-semana-de-la-doctrina-social-de-la-iglesia\/#webpage"},"author":{"name":"Secretaria General","@id":"https:\/\/www.ucat.edu.ve\/web\/#\/schema\/person\/e90fe655adf97bd5c1dbc608855d16cf"},"headline":"Exitosas Jornadas de Formaci\u00f3n y Compromiso: Semana de la Doctrina Social de la Iglesia","datePublished":"2024-06-11T20:35:55+00:00","dateModified":"2024-06-11T20:35:55+00:00","mainEntityOfPage":{"@id":"https:\/\/www.ucat.edu.ve\/web\/exitosas-jornadas-de-formacion-y-compromiso-semana-de-la-doctrina-social-de-la-iglesia\/#webpage"},"wordCount":324,"publisher":{"@id":"https:\/\/www.ucat.edu.ve\/web\/#organization"},"image":{"@id":"https:\/\/www.ucat.edu.ve\/web\/exitosas-jornadas-de-formacion-y-compromiso-semana-de-la-doctrina-social-de-la-iglesia\/#primaryimage"},"thumbnailUrl":"https:\/\/www.ucat.edu.ve\/web\/wp-content\/uploads\/2024\/06\/Noticia-UCAT_Exitosas-Jornadas-de-Formacion-y-Compromiso-Semana-de-la-Doctrina-Social-de-la-Iglesia.png","articleSection":["Noticias"],"inLanguage":"es-ES"},{"@type":"Person","@id":"https:\/\/www.ucat.edu.ve\/web\/#\/schema\/person\/e90fe655adf97bd5c1dbc608855d16cf","name":"Secretaria General","url":"https:\/\/www.ucat.edu.ve\/web\/author\/secgeucat\/"}]}},"_links":{"self":[{"href":"https:\/\/www.ucat.edu.ve\/web\/wp-json\/wp\/v2\/posts\/12938"}],"collection":[{"href":"https:\/\/www.ucat.edu.ve\/web\/wp-json\/wp\/v2\/posts"}],"about":[{"href":"https:\/\/www.ucat.edu.ve\/web\/wp-json\/wp\/v2\/types\/post"}],"author":[{"embeddable":true,"href":"https:\/\/www.ucat.edu.ve\/web\/wp-json\/wp\/v2\/users\/23"}],"replies":[{"embeddable":true,"href":"https:\/\/www.ucat.edu.ve\/web\/wp-json\/wp\/v2\/comments?post=12938"}],"version-history":[{"count":1,"href":"https:\/\/www.ucat.edu.ve\/web\/wp-json\/wp\/v2\/posts\/12938\/revisions"}],"predecessor-version":[{"id":12940,"href":"https:\/\/www.ucat.edu.ve\/web\/wp-json\/wp\/v2\/posts\/12938\/revisions\/12940"}],"wp:featuredmedia":[{"embeddable":true,"href":"https:\/\/www.ucat.edu.ve\/web\/wp-json\/wp\/v2\/media\/12939"}],"wp:attachment":[{"href":"https:\/\/www.ucat.edu.ve\/web\/wp-json\/wp\/v2\/media?parent=12938"}],"wp:term":[{"taxonomy":"category","embeddable":true,"href":"https:\/\/www.ucat.edu.ve\/web\/wp-json\/wp\/v2\/categories?post=12938"},{"taxonomy":"post_tag","embeddable":true,"href":"https:\/\/www.ucat.edu.ve\/web\/wp-json\/wp\/v2\/tags?post=12938"}],"curies":[{"name":"wp","href":"https:\/\/api.w.org\/{rel}","templated":true}]}}