 {"id":12950,"date":"2024-06-20T18:23:28","date_gmt":"2024-06-20T18:23:28","guid":{"rendered":"https:\/\/www.ucat.edu.ve\/web\/?p=12950"},"modified":"2024-06-20T18:23:28","modified_gmt":"2024-06-20T18:23:28","slug":"clausuradas-i-olimpiadas-de-quimica-estadal-ucat-avec","status":"publish","type":"post","link":"https:\/\/www.ucat.edu.ve\/web\/clausuradas-i-olimpiadas-de-quimica-estadal-ucat-avec\/","title":{"rendered":"Clausuradas I Olimpiadas de Qu\u00edmica Estadal UCAT- AVEC"},"content":{"rendered":"<p style=\"text-align: center;\"><img loading=\"lazy\" class=\"alignnone size-medium wp-image-12952\" src=\"https:\/\/www.ucat.edu.ve\/web\/wp-content\/uploads\/2024\/06\/Noticia-UCAT_Clausuradas-I-Olimpiadas-de-Quimica-Estadal-UCAT-AVEC-521x322.png\" alt=\"\" width=\"521\" height=\"322\" srcset=\"https:\/\/www.ucat.edu.ve\/web\/wp-content\/uploads\/2024\/06\/Noticia-UCAT_Clausuradas-I-Olimpiadas-de-Quimica-Estadal-UCAT-AVEC-521x322.png 521w, https:\/\/www.ucat.edu.ve\/web\/wp-content\/uploads\/2024\/06\/Noticia-UCAT_Clausuradas-I-Olimpiadas-de-Quimica-Estadal-UCAT-AVEC-340x210.png 340w, https:\/\/www.ucat.edu.ve\/web\/wp-content\/uploads\/2024\/06\/Noticia-UCAT_Clausuradas-I-Olimpiadas-de-Quimica-Estadal-UCAT-AVEC.png 1086w\" sizes=\"(max-width: 521px) 100vw, 521px\" \/><\/p>\n<p style=\"font-weight: 400; text-align: justify;\">La magnifica biblioteca de la Universidad Cat\u00f3lica del T\u00e1chira, Sede Sabana Larga, fue testigo el pasado jueves 20 de junio de un evento sin precedentes: la clausura de las primeras Olimpiadas de Qu\u00edmica del estado T\u00e1chira, organizadas por UCAT-AVEC, en honor a la distinguida Licenciada Ivonne Mercedes Escalante Labrador.<\/p>\n<p style=\"text-align: justify;\">En la emocionante ceremonia de premiaci\u00f3n, se entregaron certificados y reconocimientos a los tres primeros puestos, y se otorgaron merecidas distinciones a todas las instituciones participantes, as\u00ed como a los estudiantes, docentes y facilitadores que fueron parte esencial del \u00e9xito de esta destacada iniciativa acad\u00e9mica.<\/p>\n<p style=\"font-weight: 400; text-align: justify;\">El Colegio Juan XXIII de San Crist\u00f3bal, resalt\u00f3 al obtener el tercer puesto, seguido por el Colegio 12 de febrero de Col\u00f3n, que se alz\u00f3 con el segundo lugar. Finalmente, el Colegio Jos\u00e9 Mar\u00eda Vargas fue coronado con el primer lugar de estas primeras Olimpiadas de Qu\u00edmica, evidenci\u00e1ndose su excepcional desempe\u00f1o y compromiso en esta importante disciplina cient\u00edfica.<\/p>\n<p style=\"font-weight: 400; text-align: justify;\">En sus palabras, la profesora Ana Maritza M\u00e9ndez, Decana de la Facultad de Humanidades y Educaci\u00f3n, resalt\u00f3 la importancia de inculcar a los j\u00f3venes el inter\u00e9s por la ciencia y la tecnolog\u00eda, subrayando que la educaci\u00f3n es la llave para preparar a las futuras generaciones y enfrentar los desaf\u00edos venideros en pro de un mundo mejor.<\/p>\n<p style=\"font-weight: 400; text-align: justify;\">Por su parte, el Padre Ricardo Casanova, Vicerrector Acad\u00e9mico de la UCAT, inspir\u00f3 a los j\u00f3venes participantes con un llamado a la grandeza y la superaci\u00f3n personal \u201cNunca dejen de so\u00f1ar en grande, transformen sus sue\u00f1os en una realidad impactante, entreguen todo de s\u00ed mismos en la vida, sudando la camiseta y pateando con fuerza cada desaf\u00edo, y permitan que su actitud y voluntad dejen una huella imborrable en la historia\u201d.<\/p>\n<p>(PrensaUCAT)<\/p>\n","protected":false},"excerpt":{"rendered":"<p>La magnifica biblioteca de la Universidad Cat\u00f3lica del T\u00e1chira, Sede Sabana Larga, fue testigo el pasado jueves 20 de junio de un evento sin precedentes: la clausura de las primeras Olimpiadas de Qu\u00edmica del estado T\u00e1chira, organizadas por UCAT-AVEC, en honor a la distinguida Licenciada Ivonne Mercedes Escalante Labrador. En la emocionante ceremonia de premiaci\u00f3n,<\/p>\n","protected":false},"author":23,"featured_media":12952,"comment_status":"closed","ping_status":"closed","sticky":false,"template":"","format":"standard","meta":[],"categories":[3],"tags":[],"yoast_head":"<!-- This site is optimized with the Yoast SEO plugin v19.2 - https:\/\/yoast.com\/wordpress\/plugins\/seo\/ -->\n<title>Clausuradas I Olimpiadas de Qu\u00edmica Estadal UCAT- AVEC - Universidad Cat\u00f3lica del T\u00e1chira<\/title>\n<meta name=\"robots\" content=\"index, follow, max-snippet:-1, max-image-preview:large, max-video-preview:-1\" \/>\n<link rel=\"canonical\" href=\"https:\/\/www.ucat.edu.ve\/web\/clausuradas-i-olimpiadas-de-quimica-estadal-ucat-avec\/\" \/>\n<meta property=\"og:locale\" content=\"es_ES\" \/>\n<meta property=\"og:type\" content=\"article\" \/>\n<meta property=\"og:title\" content=\"Clausuradas I Olimpiadas de Qu\u00edmica Estadal UCAT- AVEC - Universidad Cat\u00f3lica del T\u00e1chira\" \/>\n<meta property=\"og:description\" content=\"La magnifica biblioteca de la Universidad Cat\u00f3lica del T\u00e1chira, Sede Sabana Larga, fue testigo el pasado jueves 20 de junio de un evento sin precedentes: la clausura de las primeras Olimpiadas de Qu\u00edmica del estado T\u00e1chira, organizadas por UCAT-AVEC, en honor a la distinguida Licenciada Ivonne Mercedes Escalante Labrador. En la emocionante ceremonia de premiaci\u00f3n,\" \/>\n<meta property=\"og:url\" content=\"https:\/\/www.ucat.edu.ve\/web\/clausuradas-i-olimpiadas-de-quimica-estadal-ucat-avec\/\" \/>\n<meta property=\"og:site_name\" content=\"Universidad Cat\u00f3lica del T\u00e1chira\" \/>\n<meta property=\"article:publisher\" content=\"https:\/\/www.facebook.com\/notiucat\/\" \/>\n<meta property=\"article:published_time\" content=\"2024-06-20T18:23:28+00:00\" \/>\n<meta property=\"og:image\" content=\"https:\/\/www.ucat.edu.ve\/web\/wp-content\/uploads\/2024\/06\/Noticia-UCAT_Clausuradas-I-Olimpiadas-de-Quimica-Estadal-UCAT-AVEC.png\" \/>\n\t<meta property=\"og:image:width\" content=\"1086\" \/>\n\t<meta property=\"og:image:height\" content=\"671\" \/>\n\t<meta property=\"og:image:type\" content=\"image\/png\" \/>\n<meta name=\"author\" content=\"Secretaria General\" \/>\n<meta name=\"twitter:card\" content=\"summary_large_image\" \/>\n<meta name=\"twitter:creator\" content=\"@notiucat\" \/>\n<meta name=\"twitter:site\" content=\"@notiucat\" \/>\n<meta name=\"twitter:label1\" content=\"Written by\" \/>\n\t<meta name=\"twitter:data1\" content=\"Secretaria General\" \/>\n\t<meta name=\"twitter:label2\" content=\"Est. reading time\" \/>\n\t<meta name=\"twitter:data2\" content=\"2 minutos\" \/>\n<script type=\"application\/ld+json\" class=\"yoast-schema-graph\">{\"@context\":\"https:\/\/schema.org\",\"@graph\":[{\"@type\":\"Organization\",\"@id\":\"https:\/\/www.ucat.edu.ve\/web\/#organization\",\"name\":\"Universidad Cat\u00f3lica Del T\u00e1chira UCAT\",\"url\":\"https:\/\/www.ucat.edu.ve\/web\/\",\"sameAs\":[\"https:\/\/www.instagram.com\/notiucat\/\",\"https:\/\/www.youtube.com\/channel\/UCwEbYSB1R9fzlII-8dcxuYA?view_as=subscriber\",\"https:\/\/www.facebook.com\/notiucat\/\",\"https:\/\/twitter.com\/notiucat\"],\"logo\":{\"@type\":\"ImageObject\",\"inLanguage\":\"es-ES\",\"@id\":\"https:\/\/www.ucat.edu.ve\/web\/#\/schema\/logo\/image\/\",\"url\":\"https:\/\/www.ucat.edu.ve\/web\/wp-content\/uploads\/2015\/07\/logoucat.gif\",\"contentUrl\":\"https:\/\/www.ucat.edu.ve\/web\/wp-content\/uploads\/2015\/07\/logoucat.gif\",\"width\":219,\"height\":155,\"caption\":\"Universidad Cat\u00f3lica Del T\u00e1chira UCAT\"},\"image\":{\"@id\":\"https:\/\/www.ucat.edu.ve\/web\/#\/schema\/logo\/image\/\"}},{\"@type\":\"WebSite\",\"@id\":\"https:\/\/www.ucat.edu.ve\/web\/#website\",\"url\":\"https:\/\/www.ucat.edu.ve\/web\/\",\"name\":\"Universidad Cat\u00f3lica del T\u00e1chira\",\"description\":\"\",\"publisher\":{\"@id\":\"https:\/\/www.ucat.edu.ve\/web\/#organization\"},\"potentialAction\":[{\"@type\":\"SearchAction\",\"target\":{\"@type\":\"EntryPoint\",\"urlTemplate\":\"https:\/\/www.ucat.edu.ve\/web\/?s={search_term_string}\"},\"query-input\":\"required name=search_term_string\"}],\"inLanguage\":\"es-ES\"},{\"@type\":\"ImageObject\",\"inLanguage\":\"es-ES\",\"@id\":\"https:\/\/www.ucat.edu.ve\/web\/clausuradas-i-olimpiadas-de-quimica-estadal-ucat-avec\/#primaryimage\",\"url\":\"https:\/\/www.ucat.edu.ve\/web\/wp-content\/uploads\/2024\/06\/Noticia-UCAT_Clausuradas-I-Olimpiadas-de-Quimica-Estadal-UCAT-AVEC.png\",\"contentUrl\":\"https:\/\/www.ucat.edu.ve\/web\/wp-content\/uploads\/2024\/06\/Noticia-UCAT_Clausuradas-I-Olimpiadas-de-Quimica-Estadal-UCAT-AVEC.png\",\"width\":1086,\"height\":671},{\"@type\":\"WebPage\",\"@id\":\"https:\/\/www.ucat.edu.ve\/web\/clausuradas-i-olimpiadas-de-quimica-estadal-ucat-avec\/#webpage\",\"url\":\"https:\/\/www.ucat.edu.ve\/web\/clausuradas-i-olimpiadas-de-quimica-estadal-ucat-avec\/\",\"name\":\"Clausuradas I Olimpiadas de Qu\u00edmica Estadal UCAT- AVEC - Universidad Cat\u00f3lica del T\u00e1chira\",\"isPartOf\":{\"@id\":\"https:\/\/www.ucat.edu.ve\/web\/#website\"},\"primaryImageOfPage\":{\"@id\":\"https:\/\/www.ucat.edu.ve\/web\/clausuradas-i-olimpiadas-de-quimica-estadal-ucat-avec\/#primaryimage\"},\"datePublished\":\"2024-06-20T18:23:28+00:00\",\"dateModified\":\"2024-06-20T18:23:28+00:00\",\"breadcrumb\":{\"@id\":\"https:\/\/www.ucat.edu.ve\/web\/clausuradas-i-olimpiadas-de-quimica-estadal-ucat-avec\/#breadcrumb\"},\"inLanguage\":\"es-ES\",\"potentialAction\":[{\"@type\":\"ReadAction\",\"target\":[\"https:\/\/www.ucat.edu.ve\/web\/clausuradas-i-olimpiadas-de-quimica-estadal-ucat-avec\/\"]}]},{\"@type\":\"BreadcrumbList\",\"@id\":\"https:\/\/www.ucat.edu.ve\/web\/clausuradas-i-olimpiadas-de-quimica-estadal-ucat-avec\/#breadcrumb\",\"itemListElement\":[{\"@type\":\"ListItem\",\"position\":1,\"name\":\"Home\",\"item\":\"https:\/\/www.ucat.edu.ve\/web\/\"},{\"@type\":\"ListItem\",\"position\":2,\"name\":\"Clausuradas I Olimpiadas de Qu\u00edmica Estadal UCAT- AVEC\"}]},{\"@type\":\"Article\",\"@id\":\"https:\/\/www.ucat.edu.ve\/web\/clausuradas-i-olimpiadas-de-quimica-estadal-ucat-avec\/#article\",\"isPartOf\":{\"@id\":\"https:\/\/www.ucat.edu.ve\/web\/clausuradas-i-olimpiadas-de-quimica-estadal-ucat-avec\/#webpage\"},\"author\":{\"name\":\"Secretaria General\",\"@id\":\"https:\/\/www.ucat.edu.ve\/web\/#\/schema\/person\/e90fe655adf97bd5c1dbc608855d16cf\"},\"headline\":\"Clausuradas I Olimpiadas de Qu\u00edmica Estadal UCAT- AVEC\",\"datePublished\":\"2024-06-20T18:23:28+00:00\",\"dateModified\":\"2024-06-20T18:23:28+00:00\",\"mainEntityOfPage\":{\"@id\":\"https:\/\/www.ucat.edu.ve\/web\/clausuradas-i-olimpiadas-de-quimica-estadal-ucat-avec\/#webpage\"},\"wordCount\":313,\"publisher\":{\"@id\":\"https:\/\/www.ucat.edu.ve\/web\/#organization\"},\"image\":{\"@id\":\"https:\/\/www.ucat.edu.ve\/web\/clausuradas-i-olimpiadas-de-quimica-estadal-ucat-avec\/#primaryimage\"},\"thumbnailUrl\":\"https:\/\/www.ucat.edu.ve\/web\/wp-content\/uploads\/2024\/06\/Noticia-UCAT_Clausuradas-I-Olimpiadas-de-Quimica-Estadal-UCAT-AVEC.png\",\"articleSection\":[\"Noticias\"],\"inLanguage\":\"es-ES\"},{\"@type\":\"Person\",\"@id\":\"https:\/\/www.ucat.edu.ve\/web\/#\/schema\/person\/e90fe655adf97bd5c1dbc608855d16cf\",\"name\":\"Secretaria General\",\"url\":\"https:\/\/www.ucat.edu.ve\/web\/author\/secgeucat\/\"}]}<\/script>\n<!-- \/ Yoast SEO plugin. -->","yoast_head_json":{"title":"Clausuradas I Olimpiadas de Qu\u00edmica Estadal UCAT- AVEC - Universidad Cat\u00f3lica del T\u00e1chira","robots":{"index":"index","follow":"follow","max-snippet":"max-snippet:-1","max-image-preview":"max-image-preview:large","max-video-preview":"max-video-preview:-1"},"canonical":"https:\/\/www.ucat.edu.ve\/web\/clausuradas-i-olimpiadas-de-quimica-estadal-ucat-avec\/","og_locale":"es_ES","og_type":"article","og_title":"Clausuradas I Olimpiadas de Qu\u00edmica Estadal UCAT- AVEC - Universidad Cat\u00f3lica del T\u00e1chira","og_description":"La magnifica biblioteca de la Universidad Cat\u00f3lica del T\u00e1chira, Sede Sabana Larga, fue testigo el pasado jueves 20 de junio de un evento sin precedentes: la clausura de las primeras Olimpiadas de Qu\u00edmica del estado T\u00e1chira, organizadas por UCAT-AVEC, en honor a la distinguida Licenciada Ivonne Mercedes Escalante Labrador. En la emocionante ceremonia de premiaci\u00f3n,","og_url":"https:\/\/www.ucat.edu.ve\/web\/clausuradas-i-olimpiadas-de-quimica-estadal-ucat-avec\/","og_site_name":"Universidad Cat\u00f3lica del T\u00e1chira","article_publisher":"https:\/\/www.facebook.com\/notiucat\/","article_published_time":"2024-06-20T18:23:28+00:00","og_image":[{"width":1086,"height":671,"url":"https:\/\/www.ucat.edu.ve\/web\/wp-content\/uploads\/2024\/06\/Noticia-UCAT_Clausuradas-I-Olimpiadas-de-Quimica-Estadal-UCAT-AVEC.png","type":"image\/png"}],"author":"Secretaria General","twitter_card":"summary_large_image","twitter_creator":"@notiucat","twitter_site":"@notiucat","twitter_misc":{"Written by":"Secretaria General","Est. reading time":"2 minutos"},"schema":{"@context":"https:\/\/schema.org","@graph":[{"@type":"Organization","@id":"https:\/\/www.ucat.edu.ve\/web\/#organization","name":"Universidad Cat\u00f3lica Del T\u00e1chira UCAT","url":"https:\/\/www.ucat.edu.ve\/web\/","sameAs":["https:\/\/www.instagram.com\/notiucat\/","https:\/\/www.youtube.com\/channel\/UCwEbYSB1R9fzlII-8dcxuYA?view_as=subscriber","https:\/\/www.facebook.com\/notiucat\/","https:\/\/twitter.com\/notiucat"],"logo":{"@type":"ImageObject","inLanguage":"es-ES","@id":"https:\/\/www.ucat.edu.ve\/web\/#\/schema\/logo\/image\/","url":"https:\/\/www.ucat.edu.ve\/web\/wp-content\/uploads\/2015\/07\/logoucat.gif","contentUrl":"https:\/\/www.ucat.edu.ve\/web\/wp-content\/uploads\/2015\/07\/logoucat.gif","width":219,"height":155,"caption":"Universidad Cat\u00f3lica Del T\u00e1chira UCAT"},"image":{"@id":"https:\/\/www.ucat.edu.ve\/web\/#\/schema\/logo\/image\/"}},{"@type":"WebSite","@id":"https:\/\/www.ucat.edu.ve\/web\/#website","url":"https:\/\/www.ucat.edu.ve\/web\/","name":"Universidad Cat\u00f3lica del T\u00e1chira","description":"","publisher":{"@id":"https:\/\/www.ucat.edu.ve\/web\/#organization"},"potentialAction":[{"@type":"SearchAction","target":{"@type":"EntryPoint","urlTemplate":"https:\/\/www.ucat.edu.ve\/web\/?s={search_term_string}"},"query-input":"required name=search_term_string"}],"inLanguage":"es-ES"},{"@type":"ImageObject","inLanguage":"es-ES","@id":"https:\/\/www.ucat.edu.ve\/web\/clausuradas-i-olimpiadas-de-quimica-estadal-ucat-avec\/#primaryimage","url":"https:\/\/www.ucat.edu.ve\/web\/wp-content\/uploads\/2024\/06\/Noticia-UCAT_Clausuradas-I-Olimpiadas-de-Quimica-Estadal-UCAT-AVEC.png","contentUrl":"https:\/\/www.ucat.edu.ve\/web\/wp-content\/uploads\/2024\/06\/Noticia-UCAT_Clausuradas-I-Olimpiadas-de-Quimica-Estadal-UCAT-AVEC.png","width":1086,"height":671},{"@type":"WebPage","@id":"https:\/\/www.ucat.edu.ve\/web\/clausuradas-i-olimpiadas-de-quimica-estadal-ucat-avec\/#webpage","url":"https:\/\/www.ucat.edu.ve\/web\/clausuradas-i-olimpiadas-de-quimica-estadal-ucat-avec\/","name":"Clausuradas I Olimpiadas de Qu\u00edmica Estadal UCAT- AVEC - Universidad Cat\u00f3lica del T\u00e1chira","isPartOf":{"@id":"https:\/\/www.ucat.edu.ve\/web\/#website"},"primaryImageOfPage":{"@id":"https:\/\/www.ucat.edu.ve\/web\/clausuradas-i-olimpiadas-de-quimica-estadal-ucat-avec\/#primaryimage"},"datePublished":"2024-06-20T18:23:28+00:00","dateModified":"2024-06-20T18:23:28+00:00","breadcrumb":{"@id":"https:\/\/www.ucat.edu.ve\/web\/clausuradas-i-olimpiadas-de-quimica-estadal-ucat-avec\/#breadcrumb"},"inLanguage":"es-ES","potentialAction":[{"@type":"ReadAction","target":["https:\/\/www.ucat.edu.ve\/web\/clausuradas-i-olimpiadas-de-quimica-estadal-ucat-avec\/"]}]},{"@type":"BreadcrumbList","@id":"https:\/\/www.ucat.edu.ve\/web\/clausuradas-i-olimpiadas-de-quimica-estadal-ucat-avec\/#breadcrumb","itemListElement":[{"@type":"ListItem","position":1,"name":"Home","item":"https:\/\/www.ucat.edu.ve\/web\/"},{"@type":"ListItem","position":2,"name":"Clausuradas I Olimpiadas de Qu\u00edmica Estadal UCAT- AVEC"}]},{"@type":"Article","@id":"https:\/\/www.ucat.edu.ve\/web\/clausuradas-i-olimpiadas-de-quimica-estadal-ucat-avec\/#article","isPartOf":{"@id":"https:\/\/www.ucat.edu.ve\/web\/clausuradas-i-olimpiadas-de-quimica-estadal-ucat-avec\/#webpage"},"author":{"name":"Secretaria General","@id":"https:\/\/www.ucat.edu.ve\/web\/#\/schema\/person\/e90fe655adf97bd5c1dbc608855d16cf"},"headline":"Clausuradas I Olimpiadas de Qu\u00edmica Estadal UCAT- AVEC","datePublished":"2024-06-20T18:23:28+00:00","dateModified":"2024-06-20T18:23:28+00:00","mainEntityOfPage":{"@id":"https:\/\/www.ucat.edu.ve\/web\/clausuradas-i-olimpiadas-de-quimica-estadal-ucat-avec\/#webpage"},"wordCount":313,"publisher":{"@id":"https:\/\/www.ucat.edu.ve\/web\/#organization"},"image":{"@id":"https:\/\/www.ucat.edu.ve\/web\/clausuradas-i-olimpiadas-de-quimica-estadal-ucat-avec\/#primaryimage"},"thumbnailUrl":"https:\/\/www.ucat.edu.ve\/web\/wp-content\/uploads\/2024\/06\/Noticia-UCAT_Clausuradas-I-Olimpiadas-de-Quimica-Estadal-UCAT-AVEC.png","articleSection":["Noticias"],"inLanguage":"es-ES"},{"@type":"Person","@id":"https:\/\/www.ucat.edu.ve\/web\/#\/schema\/person\/e90fe655adf97bd5c1dbc608855d16cf","name":"Secretaria General","url":"https:\/\/www.ucat.edu.ve\/web\/author\/secgeucat\/"}]}},"_links":{"self":[{"href":"https:\/\/www.ucat.edu.ve\/web\/wp-json\/wp\/v2\/posts\/12950"}],"collection":[{"href":"https:\/\/www.ucat.edu.ve\/web\/wp-json\/wp\/v2\/posts"}],"about":[{"href":"https:\/\/www.ucat.edu.ve\/web\/wp-json\/wp\/v2\/types\/post"}],"author":[{"embeddable":true,"href":"https:\/\/www.ucat.edu.ve\/web\/wp-json\/wp\/v2\/users\/23"}],"replies":[{"embeddable":true,"href":"https:\/\/www.ucat.edu.ve\/web\/wp-json\/wp\/v2\/comments?post=12950"}],"version-history":[{"count":1,"href":"https:\/\/www.ucat.edu.ve\/web\/wp-json\/wp\/v2\/posts\/12950\/revisions"}],"predecessor-version":[{"id":12953,"href":"https:\/\/www.ucat.edu.ve\/web\/wp-json\/wp\/v2\/posts\/12950\/revisions\/12953"}],"wp:featuredmedia":[{"embeddable":true,"href":"https:\/\/www.ucat.edu.ve\/web\/wp-json\/wp\/v2\/media\/12952"}],"wp:attachment":[{"href":"https:\/\/www.ucat.edu.ve\/web\/wp-json\/wp\/v2\/media?parent=12950"}],"wp:term":[{"taxonomy":"category","embeddable":true,"href":"https:\/\/www.ucat.edu.ve\/web\/wp-json\/wp\/v2\/categories?post=12950"},{"taxonomy":"post_tag","embeddable":true,"href":"https:\/\/www.ucat.edu.ve\/web\/wp-json\/wp\/v2\/tags?post=12950"}],"curies":[{"name":"wp","href":"https:\/\/api.w.org\/{rel}","templated":true}]}}