 {"id":12964,"date":"2024-06-21T20:19:00","date_gmt":"2024-06-21T20:19:00","guid":{"rendered":"https:\/\/www.ucat.edu.ve\/web\/?p=12964"},"modified":"2024-06-24T15:52:47","modified_gmt":"2024-06-24T15:52:47","slug":"visita-institucional-del-programa-de-las-naciones-unidas-para-el-desarrollo-a-la-ucat","status":"publish","type":"post","link":"https:\/\/www.ucat.edu.ve\/web\/visita-institucional-del-programa-de-las-naciones-unidas-para-el-desarrollo-a-la-ucat\/","title":{"rendered":"Visita Institucional del Programa de las Naciones Unidas para el Desarrollo a la UCAT"},"content":{"rendered":"<p style=\"text-align: center\"><img loading=\"lazy\" class=\"alignnone size-medium wp-image-12965\" src=\"https:\/\/www.ucat.edu.ve\/web\/wp-content\/uploads\/2024\/06\/Noticia-UCAT_Visita-Institucional-del-Programa-de-las-Naciones-Unidas-para-el-Desarrollo-a-la-UCAT-521x322.png\" alt=\"\" width=\"521\" height=\"322\" srcset=\"https:\/\/www.ucat.edu.ve\/web\/wp-content\/uploads\/2024\/06\/Noticia-UCAT_Visita-Institucional-del-Programa-de-las-Naciones-Unidas-para-el-Desarrollo-a-la-UCAT-521x322.png 521w, https:\/\/www.ucat.edu.ve\/web\/wp-content\/uploads\/2024\/06\/Noticia-UCAT_Visita-Institucional-del-Programa-de-las-Naciones-Unidas-para-el-Desarrollo-a-la-UCAT-340x210.png 340w, https:\/\/www.ucat.edu.ve\/web\/wp-content\/uploads\/2024\/06\/Noticia-UCAT_Visita-Institucional-del-Programa-de-las-Naciones-Unidas-para-el-Desarrollo-a-la-UCAT.png 1086w\" sizes=\"(max-width: 521px) 100vw, 521px\" \/><\/p>\n<p style=\"font-weight: 400;text-align: justify\">En la ma\u00f1ana del 21 de junio de 2024, el Representante Residente a.i. del Programa de las Naciones Unidas (PNUD) en Venezuela, el Doctor Magdy Mart\u00ednez Solim\u00e1n, junto con miembros del personal de esa organizaci\u00f3n en el pa\u00eds, realizaron una visita oficial a la UCAT, donde fueron recibidos por el Padre Rector, el Doctor Javier Yonekura Shimizu, y otros integrantes del personal de la instituci\u00f3n. El prop\u00f3sito de esta visita fue establecer alianzas para fomentar el desarrollo de actividades en pro del bien com\u00fan.<\/p>\n<p style=\"font-weight: 400;text-align: justify\">La reuni\u00f3n se llev\u00f3 a cabo en las instalaciones del Rectorado de la UCAT, donde se discutieron inquietudes, intereses, capacidades, objetivos y metas que impulsan la labor de ambas instituciones. Se identificaron coincidencias y oportunidades de colaboraci\u00f3n en diversos \u00e1mbitos de intervenci\u00f3n, especialmente en el campo de la investigaci\u00f3n, con el prop\u00f3sito de mejorar las condiciones para el ejercicio del derecho humano al desarrollo y garantizar una vida digna para los habitantes de la regi\u00f3n.<\/p>\n<p style=\"font-weight: 400;text-align: justify\">El PNUD tiene como misi\u00f3n fundamental contribuir a &#8220;erradicar la pobreza, reducir las desigualdades y la exclusi\u00f3n, y desarrollar la resiliencia para que los pa\u00edses puedan progresar&#8221;. Por su parte, la UCAT, como instituci\u00f3n de la Iglesia Cat\u00f3lica, se enfoca en la promoci\u00f3n, defensa y respeto a la dignidad humana en todo momento y lugar, desde su fundaci\u00f3n.<\/p>\n<p style=\"text-align: justify\">Al agradecer la visita, el Padre Rector reafirm\u00f3 el compromiso de la Universidad Cat\u00f3lica del T\u00e1chira de servir a la regi\u00f3n y al pa\u00eds, destacando su clara visi\u00f3n sobre el ser humano y su vocaci\u00f3n de contribuir al bienestar colectivo desde sus capacidades.<\/p>\n<p><strong> (PrensaUCAT)<\/strong><\/p>\n","protected":false},"excerpt":{"rendered":"<p>En la ma\u00f1ana del 21 de junio de 2024, el Representante Residente a.i. del Programa de las Naciones Unidas (PNUD) en Venezuela, el Doctor Magdy Mart\u00ednez Solim\u00e1n, junto con miembros del personal de esa organizaci\u00f3n en el pa\u00eds, realizaron una visita oficial a la UCAT, donde fueron recibidos por el Padre Rector, el Doctor Javier<\/p>\n","protected":false},"author":23,"featured_media":12965,"comment_status":"closed","ping_status":"closed","sticky":false,"template":"","format":"standard","meta":[],"categories":[3],"tags":[],"yoast_head":"<!-- This site is optimized with the Yoast SEO plugin v19.2 - https:\/\/yoast.com\/wordpress\/plugins\/seo\/ -->\n<title>Visita Institucional del Programa de las Naciones Unidas para el Desarrollo a la UCAT - Universidad Cat\u00f3lica del T\u00e1chira<\/title>\n<meta name=\"robots\" content=\"index, follow, max-snippet:-1, max-image-preview:large, max-video-preview:-1\" \/>\n<link rel=\"canonical\" href=\"https:\/\/www.ucat.edu.ve\/web\/visita-institucional-del-programa-de-las-naciones-unidas-para-el-desarrollo-a-la-ucat\/\" \/>\n<meta property=\"og:locale\" content=\"es_ES\" \/>\n<meta property=\"og:type\" content=\"article\" \/>\n<meta property=\"og:title\" content=\"Visita Institucional del Programa de las Naciones Unidas para el Desarrollo a la UCAT - Universidad Cat\u00f3lica del T\u00e1chira\" \/>\n<meta property=\"og:description\" content=\"En la ma\u00f1ana del 21 de junio de 2024, el Representante Residente a.i. del Programa de las Naciones Unidas (PNUD) en Venezuela, el Doctor Magdy Mart\u00ednez Solim\u00e1n, junto con miembros del personal de esa organizaci\u00f3n en el pa\u00eds, realizaron una visita oficial a la UCAT, donde fueron recibidos por el Padre Rector, el Doctor Javier\" \/>\n<meta property=\"og:url\" content=\"https:\/\/www.ucat.edu.ve\/web\/visita-institucional-del-programa-de-las-naciones-unidas-para-el-desarrollo-a-la-ucat\/\" \/>\n<meta property=\"og:site_name\" content=\"Universidad Cat\u00f3lica del T\u00e1chira\" \/>\n<meta property=\"article:publisher\" content=\"https:\/\/www.facebook.com\/notiucat\/\" \/>\n<meta property=\"article:published_time\" content=\"2024-06-21T20:19:00+00:00\" \/>\n<meta property=\"article:modified_time\" content=\"2024-06-24T15:52:47+00:00\" \/>\n<meta property=\"og:image\" content=\"https:\/\/www.ucat.edu.ve\/web\/wp-content\/uploads\/2024\/06\/Noticia-UCAT_Visita-Institucional-del-Programa-de-las-Naciones-Unidas-para-el-Desarrollo-a-la-UCAT.png\" \/>\n\t<meta property=\"og:image:width\" content=\"1086\" \/>\n\t<meta property=\"og:image:height\" content=\"671\" \/>\n\t<meta property=\"og:image:type\" content=\"image\/png\" \/>\n<meta name=\"author\" content=\"Secretaria General\" \/>\n<meta name=\"twitter:card\" content=\"summary_large_image\" \/>\n<meta name=\"twitter:creator\" content=\"@notiucat\" \/>\n<meta name=\"twitter:site\" content=\"@notiucat\" \/>\n<meta name=\"twitter:label1\" content=\"Written by\" \/>\n\t<meta name=\"twitter:data1\" content=\"Secretaria General\" \/>\n\t<meta name=\"twitter:label2\" content=\"Est. reading time\" \/>\n\t<meta name=\"twitter:data2\" content=\"2 minutos\" \/>\n<script type=\"application\/ld+json\" class=\"yoast-schema-graph\">{\"@context\":\"https:\/\/schema.org\",\"@graph\":[{\"@type\":\"Organization\",\"@id\":\"https:\/\/www.ucat.edu.ve\/web\/#organization\",\"name\":\"Universidad Cat\u00f3lica Del T\u00e1chira UCAT\",\"url\":\"https:\/\/www.ucat.edu.ve\/web\/\",\"sameAs\":[\"https:\/\/www.instagram.com\/notiucat\/\",\"https:\/\/www.youtube.com\/channel\/UCwEbYSB1R9fzlII-8dcxuYA?view_as=subscriber\",\"https:\/\/www.facebook.com\/notiucat\/\",\"https:\/\/twitter.com\/notiucat\"],\"logo\":{\"@type\":\"ImageObject\",\"inLanguage\":\"es-ES\",\"@id\":\"https:\/\/www.ucat.edu.ve\/web\/#\/schema\/logo\/image\/\",\"url\":\"https:\/\/www.ucat.edu.ve\/web\/wp-content\/uploads\/2015\/07\/logoucat.gif\",\"contentUrl\":\"https:\/\/www.ucat.edu.ve\/web\/wp-content\/uploads\/2015\/07\/logoucat.gif\",\"width\":219,\"height\":155,\"caption\":\"Universidad Cat\u00f3lica Del T\u00e1chira UCAT\"},\"image\":{\"@id\":\"https:\/\/www.ucat.edu.ve\/web\/#\/schema\/logo\/image\/\"}},{\"@type\":\"WebSite\",\"@id\":\"https:\/\/www.ucat.edu.ve\/web\/#website\",\"url\":\"https:\/\/www.ucat.edu.ve\/web\/\",\"name\":\"Universidad Cat\u00f3lica del T\u00e1chira\",\"description\":\"\",\"publisher\":{\"@id\":\"https:\/\/www.ucat.edu.ve\/web\/#organization\"},\"potentialAction\":[{\"@type\":\"SearchAction\",\"target\":{\"@type\":\"EntryPoint\",\"urlTemplate\":\"https:\/\/www.ucat.edu.ve\/web\/?s={search_term_string}\"},\"query-input\":\"required name=search_term_string\"}],\"inLanguage\":\"es-ES\"},{\"@type\":\"ImageObject\",\"inLanguage\":\"es-ES\",\"@id\":\"https:\/\/www.ucat.edu.ve\/web\/visita-institucional-del-programa-de-las-naciones-unidas-para-el-desarrollo-a-la-ucat\/#primaryimage\",\"url\":\"https:\/\/www.ucat.edu.ve\/web\/wp-content\/uploads\/2024\/06\/Noticia-UCAT_Visita-Institucional-del-Programa-de-las-Naciones-Unidas-para-el-Desarrollo-a-la-UCAT.png\",\"contentUrl\":\"https:\/\/www.ucat.edu.ve\/web\/wp-content\/uploads\/2024\/06\/Noticia-UCAT_Visita-Institucional-del-Programa-de-las-Naciones-Unidas-para-el-Desarrollo-a-la-UCAT.png\",\"width\":1086,\"height\":671},{\"@type\":\"WebPage\",\"@id\":\"https:\/\/www.ucat.edu.ve\/web\/visita-institucional-del-programa-de-las-naciones-unidas-para-el-desarrollo-a-la-ucat\/#webpage\",\"url\":\"https:\/\/www.ucat.edu.ve\/web\/visita-institucional-del-programa-de-las-naciones-unidas-para-el-desarrollo-a-la-ucat\/\",\"name\":\"Visita Institucional del Programa de las Naciones Unidas para el Desarrollo a la UCAT - Universidad Cat\u00f3lica del T\u00e1chira\",\"isPartOf\":{\"@id\":\"https:\/\/www.ucat.edu.ve\/web\/#website\"},\"primaryImageOfPage\":{\"@id\":\"https:\/\/www.ucat.edu.ve\/web\/visita-institucional-del-programa-de-las-naciones-unidas-para-el-desarrollo-a-la-ucat\/#primaryimage\"},\"datePublished\":\"2024-06-21T20:19:00+00:00\",\"dateModified\":\"2024-06-24T15:52:47+00:00\",\"breadcrumb\":{\"@id\":\"https:\/\/www.ucat.edu.ve\/web\/visita-institucional-del-programa-de-las-naciones-unidas-para-el-desarrollo-a-la-ucat\/#breadcrumb\"},\"inLanguage\":\"es-ES\",\"potentialAction\":[{\"@type\":\"ReadAction\",\"target\":[\"https:\/\/www.ucat.edu.ve\/web\/visita-institucional-del-programa-de-las-naciones-unidas-para-el-desarrollo-a-la-ucat\/\"]}]},{\"@type\":\"BreadcrumbList\",\"@id\":\"https:\/\/www.ucat.edu.ve\/web\/visita-institucional-del-programa-de-las-naciones-unidas-para-el-desarrollo-a-la-ucat\/#breadcrumb\",\"itemListElement\":[{\"@type\":\"ListItem\",\"position\":1,\"name\":\"Home\",\"item\":\"https:\/\/www.ucat.edu.ve\/web\/\"},{\"@type\":\"ListItem\",\"position\":2,\"name\":\"Visita Institucional del Programa de las Naciones Unidas para el Desarrollo a la UCAT\"}]},{\"@type\":\"Article\",\"@id\":\"https:\/\/www.ucat.edu.ve\/web\/visita-institucional-del-programa-de-las-naciones-unidas-para-el-desarrollo-a-la-ucat\/#article\",\"isPartOf\":{\"@id\":\"https:\/\/www.ucat.edu.ve\/web\/visita-institucional-del-programa-de-las-naciones-unidas-para-el-desarrollo-a-la-ucat\/#webpage\"},\"author\":{\"name\":\"Secretaria General\",\"@id\":\"https:\/\/www.ucat.edu.ve\/web\/#\/schema\/person\/e90fe655adf97bd5c1dbc608855d16cf\"},\"headline\":\"Visita Institucional del Programa de las Naciones Unidas para el Desarrollo a la UCAT\",\"datePublished\":\"2024-06-21T20:19:00+00:00\",\"dateModified\":\"2024-06-24T15:52:47+00:00\",\"mainEntityOfPage\":{\"@id\":\"https:\/\/www.ucat.edu.ve\/web\/visita-institucional-del-programa-de-las-naciones-unidas-para-el-desarrollo-a-la-ucat\/#webpage\"},\"wordCount\":301,\"publisher\":{\"@id\":\"https:\/\/www.ucat.edu.ve\/web\/#organization\"},\"image\":{\"@id\":\"https:\/\/www.ucat.edu.ve\/web\/visita-institucional-del-programa-de-las-naciones-unidas-para-el-desarrollo-a-la-ucat\/#primaryimage\"},\"thumbnailUrl\":\"https:\/\/www.ucat.edu.ve\/web\/wp-content\/uploads\/2024\/06\/Noticia-UCAT_Visita-Institucional-del-Programa-de-las-Naciones-Unidas-para-el-Desarrollo-a-la-UCAT.png\",\"articleSection\":[\"Noticias\"],\"inLanguage\":\"es-ES\"},{\"@type\":\"Person\",\"@id\":\"https:\/\/www.ucat.edu.ve\/web\/#\/schema\/person\/e90fe655adf97bd5c1dbc608855d16cf\",\"name\":\"Secretaria General\",\"url\":\"https:\/\/www.ucat.edu.ve\/web\/author\/secgeucat\/\"}]}<\/script>\n<!-- \/ Yoast SEO plugin. -->","yoast_head_json":{"title":"Visita Institucional del Programa de las Naciones Unidas para el Desarrollo a la UCAT - Universidad Cat\u00f3lica del T\u00e1chira","robots":{"index":"index","follow":"follow","max-snippet":"max-snippet:-1","max-image-preview":"max-image-preview:large","max-video-preview":"max-video-preview:-1"},"canonical":"https:\/\/www.ucat.edu.ve\/web\/visita-institucional-del-programa-de-las-naciones-unidas-para-el-desarrollo-a-la-ucat\/","og_locale":"es_ES","og_type":"article","og_title":"Visita Institucional del Programa de las Naciones Unidas para el Desarrollo a la UCAT - Universidad Cat\u00f3lica del T\u00e1chira","og_description":"En la ma\u00f1ana del 21 de junio de 2024, el Representante Residente a.i. del Programa de las Naciones Unidas (PNUD) en Venezuela, el Doctor Magdy Mart\u00ednez Solim\u00e1n, junto con miembros del personal de esa organizaci\u00f3n en el pa\u00eds, realizaron una visita oficial a la UCAT, donde fueron recibidos por el Padre Rector, el Doctor Javier","og_url":"https:\/\/www.ucat.edu.ve\/web\/visita-institucional-del-programa-de-las-naciones-unidas-para-el-desarrollo-a-la-ucat\/","og_site_name":"Universidad Cat\u00f3lica del T\u00e1chira","article_publisher":"https:\/\/www.facebook.com\/notiucat\/","article_published_time":"2024-06-21T20:19:00+00:00","article_modified_time":"2024-06-24T15:52:47+00:00","og_image":[{"width":1086,"height":671,"url":"https:\/\/www.ucat.edu.ve\/web\/wp-content\/uploads\/2024\/06\/Noticia-UCAT_Visita-Institucional-del-Programa-de-las-Naciones-Unidas-para-el-Desarrollo-a-la-UCAT.png","type":"image\/png"}],"author":"Secretaria General","twitter_card":"summary_large_image","twitter_creator":"@notiucat","twitter_site":"@notiucat","twitter_misc":{"Written by":"Secretaria General","Est. reading time":"2 minutos"},"schema":{"@context":"https:\/\/schema.org","@graph":[{"@type":"Organization","@id":"https:\/\/www.ucat.edu.ve\/web\/#organization","name":"Universidad Cat\u00f3lica Del T\u00e1chira UCAT","url":"https:\/\/www.ucat.edu.ve\/web\/","sameAs":["https:\/\/www.instagram.com\/notiucat\/","https:\/\/www.youtube.com\/channel\/UCwEbYSB1R9fzlII-8dcxuYA?view_as=subscriber","https:\/\/www.facebook.com\/notiucat\/","https:\/\/twitter.com\/notiucat"],"logo":{"@type":"ImageObject","inLanguage":"es-ES","@id":"https:\/\/www.ucat.edu.ve\/web\/#\/schema\/logo\/image\/","url":"https:\/\/www.ucat.edu.ve\/web\/wp-content\/uploads\/2015\/07\/logoucat.gif","contentUrl":"https:\/\/www.ucat.edu.ve\/web\/wp-content\/uploads\/2015\/07\/logoucat.gif","width":219,"height":155,"caption":"Universidad Cat\u00f3lica Del T\u00e1chira UCAT"},"image":{"@id":"https:\/\/www.ucat.edu.ve\/web\/#\/schema\/logo\/image\/"}},{"@type":"WebSite","@id":"https:\/\/www.ucat.edu.ve\/web\/#website","url":"https:\/\/www.ucat.edu.ve\/web\/","name":"Universidad Cat\u00f3lica del T\u00e1chira","description":"","publisher":{"@id":"https:\/\/www.ucat.edu.ve\/web\/#organization"},"potentialAction":[{"@type":"SearchAction","target":{"@type":"EntryPoint","urlTemplate":"https:\/\/www.ucat.edu.ve\/web\/?s={search_term_string}"},"query-input":"required name=search_term_string"}],"inLanguage":"es-ES"},{"@type":"ImageObject","inLanguage":"es-ES","@id":"https:\/\/www.ucat.edu.ve\/web\/visita-institucional-del-programa-de-las-naciones-unidas-para-el-desarrollo-a-la-ucat\/#primaryimage","url":"https:\/\/www.ucat.edu.ve\/web\/wp-content\/uploads\/2024\/06\/Noticia-UCAT_Visita-Institucional-del-Programa-de-las-Naciones-Unidas-para-el-Desarrollo-a-la-UCAT.png","contentUrl":"https:\/\/www.ucat.edu.ve\/web\/wp-content\/uploads\/2024\/06\/Noticia-UCAT_Visita-Institucional-del-Programa-de-las-Naciones-Unidas-para-el-Desarrollo-a-la-UCAT.png","width":1086,"height":671},{"@type":"WebPage","@id":"https:\/\/www.ucat.edu.ve\/web\/visita-institucional-del-programa-de-las-naciones-unidas-para-el-desarrollo-a-la-ucat\/#webpage","url":"https:\/\/www.ucat.edu.ve\/web\/visita-institucional-del-programa-de-las-naciones-unidas-para-el-desarrollo-a-la-ucat\/","name":"Visita Institucional del Programa de las Naciones Unidas para el Desarrollo a la UCAT - Universidad Cat\u00f3lica del T\u00e1chira","isPartOf":{"@id":"https:\/\/www.ucat.edu.ve\/web\/#website"},"primaryImageOfPage":{"@id":"https:\/\/www.ucat.edu.ve\/web\/visita-institucional-del-programa-de-las-naciones-unidas-para-el-desarrollo-a-la-ucat\/#primaryimage"},"datePublished":"2024-06-21T20:19:00+00:00","dateModified":"2024-06-24T15:52:47+00:00","breadcrumb":{"@id":"https:\/\/www.ucat.edu.ve\/web\/visita-institucional-del-programa-de-las-naciones-unidas-para-el-desarrollo-a-la-ucat\/#breadcrumb"},"inLanguage":"es-ES","potentialAction":[{"@type":"ReadAction","target":["https:\/\/www.ucat.edu.ve\/web\/visita-institucional-del-programa-de-las-naciones-unidas-para-el-desarrollo-a-la-ucat\/"]}]},{"@type":"BreadcrumbList","@id":"https:\/\/www.ucat.edu.ve\/web\/visita-institucional-del-programa-de-las-naciones-unidas-para-el-desarrollo-a-la-ucat\/#breadcrumb","itemListElement":[{"@type":"ListItem","position":1,"name":"Home","item":"https:\/\/www.ucat.edu.ve\/web\/"},{"@type":"ListItem","position":2,"name":"Visita Institucional del Programa de las Naciones Unidas para el Desarrollo a la UCAT"}]},{"@type":"Article","@id":"https:\/\/www.ucat.edu.ve\/web\/visita-institucional-del-programa-de-las-naciones-unidas-para-el-desarrollo-a-la-ucat\/#article","isPartOf":{"@id":"https:\/\/www.ucat.edu.ve\/web\/visita-institucional-del-programa-de-las-naciones-unidas-para-el-desarrollo-a-la-ucat\/#webpage"},"author":{"name":"Secretaria General","@id":"https:\/\/www.ucat.edu.ve\/web\/#\/schema\/person\/e90fe655adf97bd5c1dbc608855d16cf"},"headline":"Visita Institucional del Programa de las Naciones Unidas para el Desarrollo a la UCAT","datePublished":"2024-06-21T20:19:00+00:00","dateModified":"2024-06-24T15:52:47+00:00","mainEntityOfPage":{"@id":"https:\/\/www.ucat.edu.ve\/web\/visita-institucional-del-programa-de-las-naciones-unidas-para-el-desarrollo-a-la-ucat\/#webpage"},"wordCount":301,"publisher":{"@id":"https:\/\/www.ucat.edu.ve\/web\/#organization"},"image":{"@id":"https:\/\/www.ucat.edu.ve\/web\/visita-institucional-del-programa-de-las-naciones-unidas-para-el-desarrollo-a-la-ucat\/#primaryimage"},"thumbnailUrl":"https:\/\/www.ucat.edu.ve\/web\/wp-content\/uploads\/2024\/06\/Noticia-UCAT_Visita-Institucional-del-Programa-de-las-Naciones-Unidas-para-el-Desarrollo-a-la-UCAT.png","articleSection":["Noticias"],"inLanguage":"es-ES"},{"@type":"Person","@id":"https:\/\/www.ucat.edu.ve\/web\/#\/schema\/person\/e90fe655adf97bd5c1dbc608855d16cf","name":"Secretaria General","url":"https:\/\/www.ucat.edu.ve\/web\/author\/secgeucat\/"}]}},"_links":{"self":[{"href":"https:\/\/www.ucat.edu.ve\/web\/wp-json\/wp\/v2\/posts\/12964"}],"collection":[{"href":"https:\/\/www.ucat.edu.ve\/web\/wp-json\/wp\/v2\/posts"}],"about":[{"href":"https:\/\/www.ucat.edu.ve\/web\/wp-json\/wp\/v2\/types\/post"}],"author":[{"embeddable":true,"href":"https:\/\/www.ucat.edu.ve\/web\/wp-json\/wp\/v2\/users\/23"}],"replies":[{"embeddable":true,"href":"https:\/\/www.ucat.edu.ve\/web\/wp-json\/wp\/v2\/comments?post=12964"}],"version-history":[{"count":2,"href":"https:\/\/www.ucat.edu.ve\/web\/wp-json\/wp\/v2\/posts\/12964\/revisions"}],"predecessor-version":[{"id":12968,"href":"https:\/\/www.ucat.edu.ve\/web\/wp-json\/wp\/v2\/posts\/12964\/revisions\/12968"}],"wp:featuredmedia":[{"embeddable":true,"href":"https:\/\/www.ucat.edu.ve\/web\/wp-json\/wp\/v2\/media\/12965"}],"wp:attachment":[{"href":"https:\/\/www.ucat.edu.ve\/web\/wp-json\/wp\/v2\/media?parent=12964"}],"wp:term":[{"taxonomy":"category","embeddable":true,"href":"https:\/\/www.ucat.edu.ve\/web\/wp-json\/wp\/v2\/categories?post=12964"},{"taxonomy":"post_tag","embeddable":true,"href":"https:\/\/www.ucat.edu.ve\/web\/wp-json\/wp\/v2\/tags?post=12964"}],"curies":[{"name":"wp","href":"https:\/\/api.w.org\/{rel}","templated":true}]}}