 {"id":13374,"date":"2024-09-30T20:17:21","date_gmt":"2024-09-30T20:17:21","guid":{"rendered":"https:\/\/www.ucat.edu.ve\/web\/?p=13374"},"modified":"2024-09-30T20:17:21","modified_gmt":"2024-09-30T20:17:21","slug":"ucat-ofrecio-taller-sobre-relaciones-efectivas-conjugando-la-inteligencia-emocional-y-la-comunicacion-asertiva","status":"publish","type":"post","link":"https:\/\/www.ucat.edu.ve\/web\/ucat-ofrecio-taller-sobre-relaciones-efectivas-conjugando-la-inteligencia-emocional-y-la-comunicacion-asertiva\/","title":{"rendered":"UCAT ofreci\u00f3 taller sobre \u201cRelaciones efectivas: conjugando la inteligencia emocional y la comunicaci\u00f3n asertiva\u201d"},"content":{"rendered":"<p style=\"text-align: center;\"><img loading=\"lazy\" class=\"alignnone size-medium wp-image-13375\" src=\"https:\/\/www.ucat.edu.ve\/web\/wp-content\/uploads\/2024\/09\/Noticia-UCAT-UCAT-ofrecio-taller-sobre-Relaciones-efectivas-521x322.png\" alt=\"\" width=\"521\" height=\"322\" srcset=\"https:\/\/www.ucat.edu.ve\/web\/wp-content\/uploads\/2024\/09\/Noticia-UCAT-UCAT-ofrecio-taller-sobre-Relaciones-efectivas-521x322.png 521w, https:\/\/www.ucat.edu.ve\/web\/wp-content\/uploads\/2024\/09\/Noticia-UCAT-UCAT-ofrecio-taller-sobre-Relaciones-efectivas-340x210.png 340w, https:\/\/www.ucat.edu.ve\/web\/wp-content\/uploads\/2024\/09\/Noticia-UCAT-UCAT-ofrecio-taller-sobre-Relaciones-efectivas.png 1086w\" sizes=\"(max-width: 521px) 100vw, 521px\" \/><\/p>\n<p style=\"text-align: justify;\">El lunes 30 de septiembre, en las instalaciones de la Universidad Cat\u00f3lica del T\u00e1chira, sede Sabana Larga, se llev\u00f3 a cabo el taller titulado \u201cRelaciones Efectivas: Conjugando la Inteligencia Emocional y la Comunicaci\u00f3n Asertiva\u201d. La actividad fue dirigida por la psic\u00f3loga Mar\u00eda Teresa Ram\u00edrez y estuvo destinada a todos los profesores de las distintas facultades de la universidad.<\/p>\n<p style=\"text-align: justify;\">Este taller se enmarca en el inicio del a\u00f1o acad\u00e9mico 2024-2025 y se llev\u00f3 a cabo en la biblioteca durante la jornada acad\u00e9mica. Al evento asistieron autoridades rectorales, quienes resaltaron la importancia de estas herramientas para fortalecer las relaciones interpersonales en el entorno educativo.<\/p>\n<p style=\"text-align: justify;\">La realizaci\u00f3n de este taller representa un compromiso de la UCAT con la formaci\u00f3n integral de su cuerpo docente, promoviendo no solo el desarrollo acad\u00e9mico, sino tambi\u00e9n el bienestar emocional y la comunicaci\u00f3n efectiva entre los educadores.<\/p>\n<p>(PrensaUCAT)<\/p>\n","protected":false},"excerpt":{"rendered":"<p>El lunes 30 de septiembre, en las instalaciones de la Universidad Cat\u00f3lica del T\u00e1chira, sede Sabana Larga, se llev\u00f3 a cabo el taller titulado \u201cRelaciones Efectivas: Conjugando la Inteligencia Emocional y la Comunicaci\u00f3n Asertiva\u201d. La actividad fue dirigida por la psic\u00f3loga Mar\u00eda Teresa Ram\u00edrez y estuvo destinada a todos los profesores de las distintas facultades<\/p>\n","protected":false},"author":23,"featured_media":13375,"comment_status":"closed","ping_status":"closed","sticky":false,"template":"","format":"standard","meta":[],"categories":[3],"tags":[],"yoast_head":"<!-- This site is optimized with the Yoast SEO plugin v19.2 - https:\/\/yoast.com\/wordpress\/plugins\/seo\/ -->\n<title>UCAT ofreci\u00f3 taller sobre \u201cRelaciones efectivas: conjugando la inteligencia emocional y la comunicaci\u00f3n asertiva\u201d - Universidad Cat\u00f3lica del T\u00e1chira<\/title>\n<meta name=\"robots\" content=\"index, follow, max-snippet:-1, max-image-preview:large, max-video-preview:-1\" \/>\n<link rel=\"canonical\" href=\"https:\/\/www.ucat.edu.ve\/web\/ucat-ofrecio-taller-sobre-relaciones-efectivas-conjugando-la-inteligencia-emocional-y-la-comunicacion-asertiva\/\" \/>\n<meta property=\"og:locale\" content=\"es_ES\" \/>\n<meta property=\"og:type\" content=\"article\" \/>\n<meta property=\"og:title\" content=\"UCAT ofreci\u00f3 taller sobre \u201cRelaciones efectivas: conjugando la inteligencia emocional y la comunicaci\u00f3n asertiva\u201d - Universidad Cat\u00f3lica del T\u00e1chira\" \/>\n<meta property=\"og:description\" content=\"El lunes 30 de septiembre, en las instalaciones de la Universidad Cat\u00f3lica del T\u00e1chira, sede Sabana Larga, se llev\u00f3 a cabo el taller titulado \u201cRelaciones Efectivas: Conjugando la Inteligencia Emocional y la Comunicaci\u00f3n Asertiva\u201d. La actividad fue dirigida por la psic\u00f3loga Mar\u00eda Teresa Ram\u00edrez y estuvo destinada a todos los profesores de las distintas facultades\" \/>\n<meta property=\"og:url\" content=\"https:\/\/www.ucat.edu.ve\/web\/ucat-ofrecio-taller-sobre-relaciones-efectivas-conjugando-la-inteligencia-emocional-y-la-comunicacion-asertiva\/\" \/>\n<meta property=\"og:site_name\" content=\"Universidad Cat\u00f3lica del T\u00e1chira\" \/>\n<meta property=\"article:publisher\" content=\"https:\/\/www.facebook.com\/notiucat\/\" \/>\n<meta property=\"article:published_time\" content=\"2024-09-30T20:17:21+00:00\" \/>\n<meta property=\"og:image\" content=\"https:\/\/www.ucat.edu.ve\/web\/wp-content\/uploads\/2024\/09\/Noticia-UCAT-UCAT-ofrecio-taller-sobre-Relaciones-efectivas.png\" \/>\n\t<meta property=\"og:image:width\" content=\"1086\" \/>\n\t<meta property=\"og:image:height\" content=\"671\" \/>\n\t<meta property=\"og:image:type\" content=\"image\/png\" \/>\n<meta name=\"author\" content=\"Secretaria General\" \/>\n<meta name=\"twitter:card\" content=\"summary_large_image\" \/>\n<meta name=\"twitter:creator\" content=\"@notiucat\" \/>\n<meta name=\"twitter:site\" content=\"@notiucat\" \/>\n<meta name=\"twitter:label1\" content=\"Written by\" \/>\n\t<meta name=\"twitter:data1\" content=\"Secretaria General\" \/>\n\t<meta name=\"twitter:label2\" content=\"Est. reading time\" \/>\n\t<meta name=\"twitter:data2\" content=\"1 minuto\" \/>\n<script type=\"application\/ld+json\" class=\"yoast-schema-graph\">{\"@context\":\"https:\/\/schema.org\",\"@graph\":[{\"@type\":\"Organization\",\"@id\":\"https:\/\/www.ucat.edu.ve\/web\/#organization\",\"name\":\"Universidad Cat\u00f3lica Del T\u00e1chira UCAT\",\"url\":\"https:\/\/www.ucat.edu.ve\/web\/\",\"sameAs\":[\"https:\/\/www.instagram.com\/notiucat\/\",\"https:\/\/www.youtube.com\/channel\/UCwEbYSB1R9fzlII-8dcxuYA?view_as=subscriber\",\"https:\/\/www.facebook.com\/notiucat\/\",\"https:\/\/twitter.com\/notiucat\"],\"logo\":{\"@type\":\"ImageObject\",\"inLanguage\":\"es-ES\",\"@id\":\"https:\/\/www.ucat.edu.ve\/web\/#\/schema\/logo\/image\/\",\"url\":\"https:\/\/www.ucat.edu.ve\/web\/wp-content\/uploads\/2015\/07\/logoucat.gif\",\"contentUrl\":\"https:\/\/www.ucat.edu.ve\/web\/wp-content\/uploads\/2015\/07\/logoucat.gif\",\"width\":219,\"height\":155,\"caption\":\"Universidad Cat\u00f3lica Del T\u00e1chira UCAT\"},\"image\":{\"@id\":\"https:\/\/www.ucat.edu.ve\/web\/#\/schema\/logo\/image\/\"}},{\"@type\":\"WebSite\",\"@id\":\"https:\/\/www.ucat.edu.ve\/web\/#website\",\"url\":\"https:\/\/www.ucat.edu.ve\/web\/\",\"name\":\"Universidad Cat\u00f3lica del T\u00e1chira\",\"description\":\"\",\"publisher\":{\"@id\":\"https:\/\/www.ucat.edu.ve\/web\/#organization\"},\"potentialAction\":[{\"@type\":\"SearchAction\",\"target\":{\"@type\":\"EntryPoint\",\"urlTemplate\":\"https:\/\/www.ucat.edu.ve\/web\/?s={search_term_string}\"},\"query-input\":\"required name=search_term_string\"}],\"inLanguage\":\"es-ES\"},{\"@type\":\"ImageObject\",\"inLanguage\":\"es-ES\",\"@id\":\"https:\/\/www.ucat.edu.ve\/web\/ucat-ofrecio-taller-sobre-relaciones-efectivas-conjugando-la-inteligencia-emocional-y-la-comunicacion-asertiva\/#primaryimage\",\"url\":\"https:\/\/www.ucat.edu.ve\/web\/wp-content\/uploads\/2024\/09\/Noticia-UCAT-UCAT-ofrecio-taller-sobre-Relaciones-efectivas.png\",\"contentUrl\":\"https:\/\/www.ucat.edu.ve\/web\/wp-content\/uploads\/2024\/09\/Noticia-UCAT-UCAT-ofrecio-taller-sobre-Relaciones-efectivas.png\",\"width\":1086,\"height\":671},{\"@type\":\"WebPage\",\"@id\":\"https:\/\/www.ucat.edu.ve\/web\/ucat-ofrecio-taller-sobre-relaciones-efectivas-conjugando-la-inteligencia-emocional-y-la-comunicacion-asertiva\/#webpage\",\"url\":\"https:\/\/www.ucat.edu.ve\/web\/ucat-ofrecio-taller-sobre-relaciones-efectivas-conjugando-la-inteligencia-emocional-y-la-comunicacion-asertiva\/\",\"name\":\"UCAT ofreci\u00f3 taller sobre \u201cRelaciones efectivas: conjugando la inteligencia emocional y la comunicaci\u00f3n asertiva\u201d - Universidad Cat\u00f3lica del T\u00e1chira\",\"isPartOf\":{\"@id\":\"https:\/\/www.ucat.edu.ve\/web\/#website\"},\"primaryImageOfPage\":{\"@id\":\"https:\/\/www.ucat.edu.ve\/web\/ucat-ofrecio-taller-sobre-relaciones-efectivas-conjugando-la-inteligencia-emocional-y-la-comunicacion-asertiva\/#primaryimage\"},\"datePublished\":\"2024-09-30T20:17:21+00:00\",\"dateModified\":\"2024-09-30T20:17:21+00:00\",\"breadcrumb\":{\"@id\":\"https:\/\/www.ucat.edu.ve\/web\/ucat-ofrecio-taller-sobre-relaciones-efectivas-conjugando-la-inteligencia-emocional-y-la-comunicacion-asertiva\/#breadcrumb\"},\"inLanguage\":\"es-ES\",\"potentialAction\":[{\"@type\":\"ReadAction\",\"target\":[\"https:\/\/www.ucat.edu.ve\/web\/ucat-ofrecio-taller-sobre-relaciones-efectivas-conjugando-la-inteligencia-emocional-y-la-comunicacion-asertiva\/\"]}]},{\"@type\":\"BreadcrumbList\",\"@id\":\"https:\/\/www.ucat.edu.ve\/web\/ucat-ofrecio-taller-sobre-relaciones-efectivas-conjugando-la-inteligencia-emocional-y-la-comunicacion-asertiva\/#breadcrumb\",\"itemListElement\":[{\"@type\":\"ListItem\",\"position\":1,\"name\":\"Home\",\"item\":\"https:\/\/www.ucat.edu.ve\/web\/\"},{\"@type\":\"ListItem\",\"position\":2,\"name\":\"UCAT ofreci\u00f3 taller sobre \u201cRelaciones efectivas: conjugando la inteligencia emocional y la comunicaci\u00f3n asertiva\u201d\"}]},{\"@type\":\"Article\",\"@id\":\"https:\/\/www.ucat.edu.ve\/web\/ucat-ofrecio-taller-sobre-relaciones-efectivas-conjugando-la-inteligencia-emocional-y-la-comunicacion-asertiva\/#article\",\"isPartOf\":{\"@id\":\"https:\/\/www.ucat.edu.ve\/web\/ucat-ofrecio-taller-sobre-relaciones-efectivas-conjugando-la-inteligencia-emocional-y-la-comunicacion-asertiva\/#webpage\"},\"author\":{\"name\":\"Secretaria General\",\"@id\":\"https:\/\/www.ucat.edu.ve\/web\/#\/schema\/person\/e90fe655adf97bd5c1dbc608855d16cf\"},\"headline\":\"UCAT ofreci\u00f3 taller sobre \u201cRelaciones efectivas: conjugando la inteligencia emocional y la comunicaci\u00f3n asertiva\u201d\",\"datePublished\":\"2024-09-30T20:17:21+00:00\",\"dateModified\":\"2024-09-30T20:17:21+00:00\",\"mainEntityOfPage\":{\"@id\":\"https:\/\/www.ucat.edu.ve\/web\/ucat-ofrecio-taller-sobre-relaciones-efectivas-conjugando-la-inteligencia-emocional-y-la-comunicacion-asertiva\/#webpage\"},\"wordCount\":168,\"publisher\":{\"@id\":\"https:\/\/www.ucat.edu.ve\/web\/#organization\"},\"image\":{\"@id\":\"https:\/\/www.ucat.edu.ve\/web\/ucat-ofrecio-taller-sobre-relaciones-efectivas-conjugando-la-inteligencia-emocional-y-la-comunicacion-asertiva\/#primaryimage\"},\"thumbnailUrl\":\"https:\/\/www.ucat.edu.ve\/web\/wp-content\/uploads\/2024\/09\/Noticia-UCAT-UCAT-ofrecio-taller-sobre-Relaciones-efectivas.png\",\"articleSection\":[\"Noticias\"],\"inLanguage\":\"es-ES\"},{\"@type\":\"Person\",\"@id\":\"https:\/\/www.ucat.edu.ve\/web\/#\/schema\/person\/e90fe655adf97bd5c1dbc608855d16cf\",\"name\":\"Secretaria General\",\"url\":\"https:\/\/www.ucat.edu.ve\/web\/author\/secgeucat\/\"}]}<\/script>\n<!-- \/ Yoast SEO plugin. -->","yoast_head_json":{"title":"UCAT ofreci\u00f3 taller sobre \u201cRelaciones efectivas: conjugando la inteligencia emocional y la comunicaci\u00f3n asertiva\u201d - Universidad Cat\u00f3lica del T\u00e1chira","robots":{"index":"index","follow":"follow","max-snippet":"max-snippet:-1","max-image-preview":"max-image-preview:large","max-video-preview":"max-video-preview:-1"},"canonical":"https:\/\/www.ucat.edu.ve\/web\/ucat-ofrecio-taller-sobre-relaciones-efectivas-conjugando-la-inteligencia-emocional-y-la-comunicacion-asertiva\/","og_locale":"es_ES","og_type":"article","og_title":"UCAT ofreci\u00f3 taller sobre \u201cRelaciones efectivas: conjugando la inteligencia emocional y la comunicaci\u00f3n asertiva\u201d - Universidad Cat\u00f3lica del T\u00e1chira","og_description":"El lunes 30 de septiembre, en las instalaciones de la Universidad Cat\u00f3lica del T\u00e1chira, sede Sabana Larga, se llev\u00f3 a cabo el taller titulado \u201cRelaciones Efectivas: Conjugando la Inteligencia Emocional y la Comunicaci\u00f3n Asertiva\u201d. La actividad fue dirigida por la psic\u00f3loga Mar\u00eda Teresa Ram\u00edrez y estuvo destinada a todos los profesores de las distintas facultades","og_url":"https:\/\/www.ucat.edu.ve\/web\/ucat-ofrecio-taller-sobre-relaciones-efectivas-conjugando-la-inteligencia-emocional-y-la-comunicacion-asertiva\/","og_site_name":"Universidad Cat\u00f3lica del T\u00e1chira","article_publisher":"https:\/\/www.facebook.com\/notiucat\/","article_published_time":"2024-09-30T20:17:21+00:00","og_image":[{"width":1086,"height":671,"url":"https:\/\/www.ucat.edu.ve\/web\/wp-content\/uploads\/2024\/09\/Noticia-UCAT-UCAT-ofrecio-taller-sobre-Relaciones-efectivas.png","type":"image\/png"}],"author":"Secretaria General","twitter_card":"summary_large_image","twitter_creator":"@notiucat","twitter_site":"@notiucat","twitter_misc":{"Written by":"Secretaria General","Est. reading time":"1 minuto"},"schema":{"@context":"https:\/\/schema.org","@graph":[{"@type":"Organization","@id":"https:\/\/www.ucat.edu.ve\/web\/#organization","name":"Universidad Cat\u00f3lica Del T\u00e1chira UCAT","url":"https:\/\/www.ucat.edu.ve\/web\/","sameAs":["https:\/\/www.instagram.com\/notiucat\/","https:\/\/www.youtube.com\/channel\/UCwEbYSB1R9fzlII-8dcxuYA?view_as=subscriber","https:\/\/www.facebook.com\/notiucat\/","https:\/\/twitter.com\/notiucat"],"logo":{"@type":"ImageObject","inLanguage":"es-ES","@id":"https:\/\/www.ucat.edu.ve\/web\/#\/schema\/logo\/image\/","url":"https:\/\/www.ucat.edu.ve\/web\/wp-content\/uploads\/2015\/07\/logoucat.gif","contentUrl":"https:\/\/www.ucat.edu.ve\/web\/wp-content\/uploads\/2015\/07\/logoucat.gif","width":219,"height":155,"caption":"Universidad Cat\u00f3lica Del T\u00e1chira UCAT"},"image":{"@id":"https:\/\/www.ucat.edu.ve\/web\/#\/schema\/logo\/image\/"}},{"@type":"WebSite","@id":"https:\/\/www.ucat.edu.ve\/web\/#website","url":"https:\/\/www.ucat.edu.ve\/web\/","name":"Universidad Cat\u00f3lica del T\u00e1chira","description":"","publisher":{"@id":"https:\/\/www.ucat.edu.ve\/web\/#organization"},"potentialAction":[{"@type":"SearchAction","target":{"@type":"EntryPoint","urlTemplate":"https:\/\/www.ucat.edu.ve\/web\/?s={search_term_string}"},"query-input":"required name=search_term_string"}],"inLanguage":"es-ES"},{"@type":"ImageObject","inLanguage":"es-ES","@id":"https:\/\/www.ucat.edu.ve\/web\/ucat-ofrecio-taller-sobre-relaciones-efectivas-conjugando-la-inteligencia-emocional-y-la-comunicacion-asertiva\/#primaryimage","url":"https:\/\/www.ucat.edu.ve\/web\/wp-content\/uploads\/2024\/09\/Noticia-UCAT-UCAT-ofrecio-taller-sobre-Relaciones-efectivas.png","contentUrl":"https:\/\/www.ucat.edu.ve\/web\/wp-content\/uploads\/2024\/09\/Noticia-UCAT-UCAT-ofrecio-taller-sobre-Relaciones-efectivas.png","width":1086,"height":671},{"@type":"WebPage","@id":"https:\/\/www.ucat.edu.ve\/web\/ucat-ofrecio-taller-sobre-relaciones-efectivas-conjugando-la-inteligencia-emocional-y-la-comunicacion-asertiva\/#webpage","url":"https:\/\/www.ucat.edu.ve\/web\/ucat-ofrecio-taller-sobre-relaciones-efectivas-conjugando-la-inteligencia-emocional-y-la-comunicacion-asertiva\/","name":"UCAT ofreci\u00f3 taller sobre \u201cRelaciones efectivas: conjugando la inteligencia emocional y la comunicaci\u00f3n asertiva\u201d - Universidad Cat\u00f3lica del T\u00e1chira","isPartOf":{"@id":"https:\/\/www.ucat.edu.ve\/web\/#website"},"primaryImageOfPage":{"@id":"https:\/\/www.ucat.edu.ve\/web\/ucat-ofrecio-taller-sobre-relaciones-efectivas-conjugando-la-inteligencia-emocional-y-la-comunicacion-asertiva\/#primaryimage"},"datePublished":"2024-09-30T20:17:21+00:00","dateModified":"2024-09-30T20:17:21+00:00","breadcrumb":{"@id":"https:\/\/www.ucat.edu.ve\/web\/ucat-ofrecio-taller-sobre-relaciones-efectivas-conjugando-la-inteligencia-emocional-y-la-comunicacion-asertiva\/#breadcrumb"},"inLanguage":"es-ES","potentialAction":[{"@type":"ReadAction","target":["https:\/\/www.ucat.edu.ve\/web\/ucat-ofrecio-taller-sobre-relaciones-efectivas-conjugando-la-inteligencia-emocional-y-la-comunicacion-asertiva\/"]}]},{"@type":"BreadcrumbList","@id":"https:\/\/www.ucat.edu.ve\/web\/ucat-ofrecio-taller-sobre-relaciones-efectivas-conjugando-la-inteligencia-emocional-y-la-comunicacion-asertiva\/#breadcrumb","itemListElement":[{"@type":"ListItem","position":1,"name":"Home","item":"https:\/\/www.ucat.edu.ve\/web\/"},{"@type":"ListItem","position":2,"name":"UCAT ofreci\u00f3 taller sobre \u201cRelaciones efectivas: conjugando la inteligencia emocional y la comunicaci\u00f3n asertiva\u201d"}]},{"@type":"Article","@id":"https:\/\/www.ucat.edu.ve\/web\/ucat-ofrecio-taller-sobre-relaciones-efectivas-conjugando-la-inteligencia-emocional-y-la-comunicacion-asertiva\/#article","isPartOf":{"@id":"https:\/\/www.ucat.edu.ve\/web\/ucat-ofrecio-taller-sobre-relaciones-efectivas-conjugando-la-inteligencia-emocional-y-la-comunicacion-asertiva\/#webpage"},"author":{"name":"Secretaria General","@id":"https:\/\/www.ucat.edu.ve\/web\/#\/schema\/person\/e90fe655adf97bd5c1dbc608855d16cf"},"headline":"UCAT ofreci\u00f3 taller sobre \u201cRelaciones efectivas: conjugando la inteligencia emocional y la comunicaci\u00f3n asertiva\u201d","datePublished":"2024-09-30T20:17:21+00:00","dateModified":"2024-09-30T20:17:21+00:00","mainEntityOfPage":{"@id":"https:\/\/www.ucat.edu.ve\/web\/ucat-ofrecio-taller-sobre-relaciones-efectivas-conjugando-la-inteligencia-emocional-y-la-comunicacion-asertiva\/#webpage"},"wordCount":168,"publisher":{"@id":"https:\/\/www.ucat.edu.ve\/web\/#organization"},"image":{"@id":"https:\/\/www.ucat.edu.ve\/web\/ucat-ofrecio-taller-sobre-relaciones-efectivas-conjugando-la-inteligencia-emocional-y-la-comunicacion-asertiva\/#primaryimage"},"thumbnailUrl":"https:\/\/www.ucat.edu.ve\/web\/wp-content\/uploads\/2024\/09\/Noticia-UCAT-UCAT-ofrecio-taller-sobre-Relaciones-efectivas.png","articleSection":["Noticias"],"inLanguage":"es-ES"},{"@type":"Person","@id":"https:\/\/www.ucat.edu.ve\/web\/#\/schema\/person\/e90fe655adf97bd5c1dbc608855d16cf","name":"Secretaria General","url":"https:\/\/www.ucat.edu.ve\/web\/author\/secgeucat\/"}]}},"_links":{"self":[{"href":"https:\/\/www.ucat.edu.ve\/web\/wp-json\/wp\/v2\/posts\/13374"}],"collection":[{"href":"https:\/\/www.ucat.edu.ve\/web\/wp-json\/wp\/v2\/posts"}],"about":[{"href":"https:\/\/www.ucat.edu.ve\/web\/wp-json\/wp\/v2\/types\/post"}],"author":[{"embeddable":true,"href":"https:\/\/www.ucat.edu.ve\/web\/wp-json\/wp\/v2\/users\/23"}],"replies":[{"embeddable":true,"href":"https:\/\/www.ucat.edu.ve\/web\/wp-json\/wp\/v2\/comments?post=13374"}],"version-history":[{"count":1,"href":"https:\/\/www.ucat.edu.ve\/web\/wp-json\/wp\/v2\/posts\/13374\/revisions"}],"predecessor-version":[{"id":13376,"href":"https:\/\/www.ucat.edu.ve\/web\/wp-json\/wp\/v2\/posts\/13374\/revisions\/13376"}],"wp:featuredmedia":[{"embeddable":true,"href":"https:\/\/www.ucat.edu.ve\/web\/wp-json\/wp\/v2\/media\/13375"}],"wp:attachment":[{"href":"https:\/\/www.ucat.edu.ve\/web\/wp-json\/wp\/v2\/media?parent=13374"}],"wp:term":[{"taxonomy":"category","embeddable":true,"href":"https:\/\/www.ucat.edu.ve\/web\/wp-json\/wp\/v2\/categories?post=13374"},{"taxonomy":"post_tag","embeddable":true,"href":"https:\/\/www.ucat.edu.ve\/web\/wp-json\/wp\/v2\/tags?post=13374"}],"curies":[{"name":"wp","href":"https:\/\/api.w.org\/{rel}","templated":true}]}}