 {"id":13400,"date":"2024-10-10T19:52:41","date_gmt":"2024-10-10T19:52:41","guid":{"rendered":"https:\/\/www.ucat.edu.ve\/web\/?p=13400"},"modified":"2024-10-10T19:52:41","modified_gmt":"2024-10-10T19:52:41","slug":"nuncio-apostolico-en-venezuela-visita-la-universidad-catolica-del-tachira","status":"publish","type":"post","link":"https:\/\/www.ucat.edu.ve\/web\/nuncio-apostolico-en-venezuela-visita-la-universidad-catolica-del-tachira\/","title":{"rendered":"Nuncio Apost\u00f3lico en Venezuela Visita la Universidad Cat\u00f3lica del T\u00e1chira"},"content":{"rendered":"<p style=\"text-align: center;\"><img loading=\"lazy\" class=\"alignnone size-medium wp-image-13401\" src=\"https:\/\/www.ucat.edu.ve\/web\/wp-content\/uploads\/2024\/10\/Noticia-UCAT-Nuncio-Apostolico-en-Venezuela-Visita-la-Universidad-Catolica-del-Tachira-521x322.png\" alt=\"\" width=\"521\" height=\"322\" srcset=\"https:\/\/www.ucat.edu.ve\/web\/wp-content\/uploads\/2024\/10\/Noticia-UCAT-Nuncio-Apostolico-en-Venezuela-Visita-la-Universidad-Catolica-del-Tachira-521x322.png 521w, https:\/\/www.ucat.edu.ve\/web\/wp-content\/uploads\/2024\/10\/Noticia-UCAT-Nuncio-Apostolico-en-Venezuela-Visita-la-Universidad-Catolica-del-Tachira-340x210.png 340w, https:\/\/www.ucat.edu.ve\/web\/wp-content\/uploads\/2024\/10\/Noticia-UCAT-Nuncio-Apostolico-en-Venezuela-Visita-la-Universidad-Catolica-del-Tachira.png 1086w\" sizes=\"(max-width: 521px) 100vw, 521px\" \/><\/p>\n<p style=\"text-align: justify;\">Este jueves 10 de octubre, el Nuncio Apost\u00f3lico en Venezuela, Mons. Alberto Ortega Mart\u00edn, visit\u00f3 las instalaciones de la Universidad Cat\u00f3lica del T\u00e1chira. Esta visita se enmarca en la celebraci\u00f3n de los 102 a\u00f1os de la fundaci\u00f3n de la Di\u00f3cesis de San Crist\u00f3bal.<\/p>\n<p style=\"text-align: left;\">Durante su recorrido, tuvo la oportunidad de conocer las instalaciones de la nueva sede ubicada en Sabana Larga, donde interactu\u00f3 con los estudiantes de cuarto a\u00f1o de la carrera de Mercadeo en la materia de Investigaci\u00f3n de Mercadeo I. En su mensaje, expres\u00f3 que \u201cse puede hacer mucho bien estudiando; les transmito la cercan\u00eda del Papa Francisco a cada uno de ustedes&#8221;.<\/p>\n<p style=\"text-align: justify;\">Tambi\u00e9n el Nuncio visit\u00f3 los laboratorios de inform\u00e1tica, donde inst\u00f3 a los j\u00f3venes a reconocer el futuro prometedor que tienen en sus manos. \u201cEs un privilegio prepararse bien en cualquier \u00e1mbito\u201d, afirm\u00f3, y los anim\u00f3 a enfocarse no solo en maximizar beneficios, sino en el bienestar de la gente. \u201cPara eso se est\u00e1n formando ustedes\u201d, a\u00f1adi\u00f3.<\/p>\n<p style=\"text-align: justify;\">En su encuentro con la pastoral universitaria, Mons. Ortega enfatiz\u00f3 la importancia de esta en el contexto de una universidad cat\u00f3lica. A los j\u00f3venes miembros de la Pastoral Ucatense les dijo: \u201cLos animo a ser testimonio entre sus compa\u00f1eros en la vida; que vean en ustedes la novedad de vida que da Jes\u00fas\u201d.<\/p>\n<p style=\"text-align: justify;\">Encuentro con las Autoridades de la Universidad<\/p>\n<p style=\"text-align: left;\">En la sede Loma del Tejar, el Nuncio Apost\u00f3lico sostuvo un fruct\u00edfero encuentro con las autoridades de la universidad. El presb\u00edtero Yonekura Shimizu, Rector de la UCAT, a trav\u00e9s de una presentaci\u00f3n audiovisual, explic\u00f3 en detalle la vida universitaria, su estructura y los diversos programas que ofrece esta instituci\u00f3n educativa.<\/p>\n<p style=\"text-align: left;\">El Mensaje del Nuncio a la Universidad<\/p>\n<p style=\"text-align: justify;\">Mons. Ortega resalt\u00f3 que el Papa Francisco est\u00e1 muy comprometido con la educaci\u00f3n, ya que considera que en ella reside el futuro. Destac\u00f3 que la Universidad Cat\u00f3lica tiene una responsabilidad fundamental como el coraz\u00f3n de la Iglesia, de la que ha surgido. Subray\u00f3 la importancia de cada una de las facultades de la universidad, las cuales ayudan a mantener la identidad cat\u00f3lica y contribuyen a la verdad, la justicia, la paz y al di\u00e1logo, colocando siempre a la persona en el centro.<\/p>\n<p style=\"text-align: justify;\">Finalmente, las autoridades de la UCAT hicieron entrega de la Orden \u201cUniversidad Cat\u00f3lica del T\u00e1chira\u201d en su categor\u00eda de medalla, al ilustre visitante.<\/p>\n<p><em>(PrensaUCAT)<\/em><\/p>\n","protected":false},"excerpt":{"rendered":"<p>Este jueves 10 de octubre, el Nuncio Apost\u00f3lico en Venezuela, Mons. Alberto Ortega Mart\u00edn, visit\u00f3 las instalaciones de la Universidad Cat\u00f3lica del T\u00e1chira. Esta visita se enmarca en la celebraci\u00f3n de los 102 a\u00f1os de la fundaci\u00f3n de la Di\u00f3cesis de San Crist\u00f3bal. Durante su recorrido, tuvo la oportunidad de conocer las instalaciones de la<\/p>\n","protected":false},"author":23,"featured_media":13401,"comment_status":"closed","ping_status":"closed","sticky":false,"template":"","format":"standard","meta":[],"categories":[3],"tags":[],"yoast_head":"<!-- This site is optimized with the Yoast SEO plugin v19.2 - https:\/\/yoast.com\/wordpress\/plugins\/seo\/ -->\n<title>Nuncio Apost\u00f3lico en Venezuela Visita la Universidad Cat\u00f3lica del T\u00e1chira - Universidad Cat\u00f3lica del T\u00e1chira<\/title>\n<meta name=\"robots\" content=\"index, follow, max-snippet:-1, max-image-preview:large, max-video-preview:-1\" \/>\n<link rel=\"canonical\" href=\"https:\/\/www.ucat.edu.ve\/web\/nuncio-apostolico-en-venezuela-visita-la-universidad-catolica-del-tachira\/\" \/>\n<meta property=\"og:locale\" content=\"es_ES\" \/>\n<meta property=\"og:type\" content=\"article\" \/>\n<meta property=\"og:title\" content=\"Nuncio Apost\u00f3lico en Venezuela Visita la Universidad Cat\u00f3lica del T\u00e1chira - Universidad Cat\u00f3lica del T\u00e1chira\" \/>\n<meta property=\"og:description\" content=\"Este jueves 10 de octubre, el Nuncio Apost\u00f3lico en Venezuela, Mons. Alberto Ortega Mart\u00edn, visit\u00f3 las instalaciones de la Universidad Cat\u00f3lica del T\u00e1chira. Esta visita se enmarca en la celebraci\u00f3n de los 102 a\u00f1os de la fundaci\u00f3n de la Di\u00f3cesis de San Crist\u00f3bal. Durante su recorrido, tuvo la oportunidad de conocer las instalaciones de la\" \/>\n<meta property=\"og:url\" content=\"https:\/\/www.ucat.edu.ve\/web\/nuncio-apostolico-en-venezuela-visita-la-universidad-catolica-del-tachira\/\" \/>\n<meta property=\"og:site_name\" content=\"Universidad Cat\u00f3lica del T\u00e1chira\" \/>\n<meta property=\"article:publisher\" content=\"https:\/\/www.facebook.com\/notiucat\/\" \/>\n<meta property=\"article:published_time\" content=\"2024-10-10T19:52:41+00:00\" \/>\n<meta property=\"og:image\" content=\"https:\/\/www.ucat.edu.ve\/web\/wp-content\/uploads\/2024\/10\/Noticia-UCAT-Nuncio-Apostolico-en-Venezuela-Visita-la-Universidad-Catolica-del-Tachira.png\" \/>\n\t<meta property=\"og:image:width\" content=\"1086\" \/>\n\t<meta property=\"og:image:height\" content=\"671\" \/>\n\t<meta property=\"og:image:type\" content=\"image\/png\" \/>\n<meta name=\"author\" content=\"Secretaria General\" \/>\n<meta name=\"twitter:card\" content=\"summary_large_image\" \/>\n<meta name=\"twitter:creator\" content=\"@notiucat\" \/>\n<meta name=\"twitter:site\" content=\"@notiucat\" \/>\n<meta name=\"twitter:label1\" content=\"Written by\" \/>\n\t<meta name=\"twitter:data1\" content=\"Secretaria General\" \/>\n\t<meta name=\"twitter:label2\" content=\"Est. reading time\" \/>\n\t<meta name=\"twitter:data2\" content=\"2 minutos\" \/>\n<script type=\"application\/ld+json\" class=\"yoast-schema-graph\">{\"@context\":\"https:\/\/schema.org\",\"@graph\":[{\"@type\":\"Organization\",\"@id\":\"https:\/\/www.ucat.edu.ve\/web\/#organization\",\"name\":\"Universidad Cat\u00f3lica Del T\u00e1chira UCAT\",\"url\":\"https:\/\/www.ucat.edu.ve\/web\/\",\"sameAs\":[\"https:\/\/www.instagram.com\/notiucat\/\",\"https:\/\/www.youtube.com\/channel\/UCwEbYSB1R9fzlII-8dcxuYA?view_as=subscriber\",\"https:\/\/www.facebook.com\/notiucat\/\",\"https:\/\/twitter.com\/notiucat\"],\"logo\":{\"@type\":\"ImageObject\",\"inLanguage\":\"es-ES\",\"@id\":\"https:\/\/www.ucat.edu.ve\/web\/#\/schema\/logo\/image\/\",\"url\":\"https:\/\/www.ucat.edu.ve\/web\/wp-content\/uploads\/2015\/07\/logoucat.gif\",\"contentUrl\":\"https:\/\/www.ucat.edu.ve\/web\/wp-content\/uploads\/2015\/07\/logoucat.gif\",\"width\":219,\"height\":155,\"caption\":\"Universidad Cat\u00f3lica Del T\u00e1chira UCAT\"},\"image\":{\"@id\":\"https:\/\/www.ucat.edu.ve\/web\/#\/schema\/logo\/image\/\"}},{\"@type\":\"WebSite\",\"@id\":\"https:\/\/www.ucat.edu.ve\/web\/#website\",\"url\":\"https:\/\/www.ucat.edu.ve\/web\/\",\"name\":\"Universidad Cat\u00f3lica del T\u00e1chira\",\"description\":\"\",\"publisher\":{\"@id\":\"https:\/\/www.ucat.edu.ve\/web\/#organization\"},\"potentialAction\":[{\"@type\":\"SearchAction\",\"target\":{\"@type\":\"EntryPoint\",\"urlTemplate\":\"https:\/\/www.ucat.edu.ve\/web\/?s={search_term_string}\"},\"query-input\":\"required name=search_term_string\"}],\"inLanguage\":\"es-ES\"},{\"@type\":\"ImageObject\",\"inLanguage\":\"es-ES\",\"@id\":\"https:\/\/www.ucat.edu.ve\/web\/nuncio-apostolico-en-venezuela-visita-la-universidad-catolica-del-tachira\/#primaryimage\",\"url\":\"https:\/\/www.ucat.edu.ve\/web\/wp-content\/uploads\/2024\/10\/Noticia-UCAT-Nuncio-Apostolico-en-Venezuela-Visita-la-Universidad-Catolica-del-Tachira.png\",\"contentUrl\":\"https:\/\/www.ucat.edu.ve\/web\/wp-content\/uploads\/2024\/10\/Noticia-UCAT-Nuncio-Apostolico-en-Venezuela-Visita-la-Universidad-Catolica-del-Tachira.png\",\"width\":1086,\"height\":671},{\"@type\":\"WebPage\",\"@id\":\"https:\/\/www.ucat.edu.ve\/web\/nuncio-apostolico-en-venezuela-visita-la-universidad-catolica-del-tachira\/#webpage\",\"url\":\"https:\/\/www.ucat.edu.ve\/web\/nuncio-apostolico-en-venezuela-visita-la-universidad-catolica-del-tachira\/\",\"name\":\"Nuncio Apost\u00f3lico en Venezuela Visita la Universidad Cat\u00f3lica del T\u00e1chira - Universidad Cat\u00f3lica del T\u00e1chira\",\"isPartOf\":{\"@id\":\"https:\/\/www.ucat.edu.ve\/web\/#website\"},\"primaryImageOfPage\":{\"@id\":\"https:\/\/www.ucat.edu.ve\/web\/nuncio-apostolico-en-venezuela-visita-la-universidad-catolica-del-tachira\/#primaryimage\"},\"datePublished\":\"2024-10-10T19:52:41+00:00\",\"dateModified\":\"2024-10-10T19:52:41+00:00\",\"breadcrumb\":{\"@id\":\"https:\/\/www.ucat.edu.ve\/web\/nuncio-apostolico-en-venezuela-visita-la-universidad-catolica-del-tachira\/#breadcrumb\"},\"inLanguage\":\"es-ES\",\"potentialAction\":[{\"@type\":\"ReadAction\",\"target\":[\"https:\/\/www.ucat.edu.ve\/web\/nuncio-apostolico-en-venezuela-visita-la-universidad-catolica-del-tachira\/\"]}]},{\"@type\":\"BreadcrumbList\",\"@id\":\"https:\/\/www.ucat.edu.ve\/web\/nuncio-apostolico-en-venezuela-visita-la-universidad-catolica-del-tachira\/#breadcrumb\",\"itemListElement\":[{\"@type\":\"ListItem\",\"position\":1,\"name\":\"Home\",\"item\":\"https:\/\/www.ucat.edu.ve\/web\/\"},{\"@type\":\"ListItem\",\"position\":2,\"name\":\"Nuncio Apost\u00f3lico en Venezuela Visita la Universidad Cat\u00f3lica del T\u00e1chira\"}]},{\"@type\":\"Article\",\"@id\":\"https:\/\/www.ucat.edu.ve\/web\/nuncio-apostolico-en-venezuela-visita-la-universidad-catolica-del-tachira\/#article\",\"isPartOf\":{\"@id\":\"https:\/\/www.ucat.edu.ve\/web\/nuncio-apostolico-en-venezuela-visita-la-universidad-catolica-del-tachira\/#webpage\"},\"author\":{\"name\":\"Secretaria General\",\"@id\":\"https:\/\/www.ucat.edu.ve\/web\/#\/schema\/person\/e90fe655adf97bd5c1dbc608855d16cf\"},\"headline\":\"Nuncio Apost\u00f3lico en Venezuela Visita la Universidad Cat\u00f3lica del T\u00e1chira\",\"datePublished\":\"2024-10-10T19:52:41+00:00\",\"dateModified\":\"2024-10-10T19:52:41+00:00\",\"mainEntityOfPage\":{\"@id\":\"https:\/\/www.ucat.edu.ve\/web\/nuncio-apostolico-en-venezuela-visita-la-universidad-catolica-del-tachira\/#webpage\"},\"wordCount\":430,\"publisher\":{\"@id\":\"https:\/\/www.ucat.edu.ve\/web\/#organization\"},\"image\":{\"@id\":\"https:\/\/www.ucat.edu.ve\/web\/nuncio-apostolico-en-venezuela-visita-la-universidad-catolica-del-tachira\/#primaryimage\"},\"thumbnailUrl\":\"https:\/\/www.ucat.edu.ve\/web\/wp-content\/uploads\/2024\/10\/Noticia-UCAT-Nuncio-Apostolico-en-Venezuela-Visita-la-Universidad-Catolica-del-Tachira.png\",\"articleSection\":[\"Noticias\"],\"inLanguage\":\"es-ES\"},{\"@type\":\"Person\",\"@id\":\"https:\/\/www.ucat.edu.ve\/web\/#\/schema\/person\/e90fe655adf97bd5c1dbc608855d16cf\",\"name\":\"Secretaria General\",\"url\":\"https:\/\/www.ucat.edu.ve\/web\/author\/secgeucat\/\"}]}<\/script>\n<!-- \/ Yoast SEO plugin. -->","yoast_head_json":{"title":"Nuncio Apost\u00f3lico en Venezuela Visita la Universidad Cat\u00f3lica del T\u00e1chira - Universidad Cat\u00f3lica del T\u00e1chira","robots":{"index":"index","follow":"follow","max-snippet":"max-snippet:-1","max-image-preview":"max-image-preview:large","max-video-preview":"max-video-preview:-1"},"canonical":"https:\/\/www.ucat.edu.ve\/web\/nuncio-apostolico-en-venezuela-visita-la-universidad-catolica-del-tachira\/","og_locale":"es_ES","og_type":"article","og_title":"Nuncio Apost\u00f3lico en Venezuela Visita la Universidad Cat\u00f3lica del T\u00e1chira - Universidad Cat\u00f3lica del T\u00e1chira","og_description":"Este jueves 10 de octubre, el Nuncio Apost\u00f3lico en Venezuela, Mons. Alberto Ortega Mart\u00edn, visit\u00f3 las instalaciones de la Universidad Cat\u00f3lica del T\u00e1chira. Esta visita se enmarca en la celebraci\u00f3n de los 102 a\u00f1os de la fundaci\u00f3n de la Di\u00f3cesis de San Crist\u00f3bal. Durante su recorrido, tuvo la oportunidad de conocer las instalaciones de la","og_url":"https:\/\/www.ucat.edu.ve\/web\/nuncio-apostolico-en-venezuela-visita-la-universidad-catolica-del-tachira\/","og_site_name":"Universidad Cat\u00f3lica del T\u00e1chira","article_publisher":"https:\/\/www.facebook.com\/notiucat\/","article_published_time":"2024-10-10T19:52:41+00:00","og_image":[{"width":1086,"height":671,"url":"https:\/\/www.ucat.edu.ve\/web\/wp-content\/uploads\/2024\/10\/Noticia-UCAT-Nuncio-Apostolico-en-Venezuela-Visita-la-Universidad-Catolica-del-Tachira.png","type":"image\/png"}],"author":"Secretaria General","twitter_card":"summary_large_image","twitter_creator":"@notiucat","twitter_site":"@notiucat","twitter_misc":{"Written by":"Secretaria General","Est. reading time":"2 minutos"},"schema":{"@context":"https:\/\/schema.org","@graph":[{"@type":"Organization","@id":"https:\/\/www.ucat.edu.ve\/web\/#organization","name":"Universidad Cat\u00f3lica Del T\u00e1chira UCAT","url":"https:\/\/www.ucat.edu.ve\/web\/","sameAs":["https:\/\/www.instagram.com\/notiucat\/","https:\/\/www.youtube.com\/channel\/UCwEbYSB1R9fzlII-8dcxuYA?view_as=subscriber","https:\/\/www.facebook.com\/notiucat\/","https:\/\/twitter.com\/notiucat"],"logo":{"@type":"ImageObject","inLanguage":"es-ES","@id":"https:\/\/www.ucat.edu.ve\/web\/#\/schema\/logo\/image\/","url":"https:\/\/www.ucat.edu.ve\/web\/wp-content\/uploads\/2015\/07\/logoucat.gif","contentUrl":"https:\/\/www.ucat.edu.ve\/web\/wp-content\/uploads\/2015\/07\/logoucat.gif","width":219,"height":155,"caption":"Universidad Cat\u00f3lica Del T\u00e1chira UCAT"},"image":{"@id":"https:\/\/www.ucat.edu.ve\/web\/#\/schema\/logo\/image\/"}},{"@type":"WebSite","@id":"https:\/\/www.ucat.edu.ve\/web\/#website","url":"https:\/\/www.ucat.edu.ve\/web\/","name":"Universidad Cat\u00f3lica del T\u00e1chira","description":"","publisher":{"@id":"https:\/\/www.ucat.edu.ve\/web\/#organization"},"potentialAction":[{"@type":"SearchAction","target":{"@type":"EntryPoint","urlTemplate":"https:\/\/www.ucat.edu.ve\/web\/?s={search_term_string}"},"query-input":"required name=search_term_string"}],"inLanguage":"es-ES"},{"@type":"ImageObject","inLanguage":"es-ES","@id":"https:\/\/www.ucat.edu.ve\/web\/nuncio-apostolico-en-venezuela-visita-la-universidad-catolica-del-tachira\/#primaryimage","url":"https:\/\/www.ucat.edu.ve\/web\/wp-content\/uploads\/2024\/10\/Noticia-UCAT-Nuncio-Apostolico-en-Venezuela-Visita-la-Universidad-Catolica-del-Tachira.png","contentUrl":"https:\/\/www.ucat.edu.ve\/web\/wp-content\/uploads\/2024\/10\/Noticia-UCAT-Nuncio-Apostolico-en-Venezuela-Visita-la-Universidad-Catolica-del-Tachira.png","width":1086,"height":671},{"@type":"WebPage","@id":"https:\/\/www.ucat.edu.ve\/web\/nuncio-apostolico-en-venezuela-visita-la-universidad-catolica-del-tachira\/#webpage","url":"https:\/\/www.ucat.edu.ve\/web\/nuncio-apostolico-en-venezuela-visita-la-universidad-catolica-del-tachira\/","name":"Nuncio Apost\u00f3lico en Venezuela Visita la Universidad Cat\u00f3lica del T\u00e1chira - Universidad Cat\u00f3lica del T\u00e1chira","isPartOf":{"@id":"https:\/\/www.ucat.edu.ve\/web\/#website"},"primaryImageOfPage":{"@id":"https:\/\/www.ucat.edu.ve\/web\/nuncio-apostolico-en-venezuela-visita-la-universidad-catolica-del-tachira\/#primaryimage"},"datePublished":"2024-10-10T19:52:41+00:00","dateModified":"2024-10-10T19:52:41+00:00","breadcrumb":{"@id":"https:\/\/www.ucat.edu.ve\/web\/nuncio-apostolico-en-venezuela-visita-la-universidad-catolica-del-tachira\/#breadcrumb"},"inLanguage":"es-ES","potentialAction":[{"@type":"ReadAction","target":["https:\/\/www.ucat.edu.ve\/web\/nuncio-apostolico-en-venezuela-visita-la-universidad-catolica-del-tachira\/"]}]},{"@type":"BreadcrumbList","@id":"https:\/\/www.ucat.edu.ve\/web\/nuncio-apostolico-en-venezuela-visita-la-universidad-catolica-del-tachira\/#breadcrumb","itemListElement":[{"@type":"ListItem","position":1,"name":"Home","item":"https:\/\/www.ucat.edu.ve\/web\/"},{"@type":"ListItem","position":2,"name":"Nuncio Apost\u00f3lico en Venezuela Visita la Universidad Cat\u00f3lica del T\u00e1chira"}]},{"@type":"Article","@id":"https:\/\/www.ucat.edu.ve\/web\/nuncio-apostolico-en-venezuela-visita-la-universidad-catolica-del-tachira\/#article","isPartOf":{"@id":"https:\/\/www.ucat.edu.ve\/web\/nuncio-apostolico-en-venezuela-visita-la-universidad-catolica-del-tachira\/#webpage"},"author":{"name":"Secretaria General","@id":"https:\/\/www.ucat.edu.ve\/web\/#\/schema\/person\/e90fe655adf97bd5c1dbc608855d16cf"},"headline":"Nuncio Apost\u00f3lico en Venezuela Visita la Universidad Cat\u00f3lica del T\u00e1chira","datePublished":"2024-10-10T19:52:41+00:00","dateModified":"2024-10-10T19:52:41+00:00","mainEntityOfPage":{"@id":"https:\/\/www.ucat.edu.ve\/web\/nuncio-apostolico-en-venezuela-visita-la-universidad-catolica-del-tachira\/#webpage"},"wordCount":430,"publisher":{"@id":"https:\/\/www.ucat.edu.ve\/web\/#organization"},"image":{"@id":"https:\/\/www.ucat.edu.ve\/web\/nuncio-apostolico-en-venezuela-visita-la-universidad-catolica-del-tachira\/#primaryimage"},"thumbnailUrl":"https:\/\/www.ucat.edu.ve\/web\/wp-content\/uploads\/2024\/10\/Noticia-UCAT-Nuncio-Apostolico-en-Venezuela-Visita-la-Universidad-Catolica-del-Tachira.png","articleSection":["Noticias"],"inLanguage":"es-ES"},{"@type":"Person","@id":"https:\/\/www.ucat.edu.ve\/web\/#\/schema\/person\/e90fe655adf97bd5c1dbc608855d16cf","name":"Secretaria General","url":"https:\/\/www.ucat.edu.ve\/web\/author\/secgeucat\/"}]}},"_links":{"self":[{"href":"https:\/\/www.ucat.edu.ve\/web\/wp-json\/wp\/v2\/posts\/13400"}],"collection":[{"href":"https:\/\/www.ucat.edu.ve\/web\/wp-json\/wp\/v2\/posts"}],"about":[{"href":"https:\/\/www.ucat.edu.ve\/web\/wp-json\/wp\/v2\/types\/post"}],"author":[{"embeddable":true,"href":"https:\/\/www.ucat.edu.ve\/web\/wp-json\/wp\/v2\/users\/23"}],"replies":[{"embeddable":true,"href":"https:\/\/www.ucat.edu.ve\/web\/wp-json\/wp\/v2\/comments?post=13400"}],"version-history":[{"count":1,"href":"https:\/\/www.ucat.edu.ve\/web\/wp-json\/wp\/v2\/posts\/13400\/revisions"}],"predecessor-version":[{"id":13402,"href":"https:\/\/www.ucat.edu.ve\/web\/wp-json\/wp\/v2\/posts\/13400\/revisions\/13402"}],"wp:featuredmedia":[{"embeddable":true,"href":"https:\/\/www.ucat.edu.ve\/web\/wp-json\/wp\/v2\/media\/13401"}],"wp:attachment":[{"href":"https:\/\/www.ucat.edu.ve\/web\/wp-json\/wp\/v2\/media?parent=13400"}],"wp:term":[{"taxonomy":"category","embeddable":true,"href":"https:\/\/www.ucat.edu.ve\/web\/wp-json\/wp\/v2\/categories?post=13400"},{"taxonomy":"post_tag","embeddable":true,"href":"https:\/\/www.ucat.edu.ve\/web\/wp-json\/wp\/v2\/tags?post=13400"}],"curies":[{"name":"wp","href":"https:\/\/api.w.org\/{rel}","templated":true}]}}