 {"id":13408,"date":"2024-10-17T21:17:36","date_gmt":"2024-10-17T21:17:36","guid":{"rendered":"https:\/\/www.ucat.edu.ve\/web\/?p=13408"},"modified":"2024-10-23T17:38:48","modified_gmt":"2024-10-23T17:38:48","slug":"ucatenses-participaron-en-el-xxv-concurso-internacional-de-semilleros-de-investigacion-en-derecho-procesal","status":"publish","type":"post","link":"https:\/\/www.ucat.edu.ve\/web\/ucatenses-participaron-en-el-xxv-concurso-internacional-de-semilleros-de-investigacion-en-derecho-procesal\/","title":{"rendered":"Ucatenses participaron en el XXV Concurso Internacional de Semilleros de Investigaci\u00f3n en Derecho Procesal"},"content":{"rendered":"<p style=\"text-align: center\"><img loading=\"lazy\" class=\"alignnone size-medium wp-image-13409\" src=\"https:\/\/www.ucat.edu.ve\/web\/wp-content\/uploads\/2024\/10\/Noticia-UCAT_Ucatenses-participaron-en-el-XXV-Concurso-Internacional-de-Semilleros-de-Investigacion-en-Derecho-Procesal-521x322.png\" alt=\"\" width=\"521\" height=\"322\" srcset=\"https:\/\/www.ucat.edu.ve\/web\/wp-content\/uploads\/2024\/10\/Noticia-UCAT_Ucatenses-participaron-en-el-XXV-Concurso-Internacional-de-Semilleros-de-Investigacion-en-Derecho-Procesal-521x322.png 521w, https:\/\/www.ucat.edu.ve\/web\/wp-content\/uploads\/2024\/10\/Noticia-UCAT_Ucatenses-participaron-en-el-XXV-Concurso-Internacional-de-Semilleros-de-Investigacion-en-Derecho-Procesal-340x210.png 340w, https:\/\/www.ucat.edu.ve\/web\/wp-content\/uploads\/2024\/10\/Noticia-UCAT_Ucatenses-participaron-en-el-XXV-Concurso-Internacional-de-Semilleros-de-Investigacion-en-Derecho-Procesal.png 1086w\" sizes=\"(max-width: 521px) 100vw, 521px\" \/><\/p>\n<p style=\"text-align: justify\">Un grupo de estudiantes de la Universidad Cat\u00f3lica del T\u00e1chira (UCAT) particip\u00f3 con entusiasmo en el XXV Concurso Internacional para estudiantes de Derecho a nivel de pregrado, titulado &#8220;Semilleros de Derecho Procesal&#8221;, que tuvo lugar en Bucaramanga, Colombia. Este evento fue coordinado por el destacado profesor y litigante del Derecho, Fabio Alberto Ochoa Arroyave.<\/p>\n<p style=\"text-align: justify\">Entre los estudiantes que representaron a la UCAT en este evento, se encuentraban Rebeca Nohem\u00ed Chac\u00f3n M\u00e1rquez, Joseph Johan Montilla Mendoza, Hender R. Delgado L\u00f3pez, Josu\u00e9 Abraham Ram\u00edrez Molina, Angibett Vanessa Ibarra Galviz, Bhebherly Roselyn Agelvis Rodr\u00edguez y, los estudiantes de posgrado, Kevin Erney Fern\u00e1ndez Libre y y Cardenas Guerrero Angel Gabriel.<\/p>\n<p style=\"text-align: justify\">Seg\u00fan la estudiante Karen Delgado, quien tambi\u00e9n form\u00f3 parte de la delegaci\u00f3n: &#8220;el evento cont\u00f3 con la presencia de profesionales del \u00e1mbito del Derecho, quienes generaron espacios donde estudiantes y profesores discutieron problemas actuales y relevantes relacionados con el derecho penal, procesal y laboral, promoviendo as\u00ed la formaci\u00f3n acad\u00e9mica y la investigaci\u00f3n en estas \u00e1reas&#8221;. Adem\u00e1s, Karen destac\u00f3 que los semilleros suelen llevar a cabo sesiones regulares, como es el caso del Semillero de Derecho Penal y Pol\u00edtica.<\/p>\n<p style=\"text-align: justify\">El tema central del Congreso que sirvi\u00f3 de marco al Concurso de Semilleros fue &#8220;El futuro de la administraci\u00f3n de justicia y de los m\u00e9todos de resoluci\u00f3n de conflictos&#8221;.<\/p>\n<p style=\"text-align: justify\">Desde la Universidad Cat\u00f3lica del T\u00e1chira, extendemos nuestras m\u00e1s sinceras felicitaciones a todos los participantes, quienes dejan en alto la calidad y el prestigio de nuestra casa de estudios.<\/p>\n<p style=\"text-align: justify\">(Prensa UCAT)<\/p>\n","protected":false},"excerpt":{"rendered":"<p>Un grupo de estudiantes de la Universidad Cat\u00f3lica del T\u00e1chira (UCAT) particip\u00f3 con entusiasmo en el XXV Concurso Internacional para estudiantes de Derecho a nivel de pregrado, titulado &#8220;Semilleros de Derecho Procesal&#8221;, que tuvo lugar en Bucaramanga, Colombia. Este evento fue coordinado por el destacado profesor y litigante del Derecho, Fabio Alberto Ochoa Arroyave. Entre<\/p>\n","protected":false},"author":23,"featured_media":13409,"comment_status":"closed","ping_status":"closed","sticky":false,"template":"","format":"standard","meta":[],"categories":[3],"tags":[],"yoast_head":"<!-- This site is optimized with the Yoast SEO plugin v19.2 - https:\/\/yoast.com\/wordpress\/plugins\/seo\/ -->\n<title>Ucatenses participaron en el XXV Concurso Internacional de Semilleros de Investigaci\u00f3n en Derecho Procesal - Universidad Cat\u00f3lica del T\u00e1chira<\/title>\n<meta name=\"robots\" content=\"index, follow, max-snippet:-1, max-image-preview:large, max-video-preview:-1\" \/>\n<link rel=\"canonical\" href=\"https:\/\/www.ucat.edu.ve\/web\/ucatenses-participaron-en-el-xxv-concurso-internacional-de-semilleros-de-investigacion-en-derecho-procesal\/\" \/>\n<meta property=\"og:locale\" content=\"es_ES\" \/>\n<meta property=\"og:type\" content=\"article\" \/>\n<meta property=\"og:title\" content=\"Ucatenses participaron en el XXV Concurso Internacional de Semilleros de Investigaci\u00f3n en Derecho Procesal - Universidad Cat\u00f3lica del T\u00e1chira\" \/>\n<meta property=\"og:description\" content=\"Un grupo de estudiantes de la Universidad Cat\u00f3lica del T\u00e1chira (UCAT) particip\u00f3 con entusiasmo en el XXV Concurso Internacional para estudiantes de Derecho a nivel de pregrado, titulado &#8220;Semilleros de Derecho Procesal&#8221;, que tuvo lugar en Bucaramanga, Colombia. Este evento fue coordinado por el destacado profesor y litigante del Derecho, Fabio Alberto Ochoa Arroyave. Entre\" \/>\n<meta property=\"og:url\" content=\"https:\/\/www.ucat.edu.ve\/web\/ucatenses-participaron-en-el-xxv-concurso-internacional-de-semilleros-de-investigacion-en-derecho-procesal\/\" \/>\n<meta property=\"og:site_name\" content=\"Universidad Cat\u00f3lica del T\u00e1chira\" \/>\n<meta property=\"article:publisher\" content=\"https:\/\/www.facebook.com\/notiucat\/\" \/>\n<meta property=\"article:published_time\" content=\"2024-10-17T21:17:36+00:00\" \/>\n<meta property=\"article:modified_time\" content=\"2024-10-23T17:38:48+00:00\" \/>\n<meta property=\"og:image\" content=\"https:\/\/www.ucat.edu.ve\/web\/wp-content\/uploads\/2024\/10\/Noticia-UCAT_Ucatenses-participaron-en-el-XXV-Concurso-Internacional-de-Semilleros-de-Investigacion-en-Derecho-Procesal.png\" \/>\n\t<meta property=\"og:image:width\" content=\"1086\" \/>\n\t<meta property=\"og:image:height\" content=\"671\" \/>\n\t<meta property=\"og:image:type\" content=\"image\/png\" \/>\n<meta name=\"author\" content=\"Secretaria General\" \/>\n<meta name=\"twitter:card\" content=\"summary_large_image\" \/>\n<meta name=\"twitter:creator\" content=\"@notiucat\" \/>\n<meta name=\"twitter:site\" content=\"@notiucat\" \/>\n<meta name=\"twitter:label1\" content=\"Written by\" \/>\n\t<meta name=\"twitter:data1\" content=\"Secretaria General\" \/>\n\t<meta name=\"twitter:label2\" content=\"Est. reading time\" \/>\n\t<meta name=\"twitter:data2\" content=\"2 minutos\" \/>\n<script type=\"application\/ld+json\" class=\"yoast-schema-graph\">{\"@context\":\"https:\/\/schema.org\",\"@graph\":[{\"@type\":\"Organization\",\"@id\":\"https:\/\/www.ucat.edu.ve\/web\/#organization\",\"name\":\"Universidad Cat\u00f3lica Del T\u00e1chira UCAT\",\"url\":\"https:\/\/www.ucat.edu.ve\/web\/\",\"sameAs\":[\"https:\/\/www.instagram.com\/notiucat\/\",\"https:\/\/www.youtube.com\/channel\/UCwEbYSB1R9fzlII-8dcxuYA?view_as=subscriber\",\"https:\/\/www.facebook.com\/notiucat\/\",\"https:\/\/twitter.com\/notiucat\"],\"logo\":{\"@type\":\"ImageObject\",\"inLanguage\":\"es-ES\",\"@id\":\"https:\/\/www.ucat.edu.ve\/web\/#\/schema\/logo\/image\/\",\"url\":\"https:\/\/www.ucat.edu.ve\/web\/wp-content\/uploads\/2015\/07\/logoucat.gif\",\"contentUrl\":\"https:\/\/www.ucat.edu.ve\/web\/wp-content\/uploads\/2015\/07\/logoucat.gif\",\"width\":219,\"height\":155,\"caption\":\"Universidad Cat\u00f3lica Del T\u00e1chira UCAT\"},\"image\":{\"@id\":\"https:\/\/www.ucat.edu.ve\/web\/#\/schema\/logo\/image\/\"}},{\"@type\":\"WebSite\",\"@id\":\"https:\/\/www.ucat.edu.ve\/web\/#website\",\"url\":\"https:\/\/www.ucat.edu.ve\/web\/\",\"name\":\"Universidad Cat\u00f3lica del T\u00e1chira\",\"description\":\"\",\"publisher\":{\"@id\":\"https:\/\/www.ucat.edu.ve\/web\/#organization\"},\"potentialAction\":[{\"@type\":\"SearchAction\",\"target\":{\"@type\":\"EntryPoint\",\"urlTemplate\":\"https:\/\/www.ucat.edu.ve\/web\/?s={search_term_string}\"},\"query-input\":\"required name=search_term_string\"}],\"inLanguage\":\"es-ES\"},{\"@type\":\"ImageObject\",\"inLanguage\":\"es-ES\",\"@id\":\"https:\/\/www.ucat.edu.ve\/web\/ucatenses-participaron-en-el-xxv-concurso-internacional-de-semilleros-de-investigacion-en-derecho-procesal\/#primaryimage\",\"url\":\"https:\/\/www.ucat.edu.ve\/web\/wp-content\/uploads\/2024\/10\/Noticia-UCAT_Ucatenses-participaron-en-el-XXV-Concurso-Internacional-de-Semilleros-de-Investigacion-en-Derecho-Procesal.png\",\"contentUrl\":\"https:\/\/www.ucat.edu.ve\/web\/wp-content\/uploads\/2024\/10\/Noticia-UCAT_Ucatenses-participaron-en-el-XXV-Concurso-Internacional-de-Semilleros-de-Investigacion-en-Derecho-Procesal.png\",\"width\":1086,\"height\":671},{\"@type\":\"WebPage\",\"@id\":\"https:\/\/www.ucat.edu.ve\/web\/ucatenses-participaron-en-el-xxv-concurso-internacional-de-semilleros-de-investigacion-en-derecho-procesal\/#webpage\",\"url\":\"https:\/\/www.ucat.edu.ve\/web\/ucatenses-participaron-en-el-xxv-concurso-internacional-de-semilleros-de-investigacion-en-derecho-procesal\/\",\"name\":\"Ucatenses participaron en el XXV Concurso Internacional de Semilleros de Investigaci\u00f3n en Derecho Procesal - Universidad Cat\u00f3lica del T\u00e1chira\",\"isPartOf\":{\"@id\":\"https:\/\/www.ucat.edu.ve\/web\/#website\"},\"primaryImageOfPage\":{\"@id\":\"https:\/\/www.ucat.edu.ve\/web\/ucatenses-participaron-en-el-xxv-concurso-internacional-de-semilleros-de-investigacion-en-derecho-procesal\/#primaryimage\"},\"datePublished\":\"2024-10-17T21:17:36+00:00\",\"dateModified\":\"2024-10-23T17:38:48+00:00\",\"breadcrumb\":{\"@id\":\"https:\/\/www.ucat.edu.ve\/web\/ucatenses-participaron-en-el-xxv-concurso-internacional-de-semilleros-de-investigacion-en-derecho-procesal\/#breadcrumb\"},\"inLanguage\":\"es-ES\",\"potentialAction\":[{\"@type\":\"ReadAction\",\"target\":[\"https:\/\/www.ucat.edu.ve\/web\/ucatenses-participaron-en-el-xxv-concurso-internacional-de-semilleros-de-investigacion-en-derecho-procesal\/\"]}]},{\"@type\":\"BreadcrumbList\",\"@id\":\"https:\/\/www.ucat.edu.ve\/web\/ucatenses-participaron-en-el-xxv-concurso-internacional-de-semilleros-de-investigacion-en-derecho-procesal\/#breadcrumb\",\"itemListElement\":[{\"@type\":\"ListItem\",\"position\":1,\"name\":\"Home\",\"item\":\"https:\/\/www.ucat.edu.ve\/web\/\"},{\"@type\":\"ListItem\",\"position\":2,\"name\":\"Ucatenses participaron en el XXV Concurso Internacional de Semilleros de Investigaci\u00f3n en Derecho Procesal\"}]},{\"@type\":\"Article\",\"@id\":\"https:\/\/www.ucat.edu.ve\/web\/ucatenses-participaron-en-el-xxv-concurso-internacional-de-semilleros-de-investigacion-en-derecho-procesal\/#article\",\"isPartOf\":{\"@id\":\"https:\/\/www.ucat.edu.ve\/web\/ucatenses-participaron-en-el-xxv-concurso-internacional-de-semilleros-de-investigacion-en-derecho-procesal\/#webpage\"},\"author\":{\"name\":\"Secretaria General\",\"@id\":\"https:\/\/www.ucat.edu.ve\/web\/#\/schema\/person\/e90fe655adf97bd5c1dbc608855d16cf\"},\"headline\":\"Ucatenses participaron en el XXV Concurso Internacional de Semilleros de Investigaci\u00f3n en Derecho Procesal\",\"datePublished\":\"2024-10-17T21:17:36+00:00\",\"dateModified\":\"2024-10-23T17:38:48+00:00\",\"mainEntityOfPage\":{\"@id\":\"https:\/\/www.ucat.edu.ve\/web\/ucatenses-participaron-en-el-xxv-concurso-internacional-de-semilleros-de-investigacion-en-derecho-procesal\/#webpage\"},\"wordCount\":281,\"publisher\":{\"@id\":\"https:\/\/www.ucat.edu.ve\/web\/#organization\"},\"image\":{\"@id\":\"https:\/\/www.ucat.edu.ve\/web\/ucatenses-participaron-en-el-xxv-concurso-internacional-de-semilleros-de-investigacion-en-derecho-procesal\/#primaryimage\"},\"thumbnailUrl\":\"https:\/\/www.ucat.edu.ve\/web\/wp-content\/uploads\/2024\/10\/Noticia-UCAT_Ucatenses-participaron-en-el-XXV-Concurso-Internacional-de-Semilleros-de-Investigacion-en-Derecho-Procesal.png\",\"articleSection\":[\"Noticias\"],\"inLanguage\":\"es-ES\"},{\"@type\":\"Person\",\"@id\":\"https:\/\/www.ucat.edu.ve\/web\/#\/schema\/person\/e90fe655adf97bd5c1dbc608855d16cf\",\"name\":\"Secretaria General\",\"url\":\"https:\/\/www.ucat.edu.ve\/web\/author\/secgeucat\/\"}]}<\/script>\n<!-- \/ Yoast SEO plugin. -->","yoast_head_json":{"title":"Ucatenses participaron en el XXV Concurso Internacional de Semilleros de Investigaci\u00f3n en Derecho Procesal - Universidad Cat\u00f3lica del T\u00e1chira","robots":{"index":"index","follow":"follow","max-snippet":"max-snippet:-1","max-image-preview":"max-image-preview:large","max-video-preview":"max-video-preview:-1"},"canonical":"https:\/\/www.ucat.edu.ve\/web\/ucatenses-participaron-en-el-xxv-concurso-internacional-de-semilleros-de-investigacion-en-derecho-procesal\/","og_locale":"es_ES","og_type":"article","og_title":"Ucatenses participaron en el XXV Concurso Internacional de Semilleros de Investigaci\u00f3n en Derecho Procesal - Universidad Cat\u00f3lica del T\u00e1chira","og_description":"Un grupo de estudiantes de la Universidad Cat\u00f3lica del T\u00e1chira (UCAT) particip\u00f3 con entusiasmo en el XXV Concurso Internacional para estudiantes de Derecho a nivel de pregrado, titulado &#8220;Semilleros de Derecho Procesal&#8221;, que tuvo lugar en Bucaramanga, Colombia. Este evento fue coordinado por el destacado profesor y litigante del Derecho, Fabio Alberto Ochoa Arroyave. Entre","og_url":"https:\/\/www.ucat.edu.ve\/web\/ucatenses-participaron-en-el-xxv-concurso-internacional-de-semilleros-de-investigacion-en-derecho-procesal\/","og_site_name":"Universidad Cat\u00f3lica del T\u00e1chira","article_publisher":"https:\/\/www.facebook.com\/notiucat\/","article_published_time":"2024-10-17T21:17:36+00:00","article_modified_time":"2024-10-23T17:38:48+00:00","og_image":[{"width":1086,"height":671,"url":"https:\/\/www.ucat.edu.ve\/web\/wp-content\/uploads\/2024\/10\/Noticia-UCAT_Ucatenses-participaron-en-el-XXV-Concurso-Internacional-de-Semilleros-de-Investigacion-en-Derecho-Procesal.png","type":"image\/png"}],"author":"Secretaria General","twitter_card":"summary_large_image","twitter_creator":"@notiucat","twitter_site":"@notiucat","twitter_misc":{"Written by":"Secretaria General","Est. reading time":"2 minutos"},"schema":{"@context":"https:\/\/schema.org","@graph":[{"@type":"Organization","@id":"https:\/\/www.ucat.edu.ve\/web\/#organization","name":"Universidad Cat\u00f3lica Del T\u00e1chira UCAT","url":"https:\/\/www.ucat.edu.ve\/web\/","sameAs":["https:\/\/www.instagram.com\/notiucat\/","https:\/\/www.youtube.com\/channel\/UCwEbYSB1R9fzlII-8dcxuYA?view_as=subscriber","https:\/\/www.facebook.com\/notiucat\/","https:\/\/twitter.com\/notiucat"],"logo":{"@type":"ImageObject","inLanguage":"es-ES","@id":"https:\/\/www.ucat.edu.ve\/web\/#\/schema\/logo\/image\/","url":"https:\/\/www.ucat.edu.ve\/web\/wp-content\/uploads\/2015\/07\/logoucat.gif","contentUrl":"https:\/\/www.ucat.edu.ve\/web\/wp-content\/uploads\/2015\/07\/logoucat.gif","width":219,"height":155,"caption":"Universidad Cat\u00f3lica Del T\u00e1chira UCAT"},"image":{"@id":"https:\/\/www.ucat.edu.ve\/web\/#\/schema\/logo\/image\/"}},{"@type":"WebSite","@id":"https:\/\/www.ucat.edu.ve\/web\/#website","url":"https:\/\/www.ucat.edu.ve\/web\/","name":"Universidad Cat\u00f3lica del T\u00e1chira","description":"","publisher":{"@id":"https:\/\/www.ucat.edu.ve\/web\/#organization"},"potentialAction":[{"@type":"SearchAction","target":{"@type":"EntryPoint","urlTemplate":"https:\/\/www.ucat.edu.ve\/web\/?s={search_term_string}"},"query-input":"required name=search_term_string"}],"inLanguage":"es-ES"},{"@type":"ImageObject","inLanguage":"es-ES","@id":"https:\/\/www.ucat.edu.ve\/web\/ucatenses-participaron-en-el-xxv-concurso-internacional-de-semilleros-de-investigacion-en-derecho-procesal\/#primaryimage","url":"https:\/\/www.ucat.edu.ve\/web\/wp-content\/uploads\/2024\/10\/Noticia-UCAT_Ucatenses-participaron-en-el-XXV-Concurso-Internacional-de-Semilleros-de-Investigacion-en-Derecho-Procesal.png","contentUrl":"https:\/\/www.ucat.edu.ve\/web\/wp-content\/uploads\/2024\/10\/Noticia-UCAT_Ucatenses-participaron-en-el-XXV-Concurso-Internacional-de-Semilleros-de-Investigacion-en-Derecho-Procesal.png","width":1086,"height":671},{"@type":"WebPage","@id":"https:\/\/www.ucat.edu.ve\/web\/ucatenses-participaron-en-el-xxv-concurso-internacional-de-semilleros-de-investigacion-en-derecho-procesal\/#webpage","url":"https:\/\/www.ucat.edu.ve\/web\/ucatenses-participaron-en-el-xxv-concurso-internacional-de-semilleros-de-investigacion-en-derecho-procesal\/","name":"Ucatenses participaron en el XXV Concurso Internacional de Semilleros de Investigaci\u00f3n en Derecho Procesal - Universidad Cat\u00f3lica del T\u00e1chira","isPartOf":{"@id":"https:\/\/www.ucat.edu.ve\/web\/#website"},"primaryImageOfPage":{"@id":"https:\/\/www.ucat.edu.ve\/web\/ucatenses-participaron-en-el-xxv-concurso-internacional-de-semilleros-de-investigacion-en-derecho-procesal\/#primaryimage"},"datePublished":"2024-10-17T21:17:36+00:00","dateModified":"2024-10-23T17:38:48+00:00","breadcrumb":{"@id":"https:\/\/www.ucat.edu.ve\/web\/ucatenses-participaron-en-el-xxv-concurso-internacional-de-semilleros-de-investigacion-en-derecho-procesal\/#breadcrumb"},"inLanguage":"es-ES","potentialAction":[{"@type":"ReadAction","target":["https:\/\/www.ucat.edu.ve\/web\/ucatenses-participaron-en-el-xxv-concurso-internacional-de-semilleros-de-investigacion-en-derecho-procesal\/"]}]},{"@type":"BreadcrumbList","@id":"https:\/\/www.ucat.edu.ve\/web\/ucatenses-participaron-en-el-xxv-concurso-internacional-de-semilleros-de-investigacion-en-derecho-procesal\/#breadcrumb","itemListElement":[{"@type":"ListItem","position":1,"name":"Home","item":"https:\/\/www.ucat.edu.ve\/web\/"},{"@type":"ListItem","position":2,"name":"Ucatenses participaron en el XXV Concurso Internacional de Semilleros de Investigaci\u00f3n en Derecho Procesal"}]},{"@type":"Article","@id":"https:\/\/www.ucat.edu.ve\/web\/ucatenses-participaron-en-el-xxv-concurso-internacional-de-semilleros-de-investigacion-en-derecho-procesal\/#article","isPartOf":{"@id":"https:\/\/www.ucat.edu.ve\/web\/ucatenses-participaron-en-el-xxv-concurso-internacional-de-semilleros-de-investigacion-en-derecho-procesal\/#webpage"},"author":{"name":"Secretaria General","@id":"https:\/\/www.ucat.edu.ve\/web\/#\/schema\/person\/e90fe655adf97bd5c1dbc608855d16cf"},"headline":"Ucatenses participaron en el XXV Concurso Internacional de Semilleros de Investigaci\u00f3n en Derecho Procesal","datePublished":"2024-10-17T21:17:36+00:00","dateModified":"2024-10-23T17:38:48+00:00","mainEntityOfPage":{"@id":"https:\/\/www.ucat.edu.ve\/web\/ucatenses-participaron-en-el-xxv-concurso-internacional-de-semilleros-de-investigacion-en-derecho-procesal\/#webpage"},"wordCount":281,"publisher":{"@id":"https:\/\/www.ucat.edu.ve\/web\/#organization"},"image":{"@id":"https:\/\/www.ucat.edu.ve\/web\/ucatenses-participaron-en-el-xxv-concurso-internacional-de-semilleros-de-investigacion-en-derecho-procesal\/#primaryimage"},"thumbnailUrl":"https:\/\/www.ucat.edu.ve\/web\/wp-content\/uploads\/2024\/10\/Noticia-UCAT_Ucatenses-participaron-en-el-XXV-Concurso-Internacional-de-Semilleros-de-Investigacion-en-Derecho-Procesal.png","articleSection":["Noticias"],"inLanguage":"es-ES"},{"@type":"Person","@id":"https:\/\/www.ucat.edu.ve\/web\/#\/schema\/person\/e90fe655adf97bd5c1dbc608855d16cf","name":"Secretaria General","url":"https:\/\/www.ucat.edu.ve\/web\/author\/secgeucat\/"}]}},"_links":{"self":[{"href":"https:\/\/www.ucat.edu.ve\/web\/wp-json\/wp\/v2\/posts\/13408"}],"collection":[{"href":"https:\/\/www.ucat.edu.ve\/web\/wp-json\/wp\/v2\/posts"}],"about":[{"href":"https:\/\/www.ucat.edu.ve\/web\/wp-json\/wp\/v2\/types\/post"}],"author":[{"embeddable":true,"href":"https:\/\/www.ucat.edu.ve\/web\/wp-json\/wp\/v2\/users\/23"}],"replies":[{"embeddable":true,"href":"https:\/\/www.ucat.edu.ve\/web\/wp-json\/wp\/v2\/comments?post=13408"}],"version-history":[{"count":3,"href":"https:\/\/www.ucat.edu.ve\/web\/wp-json\/wp\/v2\/posts\/13408\/revisions"}],"predecessor-version":[{"id":13418,"href":"https:\/\/www.ucat.edu.ve\/web\/wp-json\/wp\/v2\/posts\/13408\/revisions\/13418"}],"wp:featuredmedia":[{"embeddable":true,"href":"https:\/\/www.ucat.edu.ve\/web\/wp-json\/wp\/v2\/media\/13409"}],"wp:attachment":[{"href":"https:\/\/www.ucat.edu.ve\/web\/wp-json\/wp\/v2\/media?parent=13408"}],"wp:term":[{"taxonomy":"category","embeddable":true,"href":"https:\/\/www.ucat.edu.ve\/web\/wp-json\/wp\/v2\/categories?post=13408"},{"taxonomy":"post_tag","embeddable":true,"href":"https:\/\/www.ucat.edu.ve\/web\/wp-json\/wp\/v2\/tags?post=13408"}],"curies":[{"name":"wp","href":"https:\/\/api.w.org\/{rel}","templated":true}]}}