 {"id":13413,"date":"2024-10-18T17:38:34","date_gmt":"2024-10-18T17:38:34","guid":{"rendered":"https:\/\/www.ucat.edu.ve\/web\/?p=13413"},"modified":"2024-10-18T17:38:34","modified_gmt":"2024-10-18T17:38:34","slug":"conferencia-la-relevancia-del-derecho-en-un-mundo-globalizado","status":"publish","type":"post","link":"https:\/\/www.ucat.edu.ve\/web\/conferencia-la-relevancia-del-derecho-en-un-mundo-globalizado\/","title":{"rendered":"Conferencia: \u201cLa Relevancia del Derecho en un Mundo Globalizado\u201d"},"content":{"rendered":"<p style=\"text-align: center;\"><img loading=\"lazy\" class=\"alignnone size-medium wp-image-13414\" src=\"https:\/\/www.ucat.edu.ve\/web\/wp-content\/uploads\/2024\/10\/Noticia-UCAT-ConferenciaLa-Relevancia-del-Derecho-en-un-Mundo-Globalizado-521x322.png\" alt=\"\" width=\"521\" height=\"322\" srcset=\"https:\/\/www.ucat.edu.ve\/web\/wp-content\/uploads\/2024\/10\/Noticia-UCAT-ConferenciaLa-Relevancia-del-Derecho-en-un-Mundo-Globalizado-521x322.png 521w, https:\/\/www.ucat.edu.ve\/web\/wp-content\/uploads\/2024\/10\/Noticia-UCAT-ConferenciaLa-Relevancia-del-Derecho-en-un-Mundo-Globalizado-340x210.png 340w, https:\/\/www.ucat.edu.ve\/web\/wp-content\/uploads\/2024\/10\/Noticia-UCAT-ConferenciaLa-Relevancia-del-Derecho-en-un-Mundo-Globalizado.png 1086w\" sizes=\"(max-width: 521px) 100vw, 521px\" \/><\/p>\n<p style=\"font-weight: 400; text-align: justify;\">Este martes 15 de octubre, el aula anfite\u00e1trica del Edificio C de la sede Sabana Larga de la UCAT fue el escenario de la conferencia: \u201cLa pertinencia del derecho en un mundo globalizado y su impacto local\u201d, a cargo del profesor e investigador Mauricio Pern\u00eda-Reyes, con la cual se inicia el ciclo de eventos acad\u00e9micos previstos para este per\u00edodo, desde la Facultad de Ciencias Jur\u00eddicas y Pol\u00edticas de la UCAT.<\/p>\n<p style=\"font-weight: 400; text-align: justify;\">El evento reuni\u00f3 a destacados representantes de la comunidad acad\u00e9mica, incluyendo al Vicerrector Acad\u00e9mico, Pbro. Ricardo Casanova; a la Decana de la Facultad de Ciencias Jur\u00eddicas y Pol\u00edticas, profesora Christina Zambrano; as\u00ed como a otras autoridades y profesores de esta Facultad, y al director de Postgrado, Pbro. Eduardo Soto Parra, S.I.<\/p>\n<p style=\"font-weight: 400; text-align: justify;\">En su presentaci\u00f3n, el profesor Pern\u00eda-Reyes expuso las caracter\u00edsticas de la profesi\u00f3n del Derecho, las perspectivas de estudio y las nuevas tendencias en su ejercicio e investigaci\u00f3n. En particular, hizo hincapi\u00e9 en la importancia de las normativas sobre protecci\u00f3n de datos, la transici\u00f3n energ\u00e9tica y su v\u00ednculo con el Derecho minero.<\/p>\n<p style=\"font-weight: 400; text-align: justify;\">A trav\u00e9s de un enfoque interactivo, el profesor Pern\u00eda-Reyes ofreci\u00f3 a los estudiantes una visi\u00f3n integral del Derecho, analizando su aplicaci\u00f3n global y local en diversas \u00e1reas, tales como el Derecho mercantil, el Derecho internacional humanitario, migraciones, Derechos humanos y el creciente \u00e1mbito del Derecho deportivo.<\/p>\n<p style=\"text-align: justify;\">El Vicerrectorado Acad\u00e9mico y la Facultad de Ciencias Jur\u00eddicas y Pol\u00edticas impulsan estas iniciativas en el marco de una concepci\u00f3n integral de la educaci\u00f3n universitaria, que abraza tanto la vocaci\u00f3n local como la dimensi\u00f3n global. Este enfoque busca fortalecer la transmisi\u00f3n de conocimientos a los estudiantes, ofreciendo una formaci\u00f3n actualizada, din\u00e1mica y pr\u00e1ctica.<\/p>\n<p>(<strong>PrensaUCAT<\/strong>)<\/p>\n","protected":false},"excerpt":{"rendered":"<p>Este martes 15 de octubre, el aula anfite\u00e1trica del Edificio C de la sede Sabana Larga de la UCAT fue el escenario de la conferencia: \u201cLa pertinencia del derecho en un mundo globalizado y su impacto local\u201d, a cargo del profesor e investigador Mauricio Pern\u00eda-Reyes, con la cual se inicia el ciclo de eventos acad\u00e9micos<\/p>\n","protected":false},"author":23,"featured_media":13414,"comment_status":"closed","ping_status":"closed","sticky":false,"template":"","format":"standard","meta":[],"categories":[3],"tags":[],"yoast_head":"<!-- This site is optimized with the Yoast SEO plugin v19.2 - https:\/\/yoast.com\/wordpress\/plugins\/seo\/ -->\n<title>Conferencia: \u201cLa Relevancia del Derecho en un Mundo Globalizado\u201d - Universidad Cat\u00f3lica del T\u00e1chira<\/title>\n<meta name=\"robots\" content=\"index, follow, max-snippet:-1, max-image-preview:large, max-video-preview:-1\" \/>\n<link rel=\"canonical\" href=\"https:\/\/www.ucat.edu.ve\/web\/conferencia-la-relevancia-del-derecho-en-un-mundo-globalizado\/\" \/>\n<meta property=\"og:locale\" content=\"es_ES\" \/>\n<meta property=\"og:type\" content=\"article\" \/>\n<meta property=\"og:title\" content=\"Conferencia: \u201cLa Relevancia del Derecho en un Mundo Globalizado\u201d - Universidad Cat\u00f3lica del T\u00e1chira\" \/>\n<meta property=\"og:description\" content=\"Este martes 15 de octubre, el aula anfite\u00e1trica del Edificio C de la sede Sabana Larga de la UCAT fue el escenario de la conferencia: \u201cLa pertinencia del derecho en un mundo globalizado y su impacto local\u201d, a cargo del profesor e investigador Mauricio Pern\u00eda-Reyes, con la cual se inicia el ciclo de eventos acad\u00e9micos\" \/>\n<meta property=\"og:url\" content=\"https:\/\/www.ucat.edu.ve\/web\/conferencia-la-relevancia-del-derecho-en-un-mundo-globalizado\/\" \/>\n<meta property=\"og:site_name\" content=\"Universidad Cat\u00f3lica del T\u00e1chira\" \/>\n<meta property=\"article:publisher\" content=\"https:\/\/www.facebook.com\/notiucat\/\" \/>\n<meta property=\"article:published_time\" content=\"2024-10-18T17:38:34+00:00\" \/>\n<meta property=\"og:image\" content=\"https:\/\/www.ucat.edu.ve\/web\/wp-content\/uploads\/2024\/10\/Noticia-UCAT-ConferenciaLa-Relevancia-del-Derecho-en-un-Mundo-Globalizado.png\" \/>\n\t<meta property=\"og:image:width\" content=\"1086\" \/>\n\t<meta property=\"og:image:height\" content=\"671\" \/>\n\t<meta property=\"og:image:type\" content=\"image\/png\" \/>\n<meta name=\"author\" content=\"Secretaria General\" \/>\n<meta name=\"twitter:card\" content=\"summary_large_image\" \/>\n<meta name=\"twitter:creator\" content=\"@notiucat\" \/>\n<meta name=\"twitter:site\" content=\"@notiucat\" \/>\n<meta name=\"twitter:label1\" content=\"Written by\" \/>\n\t<meta name=\"twitter:data1\" content=\"Secretaria General\" \/>\n\t<meta name=\"twitter:label2\" content=\"Est. reading time\" \/>\n\t<meta name=\"twitter:data2\" content=\"2 minutos\" \/>\n<script type=\"application\/ld+json\" class=\"yoast-schema-graph\">{\"@context\":\"https:\/\/schema.org\",\"@graph\":[{\"@type\":\"Organization\",\"@id\":\"https:\/\/www.ucat.edu.ve\/web\/#organization\",\"name\":\"Universidad Cat\u00f3lica Del T\u00e1chira UCAT\",\"url\":\"https:\/\/www.ucat.edu.ve\/web\/\",\"sameAs\":[\"https:\/\/www.instagram.com\/notiucat\/\",\"https:\/\/www.youtube.com\/channel\/UCwEbYSB1R9fzlII-8dcxuYA?view_as=subscriber\",\"https:\/\/www.facebook.com\/notiucat\/\",\"https:\/\/twitter.com\/notiucat\"],\"logo\":{\"@type\":\"ImageObject\",\"inLanguage\":\"es-ES\",\"@id\":\"https:\/\/www.ucat.edu.ve\/web\/#\/schema\/logo\/image\/\",\"url\":\"https:\/\/www.ucat.edu.ve\/web\/wp-content\/uploads\/2015\/07\/logoucat.gif\",\"contentUrl\":\"https:\/\/www.ucat.edu.ve\/web\/wp-content\/uploads\/2015\/07\/logoucat.gif\",\"width\":219,\"height\":155,\"caption\":\"Universidad Cat\u00f3lica Del T\u00e1chira UCAT\"},\"image\":{\"@id\":\"https:\/\/www.ucat.edu.ve\/web\/#\/schema\/logo\/image\/\"}},{\"@type\":\"WebSite\",\"@id\":\"https:\/\/www.ucat.edu.ve\/web\/#website\",\"url\":\"https:\/\/www.ucat.edu.ve\/web\/\",\"name\":\"Universidad Cat\u00f3lica del T\u00e1chira\",\"description\":\"\",\"publisher\":{\"@id\":\"https:\/\/www.ucat.edu.ve\/web\/#organization\"},\"potentialAction\":[{\"@type\":\"SearchAction\",\"target\":{\"@type\":\"EntryPoint\",\"urlTemplate\":\"https:\/\/www.ucat.edu.ve\/web\/?s={search_term_string}\"},\"query-input\":\"required name=search_term_string\"}],\"inLanguage\":\"es-ES\"},{\"@type\":\"ImageObject\",\"inLanguage\":\"es-ES\",\"@id\":\"https:\/\/www.ucat.edu.ve\/web\/conferencia-la-relevancia-del-derecho-en-un-mundo-globalizado\/#primaryimage\",\"url\":\"https:\/\/www.ucat.edu.ve\/web\/wp-content\/uploads\/2024\/10\/Noticia-UCAT-ConferenciaLa-Relevancia-del-Derecho-en-un-Mundo-Globalizado.png\",\"contentUrl\":\"https:\/\/www.ucat.edu.ve\/web\/wp-content\/uploads\/2024\/10\/Noticia-UCAT-ConferenciaLa-Relevancia-del-Derecho-en-un-Mundo-Globalizado.png\",\"width\":1086,\"height\":671},{\"@type\":\"WebPage\",\"@id\":\"https:\/\/www.ucat.edu.ve\/web\/conferencia-la-relevancia-del-derecho-en-un-mundo-globalizado\/#webpage\",\"url\":\"https:\/\/www.ucat.edu.ve\/web\/conferencia-la-relevancia-del-derecho-en-un-mundo-globalizado\/\",\"name\":\"Conferencia: \u201cLa Relevancia del Derecho en un Mundo Globalizado\u201d - Universidad Cat\u00f3lica del T\u00e1chira\",\"isPartOf\":{\"@id\":\"https:\/\/www.ucat.edu.ve\/web\/#website\"},\"primaryImageOfPage\":{\"@id\":\"https:\/\/www.ucat.edu.ve\/web\/conferencia-la-relevancia-del-derecho-en-un-mundo-globalizado\/#primaryimage\"},\"datePublished\":\"2024-10-18T17:38:34+00:00\",\"dateModified\":\"2024-10-18T17:38:34+00:00\",\"breadcrumb\":{\"@id\":\"https:\/\/www.ucat.edu.ve\/web\/conferencia-la-relevancia-del-derecho-en-un-mundo-globalizado\/#breadcrumb\"},\"inLanguage\":\"es-ES\",\"potentialAction\":[{\"@type\":\"ReadAction\",\"target\":[\"https:\/\/www.ucat.edu.ve\/web\/conferencia-la-relevancia-del-derecho-en-un-mundo-globalizado\/\"]}]},{\"@type\":\"BreadcrumbList\",\"@id\":\"https:\/\/www.ucat.edu.ve\/web\/conferencia-la-relevancia-del-derecho-en-un-mundo-globalizado\/#breadcrumb\",\"itemListElement\":[{\"@type\":\"ListItem\",\"position\":1,\"name\":\"Home\",\"item\":\"https:\/\/www.ucat.edu.ve\/web\/\"},{\"@type\":\"ListItem\",\"position\":2,\"name\":\"Conferencia: \u201cLa Relevancia del Derecho en un Mundo Globalizado\u201d\"}]},{\"@type\":\"Article\",\"@id\":\"https:\/\/www.ucat.edu.ve\/web\/conferencia-la-relevancia-del-derecho-en-un-mundo-globalizado\/#article\",\"isPartOf\":{\"@id\":\"https:\/\/www.ucat.edu.ve\/web\/conferencia-la-relevancia-del-derecho-en-un-mundo-globalizado\/#webpage\"},\"author\":{\"name\":\"Secretaria General\",\"@id\":\"https:\/\/www.ucat.edu.ve\/web\/#\/schema\/person\/e90fe655adf97bd5c1dbc608855d16cf\"},\"headline\":\"Conferencia: \u201cLa Relevancia del Derecho en un Mundo Globalizado\u201d\",\"datePublished\":\"2024-10-18T17:38:34+00:00\",\"dateModified\":\"2024-10-18T17:38:34+00:00\",\"mainEntityOfPage\":{\"@id\":\"https:\/\/www.ucat.edu.ve\/web\/conferencia-la-relevancia-del-derecho-en-un-mundo-globalizado\/#webpage\"},\"wordCount\":315,\"publisher\":{\"@id\":\"https:\/\/www.ucat.edu.ve\/web\/#organization\"},\"image\":{\"@id\":\"https:\/\/www.ucat.edu.ve\/web\/conferencia-la-relevancia-del-derecho-en-un-mundo-globalizado\/#primaryimage\"},\"thumbnailUrl\":\"https:\/\/www.ucat.edu.ve\/web\/wp-content\/uploads\/2024\/10\/Noticia-UCAT-ConferenciaLa-Relevancia-del-Derecho-en-un-Mundo-Globalizado.png\",\"articleSection\":[\"Noticias\"],\"inLanguage\":\"es-ES\"},{\"@type\":\"Person\",\"@id\":\"https:\/\/www.ucat.edu.ve\/web\/#\/schema\/person\/e90fe655adf97bd5c1dbc608855d16cf\",\"name\":\"Secretaria General\",\"url\":\"https:\/\/www.ucat.edu.ve\/web\/author\/secgeucat\/\"}]}<\/script>\n<!-- \/ Yoast SEO plugin. -->","yoast_head_json":{"title":"Conferencia: \u201cLa Relevancia del Derecho en un Mundo Globalizado\u201d - Universidad Cat\u00f3lica del T\u00e1chira","robots":{"index":"index","follow":"follow","max-snippet":"max-snippet:-1","max-image-preview":"max-image-preview:large","max-video-preview":"max-video-preview:-1"},"canonical":"https:\/\/www.ucat.edu.ve\/web\/conferencia-la-relevancia-del-derecho-en-un-mundo-globalizado\/","og_locale":"es_ES","og_type":"article","og_title":"Conferencia: \u201cLa Relevancia del Derecho en un Mundo Globalizado\u201d - Universidad Cat\u00f3lica del T\u00e1chira","og_description":"Este martes 15 de octubre, el aula anfite\u00e1trica del Edificio C de la sede Sabana Larga de la UCAT fue el escenario de la conferencia: \u201cLa pertinencia del derecho en un mundo globalizado y su impacto local\u201d, a cargo del profesor e investigador Mauricio Pern\u00eda-Reyes, con la cual se inicia el ciclo de eventos acad\u00e9micos","og_url":"https:\/\/www.ucat.edu.ve\/web\/conferencia-la-relevancia-del-derecho-en-un-mundo-globalizado\/","og_site_name":"Universidad Cat\u00f3lica del T\u00e1chira","article_publisher":"https:\/\/www.facebook.com\/notiucat\/","article_published_time":"2024-10-18T17:38:34+00:00","og_image":[{"width":1086,"height":671,"url":"https:\/\/www.ucat.edu.ve\/web\/wp-content\/uploads\/2024\/10\/Noticia-UCAT-ConferenciaLa-Relevancia-del-Derecho-en-un-Mundo-Globalizado.png","type":"image\/png"}],"author":"Secretaria General","twitter_card":"summary_large_image","twitter_creator":"@notiucat","twitter_site":"@notiucat","twitter_misc":{"Written by":"Secretaria General","Est. reading time":"2 minutos"},"schema":{"@context":"https:\/\/schema.org","@graph":[{"@type":"Organization","@id":"https:\/\/www.ucat.edu.ve\/web\/#organization","name":"Universidad Cat\u00f3lica Del T\u00e1chira UCAT","url":"https:\/\/www.ucat.edu.ve\/web\/","sameAs":["https:\/\/www.instagram.com\/notiucat\/","https:\/\/www.youtube.com\/channel\/UCwEbYSB1R9fzlII-8dcxuYA?view_as=subscriber","https:\/\/www.facebook.com\/notiucat\/","https:\/\/twitter.com\/notiucat"],"logo":{"@type":"ImageObject","inLanguage":"es-ES","@id":"https:\/\/www.ucat.edu.ve\/web\/#\/schema\/logo\/image\/","url":"https:\/\/www.ucat.edu.ve\/web\/wp-content\/uploads\/2015\/07\/logoucat.gif","contentUrl":"https:\/\/www.ucat.edu.ve\/web\/wp-content\/uploads\/2015\/07\/logoucat.gif","width":219,"height":155,"caption":"Universidad Cat\u00f3lica Del T\u00e1chira UCAT"},"image":{"@id":"https:\/\/www.ucat.edu.ve\/web\/#\/schema\/logo\/image\/"}},{"@type":"WebSite","@id":"https:\/\/www.ucat.edu.ve\/web\/#website","url":"https:\/\/www.ucat.edu.ve\/web\/","name":"Universidad Cat\u00f3lica del T\u00e1chira","description":"","publisher":{"@id":"https:\/\/www.ucat.edu.ve\/web\/#organization"},"potentialAction":[{"@type":"SearchAction","target":{"@type":"EntryPoint","urlTemplate":"https:\/\/www.ucat.edu.ve\/web\/?s={search_term_string}"},"query-input":"required name=search_term_string"}],"inLanguage":"es-ES"},{"@type":"ImageObject","inLanguage":"es-ES","@id":"https:\/\/www.ucat.edu.ve\/web\/conferencia-la-relevancia-del-derecho-en-un-mundo-globalizado\/#primaryimage","url":"https:\/\/www.ucat.edu.ve\/web\/wp-content\/uploads\/2024\/10\/Noticia-UCAT-ConferenciaLa-Relevancia-del-Derecho-en-un-Mundo-Globalizado.png","contentUrl":"https:\/\/www.ucat.edu.ve\/web\/wp-content\/uploads\/2024\/10\/Noticia-UCAT-ConferenciaLa-Relevancia-del-Derecho-en-un-Mundo-Globalizado.png","width":1086,"height":671},{"@type":"WebPage","@id":"https:\/\/www.ucat.edu.ve\/web\/conferencia-la-relevancia-del-derecho-en-un-mundo-globalizado\/#webpage","url":"https:\/\/www.ucat.edu.ve\/web\/conferencia-la-relevancia-del-derecho-en-un-mundo-globalizado\/","name":"Conferencia: \u201cLa Relevancia del Derecho en un Mundo Globalizado\u201d - Universidad Cat\u00f3lica del T\u00e1chira","isPartOf":{"@id":"https:\/\/www.ucat.edu.ve\/web\/#website"},"primaryImageOfPage":{"@id":"https:\/\/www.ucat.edu.ve\/web\/conferencia-la-relevancia-del-derecho-en-un-mundo-globalizado\/#primaryimage"},"datePublished":"2024-10-18T17:38:34+00:00","dateModified":"2024-10-18T17:38:34+00:00","breadcrumb":{"@id":"https:\/\/www.ucat.edu.ve\/web\/conferencia-la-relevancia-del-derecho-en-un-mundo-globalizado\/#breadcrumb"},"inLanguage":"es-ES","potentialAction":[{"@type":"ReadAction","target":["https:\/\/www.ucat.edu.ve\/web\/conferencia-la-relevancia-del-derecho-en-un-mundo-globalizado\/"]}]},{"@type":"BreadcrumbList","@id":"https:\/\/www.ucat.edu.ve\/web\/conferencia-la-relevancia-del-derecho-en-un-mundo-globalizado\/#breadcrumb","itemListElement":[{"@type":"ListItem","position":1,"name":"Home","item":"https:\/\/www.ucat.edu.ve\/web\/"},{"@type":"ListItem","position":2,"name":"Conferencia: \u201cLa Relevancia del Derecho en un Mundo Globalizado\u201d"}]},{"@type":"Article","@id":"https:\/\/www.ucat.edu.ve\/web\/conferencia-la-relevancia-del-derecho-en-un-mundo-globalizado\/#article","isPartOf":{"@id":"https:\/\/www.ucat.edu.ve\/web\/conferencia-la-relevancia-del-derecho-en-un-mundo-globalizado\/#webpage"},"author":{"name":"Secretaria General","@id":"https:\/\/www.ucat.edu.ve\/web\/#\/schema\/person\/e90fe655adf97bd5c1dbc608855d16cf"},"headline":"Conferencia: \u201cLa Relevancia del Derecho en un Mundo Globalizado\u201d","datePublished":"2024-10-18T17:38:34+00:00","dateModified":"2024-10-18T17:38:34+00:00","mainEntityOfPage":{"@id":"https:\/\/www.ucat.edu.ve\/web\/conferencia-la-relevancia-del-derecho-en-un-mundo-globalizado\/#webpage"},"wordCount":315,"publisher":{"@id":"https:\/\/www.ucat.edu.ve\/web\/#organization"},"image":{"@id":"https:\/\/www.ucat.edu.ve\/web\/conferencia-la-relevancia-del-derecho-en-un-mundo-globalizado\/#primaryimage"},"thumbnailUrl":"https:\/\/www.ucat.edu.ve\/web\/wp-content\/uploads\/2024\/10\/Noticia-UCAT-ConferenciaLa-Relevancia-del-Derecho-en-un-Mundo-Globalizado.png","articleSection":["Noticias"],"inLanguage":"es-ES"},{"@type":"Person","@id":"https:\/\/www.ucat.edu.ve\/web\/#\/schema\/person\/e90fe655adf97bd5c1dbc608855d16cf","name":"Secretaria General","url":"https:\/\/www.ucat.edu.ve\/web\/author\/secgeucat\/"}]}},"_links":{"self":[{"href":"https:\/\/www.ucat.edu.ve\/web\/wp-json\/wp\/v2\/posts\/13413"}],"collection":[{"href":"https:\/\/www.ucat.edu.ve\/web\/wp-json\/wp\/v2\/posts"}],"about":[{"href":"https:\/\/www.ucat.edu.ve\/web\/wp-json\/wp\/v2\/types\/post"}],"author":[{"embeddable":true,"href":"https:\/\/www.ucat.edu.ve\/web\/wp-json\/wp\/v2\/users\/23"}],"replies":[{"embeddable":true,"href":"https:\/\/www.ucat.edu.ve\/web\/wp-json\/wp\/v2\/comments?post=13413"}],"version-history":[{"count":1,"href":"https:\/\/www.ucat.edu.ve\/web\/wp-json\/wp\/v2\/posts\/13413\/revisions"}],"predecessor-version":[{"id":13415,"href":"https:\/\/www.ucat.edu.ve\/web\/wp-json\/wp\/v2\/posts\/13413\/revisions\/13415"}],"wp:featuredmedia":[{"embeddable":true,"href":"https:\/\/www.ucat.edu.ve\/web\/wp-json\/wp\/v2\/media\/13414"}],"wp:attachment":[{"href":"https:\/\/www.ucat.edu.ve\/web\/wp-json\/wp\/v2\/media?parent=13413"}],"wp:term":[{"taxonomy":"category","embeddable":true,"href":"https:\/\/www.ucat.edu.ve\/web\/wp-json\/wp\/v2\/categories?post=13413"},{"taxonomy":"post_tag","embeddable":true,"href":"https:\/\/www.ucat.edu.ve\/web\/wp-json\/wp\/v2\/tags?post=13413"}],"curies":[{"name":"wp","href":"https:\/\/api.w.org\/{rel}","templated":true}]}}