 {"id":13642,"date":"2024-11-29T12:34:14","date_gmt":"2024-11-29T12:34:14","guid":{"rendered":"https:\/\/www.ucat.edu.ve\/web\/?p=13642"},"modified":"2024-11-29T12:34:14","modified_gmt":"2024-11-29T12:34:14","slug":"conferencia-inspira-a-estudiantes-de-la-ucat-a-dominar-el-arte-de-la-administracion","status":"publish","type":"post","link":"https:\/\/www.ucat.edu.ve\/web\/conferencia-inspira-a-estudiantes-de-la-ucat-a-dominar-el-arte-de-la-administracion\/","title":{"rendered":"Conferencia inspira a estudiantes de la UCAT a dominar el arte de la Administraci\u00f3n"},"content":{"rendered":"<p style=\"text-align: center;\"><img loading=\"lazy\" class=\"alignnone size-medium wp-image-13643\" src=\"https:\/\/www.ucat.edu.ve\/web\/wp-content\/uploads\/2024\/11\/Noticia-UCAT_Conferencia-inspira-a-estudiantes-de-la-UCAT-a-dominar-el-arte-de-la-Administracion-521x322.png\" alt=\"\" width=\"521\" height=\"322\" srcset=\"https:\/\/www.ucat.edu.ve\/web\/wp-content\/uploads\/2024\/11\/Noticia-UCAT_Conferencia-inspira-a-estudiantes-de-la-UCAT-a-dominar-el-arte-de-la-Administracion-521x322.png 521w, https:\/\/www.ucat.edu.ve\/web\/wp-content\/uploads\/2024\/11\/Noticia-UCAT_Conferencia-inspira-a-estudiantes-de-la-UCAT-a-dominar-el-arte-de-la-Administracion-340x210.png 340w, https:\/\/www.ucat.edu.ve\/web\/wp-content\/uploads\/2024\/11\/Noticia-UCAT_Conferencia-inspira-a-estudiantes-de-la-UCAT-a-dominar-el-arte-de-la-Administracion.png 1086w\" sizes=\"(max-width: 521px) 100vw, 521px\" \/><\/p>\n<p style=\"text-align: justify;\">El Aula de usos m\u00faltiples del Edificio \u201cC\u201d de la Universidad Cat\u00f3lica del T\u00e1chira (UCAT), sede Sabana Larga, fue el escenario de la conferencia \u201cDel caos al control \u2013 administraci\u00f3n al alcance de todos\u201d que ofreci\u00f3 a los estudiantes valiosas herramientas para optimizar sus capacidades en diversos \u00e1mbitos de la gesti\u00f3n.<\/p>\n<p style=\"text-align: justify;\">La Lcda. Johana Acevedo, experta de la agencia de consultor\u00eda PIU Consultores, comparti\u00f3 valiosas herramientas y estrategias para una gesti\u00f3n efectiva en todos los \u00e1mbitos de la vida.<\/p>\n<p style=\"text-align: justify;\">La conferencista destac\u00f3 la importancia de adquirir habilidades en Administraci\u00f3n, tanto a nivel personal como profesional. Los asistentes pudieron conocer los fundamentos de la Administraci\u00f3n Comercial, la administraci\u00f3n del tiempo y la administraci\u00f3n personal, comprendiendo c\u00f3mo estas \u00e1reas se interrelacionan y c\u00f3mo pueden ser aplicadas en su vida diaria.<\/p>\n<p style=\"text-align: justify;\">Esta actividad acad\u00e9mica se enmarca dentro del compromiso de la UCAT por formar profesionales integrales, capaces de enfrentar los desaf\u00edos del mundo laboral actual, al proporcionar a los estudiantes conocimientos y herramientas en el \u00e1mbito de la Administraci\u00f3n, la Universidad contribuye a su desarrollo personal y profesional.<\/p>\n<p><strong>(PrensaUCAT)<\/strong><\/p>\n","protected":false},"excerpt":{"rendered":"<p>El Aula de usos m\u00faltiples del Edificio \u201cC\u201d de la Universidad Cat\u00f3lica del T\u00e1chira (UCAT), sede Sabana Larga, fue el escenario de la conferencia \u201cDel caos al control \u2013 administraci\u00f3n al alcance de todos\u201d que ofreci\u00f3 a los estudiantes valiosas herramientas para optimizar sus capacidades en diversos \u00e1mbitos de la gesti\u00f3n. La Lcda. Johana Acevedo,<\/p>\n","protected":false},"author":23,"featured_media":13643,"comment_status":"closed","ping_status":"closed","sticky":false,"template":"","format":"standard","meta":[],"categories":[3],"tags":[],"yoast_head":"<!-- This site is optimized with the Yoast SEO plugin v19.2 - https:\/\/yoast.com\/wordpress\/plugins\/seo\/ -->\n<title>Conferencia inspira a estudiantes de la UCAT a dominar el arte de la Administraci\u00f3n - Universidad Cat\u00f3lica del T\u00e1chira<\/title>\n<meta name=\"robots\" content=\"index, follow, max-snippet:-1, max-image-preview:large, max-video-preview:-1\" \/>\n<link rel=\"canonical\" href=\"https:\/\/www.ucat.edu.ve\/web\/conferencia-inspira-a-estudiantes-de-la-ucat-a-dominar-el-arte-de-la-administracion\/\" \/>\n<meta property=\"og:locale\" content=\"es_ES\" \/>\n<meta property=\"og:type\" content=\"article\" \/>\n<meta property=\"og:title\" content=\"Conferencia inspira a estudiantes de la UCAT a dominar el arte de la Administraci\u00f3n - Universidad Cat\u00f3lica del T\u00e1chira\" \/>\n<meta property=\"og:description\" content=\"El Aula de usos m\u00faltiples del Edificio \u201cC\u201d de la Universidad Cat\u00f3lica del T\u00e1chira (UCAT), sede Sabana Larga, fue el escenario de la conferencia \u201cDel caos al control \u2013 administraci\u00f3n al alcance de todos\u201d que ofreci\u00f3 a los estudiantes valiosas herramientas para optimizar sus capacidades en diversos \u00e1mbitos de la gesti\u00f3n. La Lcda. Johana Acevedo,\" \/>\n<meta property=\"og:url\" content=\"https:\/\/www.ucat.edu.ve\/web\/conferencia-inspira-a-estudiantes-de-la-ucat-a-dominar-el-arte-de-la-administracion\/\" \/>\n<meta property=\"og:site_name\" content=\"Universidad Cat\u00f3lica del T\u00e1chira\" \/>\n<meta property=\"article:publisher\" content=\"https:\/\/www.facebook.com\/notiucat\/\" \/>\n<meta property=\"article:published_time\" content=\"2024-11-29T12:34:14+00:00\" \/>\n<meta property=\"og:image\" content=\"https:\/\/www.ucat.edu.ve\/web\/wp-content\/uploads\/2024\/11\/Noticia-UCAT_Conferencia-inspira-a-estudiantes-de-la-UCAT-a-dominar-el-arte-de-la-Administracion.png\" \/>\n\t<meta property=\"og:image:width\" content=\"1086\" \/>\n\t<meta property=\"og:image:height\" content=\"671\" \/>\n\t<meta property=\"og:image:type\" content=\"image\/png\" \/>\n<meta name=\"author\" content=\"Secretaria General\" \/>\n<meta name=\"twitter:card\" content=\"summary_large_image\" \/>\n<meta name=\"twitter:creator\" content=\"@notiucat\" \/>\n<meta name=\"twitter:site\" content=\"@notiucat\" \/>\n<meta name=\"twitter:label1\" content=\"Written by\" \/>\n\t<meta name=\"twitter:data1\" content=\"Secretaria General\" \/>\n\t<meta name=\"twitter:label2\" content=\"Est. reading time\" \/>\n\t<meta name=\"twitter:data2\" content=\"1 minuto\" \/>\n<script type=\"application\/ld+json\" class=\"yoast-schema-graph\">{\"@context\":\"https:\/\/schema.org\",\"@graph\":[{\"@type\":\"Organization\",\"@id\":\"https:\/\/www.ucat.edu.ve\/web\/#organization\",\"name\":\"Universidad Cat\u00f3lica Del T\u00e1chira UCAT\",\"url\":\"https:\/\/www.ucat.edu.ve\/web\/\",\"sameAs\":[\"https:\/\/www.instagram.com\/notiucat\/\",\"https:\/\/www.youtube.com\/channel\/UCwEbYSB1R9fzlII-8dcxuYA?view_as=subscriber\",\"https:\/\/www.facebook.com\/notiucat\/\",\"https:\/\/twitter.com\/notiucat\"],\"logo\":{\"@type\":\"ImageObject\",\"inLanguage\":\"es-ES\",\"@id\":\"https:\/\/www.ucat.edu.ve\/web\/#\/schema\/logo\/image\/\",\"url\":\"https:\/\/www.ucat.edu.ve\/web\/wp-content\/uploads\/2015\/07\/logoucat.gif\",\"contentUrl\":\"https:\/\/www.ucat.edu.ve\/web\/wp-content\/uploads\/2015\/07\/logoucat.gif\",\"width\":219,\"height\":155,\"caption\":\"Universidad Cat\u00f3lica Del T\u00e1chira UCAT\"},\"image\":{\"@id\":\"https:\/\/www.ucat.edu.ve\/web\/#\/schema\/logo\/image\/\"}},{\"@type\":\"WebSite\",\"@id\":\"https:\/\/www.ucat.edu.ve\/web\/#website\",\"url\":\"https:\/\/www.ucat.edu.ve\/web\/\",\"name\":\"Universidad Cat\u00f3lica del T\u00e1chira\",\"description\":\"\",\"publisher\":{\"@id\":\"https:\/\/www.ucat.edu.ve\/web\/#organization\"},\"potentialAction\":[{\"@type\":\"SearchAction\",\"target\":{\"@type\":\"EntryPoint\",\"urlTemplate\":\"https:\/\/www.ucat.edu.ve\/web\/?s={search_term_string}\"},\"query-input\":\"required name=search_term_string\"}],\"inLanguage\":\"es-ES\"},{\"@type\":\"ImageObject\",\"inLanguage\":\"es-ES\",\"@id\":\"https:\/\/www.ucat.edu.ve\/web\/conferencia-inspira-a-estudiantes-de-la-ucat-a-dominar-el-arte-de-la-administracion\/#primaryimage\",\"url\":\"https:\/\/www.ucat.edu.ve\/web\/wp-content\/uploads\/2024\/11\/Noticia-UCAT_Conferencia-inspira-a-estudiantes-de-la-UCAT-a-dominar-el-arte-de-la-Administracion.png\",\"contentUrl\":\"https:\/\/www.ucat.edu.ve\/web\/wp-content\/uploads\/2024\/11\/Noticia-UCAT_Conferencia-inspira-a-estudiantes-de-la-UCAT-a-dominar-el-arte-de-la-Administracion.png\",\"width\":1086,\"height\":671},{\"@type\":\"WebPage\",\"@id\":\"https:\/\/www.ucat.edu.ve\/web\/conferencia-inspira-a-estudiantes-de-la-ucat-a-dominar-el-arte-de-la-administracion\/#webpage\",\"url\":\"https:\/\/www.ucat.edu.ve\/web\/conferencia-inspira-a-estudiantes-de-la-ucat-a-dominar-el-arte-de-la-administracion\/\",\"name\":\"Conferencia inspira a estudiantes de la UCAT a dominar el arte de la Administraci\u00f3n - Universidad Cat\u00f3lica del T\u00e1chira\",\"isPartOf\":{\"@id\":\"https:\/\/www.ucat.edu.ve\/web\/#website\"},\"primaryImageOfPage\":{\"@id\":\"https:\/\/www.ucat.edu.ve\/web\/conferencia-inspira-a-estudiantes-de-la-ucat-a-dominar-el-arte-de-la-administracion\/#primaryimage\"},\"datePublished\":\"2024-11-29T12:34:14+00:00\",\"dateModified\":\"2024-11-29T12:34:14+00:00\",\"breadcrumb\":{\"@id\":\"https:\/\/www.ucat.edu.ve\/web\/conferencia-inspira-a-estudiantes-de-la-ucat-a-dominar-el-arte-de-la-administracion\/#breadcrumb\"},\"inLanguage\":\"es-ES\",\"potentialAction\":[{\"@type\":\"ReadAction\",\"target\":[\"https:\/\/www.ucat.edu.ve\/web\/conferencia-inspira-a-estudiantes-de-la-ucat-a-dominar-el-arte-de-la-administracion\/\"]}]},{\"@type\":\"BreadcrumbList\",\"@id\":\"https:\/\/www.ucat.edu.ve\/web\/conferencia-inspira-a-estudiantes-de-la-ucat-a-dominar-el-arte-de-la-administracion\/#breadcrumb\",\"itemListElement\":[{\"@type\":\"ListItem\",\"position\":1,\"name\":\"Home\",\"item\":\"https:\/\/www.ucat.edu.ve\/web\/\"},{\"@type\":\"ListItem\",\"position\":2,\"name\":\"Conferencia inspira a estudiantes de la UCAT a dominar el arte de la Administraci\u00f3n\"}]},{\"@type\":\"Article\",\"@id\":\"https:\/\/www.ucat.edu.ve\/web\/conferencia-inspira-a-estudiantes-de-la-ucat-a-dominar-el-arte-de-la-administracion\/#article\",\"isPartOf\":{\"@id\":\"https:\/\/www.ucat.edu.ve\/web\/conferencia-inspira-a-estudiantes-de-la-ucat-a-dominar-el-arte-de-la-administracion\/#webpage\"},\"author\":{\"name\":\"Secretaria General\",\"@id\":\"https:\/\/www.ucat.edu.ve\/web\/#\/schema\/person\/e90fe655adf97bd5c1dbc608855d16cf\"},\"headline\":\"Conferencia inspira a estudiantes de la UCAT a dominar el arte de la Administraci\u00f3n\",\"datePublished\":\"2024-11-29T12:34:14+00:00\",\"dateModified\":\"2024-11-29T12:34:14+00:00\",\"mainEntityOfPage\":{\"@id\":\"https:\/\/www.ucat.edu.ve\/web\/conferencia-inspira-a-estudiantes-de-la-ucat-a-dominar-el-arte-de-la-administracion\/#webpage\"},\"wordCount\":206,\"publisher\":{\"@id\":\"https:\/\/www.ucat.edu.ve\/web\/#organization\"},\"image\":{\"@id\":\"https:\/\/www.ucat.edu.ve\/web\/conferencia-inspira-a-estudiantes-de-la-ucat-a-dominar-el-arte-de-la-administracion\/#primaryimage\"},\"thumbnailUrl\":\"https:\/\/www.ucat.edu.ve\/web\/wp-content\/uploads\/2024\/11\/Noticia-UCAT_Conferencia-inspira-a-estudiantes-de-la-UCAT-a-dominar-el-arte-de-la-Administracion.png\",\"articleSection\":[\"Noticias\"],\"inLanguage\":\"es-ES\"},{\"@type\":\"Person\",\"@id\":\"https:\/\/www.ucat.edu.ve\/web\/#\/schema\/person\/e90fe655adf97bd5c1dbc608855d16cf\",\"name\":\"Secretaria General\",\"url\":\"https:\/\/www.ucat.edu.ve\/web\/author\/secgeucat\/\"}]}<\/script>\n<!-- \/ Yoast SEO plugin. -->","yoast_head_json":{"title":"Conferencia inspira a estudiantes de la UCAT a dominar el arte de la Administraci\u00f3n - Universidad Cat\u00f3lica del T\u00e1chira","robots":{"index":"index","follow":"follow","max-snippet":"max-snippet:-1","max-image-preview":"max-image-preview:large","max-video-preview":"max-video-preview:-1"},"canonical":"https:\/\/www.ucat.edu.ve\/web\/conferencia-inspira-a-estudiantes-de-la-ucat-a-dominar-el-arte-de-la-administracion\/","og_locale":"es_ES","og_type":"article","og_title":"Conferencia inspira a estudiantes de la UCAT a dominar el arte de la Administraci\u00f3n - Universidad Cat\u00f3lica del T\u00e1chira","og_description":"El Aula de usos m\u00faltiples del Edificio \u201cC\u201d de la Universidad Cat\u00f3lica del T\u00e1chira (UCAT), sede Sabana Larga, fue el escenario de la conferencia \u201cDel caos al control \u2013 administraci\u00f3n al alcance de todos\u201d que ofreci\u00f3 a los estudiantes valiosas herramientas para optimizar sus capacidades en diversos \u00e1mbitos de la gesti\u00f3n. La Lcda. Johana Acevedo,","og_url":"https:\/\/www.ucat.edu.ve\/web\/conferencia-inspira-a-estudiantes-de-la-ucat-a-dominar-el-arte-de-la-administracion\/","og_site_name":"Universidad Cat\u00f3lica del T\u00e1chira","article_publisher":"https:\/\/www.facebook.com\/notiucat\/","article_published_time":"2024-11-29T12:34:14+00:00","og_image":[{"width":1086,"height":671,"url":"https:\/\/www.ucat.edu.ve\/web\/wp-content\/uploads\/2024\/11\/Noticia-UCAT_Conferencia-inspira-a-estudiantes-de-la-UCAT-a-dominar-el-arte-de-la-Administracion.png","type":"image\/png"}],"author":"Secretaria General","twitter_card":"summary_large_image","twitter_creator":"@notiucat","twitter_site":"@notiucat","twitter_misc":{"Written by":"Secretaria General","Est. reading time":"1 minuto"},"schema":{"@context":"https:\/\/schema.org","@graph":[{"@type":"Organization","@id":"https:\/\/www.ucat.edu.ve\/web\/#organization","name":"Universidad Cat\u00f3lica Del T\u00e1chira UCAT","url":"https:\/\/www.ucat.edu.ve\/web\/","sameAs":["https:\/\/www.instagram.com\/notiucat\/","https:\/\/www.youtube.com\/channel\/UCwEbYSB1R9fzlII-8dcxuYA?view_as=subscriber","https:\/\/www.facebook.com\/notiucat\/","https:\/\/twitter.com\/notiucat"],"logo":{"@type":"ImageObject","inLanguage":"es-ES","@id":"https:\/\/www.ucat.edu.ve\/web\/#\/schema\/logo\/image\/","url":"https:\/\/www.ucat.edu.ve\/web\/wp-content\/uploads\/2015\/07\/logoucat.gif","contentUrl":"https:\/\/www.ucat.edu.ve\/web\/wp-content\/uploads\/2015\/07\/logoucat.gif","width":219,"height":155,"caption":"Universidad Cat\u00f3lica Del T\u00e1chira UCAT"},"image":{"@id":"https:\/\/www.ucat.edu.ve\/web\/#\/schema\/logo\/image\/"}},{"@type":"WebSite","@id":"https:\/\/www.ucat.edu.ve\/web\/#website","url":"https:\/\/www.ucat.edu.ve\/web\/","name":"Universidad Cat\u00f3lica del T\u00e1chira","description":"","publisher":{"@id":"https:\/\/www.ucat.edu.ve\/web\/#organization"},"potentialAction":[{"@type":"SearchAction","target":{"@type":"EntryPoint","urlTemplate":"https:\/\/www.ucat.edu.ve\/web\/?s={search_term_string}"},"query-input":"required name=search_term_string"}],"inLanguage":"es-ES"},{"@type":"ImageObject","inLanguage":"es-ES","@id":"https:\/\/www.ucat.edu.ve\/web\/conferencia-inspira-a-estudiantes-de-la-ucat-a-dominar-el-arte-de-la-administracion\/#primaryimage","url":"https:\/\/www.ucat.edu.ve\/web\/wp-content\/uploads\/2024\/11\/Noticia-UCAT_Conferencia-inspira-a-estudiantes-de-la-UCAT-a-dominar-el-arte-de-la-Administracion.png","contentUrl":"https:\/\/www.ucat.edu.ve\/web\/wp-content\/uploads\/2024\/11\/Noticia-UCAT_Conferencia-inspira-a-estudiantes-de-la-UCAT-a-dominar-el-arte-de-la-Administracion.png","width":1086,"height":671},{"@type":"WebPage","@id":"https:\/\/www.ucat.edu.ve\/web\/conferencia-inspira-a-estudiantes-de-la-ucat-a-dominar-el-arte-de-la-administracion\/#webpage","url":"https:\/\/www.ucat.edu.ve\/web\/conferencia-inspira-a-estudiantes-de-la-ucat-a-dominar-el-arte-de-la-administracion\/","name":"Conferencia inspira a estudiantes de la UCAT a dominar el arte de la Administraci\u00f3n - Universidad Cat\u00f3lica del T\u00e1chira","isPartOf":{"@id":"https:\/\/www.ucat.edu.ve\/web\/#website"},"primaryImageOfPage":{"@id":"https:\/\/www.ucat.edu.ve\/web\/conferencia-inspira-a-estudiantes-de-la-ucat-a-dominar-el-arte-de-la-administracion\/#primaryimage"},"datePublished":"2024-11-29T12:34:14+00:00","dateModified":"2024-11-29T12:34:14+00:00","breadcrumb":{"@id":"https:\/\/www.ucat.edu.ve\/web\/conferencia-inspira-a-estudiantes-de-la-ucat-a-dominar-el-arte-de-la-administracion\/#breadcrumb"},"inLanguage":"es-ES","potentialAction":[{"@type":"ReadAction","target":["https:\/\/www.ucat.edu.ve\/web\/conferencia-inspira-a-estudiantes-de-la-ucat-a-dominar-el-arte-de-la-administracion\/"]}]},{"@type":"BreadcrumbList","@id":"https:\/\/www.ucat.edu.ve\/web\/conferencia-inspira-a-estudiantes-de-la-ucat-a-dominar-el-arte-de-la-administracion\/#breadcrumb","itemListElement":[{"@type":"ListItem","position":1,"name":"Home","item":"https:\/\/www.ucat.edu.ve\/web\/"},{"@type":"ListItem","position":2,"name":"Conferencia inspira a estudiantes de la UCAT a dominar el arte de la Administraci\u00f3n"}]},{"@type":"Article","@id":"https:\/\/www.ucat.edu.ve\/web\/conferencia-inspira-a-estudiantes-de-la-ucat-a-dominar-el-arte-de-la-administracion\/#article","isPartOf":{"@id":"https:\/\/www.ucat.edu.ve\/web\/conferencia-inspira-a-estudiantes-de-la-ucat-a-dominar-el-arte-de-la-administracion\/#webpage"},"author":{"name":"Secretaria General","@id":"https:\/\/www.ucat.edu.ve\/web\/#\/schema\/person\/e90fe655adf97bd5c1dbc608855d16cf"},"headline":"Conferencia inspira a estudiantes de la UCAT a dominar el arte de la Administraci\u00f3n","datePublished":"2024-11-29T12:34:14+00:00","dateModified":"2024-11-29T12:34:14+00:00","mainEntityOfPage":{"@id":"https:\/\/www.ucat.edu.ve\/web\/conferencia-inspira-a-estudiantes-de-la-ucat-a-dominar-el-arte-de-la-administracion\/#webpage"},"wordCount":206,"publisher":{"@id":"https:\/\/www.ucat.edu.ve\/web\/#organization"},"image":{"@id":"https:\/\/www.ucat.edu.ve\/web\/conferencia-inspira-a-estudiantes-de-la-ucat-a-dominar-el-arte-de-la-administracion\/#primaryimage"},"thumbnailUrl":"https:\/\/www.ucat.edu.ve\/web\/wp-content\/uploads\/2024\/11\/Noticia-UCAT_Conferencia-inspira-a-estudiantes-de-la-UCAT-a-dominar-el-arte-de-la-Administracion.png","articleSection":["Noticias"],"inLanguage":"es-ES"},{"@type":"Person","@id":"https:\/\/www.ucat.edu.ve\/web\/#\/schema\/person\/e90fe655adf97bd5c1dbc608855d16cf","name":"Secretaria General","url":"https:\/\/www.ucat.edu.ve\/web\/author\/secgeucat\/"}]}},"_links":{"self":[{"href":"https:\/\/www.ucat.edu.ve\/web\/wp-json\/wp\/v2\/posts\/13642"}],"collection":[{"href":"https:\/\/www.ucat.edu.ve\/web\/wp-json\/wp\/v2\/posts"}],"about":[{"href":"https:\/\/www.ucat.edu.ve\/web\/wp-json\/wp\/v2\/types\/post"}],"author":[{"embeddable":true,"href":"https:\/\/www.ucat.edu.ve\/web\/wp-json\/wp\/v2\/users\/23"}],"replies":[{"embeddable":true,"href":"https:\/\/www.ucat.edu.ve\/web\/wp-json\/wp\/v2\/comments?post=13642"}],"version-history":[{"count":1,"href":"https:\/\/www.ucat.edu.ve\/web\/wp-json\/wp\/v2\/posts\/13642\/revisions"}],"predecessor-version":[{"id":13644,"href":"https:\/\/www.ucat.edu.ve\/web\/wp-json\/wp\/v2\/posts\/13642\/revisions\/13644"}],"wp:featuredmedia":[{"embeddable":true,"href":"https:\/\/www.ucat.edu.ve\/web\/wp-json\/wp\/v2\/media\/13643"}],"wp:attachment":[{"href":"https:\/\/www.ucat.edu.ve\/web\/wp-json\/wp\/v2\/media?parent=13642"}],"wp:term":[{"taxonomy":"category","embeddable":true,"href":"https:\/\/www.ucat.edu.ve\/web\/wp-json\/wp\/v2\/categories?post=13642"},{"taxonomy":"post_tag","embeddable":true,"href":"https:\/\/www.ucat.edu.ve\/web\/wp-json\/wp\/v2\/tags?post=13642"}],"curies":[{"name":"wp","href":"https:\/\/api.w.org\/{rel}","templated":true}]}}