 {"id":13752,"date":"2024-12-06T20:26:50","date_gmt":"2024-12-06T20:26:50","guid":{"rendered":"https:\/\/www.ucat.edu.ve\/web\/?p=13752"},"modified":"2024-12-06T20:26:50","modified_gmt":"2024-12-06T20:26:50","slug":"proclamados-y-juramentados-los-nuevos-consejeros-electos-y-designados-a-los-diferentes-organos-de-cogobierno-universitario","status":"publish","type":"post","link":"https:\/\/www.ucat.edu.ve\/web\/proclamados-y-juramentados-los-nuevos-consejeros-electos-y-designados-a-los-diferentes-organos-de-cogobierno-universitario\/","title":{"rendered":"Proclamados y Juramentados los nuevos Consejeros electos y designados a los diferentes \u00f3rganos de Cogobierno Universitario"},"content":{"rendered":"<p style=\"text-align: center;\"><img loading=\"lazy\" class=\"alignnone size-medium wp-image-13753\" src=\"https:\/\/www.ucat.edu.ve\/web\/wp-content\/uploads\/2024\/12\/Noticia-UCAT-Proclamados-y-Juramentados-los-nuevos-Consejeros-electos-y-designados-a-los-diferentes-organos-de-Cogobierno-Universitario-521x322.png\" alt=\"\" width=\"521\" height=\"322\" srcset=\"https:\/\/www.ucat.edu.ve\/web\/wp-content\/uploads\/2024\/12\/Noticia-UCAT-Proclamados-y-Juramentados-los-nuevos-Consejeros-electos-y-designados-a-los-diferentes-organos-de-Cogobierno-Universitario-521x322.png 521w, https:\/\/www.ucat.edu.ve\/web\/wp-content\/uploads\/2024\/12\/Noticia-UCAT-Proclamados-y-Juramentados-los-nuevos-Consejeros-electos-y-designados-a-los-diferentes-organos-de-Cogobierno-Universitario-340x210.png 340w, https:\/\/www.ucat.edu.ve\/web\/wp-content\/uploads\/2024\/12\/Noticia-UCAT-Proclamados-y-Juramentados-los-nuevos-Consejeros-electos-y-designados-a-los-diferentes-organos-de-Cogobierno-Universitario.png 1086w\" sizes=\"(max-width: 521px) 100vw, 521px\" \/><\/p>\n<p style=\"font-weight: 400; text-align: justify;\">En horas de la ma\u00f1ana del viernes 6 de diciembre de 2024, en el Aula de Usos M\u00faltiples de la Universidad en su sede de Sabana Larga, se procedi\u00f3 a la proclamaci\u00f3n, juramentaci\u00f3n y toma de posesi\u00f3n de los diferentes cargos a los \u00f3rganos de cogobierno universitario, para sus respectivos per\u00edodos, que resultaron electos y designados, como representantes profesorales, estudiantiles y del personal, tanto en el proceso electoral convocado y dirigido por la Comisi\u00f3n Electoral, como por el Rector de la Universidad, en uso de sus atribuciones, respectivamente.<\/p>\n<p style=\"font-weight: 400; text-align: justify;\">En ese sentido, la Comisi\u00f3n Electoral realiz\u00f3 la proclamaci\u00f3n de los candidatos, mediante la lectura de la correspondiente acta. En el discurso pronunciado por la profesora Laura Oma\u00f1a, Presidenta de la Comisi\u00f3n Electoral, expres\u00f3 \u201cHa sido un proceso donde el respeto mutuo ha sido la bandera que nos ha precedido. Gracias por ser un ejemplo de civismo en medio de un pa\u00eds tan dividido.\u201d<\/p>\n<p style=\"font-weight: 400; text-align: justify;\">&#8220;La responsabilidad que ahora asumen los nuevos consejeros los debe llevar a servir con eficiencia a los intereses institucionales y no personales&#8221;, enfatiz\u00f3 la Dra. Laura Oma\u00f1a. La Presidenta inst\u00f3 a todos a trabajar en equipo, promoviendo el di\u00e1logo y la escucha activa, para el bienestar de la comunidad universitaria.<\/p>\n<p style=\"font-weight: 400; text-align: justify;\">Por su parte, una vez le\u00eddo el respectivo decreto rectoral de designaci\u00f3n y cumplidas las formalidades de la juramentaci\u00f3n dispuestas por la Ley, el Padre Ricardo Casanova, Rector, destac\u00f3 la importancia de la cooperaci\u00f3n y el sentido de responsabilidad en el desempe\u00f1o de las funciones de los nuevos consejeros,\u00a0 todo dentro del esp\u00edritu de comuni\u00f3n que ha de caracterizar siempre el modo de proceder en esta instituci\u00f3n de la Iglesia.<\/p>\n<p style=\"font-weight: 400;\"><strong>(PrensaUCAT)<\/strong><\/p>\n","protected":false},"excerpt":{"rendered":"<p>En horas de la ma\u00f1ana del viernes 6 de diciembre de 2024, en el Aula de Usos M\u00faltiples de la Universidad en su sede de Sabana Larga, se procedi\u00f3 a la proclamaci\u00f3n, juramentaci\u00f3n y toma de posesi\u00f3n de los diferentes cargos a los \u00f3rganos de cogobierno universitario, para sus respectivos per\u00edodos, que resultaron electos y<\/p>\n","protected":false},"author":23,"featured_media":13753,"comment_status":"closed","ping_status":"closed","sticky":false,"template":"","format":"standard","meta":[],"categories":[3],"tags":[],"yoast_head":"<!-- This site is optimized with the Yoast SEO plugin v19.2 - https:\/\/yoast.com\/wordpress\/plugins\/seo\/ -->\n<title>Proclamados y Juramentados los nuevos Consejeros electos y designados a los diferentes \u00f3rganos de Cogobierno Universitario - Universidad Cat\u00f3lica del T\u00e1chira<\/title>\n<meta name=\"robots\" content=\"index, follow, max-snippet:-1, max-image-preview:large, max-video-preview:-1\" \/>\n<link rel=\"canonical\" href=\"https:\/\/www.ucat.edu.ve\/web\/proclamados-y-juramentados-los-nuevos-consejeros-electos-y-designados-a-los-diferentes-organos-de-cogobierno-universitario\/\" \/>\n<meta property=\"og:locale\" content=\"es_ES\" \/>\n<meta property=\"og:type\" content=\"article\" \/>\n<meta property=\"og:title\" content=\"Proclamados y Juramentados los nuevos Consejeros electos y designados a los diferentes \u00f3rganos de Cogobierno Universitario - Universidad Cat\u00f3lica del T\u00e1chira\" \/>\n<meta property=\"og:description\" content=\"En horas de la ma\u00f1ana del viernes 6 de diciembre de 2024, en el Aula de Usos M\u00faltiples de la Universidad en su sede de Sabana Larga, se procedi\u00f3 a la proclamaci\u00f3n, juramentaci\u00f3n y toma de posesi\u00f3n de los diferentes cargos a los \u00f3rganos de cogobierno universitario, para sus respectivos per\u00edodos, que resultaron electos y\" \/>\n<meta property=\"og:url\" content=\"https:\/\/www.ucat.edu.ve\/web\/proclamados-y-juramentados-los-nuevos-consejeros-electos-y-designados-a-los-diferentes-organos-de-cogobierno-universitario\/\" \/>\n<meta property=\"og:site_name\" content=\"Universidad Cat\u00f3lica del T\u00e1chira\" \/>\n<meta property=\"article:publisher\" content=\"https:\/\/www.facebook.com\/notiucat\/\" \/>\n<meta property=\"article:published_time\" content=\"2024-12-06T20:26:50+00:00\" \/>\n<meta property=\"og:image\" content=\"https:\/\/www.ucat.edu.ve\/web\/wp-content\/uploads\/2024\/12\/Noticia-UCAT-Proclamados-y-Juramentados-los-nuevos-Consejeros-electos-y-designados-a-los-diferentes-organos-de-Cogobierno-Universitario.png\" \/>\n\t<meta property=\"og:image:width\" content=\"1086\" \/>\n\t<meta property=\"og:image:height\" content=\"671\" \/>\n\t<meta property=\"og:image:type\" content=\"image\/png\" \/>\n<meta name=\"author\" content=\"Secretaria General\" \/>\n<meta name=\"twitter:card\" content=\"summary_large_image\" \/>\n<meta name=\"twitter:creator\" content=\"@notiucat\" \/>\n<meta name=\"twitter:site\" content=\"@notiucat\" \/>\n<meta name=\"twitter:label1\" content=\"Written by\" \/>\n\t<meta name=\"twitter:data1\" content=\"Secretaria General\" \/>\n\t<meta name=\"twitter:label2\" content=\"Est. reading time\" \/>\n\t<meta name=\"twitter:data2\" content=\"1 minuto\" \/>\n<script type=\"application\/ld+json\" class=\"yoast-schema-graph\">{\"@context\":\"https:\/\/schema.org\",\"@graph\":[{\"@type\":\"Organization\",\"@id\":\"https:\/\/www.ucat.edu.ve\/web\/#organization\",\"name\":\"Universidad Cat\u00f3lica Del T\u00e1chira UCAT\",\"url\":\"https:\/\/www.ucat.edu.ve\/web\/\",\"sameAs\":[\"https:\/\/www.instagram.com\/notiucat\/\",\"https:\/\/www.youtube.com\/channel\/UCwEbYSB1R9fzlII-8dcxuYA?view_as=subscriber\",\"https:\/\/www.facebook.com\/notiucat\/\",\"https:\/\/twitter.com\/notiucat\"],\"logo\":{\"@type\":\"ImageObject\",\"inLanguage\":\"es-ES\",\"@id\":\"https:\/\/www.ucat.edu.ve\/web\/#\/schema\/logo\/image\/\",\"url\":\"https:\/\/www.ucat.edu.ve\/web\/wp-content\/uploads\/2015\/07\/logoucat.gif\",\"contentUrl\":\"https:\/\/www.ucat.edu.ve\/web\/wp-content\/uploads\/2015\/07\/logoucat.gif\",\"width\":219,\"height\":155,\"caption\":\"Universidad Cat\u00f3lica Del T\u00e1chira UCAT\"},\"image\":{\"@id\":\"https:\/\/www.ucat.edu.ve\/web\/#\/schema\/logo\/image\/\"}},{\"@type\":\"WebSite\",\"@id\":\"https:\/\/www.ucat.edu.ve\/web\/#website\",\"url\":\"https:\/\/www.ucat.edu.ve\/web\/\",\"name\":\"Universidad Cat\u00f3lica del T\u00e1chira\",\"description\":\"\",\"publisher\":{\"@id\":\"https:\/\/www.ucat.edu.ve\/web\/#organization\"},\"potentialAction\":[{\"@type\":\"SearchAction\",\"target\":{\"@type\":\"EntryPoint\",\"urlTemplate\":\"https:\/\/www.ucat.edu.ve\/web\/?s={search_term_string}\"},\"query-input\":\"required name=search_term_string\"}],\"inLanguage\":\"es-ES\"},{\"@type\":\"ImageObject\",\"inLanguage\":\"es-ES\",\"@id\":\"https:\/\/www.ucat.edu.ve\/web\/proclamados-y-juramentados-los-nuevos-consejeros-electos-y-designados-a-los-diferentes-organos-de-cogobierno-universitario\/#primaryimage\",\"url\":\"https:\/\/www.ucat.edu.ve\/web\/wp-content\/uploads\/2024\/12\/Noticia-UCAT-Proclamados-y-Juramentados-los-nuevos-Consejeros-electos-y-designados-a-los-diferentes-organos-de-Cogobierno-Universitario.png\",\"contentUrl\":\"https:\/\/www.ucat.edu.ve\/web\/wp-content\/uploads\/2024\/12\/Noticia-UCAT-Proclamados-y-Juramentados-los-nuevos-Consejeros-electos-y-designados-a-los-diferentes-organos-de-Cogobierno-Universitario.png\",\"width\":1086,\"height\":671},{\"@type\":\"WebPage\",\"@id\":\"https:\/\/www.ucat.edu.ve\/web\/proclamados-y-juramentados-los-nuevos-consejeros-electos-y-designados-a-los-diferentes-organos-de-cogobierno-universitario\/#webpage\",\"url\":\"https:\/\/www.ucat.edu.ve\/web\/proclamados-y-juramentados-los-nuevos-consejeros-electos-y-designados-a-los-diferentes-organos-de-cogobierno-universitario\/\",\"name\":\"Proclamados y Juramentados los nuevos Consejeros electos y designados a los diferentes \u00f3rganos de Cogobierno Universitario - Universidad Cat\u00f3lica del T\u00e1chira\",\"isPartOf\":{\"@id\":\"https:\/\/www.ucat.edu.ve\/web\/#website\"},\"primaryImageOfPage\":{\"@id\":\"https:\/\/www.ucat.edu.ve\/web\/proclamados-y-juramentados-los-nuevos-consejeros-electos-y-designados-a-los-diferentes-organos-de-cogobierno-universitario\/#primaryimage\"},\"datePublished\":\"2024-12-06T20:26:50+00:00\",\"dateModified\":\"2024-12-06T20:26:50+00:00\",\"breadcrumb\":{\"@id\":\"https:\/\/www.ucat.edu.ve\/web\/proclamados-y-juramentados-los-nuevos-consejeros-electos-y-designados-a-los-diferentes-organos-de-cogobierno-universitario\/#breadcrumb\"},\"inLanguage\":\"es-ES\",\"potentialAction\":[{\"@type\":\"ReadAction\",\"target\":[\"https:\/\/www.ucat.edu.ve\/web\/proclamados-y-juramentados-los-nuevos-consejeros-electos-y-designados-a-los-diferentes-organos-de-cogobierno-universitario\/\"]}]},{\"@type\":\"BreadcrumbList\",\"@id\":\"https:\/\/www.ucat.edu.ve\/web\/proclamados-y-juramentados-los-nuevos-consejeros-electos-y-designados-a-los-diferentes-organos-de-cogobierno-universitario\/#breadcrumb\",\"itemListElement\":[{\"@type\":\"ListItem\",\"position\":1,\"name\":\"Home\",\"item\":\"https:\/\/www.ucat.edu.ve\/web\/\"},{\"@type\":\"ListItem\",\"position\":2,\"name\":\"Proclamados y Juramentados los nuevos Consejeros electos y designados a los diferentes \u00f3rganos de Cogobierno Universitario\"}]},{\"@type\":\"Article\",\"@id\":\"https:\/\/www.ucat.edu.ve\/web\/proclamados-y-juramentados-los-nuevos-consejeros-electos-y-designados-a-los-diferentes-organos-de-cogobierno-universitario\/#article\",\"isPartOf\":{\"@id\":\"https:\/\/www.ucat.edu.ve\/web\/proclamados-y-juramentados-los-nuevos-consejeros-electos-y-designados-a-los-diferentes-organos-de-cogobierno-universitario\/#webpage\"},\"author\":{\"name\":\"Secretaria General\",\"@id\":\"https:\/\/www.ucat.edu.ve\/web\/#\/schema\/person\/e90fe655adf97bd5c1dbc608855d16cf\"},\"headline\":\"Proclamados y Juramentados los nuevos Consejeros electos y designados a los diferentes \u00f3rganos de Cogobierno Universitario\",\"datePublished\":\"2024-12-06T20:26:50+00:00\",\"dateModified\":\"2024-12-06T20:26:50+00:00\",\"mainEntityOfPage\":{\"@id\":\"https:\/\/www.ucat.edu.ve\/web\/proclamados-y-juramentados-los-nuevos-consejeros-electos-y-designados-a-los-diferentes-organos-de-cogobierno-universitario\/#webpage\"},\"wordCount\":309,\"publisher\":{\"@id\":\"https:\/\/www.ucat.edu.ve\/web\/#organization\"},\"image\":{\"@id\":\"https:\/\/www.ucat.edu.ve\/web\/proclamados-y-juramentados-los-nuevos-consejeros-electos-y-designados-a-los-diferentes-organos-de-cogobierno-universitario\/#primaryimage\"},\"thumbnailUrl\":\"https:\/\/www.ucat.edu.ve\/web\/wp-content\/uploads\/2024\/12\/Noticia-UCAT-Proclamados-y-Juramentados-los-nuevos-Consejeros-electos-y-designados-a-los-diferentes-organos-de-Cogobierno-Universitario.png\",\"articleSection\":[\"Noticias\"],\"inLanguage\":\"es-ES\"},{\"@type\":\"Person\",\"@id\":\"https:\/\/www.ucat.edu.ve\/web\/#\/schema\/person\/e90fe655adf97bd5c1dbc608855d16cf\",\"name\":\"Secretaria General\",\"url\":\"https:\/\/www.ucat.edu.ve\/web\/author\/secgeucat\/\"}]}<\/script>\n<!-- \/ Yoast SEO plugin. -->","yoast_head_json":{"title":"Proclamados y Juramentados los nuevos Consejeros electos y designados a los diferentes \u00f3rganos de Cogobierno Universitario - Universidad Cat\u00f3lica del T\u00e1chira","robots":{"index":"index","follow":"follow","max-snippet":"max-snippet:-1","max-image-preview":"max-image-preview:large","max-video-preview":"max-video-preview:-1"},"canonical":"https:\/\/www.ucat.edu.ve\/web\/proclamados-y-juramentados-los-nuevos-consejeros-electos-y-designados-a-los-diferentes-organos-de-cogobierno-universitario\/","og_locale":"es_ES","og_type":"article","og_title":"Proclamados y Juramentados los nuevos Consejeros electos y designados a los diferentes \u00f3rganos de Cogobierno Universitario - Universidad Cat\u00f3lica del T\u00e1chira","og_description":"En horas de la ma\u00f1ana del viernes 6 de diciembre de 2024, en el Aula de Usos M\u00faltiples de la Universidad en su sede de Sabana Larga, se procedi\u00f3 a la proclamaci\u00f3n, juramentaci\u00f3n y toma de posesi\u00f3n de los diferentes cargos a los \u00f3rganos de cogobierno universitario, para sus respectivos per\u00edodos, que resultaron electos y","og_url":"https:\/\/www.ucat.edu.ve\/web\/proclamados-y-juramentados-los-nuevos-consejeros-electos-y-designados-a-los-diferentes-organos-de-cogobierno-universitario\/","og_site_name":"Universidad Cat\u00f3lica del T\u00e1chira","article_publisher":"https:\/\/www.facebook.com\/notiucat\/","article_published_time":"2024-12-06T20:26:50+00:00","og_image":[{"width":1086,"height":671,"url":"https:\/\/www.ucat.edu.ve\/web\/wp-content\/uploads\/2024\/12\/Noticia-UCAT-Proclamados-y-Juramentados-los-nuevos-Consejeros-electos-y-designados-a-los-diferentes-organos-de-Cogobierno-Universitario.png","type":"image\/png"}],"author":"Secretaria General","twitter_card":"summary_large_image","twitter_creator":"@notiucat","twitter_site":"@notiucat","twitter_misc":{"Written by":"Secretaria General","Est. reading time":"1 minuto"},"schema":{"@context":"https:\/\/schema.org","@graph":[{"@type":"Organization","@id":"https:\/\/www.ucat.edu.ve\/web\/#organization","name":"Universidad Cat\u00f3lica Del T\u00e1chira UCAT","url":"https:\/\/www.ucat.edu.ve\/web\/","sameAs":["https:\/\/www.instagram.com\/notiucat\/","https:\/\/www.youtube.com\/channel\/UCwEbYSB1R9fzlII-8dcxuYA?view_as=subscriber","https:\/\/www.facebook.com\/notiucat\/","https:\/\/twitter.com\/notiucat"],"logo":{"@type":"ImageObject","inLanguage":"es-ES","@id":"https:\/\/www.ucat.edu.ve\/web\/#\/schema\/logo\/image\/","url":"https:\/\/www.ucat.edu.ve\/web\/wp-content\/uploads\/2015\/07\/logoucat.gif","contentUrl":"https:\/\/www.ucat.edu.ve\/web\/wp-content\/uploads\/2015\/07\/logoucat.gif","width":219,"height":155,"caption":"Universidad Cat\u00f3lica Del T\u00e1chira UCAT"},"image":{"@id":"https:\/\/www.ucat.edu.ve\/web\/#\/schema\/logo\/image\/"}},{"@type":"WebSite","@id":"https:\/\/www.ucat.edu.ve\/web\/#website","url":"https:\/\/www.ucat.edu.ve\/web\/","name":"Universidad Cat\u00f3lica del T\u00e1chira","description":"","publisher":{"@id":"https:\/\/www.ucat.edu.ve\/web\/#organization"},"potentialAction":[{"@type":"SearchAction","target":{"@type":"EntryPoint","urlTemplate":"https:\/\/www.ucat.edu.ve\/web\/?s={search_term_string}"},"query-input":"required name=search_term_string"}],"inLanguage":"es-ES"},{"@type":"ImageObject","inLanguage":"es-ES","@id":"https:\/\/www.ucat.edu.ve\/web\/proclamados-y-juramentados-los-nuevos-consejeros-electos-y-designados-a-los-diferentes-organos-de-cogobierno-universitario\/#primaryimage","url":"https:\/\/www.ucat.edu.ve\/web\/wp-content\/uploads\/2024\/12\/Noticia-UCAT-Proclamados-y-Juramentados-los-nuevos-Consejeros-electos-y-designados-a-los-diferentes-organos-de-Cogobierno-Universitario.png","contentUrl":"https:\/\/www.ucat.edu.ve\/web\/wp-content\/uploads\/2024\/12\/Noticia-UCAT-Proclamados-y-Juramentados-los-nuevos-Consejeros-electos-y-designados-a-los-diferentes-organos-de-Cogobierno-Universitario.png","width":1086,"height":671},{"@type":"WebPage","@id":"https:\/\/www.ucat.edu.ve\/web\/proclamados-y-juramentados-los-nuevos-consejeros-electos-y-designados-a-los-diferentes-organos-de-cogobierno-universitario\/#webpage","url":"https:\/\/www.ucat.edu.ve\/web\/proclamados-y-juramentados-los-nuevos-consejeros-electos-y-designados-a-los-diferentes-organos-de-cogobierno-universitario\/","name":"Proclamados y Juramentados los nuevos Consejeros electos y designados a los diferentes \u00f3rganos de Cogobierno Universitario - Universidad Cat\u00f3lica del T\u00e1chira","isPartOf":{"@id":"https:\/\/www.ucat.edu.ve\/web\/#website"},"primaryImageOfPage":{"@id":"https:\/\/www.ucat.edu.ve\/web\/proclamados-y-juramentados-los-nuevos-consejeros-electos-y-designados-a-los-diferentes-organos-de-cogobierno-universitario\/#primaryimage"},"datePublished":"2024-12-06T20:26:50+00:00","dateModified":"2024-12-06T20:26:50+00:00","breadcrumb":{"@id":"https:\/\/www.ucat.edu.ve\/web\/proclamados-y-juramentados-los-nuevos-consejeros-electos-y-designados-a-los-diferentes-organos-de-cogobierno-universitario\/#breadcrumb"},"inLanguage":"es-ES","potentialAction":[{"@type":"ReadAction","target":["https:\/\/www.ucat.edu.ve\/web\/proclamados-y-juramentados-los-nuevos-consejeros-electos-y-designados-a-los-diferentes-organos-de-cogobierno-universitario\/"]}]},{"@type":"BreadcrumbList","@id":"https:\/\/www.ucat.edu.ve\/web\/proclamados-y-juramentados-los-nuevos-consejeros-electos-y-designados-a-los-diferentes-organos-de-cogobierno-universitario\/#breadcrumb","itemListElement":[{"@type":"ListItem","position":1,"name":"Home","item":"https:\/\/www.ucat.edu.ve\/web\/"},{"@type":"ListItem","position":2,"name":"Proclamados y Juramentados los nuevos Consejeros electos y designados a los diferentes \u00f3rganos de Cogobierno Universitario"}]},{"@type":"Article","@id":"https:\/\/www.ucat.edu.ve\/web\/proclamados-y-juramentados-los-nuevos-consejeros-electos-y-designados-a-los-diferentes-organos-de-cogobierno-universitario\/#article","isPartOf":{"@id":"https:\/\/www.ucat.edu.ve\/web\/proclamados-y-juramentados-los-nuevos-consejeros-electos-y-designados-a-los-diferentes-organos-de-cogobierno-universitario\/#webpage"},"author":{"name":"Secretaria General","@id":"https:\/\/www.ucat.edu.ve\/web\/#\/schema\/person\/e90fe655adf97bd5c1dbc608855d16cf"},"headline":"Proclamados y Juramentados los nuevos Consejeros electos y designados a los diferentes \u00f3rganos de Cogobierno Universitario","datePublished":"2024-12-06T20:26:50+00:00","dateModified":"2024-12-06T20:26:50+00:00","mainEntityOfPage":{"@id":"https:\/\/www.ucat.edu.ve\/web\/proclamados-y-juramentados-los-nuevos-consejeros-electos-y-designados-a-los-diferentes-organos-de-cogobierno-universitario\/#webpage"},"wordCount":309,"publisher":{"@id":"https:\/\/www.ucat.edu.ve\/web\/#organization"},"image":{"@id":"https:\/\/www.ucat.edu.ve\/web\/proclamados-y-juramentados-los-nuevos-consejeros-electos-y-designados-a-los-diferentes-organos-de-cogobierno-universitario\/#primaryimage"},"thumbnailUrl":"https:\/\/www.ucat.edu.ve\/web\/wp-content\/uploads\/2024\/12\/Noticia-UCAT-Proclamados-y-Juramentados-los-nuevos-Consejeros-electos-y-designados-a-los-diferentes-organos-de-Cogobierno-Universitario.png","articleSection":["Noticias"],"inLanguage":"es-ES"},{"@type":"Person","@id":"https:\/\/www.ucat.edu.ve\/web\/#\/schema\/person\/e90fe655adf97bd5c1dbc608855d16cf","name":"Secretaria General","url":"https:\/\/www.ucat.edu.ve\/web\/author\/secgeucat\/"}]}},"_links":{"self":[{"href":"https:\/\/www.ucat.edu.ve\/web\/wp-json\/wp\/v2\/posts\/13752"}],"collection":[{"href":"https:\/\/www.ucat.edu.ve\/web\/wp-json\/wp\/v2\/posts"}],"about":[{"href":"https:\/\/www.ucat.edu.ve\/web\/wp-json\/wp\/v2\/types\/post"}],"author":[{"embeddable":true,"href":"https:\/\/www.ucat.edu.ve\/web\/wp-json\/wp\/v2\/users\/23"}],"replies":[{"embeddable":true,"href":"https:\/\/www.ucat.edu.ve\/web\/wp-json\/wp\/v2\/comments?post=13752"}],"version-history":[{"count":1,"href":"https:\/\/www.ucat.edu.ve\/web\/wp-json\/wp\/v2\/posts\/13752\/revisions"}],"predecessor-version":[{"id":13754,"href":"https:\/\/www.ucat.edu.ve\/web\/wp-json\/wp\/v2\/posts\/13752\/revisions\/13754"}],"wp:featuredmedia":[{"embeddable":true,"href":"https:\/\/www.ucat.edu.ve\/web\/wp-json\/wp\/v2\/media\/13753"}],"wp:attachment":[{"href":"https:\/\/www.ucat.edu.ve\/web\/wp-json\/wp\/v2\/media?parent=13752"}],"wp:term":[{"taxonomy":"category","embeddable":true,"href":"https:\/\/www.ucat.edu.ve\/web\/wp-json\/wp\/v2\/categories?post=13752"},{"taxonomy":"post_tag","embeddable":true,"href":"https:\/\/www.ucat.edu.ve\/web\/wp-json\/wp\/v2\/tags?post=13752"}],"curies":[{"name":"wp","href":"https:\/\/api.w.org\/{rel}","templated":true}]}}