 {"id":13756,"date":"2024-12-10T12:36:40","date_gmt":"2024-12-10T12:36:40","guid":{"rendered":"https:\/\/www.ucat.edu.ve\/web\/?p=13756"},"modified":"2024-12-10T12:36:40","modified_gmt":"2024-12-10T12:36:40","slug":"ucat-celebra-la-inmaculada-concepcion-y-reconoce-a-su-personal","status":"publish","type":"post","link":"https:\/\/www.ucat.edu.ve\/web\/ucat-celebra-la-inmaculada-concepcion-y-reconoce-a-su-personal\/","title":{"rendered":"UCAT celebra la Inmaculada Concepci\u00f3n y reconoce a su personal"},"content":{"rendered":"<p style=\"text-align: center;\"><img loading=\"lazy\" class=\"alignnone size-medium wp-image-13757\" src=\"https:\/\/www.ucat.edu.ve\/web\/wp-content\/uploads\/2024\/12\/Noticia-UCAT_UCAT-celebra-la-Inmaculada-Concepcion-y-reconoce-a-su-personal-521x322.png\" alt=\"\" width=\"521\" height=\"322\" srcset=\"https:\/\/www.ucat.edu.ve\/web\/wp-content\/uploads\/2024\/12\/Noticia-UCAT_UCAT-celebra-la-Inmaculada-Concepcion-y-reconoce-a-su-personal-521x322.png 521w, https:\/\/www.ucat.edu.ve\/web\/wp-content\/uploads\/2024\/12\/Noticia-UCAT_UCAT-celebra-la-Inmaculada-Concepcion-y-reconoce-a-su-personal-340x210.png 340w, https:\/\/www.ucat.edu.ve\/web\/wp-content\/uploads\/2024\/12\/Noticia-UCAT_UCAT-celebra-la-Inmaculada-Concepcion-y-reconoce-a-su-personal.png 1086w\" sizes=\"(max-width: 521px) 100vw, 521px\" \/><\/p>\n<p style=\"text-align: justify;\">La Universidad Cat\u00f3lica del T\u00e1chira (UCAT) conmemor\u00f3 este lunes 9 de diciembre de 2024, la Solemnidad de la Inmaculada Concepci\u00f3n, festividad patronal de la instituci\u00f3n, con una emotiva celebraci\u00f3n eucar\u00edstica.<\/p>\n<p style=\"text-align: justify;\">El acto religioso tuvo lugar en el Hall del Edificio R.P. Dr. Jos\u00e9 del Rey Fajardo, S.I. (Sede Loma del Tejar) y fue presidido por el Padre Ricardo Casanova, Rector. Autoridades Rectorales, Decanas, Directores, trabajadores y empleados se dieron cita para agradecer a la Virgen Mar\u00eda y celebrar los logros alcanzados durante el a\u00f1o.<\/p>\n<p style=\"text-align: justify;\">Coincidiendo con la celebraci\u00f3n del D\u00eda de la Universidad y del Trabajador y Empleado Ucatense, conmemorado el pasado 8 de diciembre, la Santa Misa sirvi\u00f3 como marco para reconocer la valiosa labor de los miembros del personal administrativo, empleado y obrero que han dedicado su vida al servicio de la instituci\u00f3n.<\/p>\n<p style=\"text-align: justify;\">Durante su homil\u00eda, el Padre Ricardo Casanova destac\u00f3 la importancia de la fe y el trabajo en equipo para alcanzar los objetivos comunes de la universidad. Se\u00f1al\u00f3 que \u201cLa Madre de Dios nos muestra aquello que todos tenemos en lo profundo del coraz\u00f3n: la imagen aut\u00e9ntica de la humanidad: inocente, santa, armoniosa, gentil, perfecta.\u201d<\/p>\n<p style=\"text-align: justify;\">Asimismo, el Padre Casanova invit\u00f3 a la comunidad a abrirse a la alegr\u00eda y a reconocer la presencia de Dios en sus vidas: \u201cAbrirnos a la alegr\u00eda como se abre una ventana al sol. Dios est\u00e1 aqu\u00ed abraz\u00e1ndonos, con una promesa de felicidad: hemos sido bendecidos y elegidos en Cristo para ser santos.\u201d<\/p>\n<p style=\"text-align: justify;\">Para concluir, el sacerdote enfatiz\u00f3 que la figura de la Inmaculada Concepci\u00f3n no es una idea abstracta, sino un modelo a seguir en la vida cotidiana: \u201cla Inmaculada no es un mito, una doctrina abstracta, un ideal imposible: es la propuesta de un proyecto concreto, un modelo realizado de nuestra humanidad a trav\u00e9s de la cual podemos contribuir a cambiar el mundo\u201d.<\/p>\n<p style=\"text-align: justify;\">Al finalizar la celebraci\u00f3n eucar\u00edstica, se llev\u00f3 a cabo la entrega de reconocimientos al personal Administrativo, Empleado y Operario que con su esfuerzo, responsabilidad y dedicaci\u00f3n hacen posible la vida cotidiana de la UCAT. En ese sentido, se concedi\u00f3 a la Licenciada Gladys Margarita Ortiz de M\u00e9ndez, la Orden Universidad Cat\u00f3lica del T\u00e1chira, por sus distinguidos servicios a la instituci\u00f3n.<\/p>\n<p style=\"text-align: center;\"><strong><a href=\"https:\/\/drive.google.com\/drive\/folders\/1PMpbmajMQcfLZaRHH3TRHexUITZtJwQ4?usp=drive_link\" target=\"_blank\" rel=\"noopener\">Ver Galer\u00eda de Fotos\u00a0<\/a><\/strong><\/p>\n<p><strong>(PrensaUCAT)<\/strong><\/p>\n","protected":false},"excerpt":{"rendered":"<p>La Universidad Cat\u00f3lica del T\u00e1chira (UCAT) conmemor\u00f3 este lunes 9 de diciembre de 2024, la Solemnidad de la Inmaculada Concepci\u00f3n, festividad patronal de la instituci\u00f3n, con una emotiva celebraci\u00f3n eucar\u00edstica. El acto religioso tuvo lugar en el Hall del Edificio R.P. Dr. Jos\u00e9 del Rey Fajardo, S.I. (Sede Loma del Tejar) y fue presidido por<\/p>\n","protected":false},"author":23,"featured_media":13757,"comment_status":"closed","ping_status":"closed","sticky":false,"template":"","format":"standard","meta":[],"categories":[3],"tags":[],"yoast_head":"<!-- This site is optimized with the Yoast SEO plugin v19.2 - https:\/\/yoast.com\/wordpress\/plugins\/seo\/ -->\n<title>UCAT celebra la Inmaculada Concepci\u00f3n y reconoce a su personal - Universidad Cat\u00f3lica del T\u00e1chira<\/title>\n<meta name=\"robots\" content=\"index, follow, max-snippet:-1, max-image-preview:large, max-video-preview:-1\" \/>\n<link rel=\"canonical\" href=\"https:\/\/www.ucat.edu.ve\/web\/ucat-celebra-la-inmaculada-concepcion-y-reconoce-a-su-personal\/\" \/>\n<meta property=\"og:locale\" content=\"es_ES\" \/>\n<meta property=\"og:type\" content=\"article\" \/>\n<meta property=\"og:title\" content=\"UCAT celebra la Inmaculada Concepci\u00f3n y reconoce a su personal - Universidad Cat\u00f3lica del T\u00e1chira\" \/>\n<meta property=\"og:description\" content=\"La Universidad Cat\u00f3lica del T\u00e1chira (UCAT) conmemor\u00f3 este lunes 9 de diciembre de 2024, la Solemnidad de la Inmaculada Concepci\u00f3n, festividad patronal de la instituci\u00f3n, con una emotiva celebraci\u00f3n eucar\u00edstica. El acto religioso tuvo lugar en el Hall del Edificio R.P. Dr. Jos\u00e9 del Rey Fajardo, S.I. (Sede Loma del Tejar) y fue presidido por\" \/>\n<meta property=\"og:url\" content=\"https:\/\/www.ucat.edu.ve\/web\/ucat-celebra-la-inmaculada-concepcion-y-reconoce-a-su-personal\/\" \/>\n<meta property=\"og:site_name\" content=\"Universidad Cat\u00f3lica del T\u00e1chira\" \/>\n<meta property=\"article:publisher\" content=\"https:\/\/www.facebook.com\/notiucat\/\" \/>\n<meta property=\"article:published_time\" content=\"2024-12-10T12:36:40+00:00\" \/>\n<meta property=\"og:image\" content=\"https:\/\/www.ucat.edu.ve\/web\/wp-content\/uploads\/2024\/12\/Noticia-UCAT_UCAT-celebra-la-Inmaculada-Concepcion-y-reconoce-a-su-personal.png\" \/>\n\t<meta property=\"og:image:width\" content=\"1086\" \/>\n\t<meta property=\"og:image:height\" content=\"671\" \/>\n\t<meta property=\"og:image:type\" content=\"image\/png\" \/>\n<meta name=\"author\" content=\"Secretaria General\" \/>\n<meta name=\"twitter:card\" content=\"summary_large_image\" \/>\n<meta name=\"twitter:creator\" content=\"@notiucat\" \/>\n<meta name=\"twitter:site\" content=\"@notiucat\" \/>\n<meta name=\"twitter:label1\" content=\"Written by\" \/>\n\t<meta name=\"twitter:data1\" content=\"Secretaria General\" \/>\n\t<meta name=\"twitter:label2\" content=\"Est. reading time\" \/>\n\t<meta name=\"twitter:data2\" content=\"2 minutos\" \/>\n<script type=\"application\/ld+json\" class=\"yoast-schema-graph\">{\"@context\":\"https:\/\/schema.org\",\"@graph\":[{\"@type\":\"Organization\",\"@id\":\"https:\/\/www.ucat.edu.ve\/web\/#organization\",\"name\":\"Universidad Cat\u00f3lica Del T\u00e1chira UCAT\",\"url\":\"https:\/\/www.ucat.edu.ve\/web\/\",\"sameAs\":[\"https:\/\/www.instagram.com\/notiucat\/\",\"https:\/\/www.youtube.com\/channel\/UCwEbYSB1R9fzlII-8dcxuYA?view_as=subscriber\",\"https:\/\/www.facebook.com\/notiucat\/\",\"https:\/\/twitter.com\/notiucat\"],\"logo\":{\"@type\":\"ImageObject\",\"inLanguage\":\"es-ES\",\"@id\":\"https:\/\/www.ucat.edu.ve\/web\/#\/schema\/logo\/image\/\",\"url\":\"https:\/\/www.ucat.edu.ve\/web\/wp-content\/uploads\/2015\/07\/logoucat.gif\",\"contentUrl\":\"https:\/\/www.ucat.edu.ve\/web\/wp-content\/uploads\/2015\/07\/logoucat.gif\",\"width\":219,\"height\":155,\"caption\":\"Universidad Cat\u00f3lica Del T\u00e1chira UCAT\"},\"image\":{\"@id\":\"https:\/\/www.ucat.edu.ve\/web\/#\/schema\/logo\/image\/\"}},{\"@type\":\"WebSite\",\"@id\":\"https:\/\/www.ucat.edu.ve\/web\/#website\",\"url\":\"https:\/\/www.ucat.edu.ve\/web\/\",\"name\":\"Universidad Cat\u00f3lica del T\u00e1chira\",\"description\":\"\",\"publisher\":{\"@id\":\"https:\/\/www.ucat.edu.ve\/web\/#organization\"},\"potentialAction\":[{\"@type\":\"SearchAction\",\"target\":{\"@type\":\"EntryPoint\",\"urlTemplate\":\"https:\/\/www.ucat.edu.ve\/web\/?s={search_term_string}\"},\"query-input\":\"required name=search_term_string\"}],\"inLanguage\":\"es-ES\"},{\"@type\":\"ImageObject\",\"inLanguage\":\"es-ES\",\"@id\":\"https:\/\/www.ucat.edu.ve\/web\/ucat-celebra-la-inmaculada-concepcion-y-reconoce-a-su-personal\/#primaryimage\",\"url\":\"https:\/\/www.ucat.edu.ve\/web\/wp-content\/uploads\/2024\/12\/Noticia-UCAT_UCAT-celebra-la-Inmaculada-Concepcion-y-reconoce-a-su-personal.png\",\"contentUrl\":\"https:\/\/www.ucat.edu.ve\/web\/wp-content\/uploads\/2024\/12\/Noticia-UCAT_UCAT-celebra-la-Inmaculada-Concepcion-y-reconoce-a-su-personal.png\",\"width\":1086,\"height\":671},{\"@type\":\"WebPage\",\"@id\":\"https:\/\/www.ucat.edu.ve\/web\/ucat-celebra-la-inmaculada-concepcion-y-reconoce-a-su-personal\/#webpage\",\"url\":\"https:\/\/www.ucat.edu.ve\/web\/ucat-celebra-la-inmaculada-concepcion-y-reconoce-a-su-personal\/\",\"name\":\"UCAT celebra la Inmaculada Concepci\u00f3n y reconoce a su personal - Universidad Cat\u00f3lica del T\u00e1chira\",\"isPartOf\":{\"@id\":\"https:\/\/www.ucat.edu.ve\/web\/#website\"},\"primaryImageOfPage\":{\"@id\":\"https:\/\/www.ucat.edu.ve\/web\/ucat-celebra-la-inmaculada-concepcion-y-reconoce-a-su-personal\/#primaryimage\"},\"datePublished\":\"2024-12-10T12:36:40+00:00\",\"dateModified\":\"2024-12-10T12:36:40+00:00\",\"breadcrumb\":{\"@id\":\"https:\/\/www.ucat.edu.ve\/web\/ucat-celebra-la-inmaculada-concepcion-y-reconoce-a-su-personal\/#breadcrumb\"},\"inLanguage\":\"es-ES\",\"potentialAction\":[{\"@type\":\"ReadAction\",\"target\":[\"https:\/\/www.ucat.edu.ve\/web\/ucat-celebra-la-inmaculada-concepcion-y-reconoce-a-su-personal\/\"]}]},{\"@type\":\"BreadcrumbList\",\"@id\":\"https:\/\/www.ucat.edu.ve\/web\/ucat-celebra-la-inmaculada-concepcion-y-reconoce-a-su-personal\/#breadcrumb\",\"itemListElement\":[{\"@type\":\"ListItem\",\"position\":1,\"name\":\"Home\",\"item\":\"https:\/\/www.ucat.edu.ve\/web\/\"},{\"@type\":\"ListItem\",\"position\":2,\"name\":\"UCAT celebra la Inmaculada Concepci\u00f3n y reconoce a su personal\"}]},{\"@type\":\"Article\",\"@id\":\"https:\/\/www.ucat.edu.ve\/web\/ucat-celebra-la-inmaculada-concepcion-y-reconoce-a-su-personal\/#article\",\"isPartOf\":{\"@id\":\"https:\/\/www.ucat.edu.ve\/web\/ucat-celebra-la-inmaculada-concepcion-y-reconoce-a-su-personal\/#webpage\"},\"author\":{\"name\":\"Secretaria General\",\"@id\":\"https:\/\/www.ucat.edu.ve\/web\/#\/schema\/person\/e90fe655adf97bd5c1dbc608855d16cf\"},\"headline\":\"UCAT celebra la Inmaculada Concepci\u00f3n y reconoce a su personal\",\"datePublished\":\"2024-12-10T12:36:40+00:00\",\"dateModified\":\"2024-12-10T12:36:40+00:00\",\"mainEntityOfPage\":{\"@id\":\"https:\/\/www.ucat.edu.ve\/web\/ucat-celebra-la-inmaculada-concepcion-y-reconoce-a-su-personal\/#webpage\"},\"wordCount\":407,\"publisher\":{\"@id\":\"https:\/\/www.ucat.edu.ve\/web\/#organization\"},\"image\":{\"@id\":\"https:\/\/www.ucat.edu.ve\/web\/ucat-celebra-la-inmaculada-concepcion-y-reconoce-a-su-personal\/#primaryimage\"},\"thumbnailUrl\":\"https:\/\/www.ucat.edu.ve\/web\/wp-content\/uploads\/2024\/12\/Noticia-UCAT_UCAT-celebra-la-Inmaculada-Concepcion-y-reconoce-a-su-personal.png\",\"articleSection\":[\"Noticias\"],\"inLanguage\":\"es-ES\"},{\"@type\":\"Person\",\"@id\":\"https:\/\/www.ucat.edu.ve\/web\/#\/schema\/person\/e90fe655adf97bd5c1dbc608855d16cf\",\"name\":\"Secretaria General\",\"url\":\"https:\/\/www.ucat.edu.ve\/web\/author\/secgeucat\/\"}]}<\/script>\n<!-- \/ Yoast SEO plugin. -->","yoast_head_json":{"title":"UCAT celebra la Inmaculada Concepci\u00f3n y reconoce a su personal - Universidad Cat\u00f3lica del T\u00e1chira","robots":{"index":"index","follow":"follow","max-snippet":"max-snippet:-1","max-image-preview":"max-image-preview:large","max-video-preview":"max-video-preview:-1"},"canonical":"https:\/\/www.ucat.edu.ve\/web\/ucat-celebra-la-inmaculada-concepcion-y-reconoce-a-su-personal\/","og_locale":"es_ES","og_type":"article","og_title":"UCAT celebra la Inmaculada Concepci\u00f3n y reconoce a su personal - Universidad Cat\u00f3lica del T\u00e1chira","og_description":"La Universidad Cat\u00f3lica del T\u00e1chira (UCAT) conmemor\u00f3 este lunes 9 de diciembre de 2024, la Solemnidad de la Inmaculada Concepci\u00f3n, festividad patronal de la instituci\u00f3n, con una emotiva celebraci\u00f3n eucar\u00edstica. El acto religioso tuvo lugar en el Hall del Edificio R.P. Dr. Jos\u00e9 del Rey Fajardo, S.I. (Sede Loma del Tejar) y fue presidido por","og_url":"https:\/\/www.ucat.edu.ve\/web\/ucat-celebra-la-inmaculada-concepcion-y-reconoce-a-su-personal\/","og_site_name":"Universidad Cat\u00f3lica del T\u00e1chira","article_publisher":"https:\/\/www.facebook.com\/notiucat\/","article_published_time":"2024-12-10T12:36:40+00:00","og_image":[{"width":1086,"height":671,"url":"https:\/\/www.ucat.edu.ve\/web\/wp-content\/uploads\/2024\/12\/Noticia-UCAT_UCAT-celebra-la-Inmaculada-Concepcion-y-reconoce-a-su-personal.png","type":"image\/png"}],"author":"Secretaria General","twitter_card":"summary_large_image","twitter_creator":"@notiucat","twitter_site":"@notiucat","twitter_misc":{"Written by":"Secretaria General","Est. reading time":"2 minutos"},"schema":{"@context":"https:\/\/schema.org","@graph":[{"@type":"Organization","@id":"https:\/\/www.ucat.edu.ve\/web\/#organization","name":"Universidad Cat\u00f3lica Del T\u00e1chira UCAT","url":"https:\/\/www.ucat.edu.ve\/web\/","sameAs":["https:\/\/www.instagram.com\/notiucat\/","https:\/\/www.youtube.com\/channel\/UCwEbYSB1R9fzlII-8dcxuYA?view_as=subscriber","https:\/\/www.facebook.com\/notiucat\/","https:\/\/twitter.com\/notiucat"],"logo":{"@type":"ImageObject","inLanguage":"es-ES","@id":"https:\/\/www.ucat.edu.ve\/web\/#\/schema\/logo\/image\/","url":"https:\/\/www.ucat.edu.ve\/web\/wp-content\/uploads\/2015\/07\/logoucat.gif","contentUrl":"https:\/\/www.ucat.edu.ve\/web\/wp-content\/uploads\/2015\/07\/logoucat.gif","width":219,"height":155,"caption":"Universidad Cat\u00f3lica Del T\u00e1chira UCAT"},"image":{"@id":"https:\/\/www.ucat.edu.ve\/web\/#\/schema\/logo\/image\/"}},{"@type":"WebSite","@id":"https:\/\/www.ucat.edu.ve\/web\/#website","url":"https:\/\/www.ucat.edu.ve\/web\/","name":"Universidad Cat\u00f3lica del T\u00e1chira","description":"","publisher":{"@id":"https:\/\/www.ucat.edu.ve\/web\/#organization"},"potentialAction":[{"@type":"SearchAction","target":{"@type":"EntryPoint","urlTemplate":"https:\/\/www.ucat.edu.ve\/web\/?s={search_term_string}"},"query-input":"required name=search_term_string"}],"inLanguage":"es-ES"},{"@type":"ImageObject","inLanguage":"es-ES","@id":"https:\/\/www.ucat.edu.ve\/web\/ucat-celebra-la-inmaculada-concepcion-y-reconoce-a-su-personal\/#primaryimage","url":"https:\/\/www.ucat.edu.ve\/web\/wp-content\/uploads\/2024\/12\/Noticia-UCAT_UCAT-celebra-la-Inmaculada-Concepcion-y-reconoce-a-su-personal.png","contentUrl":"https:\/\/www.ucat.edu.ve\/web\/wp-content\/uploads\/2024\/12\/Noticia-UCAT_UCAT-celebra-la-Inmaculada-Concepcion-y-reconoce-a-su-personal.png","width":1086,"height":671},{"@type":"WebPage","@id":"https:\/\/www.ucat.edu.ve\/web\/ucat-celebra-la-inmaculada-concepcion-y-reconoce-a-su-personal\/#webpage","url":"https:\/\/www.ucat.edu.ve\/web\/ucat-celebra-la-inmaculada-concepcion-y-reconoce-a-su-personal\/","name":"UCAT celebra la Inmaculada Concepci\u00f3n y reconoce a su personal - Universidad Cat\u00f3lica del T\u00e1chira","isPartOf":{"@id":"https:\/\/www.ucat.edu.ve\/web\/#website"},"primaryImageOfPage":{"@id":"https:\/\/www.ucat.edu.ve\/web\/ucat-celebra-la-inmaculada-concepcion-y-reconoce-a-su-personal\/#primaryimage"},"datePublished":"2024-12-10T12:36:40+00:00","dateModified":"2024-12-10T12:36:40+00:00","breadcrumb":{"@id":"https:\/\/www.ucat.edu.ve\/web\/ucat-celebra-la-inmaculada-concepcion-y-reconoce-a-su-personal\/#breadcrumb"},"inLanguage":"es-ES","potentialAction":[{"@type":"ReadAction","target":["https:\/\/www.ucat.edu.ve\/web\/ucat-celebra-la-inmaculada-concepcion-y-reconoce-a-su-personal\/"]}]},{"@type":"BreadcrumbList","@id":"https:\/\/www.ucat.edu.ve\/web\/ucat-celebra-la-inmaculada-concepcion-y-reconoce-a-su-personal\/#breadcrumb","itemListElement":[{"@type":"ListItem","position":1,"name":"Home","item":"https:\/\/www.ucat.edu.ve\/web\/"},{"@type":"ListItem","position":2,"name":"UCAT celebra la Inmaculada Concepci\u00f3n y reconoce a su personal"}]},{"@type":"Article","@id":"https:\/\/www.ucat.edu.ve\/web\/ucat-celebra-la-inmaculada-concepcion-y-reconoce-a-su-personal\/#article","isPartOf":{"@id":"https:\/\/www.ucat.edu.ve\/web\/ucat-celebra-la-inmaculada-concepcion-y-reconoce-a-su-personal\/#webpage"},"author":{"name":"Secretaria General","@id":"https:\/\/www.ucat.edu.ve\/web\/#\/schema\/person\/e90fe655adf97bd5c1dbc608855d16cf"},"headline":"UCAT celebra la Inmaculada Concepci\u00f3n y reconoce a su personal","datePublished":"2024-12-10T12:36:40+00:00","dateModified":"2024-12-10T12:36:40+00:00","mainEntityOfPage":{"@id":"https:\/\/www.ucat.edu.ve\/web\/ucat-celebra-la-inmaculada-concepcion-y-reconoce-a-su-personal\/#webpage"},"wordCount":407,"publisher":{"@id":"https:\/\/www.ucat.edu.ve\/web\/#organization"},"image":{"@id":"https:\/\/www.ucat.edu.ve\/web\/ucat-celebra-la-inmaculada-concepcion-y-reconoce-a-su-personal\/#primaryimage"},"thumbnailUrl":"https:\/\/www.ucat.edu.ve\/web\/wp-content\/uploads\/2024\/12\/Noticia-UCAT_UCAT-celebra-la-Inmaculada-Concepcion-y-reconoce-a-su-personal.png","articleSection":["Noticias"],"inLanguage":"es-ES"},{"@type":"Person","@id":"https:\/\/www.ucat.edu.ve\/web\/#\/schema\/person\/e90fe655adf97bd5c1dbc608855d16cf","name":"Secretaria General","url":"https:\/\/www.ucat.edu.ve\/web\/author\/secgeucat\/"}]}},"_links":{"self":[{"href":"https:\/\/www.ucat.edu.ve\/web\/wp-json\/wp\/v2\/posts\/13756"}],"collection":[{"href":"https:\/\/www.ucat.edu.ve\/web\/wp-json\/wp\/v2\/posts"}],"about":[{"href":"https:\/\/www.ucat.edu.ve\/web\/wp-json\/wp\/v2\/types\/post"}],"author":[{"embeddable":true,"href":"https:\/\/www.ucat.edu.ve\/web\/wp-json\/wp\/v2\/users\/23"}],"replies":[{"embeddable":true,"href":"https:\/\/www.ucat.edu.ve\/web\/wp-json\/wp\/v2\/comments?post=13756"}],"version-history":[{"count":1,"href":"https:\/\/www.ucat.edu.ve\/web\/wp-json\/wp\/v2\/posts\/13756\/revisions"}],"predecessor-version":[{"id":13758,"href":"https:\/\/www.ucat.edu.ve\/web\/wp-json\/wp\/v2\/posts\/13756\/revisions\/13758"}],"wp:featuredmedia":[{"embeddable":true,"href":"https:\/\/www.ucat.edu.ve\/web\/wp-json\/wp\/v2\/media\/13757"}],"wp:attachment":[{"href":"https:\/\/www.ucat.edu.ve\/web\/wp-json\/wp\/v2\/media?parent=13756"}],"wp:term":[{"taxonomy":"category","embeddable":true,"href":"https:\/\/www.ucat.edu.ve\/web\/wp-json\/wp\/v2\/categories?post=13756"},{"taxonomy":"post_tag","embeddable":true,"href":"https:\/\/www.ucat.edu.ve\/web\/wp-json\/wp\/v2\/tags?post=13756"}],"curies":[{"name":"wp","href":"https:\/\/api.w.org\/{rel}","templated":true}]}}