 {"id":13856,"date":"2025-01-28T22:53:03","date_gmt":"2025-01-28T22:53:03","guid":{"rendered":"https:\/\/www.ucat.edu.ve\/web\/?p=13856"},"modified":"2025-01-28T22:53:03","modified_gmt":"2025-01-28T22:53:03","slug":"ucat-da-la-bienvenida-a-su-nuevo-gran-canciller","status":"publish","type":"post","link":"https:\/\/www.ucat.edu.ve\/web\/ucat-da-la-bienvenida-a-su-nuevo-gran-canciller\/","title":{"rendered":"UCAT da la bienvenida a su nuevo Gran Canciller"},"content":{"rendered":"<p style=\"text-align: center;\"><img loading=\"lazy\" class=\"alignnone size-medium wp-image-13857\" src=\"https:\/\/www.ucat.edu.ve\/web\/wp-content\/uploads\/2025\/01\/Noticia-UCAT-UCAT-da-la-bienvenida-a-su-nuevo-Gran-Canciller-521x322.png\" alt=\"\" width=\"521\" height=\"322\" srcset=\"https:\/\/www.ucat.edu.ve\/web\/wp-content\/uploads\/2025\/01\/Noticia-UCAT-UCAT-da-la-bienvenida-a-su-nuevo-Gran-Canciller-521x322.png 521w, https:\/\/www.ucat.edu.ve\/web\/wp-content\/uploads\/2025\/01\/Noticia-UCAT-UCAT-da-la-bienvenida-a-su-nuevo-Gran-Canciller-340x210.png 340w, https:\/\/www.ucat.edu.ve\/web\/wp-content\/uploads\/2025\/01\/Noticia-UCAT-UCAT-da-la-bienvenida-a-su-nuevo-Gran-Canciller.png 1086w\" sizes=\"(max-width: 521px) 100vw, 521px\" \/><\/p>\n<p style=\"text-align: justify;\">El pasado lunes 27 de enero de 2025, en un acto solemne llevado a cabo en la sede Loma del Tejar de la Universidad Cat\u00f3lica del T\u00e1chira (UCAT), la comunidad universitaria representada en su Consejo Fundacional, se reuni\u00f3 para dar la bienvenida a su nuevo Gran Canciller, Mons. Lisandro Alirio Rivas Dur\u00e1n, I.M.C. Este nombramiento marca el inicio de una nueva etapa para la instituci\u00f3n, tras el fruct\u00edfero periodo de 25 a\u00f1os cumplido por Mons. Mario Moronta.<\/p>\n<p style=\"text-align: justify;\">El evento se enmarc\u00f3 en una sesi\u00f3n del Consejo Fundacional, en el que estuvieron presentes el Gran Canciller saliente y el R.P. Alfredo Infante Silvera SJ, Provincial de la Compa\u00f1\u00eda de Jes\u00fas en Venezuela, junto a los dem\u00e1s miembros de este \u00f3rgano.<\/p>\n<p style=\"text-align: justify;\">Como establece el Estatuto Org\u00e1nico de la UCAT, el Obispo de la Di\u00f3cesis de San Crist\u00f3bal ejerce el alto patronazgo de la Universidad en condici\u00f3n de Gran Canciller de esta. Mons. Lisandro Rivas, con su amplia trayectoria eclesi\u00e1stica y su profundo compromiso con la educaci\u00f3n, asume ahora esta responsabilidad.<\/p>\n<p style=\"text-align: justify;\">Nacido en Bocon\u00f3, Estado Trujillo, Mons. Rivas ha dedicado su vida al servicio de la Iglesia. Ordenado sacerdote en 1995, ha desempe\u00f1ado diversos cargos dentro de la Congregaci\u00f3n de los Misioneros de la Consolata. En 2021, el Papa Francisco lo nombr\u00f3 Obispo Auxiliar de Caracas y, posteriormente, Obispo de San Crist\u00f3bal.<\/p>\n<p style=\"text-align: justify;\">Con la llegada de Mons. Rivas a la UCAT, se espera continuar recorriendo el camino en la consolidaci\u00f3n de los valores humanos e institucionales, fortalecer el trabajo en pro de una educaci\u00f3n de calidad, integral y comprometida con la sociedad; as\u00ed como el mantenerse como una obra de la Iglesia para el bien de todos los hijos de estas tierras al occidente de Venezuela.<\/p>\n<p><strong>(PrensaUCAT)<\/strong><\/p>\n","protected":false},"excerpt":{"rendered":"<p>El pasado lunes 27 de enero de 2025, en un acto solemne llevado a cabo en la sede Loma del Tejar de la Universidad Cat\u00f3lica del T\u00e1chira (UCAT), la comunidad universitaria representada en su Consejo Fundacional, se reuni\u00f3 para dar la bienvenida a su nuevo Gran Canciller, Mons. Lisandro Alirio Rivas Dur\u00e1n, I.M.C. Este nombramiento<\/p>\n","protected":false},"author":23,"featured_media":13857,"comment_status":"closed","ping_status":"closed","sticky":false,"template":"","format":"standard","meta":[],"categories":[3],"tags":[],"yoast_head":"<!-- This site is optimized with the Yoast SEO plugin v19.2 - https:\/\/yoast.com\/wordpress\/plugins\/seo\/ -->\n<title>UCAT da la bienvenida a su nuevo Gran Canciller - Universidad Cat\u00f3lica del T\u00e1chira<\/title>\n<meta name=\"robots\" content=\"index, follow, max-snippet:-1, max-image-preview:large, max-video-preview:-1\" \/>\n<link rel=\"canonical\" href=\"https:\/\/www.ucat.edu.ve\/web\/ucat-da-la-bienvenida-a-su-nuevo-gran-canciller\/\" \/>\n<meta property=\"og:locale\" content=\"es_ES\" \/>\n<meta property=\"og:type\" content=\"article\" \/>\n<meta property=\"og:title\" content=\"UCAT da la bienvenida a su nuevo Gran Canciller - Universidad Cat\u00f3lica del T\u00e1chira\" \/>\n<meta property=\"og:description\" content=\"El pasado lunes 27 de enero de 2025, en un acto solemne llevado a cabo en la sede Loma del Tejar de la Universidad Cat\u00f3lica del T\u00e1chira (UCAT), la comunidad universitaria representada en su Consejo Fundacional, se reuni\u00f3 para dar la bienvenida a su nuevo Gran Canciller, Mons. Lisandro Alirio Rivas Dur\u00e1n, I.M.C. Este nombramiento\" \/>\n<meta property=\"og:url\" content=\"https:\/\/www.ucat.edu.ve\/web\/ucat-da-la-bienvenida-a-su-nuevo-gran-canciller\/\" \/>\n<meta property=\"og:site_name\" content=\"Universidad Cat\u00f3lica del T\u00e1chira\" \/>\n<meta property=\"article:publisher\" content=\"https:\/\/www.facebook.com\/notiucat\/\" \/>\n<meta property=\"article:published_time\" content=\"2025-01-28T22:53:03+00:00\" \/>\n<meta property=\"og:image\" content=\"https:\/\/www.ucat.edu.ve\/web\/wp-content\/uploads\/2025\/01\/Noticia-UCAT-UCAT-da-la-bienvenida-a-su-nuevo-Gran-Canciller.png\" \/>\n\t<meta property=\"og:image:width\" content=\"1086\" \/>\n\t<meta property=\"og:image:height\" content=\"671\" \/>\n\t<meta property=\"og:image:type\" content=\"image\/png\" \/>\n<meta name=\"author\" content=\"Secretaria General\" \/>\n<meta name=\"twitter:card\" content=\"summary_large_image\" \/>\n<meta name=\"twitter:creator\" content=\"@notiucat\" \/>\n<meta name=\"twitter:site\" content=\"@notiucat\" \/>\n<meta name=\"twitter:label1\" content=\"Written by\" \/>\n\t<meta name=\"twitter:data1\" content=\"Secretaria General\" \/>\n\t<meta name=\"twitter:label2\" content=\"Est. reading time\" \/>\n\t<meta name=\"twitter:data2\" content=\"2 minutos\" \/>\n<script type=\"application\/ld+json\" class=\"yoast-schema-graph\">{\"@context\":\"https:\/\/schema.org\",\"@graph\":[{\"@type\":\"Organization\",\"@id\":\"https:\/\/www.ucat.edu.ve\/web\/#organization\",\"name\":\"Universidad Cat\u00f3lica Del T\u00e1chira UCAT\",\"url\":\"https:\/\/www.ucat.edu.ve\/web\/\",\"sameAs\":[\"https:\/\/www.instagram.com\/notiucat\/\",\"https:\/\/www.youtube.com\/channel\/UCwEbYSB1R9fzlII-8dcxuYA?view_as=subscriber\",\"https:\/\/www.facebook.com\/notiucat\/\",\"https:\/\/twitter.com\/notiucat\"],\"logo\":{\"@type\":\"ImageObject\",\"inLanguage\":\"es-ES\",\"@id\":\"https:\/\/www.ucat.edu.ve\/web\/#\/schema\/logo\/image\/\",\"url\":\"https:\/\/www.ucat.edu.ve\/web\/wp-content\/uploads\/2015\/07\/logoucat.gif\",\"contentUrl\":\"https:\/\/www.ucat.edu.ve\/web\/wp-content\/uploads\/2015\/07\/logoucat.gif\",\"width\":219,\"height\":155,\"caption\":\"Universidad Cat\u00f3lica Del T\u00e1chira UCAT\"},\"image\":{\"@id\":\"https:\/\/www.ucat.edu.ve\/web\/#\/schema\/logo\/image\/\"}},{\"@type\":\"WebSite\",\"@id\":\"https:\/\/www.ucat.edu.ve\/web\/#website\",\"url\":\"https:\/\/www.ucat.edu.ve\/web\/\",\"name\":\"Universidad Cat\u00f3lica del T\u00e1chira\",\"description\":\"\",\"publisher\":{\"@id\":\"https:\/\/www.ucat.edu.ve\/web\/#organization\"},\"potentialAction\":[{\"@type\":\"SearchAction\",\"target\":{\"@type\":\"EntryPoint\",\"urlTemplate\":\"https:\/\/www.ucat.edu.ve\/web\/?s={search_term_string}\"},\"query-input\":\"required name=search_term_string\"}],\"inLanguage\":\"es-ES\"},{\"@type\":\"ImageObject\",\"inLanguage\":\"es-ES\",\"@id\":\"https:\/\/www.ucat.edu.ve\/web\/ucat-da-la-bienvenida-a-su-nuevo-gran-canciller\/#primaryimage\",\"url\":\"https:\/\/www.ucat.edu.ve\/web\/wp-content\/uploads\/2025\/01\/Noticia-UCAT-UCAT-da-la-bienvenida-a-su-nuevo-Gran-Canciller.png\",\"contentUrl\":\"https:\/\/www.ucat.edu.ve\/web\/wp-content\/uploads\/2025\/01\/Noticia-UCAT-UCAT-da-la-bienvenida-a-su-nuevo-Gran-Canciller.png\",\"width\":1086,\"height\":671},{\"@type\":\"WebPage\",\"@id\":\"https:\/\/www.ucat.edu.ve\/web\/ucat-da-la-bienvenida-a-su-nuevo-gran-canciller\/#webpage\",\"url\":\"https:\/\/www.ucat.edu.ve\/web\/ucat-da-la-bienvenida-a-su-nuevo-gran-canciller\/\",\"name\":\"UCAT da la bienvenida a su nuevo Gran Canciller - Universidad Cat\u00f3lica del T\u00e1chira\",\"isPartOf\":{\"@id\":\"https:\/\/www.ucat.edu.ve\/web\/#website\"},\"primaryImageOfPage\":{\"@id\":\"https:\/\/www.ucat.edu.ve\/web\/ucat-da-la-bienvenida-a-su-nuevo-gran-canciller\/#primaryimage\"},\"datePublished\":\"2025-01-28T22:53:03+00:00\",\"dateModified\":\"2025-01-28T22:53:03+00:00\",\"breadcrumb\":{\"@id\":\"https:\/\/www.ucat.edu.ve\/web\/ucat-da-la-bienvenida-a-su-nuevo-gran-canciller\/#breadcrumb\"},\"inLanguage\":\"es-ES\",\"potentialAction\":[{\"@type\":\"ReadAction\",\"target\":[\"https:\/\/www.ucat.edu.ve\/web\/ucat-da-la-bienvenida-a-su-nuevo-gran-canciller\/\"]}]},{\"@type\":\"BreadcrumbList\",\"@id\":\"https:\/\/www.ucat.edu.ve\/web\/ucat-da-la-bienvenida-a-su-nuevo-gran-canciller\/#breadcrumb\",\"itemListElement\":[{\"@type\":\"ListItem\",\"position\":1,\"name\":\"Home\",\"item\":\"https:\/\/www.ucat.edu.ve\/web\/\"},{\"@type\":\"ListItem\",\"position\":2,\"name\":\"UCAT da la bienvenida a su nuevo Gran Canciller\"}]},{\"@type\":\"Article\",\"@id\":\"https:\/\/www.ucat.edu.ve\/web\/ucat-da-la-bienvenida-a-su-nuevo-gran-canciller\/#article\",\"isPartOf\":{\"@id\":\"https:\/\/www.ucat.edu.ve\/web\/ucat-da-la-bienvenida-a-su-nuevo-gran-canciller\/#webpage\"},\"author\":{\"name\":\"Secretaria General\",\"@id\":\"https:\/\/www.ucat.edu.ve\/web\/#\/schema\/person\/e90fe655adf97bd5c1dbc608855d16cf\"},\"headline\":\"UCAT da la bienvenida a su nuevo Gran Canciller\",\"datePublished\":\"2025-01-28T22:53:03+00:00\",\"dateModified\":\"2025-01-28T22:53:03+00:00\",\"mainEntityOfPage\":{\"@id\":\"https:\/\/www.ucat.edu.ve\/web\/ucat-da-la-bienvenida-a-su-nuevo-gran-canciller\/#webpage\"},\"wordCount\":312,\"publisher\":{\"@id\":\"https:\/\/www.ucat.edu.ve\/web\/#organization\"},\"image\":{\"@id\":\"https:\/\/www.ucat.edu.ve\/web\/ucat-da-la-bienvenida-a-su-nuevo-gran-canciller\/#primaryimage\"},\"thumbnailUrl\":\"https:\/\/www.ucat.edu.ve\/web\/wp-content\/uploads\/2025\/01\/Noticia-UCAT-UCAT-da-la-bienvenida-a-su-nuevo-Gran-Canciller.png\",\"articleSection\":[\"Noticias\"],\"inLanguage\":\"es-ES\"},{\"@type\":\"Person\",\"@id\":\"https:\/\/www.ucat.edu.ve\/web\/#\/schema\/person\/e90fe655adf97bd5c1dbc608855d16cf\",\"name\":\"Secretaria General\",\"url\":\"https:\/\/www.ucat.edu.ve\/web\/author\/secgeucat\/\"}]}<\/script>\n<!-- \/ Yoast SEO plugin. -->","yoast_head_json":{"title":"UCAT da la bienvenida a su nuevo Gran Canciller - Universidad Cat\u00f3lica del T\u00e1chira","robots":{"index":"index","follow":"follow","max-snippet":"max-snippet:-1","max-image-preview":"max-image-preview:large","max-video-preview":"max-video-preview:-1"},"canonical":"https:\/\/www.ucat.edu.ve\/web\/ucat-da-la-bienvenida-a-su-nuevo-gran-canciller\/","og_locale":"es_ES","og_type":"article","og_title":"UCAT da la bienvenida a su nuevo Gran Canciller - Universidad Cat\u00f3lica del T\u00e1chira","og_description":"El pasado lunes 27 de enero de 2025, en un acto solemne llevado a cabo en la sede Loma del Tejar de la Universidad Cat\u00f3lica del T\u00e1chira (UCAT), la comunidad universitaria representada en su Consejo Fundacional, se reuni\u00f3 para dar la bienvenida a su nuevo Gran Canciller, Mons. Lisandro Alirio Rivas Dur\u00e1n, I.M.C. Este nombramiento","og_url":"https:\/\/www.ucat.edu.ve\/web\/ucat-da-la-bienvenida-a-su-nuevo-gran-canciller\/","og_site_name":"Universidad Cat\u00f3lica del T\u00e1chira","article_publisher":"https:\/\/www.facebook.com\/notiucat\/","article_published_time":"2025-01-28T22:53:03+00:00","og_image":[{"width":1086,"height":671,"url":"https:\/\/www.ucat.edu.ve\/web\/wp-content\/uploads\/2025\/01\/Noticia-UCAT-UCAT-da-la-bienvenida-a-su-nuevo-Gran-Canciller.png","type":"image\/png"}],"author":"Secretaria General","twitter_card":"summary_large_image","twitter_creator":"@notiucat","twitter_site":"@notiucat","twitter_misc":{"Written by":"Secretaria General","Est. reading time":"2 minutos"},"schema":{"@context":"https:\/\/schema.org","@graph":[{"@type":"Organization","@id":"https:\/\/www.ucat.edu.ve\/web\/#organization","name":"Universidad Cat\u00f3lica Del T\u00e1chira UCAT","url":"https:\/\/www.ucat.edu.ve\/web\/","sameAs":["https:\/\/www.instagram.com\/notiucat\/","https:\/\/www.youtube.com\/channel\/UCwEbYSB1R9fzlII-8dcxuYA?view_as=subscriber","https:\/\/www.facebook.com\/notiucat\/","https:\/\/twitter.com\/notiucat"],"logo":{"@type":"ImageObject","inLanguage":"es-ES","@id":"https:\/\/www.ucat.edu.ve\/web\/#\/schema\/logo\/image\/","url":"https:\/\/www.ucat.edu.ve\/web\/wp-content\/uploads\/2015\/07\/logoucat.gif","contentUrl":"https:\/\/www.ucat.edu.ve\/web\/wp-content\/uploads\/2015\/07\/logoucat.gif","width":219,"height":155,"caption":"Universidad Cat\u00f3lica Del T\u00e1chira UCAT"},"image":{"@id":"https:\/\/www.ucat.edu.ve\/web\/#\/schema\/logo\/image\/"}},{"@type":"WebSite","@id":"https:\/\/www.ucat.edu.ve\/web\/#website","url":"https:\/\/www.ucat.edu.ve\/web\/","name":"Universidad Cat\u00f3lica del T\u00e1chira","description":"","publisher":{"@id":"https:\/\/www.ucat.edu.ve\/web\/#organization"},"potentialAction":[{"@type":"SearchAction","target":{"@type":"EntryPoint","urlTemplate":"https:\/\/www.ucat.edu.ve\/web\/?s={search_term_string}"},"query-input":"required name=search_term_string"}],"inLanguage":"es-ES"},{"@type":"ImageObject","inLanguage":"es-ES","@id":"https:\/\/www.ucat.edu.ve\/web\/ucat-da-la-bienvenida-a-su-nuevo-gran-canciller\/#primaryimage","url":"https:\/\/www.ucat.edu.ve\/web\/wp-content\/uploads\/2025\/01\/Noticia-UCAT-UCAT-da-la-bienvenida-a-su-nuevo-Gran-Canciller.png","contentUrl":"https:\/\/www.ucat.edu.ve\/web\/wp-content\/uploads\/2025\/01\/Noticia-UCAT-UCAT-da-la-bienvenida-a-su-nuevo-Gran-Canciller.png","width":1086,"height":671},{"@type":"WebPage","@id":"https:\/\/www.ucat.edu.ve\/web\/ucat-da-la-bienvenida-a-su-nuevo-gran-canciller\/#webpage","url":"https:\/\/www.ucat.edu.ve\/web\/ucat-da-la-bienvenida-a-su-nuevo-gran-canciller\/","name":"UCAT da la bienvenida a su nuevo Gran Canciller - Universidad Cat\u00f3lica del T\u00e1chira","isPartOf":{"@id":"https:\/\/www.ucat.edu.ve\/web\/#website"},"primaryImageOfPage":{"@id":"https:\/\/www.ucat.edu.ve\/web\/ucat-da-la-bienvenida-a-su-nuevo-gran-canciller\/#primaryimage"},"datePublished":"2025-01-28T22:53:03+00:00","dateModified":"2025-01-28T22:53:03+00:00","breadcrumb":{"@id":"https:\/\/www.ucat.edu.ve\/web\/ucat-da-la-bienvenida-a-su-nuevo-gran-canciller\/#breadcrumb"},"inLanguage":"es-ES","potentialAction":[{"@type":"ReadAction","target":["https:\/\/www.ucat.edu.ve\/web\/ucat-da-la-bienvenida-a-su-nuevo-gran-canciller\/"]}]},{"@type":"BreadcrumbList","@id":"https:\/\/www.ucat.edu.ve\/web\/ucat-da-la-bienvenida-a-su-nuevo-gran-canciller\/#breadcrumb","itemListElement":[{"@type":"ListItem","position":1,"name":"Home","item":"https:\/\/www.ucat.edu.ve\/web\/"},{"@type":"ListItem","position":2,"name":"UCAT da la bienvenida a su nuevo Gran Canciller"}]},{"@type":"Article","@id":"https:\/\/www.ucat.edu.ve\/web\/ucat-da-la-bienvenida-a-su-nuevo-gran-canciller\/#article","isPartOf":{"@id":"https:\/\/www.ucat.edu.ve\/web\/ucat-da-la-bienvenida-a-su-nuevo-gran-canciller\/#webpage"},"author":{"name":"Secretaria General","@id":"https:\/\/www.ucat.edu.ve\/web\/#\/schema\/person\/e90fe655adf97bd5c1dbc608855d16cf"},"headline":"UCAT da la bienvenida a su nuevo Gran Canciller","datePublished":"2025-01-28T22:53:03+00:00","dateModified":"2025-01-28T22:53:03+00:00","mainEntityOfPage":{"@id":"https:\/\/www.ucat.edu.ve\/web\/ucat-da-la-bienvenida-a-su-nuevo-gran-canciller\/#webpage"},"wordCount":312,"publisher":{"@id":"https:\/\/www.ucat.edu.ve\/web\/#organization"},"image":{"@id":"https:\/\/www.ucat.edu.ve\/web\/ucat-da-la-bienvenida-a-su-nuevo-gran-canciller\/#primaryimage"},"thumbnailUrl":"https:\/\/www.ucat.edu.ve\/web\/wp-content\/uploads\/2025\/01\/Noticia-UCAT-UCAT-da-la-bienvenida-a-su-nuevo-Gran-Canciller.png","articleSection":["Noticias"],"inLanguage":"es-ES"},{"@type":"Person","@id":"https:\/\/www.ucat.edu.ve\/web\/#\/schema\/person\/e90fe655adf97bd5c1dbc608855d16cf","name":"Secretaria General","url":"https:\/\/www.ucat.edu.ve\/web\/author\/secgeucat\/"}]}},"_links":{"self":[{"href":"https:\/\/www.ucat.edu.ve\/web\/wp-json\/wp\/v2\/posts\/13856"}],"collection":[{"href":"https:\/\/www.ucat.edu.ve\/web\/wp-json\/wp\/v2\/posts"}],"about":[{"href":"https:\/\/www.ucat.edu.ve\/web\/wp-json\/wp\/v2\/types\/post"}],"author":[{"embeddable":true,"href":"https:\/\/www.ucat.edu.ve\/web\/wp-json\/wp\/v2\/users\/23"}],"replies":[{"embeddable":true,"href":"https:\/\/www.ucat.edu.ve\/web\/wp-json\/wp\/v2\/comments?post=13856"}],"version-history":[{"count":1,"href":"https:\/\/www.ucat.edu.ve\/web\/wp-json\/wp\/v2\/posts\/13856\/revisions"}],"predecessor-version":[{"id":13858,"href":"https:\/\/www.ucat.edu.ve\/web\/wp-json\/wp\/v2\/posts\/13856\/revisions\/13858"}],"wp:featuredmedia":[{"embeddable":true,"href":"https:\/\/www.ucat.edu.ve\/web\/wp-json\/wp\/v2\/media\/13857"}],"wp:attachment":[{"href":"https:\/\/www.ucat.edu.ve\/web\/wp-json\/wp\/v2\/media?parent=13856"}],"wp:term":[{"taxonomy":"category","embeddable":true,"href":"https:\/\/www.ucat.edu.ve\/web\/wp-json\/wp\/v2\/categories?post=13856"},{"taxonomy":"post_tag","embeddable":true,"href":"https:\/\/www.ucat.edu.ve\/web\/wp-json\/wp\/v2\/tags?post=13856"}],"curies":[{"name":"wp","href":"https:\/\/api.w.org\/{rel}","templated":true}]}}