 {"id":13994,"date":"2025-02-27T20:08:05","date_gmt":"2025-02-27T20:08:05","guid":{"rendered":"https:\/\/www.ucat.edu.ve\/web\/?p=13994"},"modified":"2025-02-27T20:08:05","modified_gmt":"2025-02-27T20:08:05","slug":"exitoso-i-congreso-universitario-de-marketing-y-ventas-ucat-2025","status":"publish","type":"post","link":"https:\/\/www.ucat.edu.ve\/web\/exitoso-i-congreso-universitario-de-marketing-y-ventas-ucat-2025\/","title":{"rendered":"Exitoso I Congreso Universitario de Marketing y Ventas UCAT 2025"},"content":{"rendered":"<p style=\"text-align: center;\"><img loading=\"lazy\" class=\"alignnone size-medium wp-image-13995\" src=\"https:\/\/www.ucat.edu.ve\/web\/wp-content\/uploads\/2025\/02\/Noticia-UCAT_Exitoso-I-Congreso-Universitario-de-Marketing-y-Ventas-UCAT-2025-521x322.png\" alt=\"\" width=\"521\" height=\"322\" srcset=\"https:\/\/www.ucat.edu.ve\/web\/wp-content\/uploads\/2025\/02\/Noticia-UCAT_Exitoso-I-Congreso-Universitario-de-Marketing-y-Ventas-UCAT-2025-521x322.png 521w, https:\/\/www.ucat.edu.ve\/web\/wp-content\/uploads\/2025\/02\/Noticia-UCAT_Exitoso-I-Congreso-Universitario-de-Marketing-y-Ventas-UCAT-2025-340x210.png 340w, https:\/\/www.ucat.edu.ve\/web\/wp-content\/uploads\/2025\/02\/Noticia-UCAT_Exitoso-I-Congreso-Universitario-de-Marketing-y-Ventas-UCAT-2025.png 1086w\" sizes=\"(max-width: 521px) 100vw, 521px\" \/><\/p>\n<p>La Universidad Cat\u00f3lica del T\u00e1chira, fue el escenario del exitoso &#8220;I Congreso Universitario de Marketing y Ventas UCAT 2025&#8221;, un evento que se llev\u00f3 a cabo los d\u00edas 20 y 21 de febrero y que reuni\u00f3 a destacados profesionales del \u00e1rea, as\u00ed como a estudiantes y docentes de la casa de estudios.<\/p>\n<p>El congreso, organizado por los estudiantes de 4to a\u00f1o de la Carrera de Mercadeo de la Facultad de Ciencias Econ\u00f3micas y Sociales, cont\u00f3 con la participaci\u00f3n de 12 ponentes de alto nivel, quienes compartieron sus conocimientos y experiencias en temas de vanguardia como Ventajas Competitivas, Legislaci\u00f3n del Mercado, Liderazgo y Gerencia, H\u00e1bitos Poderosos en el Proceso de Venta, Gerencia por Categor\u00edas, Conversa y Conquista, Balanced Score Card, La Cultura de nuestros Resultados, Monetizar la Informaci\u00f3n, entre otros.<\/p>\n<p>Durante el primer d\u00eda, el Vicerrector Acad\u00e9mico de la UCAT, Padre Ricardo Casanova, dio las palabras de bienvenida al evento, resaltando la importancia de este tipo de iniciativas para la formaci\u00f3n integral de los estudiantes. Seguidamente, se presentaron los primeros cuatro ponentes: Licdo. Jecnel Rafael Salcedo, Ing. Yanelix Moncada, Lcdo. Carlos Urbina y Lcdo. Jes\u00fas Abel Sequeda, quienes abordaron temas de gran relevancia para el sector.<\/p>\n<p>El segundo d\u00eda del congreso no se qued\u00f3 atr\u00e1s, con la participaci\u00f3n de la Ing. Mar\u00eda Velez, Gerente de la Planta de Nestl\u00e9, la Lcda. Lorena Arr\u00e1iz, Ing. Felida Roa y la Lcda. Ana Maria Espina, quienes compartieron sus experiencias y conocimientos en \u00e1reas clave para el \u00e9xito en el mundo del marketing y las ventas.<\/p>\n<p>El &#8220;I Congreso Universitario de Marketing y Ventas UCAT 2025&#8221; tuvo como objetivo principal brindar a la comunidad universitaria del T\u00e1chira la oportunidad de aprender, compartir conocimientos y actualizarse sobre las \u00faltimas tendencias y estrategias en el din\u00e1mico mundo del marketing y las ventas. El evento fue un \u00e9xito rotundo, superando las expectativas de los organizadores y asistentes.<\/p>\n<p>El profesor Hender Labrador, docente de la asignatura Administraci\u00f3n de Ventas y Distribuci\u00f3n, expres\u00f3 su alegr\u00eda por el gran evento y anunci\u00f3 el &#8220;XIII Ciclo Acad\u00e9mico Empresarial de Gerencia de Empresas UCAT 2025, Los Empresarios van a la Universidad&#8221;, a partir del 10 de marzo, conferencias organizadas por los estudiantes de 5to A\u00f1o de Licenciatura en Administraci\u00f3n menci\u00f3n Gerencia de Empresas.<\/p>\n<p>Desde la UCAT, felicitamos a nuestros estudiantes por la organizaci\u00f3n de esta exitosa actividad, que sin duda contribuye a su formaci\u00f3n profesional y al desarrollo del sector empresarial en la regi\u00f3n.<\/p>\n<p><strong>(PrensaUCAT)<\/strong><\/p>\n","protected":false},"excerpt":{"rendered":"<p>La Universidad Cat\u00f3lica del T\u00e1chira, fue el escenario del exitoso &#8220;I Congreso Universitario de Marketing y Ventas UCAT 2025&#8221;, un evento que se llev\u00f3 a cabo los d\u00edas 20 y 21 de febrero y que reuni\u00f3 a destacados profesionales del \u00e1rea, as\u00ed como a estudiantes y docentes de la casa de estudios. El congreso, organizado<\/p>\n","protected":false},"author":23,"featured_media":13995,"comment_status":"closed","ping_status":"closed","sticky":false,"template":"","format":"standard","meta":[],"categories":[3],"tags":[],"yoast_head":"<!-- This site is optimized with the Yoast SEO plugin v19.2 - https:\/\/yoast.com\/wordpress\/plugins\/seo\/ -->\n<title>Exitoso I Congreso Universitario de Marketing y Ventas UCAT 2025 - Universidad Cat\u00f3lica del T\u00e1chira<\/title>\n<meta name=\"robots\" content=\"index, follow, max-snippet:-1, max-image-preview:large, max-video-preview:-1\" \/>\n<link rel=\"canonical\" href=\"https:\/\/www.ucat.edu.ve\/web\/exitoso-i-congreso-universitario-de-marketing-y-ventas-ucat-2025\/\" \/>\n<meta property=\"og:locale\" content=\"es_ES\" \/>\n<meta property=\"og:type\" content=\"article\" \/>\n<meta property=\"og:title\" content=\"Exitoso I Congreso Universitario de Marketing y Ventas UCAT 2025 - Universidad Cat\u00f3lica del T\u00e1chira\" \/>\n<meta property=\"og:description\" content=\"La Universidad Cat\u00f3lica del T\u00e1chira, fue el escenario del exitoso &#8220;I Congreso Universitario de Marketing y Ventas UCAT 2025&#8221;, un evento que se llev\u00f3 a cabo los d\u00edas 20 y 21 de febrero y que reuni\u00f3 a destacados profesionales del \u00e1rea, as\u00ed como a estudiantes y docentes de la casa de estudios. El congreso, organizado\" \/>\n<meta property=\"og:url\" content=\"https:\/\/www.ucat.edu.ve\/web\/exitoso-i-congreso-universitario-de-marketing-y-ventas-ucat-2025\/\" \/>\n<meta property=\"og:site_name\" content=\"Universidad Cat\u00f3lica del T\u00e1chira\" \/>\n<meta property=\"article:publisher\" content=\"https:\/\/www.facebook.com\/notiucat\/\" \/>\n<meta property=\"article:published_time\" content=\"2025-02-27T20:08:05+00:00\" \/>\n<meta property=\"og:image\" content=\"https:\/\/www.ucat.edu.ve\/web\/wp-content\/uploads\/2025\/02\/Noticia-UCAT_Exitoso-I-Congreso-Universitario-de-Marketing-y-Ventas-UCAT-2025.png\" \/>\n\t<meta property=\"og:image:width\" content=\"1086\" \/>\n\t<meta property=\"og:image:height\" content=\"671\" \/>\n\t<meta property=\"og:image:type\" content=\"image\/png\" \/>\n<meta name=\"author\" content=\"Secretaria General\" \/>\n<meta name=\"twitter:card\" content=\"summary_large_image\" \/>\n<meta name=\"twitter:creator\" content=\"@notiucat\" \/>\n<meta name=\"twitter:site\" content=\"@notiucat\" \/>\n<meta name=\"twitter:label1\" content=\"Written by\" \/>\n\t<meta name=\"twitter:data1\" content=\"Secretaria General\" \/>\n\t<meta name=\"twitter:label2\" content=\"Est. reading time\" \/>\n\t<meta name=\"twitter:data2\" content=\"2 minutos\" \/>\n<script type=\"application\/ld+json\" class=\"yoast-schema-graph\">{\"@context\":\"https:\/\/schema.org\",\"@graph\":[{\"@type\":\"Organization\",\"@id\":\"https:\/\/www.ucat.edu.ve\/web\/#organization\",\"name\":\"Universidad Cat\u00f3lica Del T\u00e1chira UCAT\",\"url\":\"https:\/\/www.ucat.edu.ve\/web\/\",\"sameAs\":[\"https:\/\/www.instagram.com\/notiucat\/\",\"https:\/\/www.youtube.com\/channel\/UCwEbYSB1R9fzlII-8dcxuYA?view_as=subscriber\",\"https:\/\/www.facebook.com\/notiucat\/\",\"https:\/\/twitter.com\/notiucat\"],\"logo\":{\"@type\":\"ImageObject\",\"inLanguage\":\"es-ES\",\"@id\":\"https:\/\/www.ucat.edu.ve\/web\/#\/schema\/logo\/image\/\",\"url\":\"https:\/\/www.ucat.edu.ve\/web\/wp-content\/uploads\/2015\/07\/logoucat.gif\",\"contentUrl\":\"https:\/\/www.ucat.edu.ve\/web\/wp-content\/uploads\/2015\/07\/logoucat.gif\",\"width\":219,\"height\":155,\"caption\":\"Universidad Cat\u00f3lica Del T\u00e1chira UCAT\"},\"image\":{\"@id\":\"https:\/\/www.ucat.edu.ve\/web\/#\/schema\/logo\/image\/\"}},{\"@type\":\"WebSite\",\"@id\":\"https:\/\/www.ucat.edu.ve\/web\/#website\",\"url\":\"https:\/\/www.ucat.edu.ve\/web\/\",\"name\":\"Universidad Cat\u00f3lica del T\u00e1chira\",\"description\":\"\",\"publisher\":{\"@id\":\"https:\/\/www.ucat.edu.ve\/web\/#organization\"},\"potentialAction\":[{\"@type\":\"SearchAction\",\"target\":{\"@type\":\"EntryPoint\",\"urlTemplate\":\"https:\/\/www.ucat.edu.ve\/web\/?s={search_term_string}\"},\"query-input\":\"required name=search_term_string\"}],\"inLanguage\":\"es-ES\"},{\"@type\":\"ImageObject\",\"inLanguage\":\"es-ES\",\"@id\":\"https:\/\/www.ucat.edu.ve\/web\/exitoso-i-congreso-universitario-de-marketing-y-ventas-ucat-2025\/#primaryimage\",\"url\":\"https:\/\/www.ucat.edu.ve\/web\/wp-content\/uploads\/2025\/02\/Noticia-UCAT_Exitoso-I-Congreso-Universitario-de-Marketing-y-Ventas-UCAT-2025.png\",\"contentUrl\":\"https:\/\/www.ucat.edu.ve\/web\/wp-content\/uploads\/2025\/02\/Noticia-UCAT_Exitoso-I-Congreso-Universitario-de-Marketing-y-Ventas-UCAT-2025.png\",\"width\":1086,\"height\":671},{\"@type\":\"WebPage\",\"@id\":\"https:\/\/www.ucat.edu.ve\/web\/exitoso-i-congreso-universitario-de-marketing-y-ventas-ucat-2025\/#webpage\",\"url\":\"https:\/\/www.ucat.edu.ve\/web\/exitoso-i-congreso-universitario-de-marketing-y-ventas-ucat-2025\/\",\"name\":\"Exitoso I Congreso Universitario de Marketing y Ventas UCAT 2025 - Universidad Cat\u00f3lica del T\u00e1chira\",\"isPartOf\":{\"@id\":\"https:\/\/www.ucat.edu.ve\/web\/#website\"},\"primaryImageOfPage\":{\"@id\":\"https:\/\/www.ucat.edu.ve\/web\/exitoso-i-congreso-universitario-de-marketing-y-ventas-ucat-2025\/#primaryimage\"},\"datePublished\":\"2025-02-27T20:08:05+00:00\",\"dateModified\":\"2025-02-27T20:08:05+00:00\",\"breadcrumb\":{\"@id\":\"https:\/\/www.ucat.edu.ve\/web\/exitoso-i-congreso-universitario-de-marketing-y-ventas-ucat-2025\/#breadcrumb\"},\"inLanguage\":\"es-ES\",\"potentialAction\":[{\"@type\":\"ReadAction\",\"target\":[\"https:\/\/www.ucat.edu.ve\/web\/exitoso-i-congreso-universitario-de-marketing-y-ventas-ucat-2025\/\"]}]},{\"@type\":\"BreadcrumbList\",\"@id\":\"https:\/\/www.ucat.edu.ve\/web\/exitoso-i-congreso-universitario-de-marketing-y-ventas-ucat-2025\/#breadcrumb\",\"itemListElement\":[{\"@type\":\"ListItem\",\"position\":1,\"name\":\"Home\",\"item\":\"https:\/\/www.ucat.edu.ve\/web\/\"},{\"@type\":\"ListItem\",\"position\":2,\"name\":\"Exitoso I Congreso Universitario de Marketing y Ventas UCAT 2025\"}]},{\"@type\":\"Article\",\"@id\":\"https:\/\/www.ucat.edu.ve\/web\/exitoso-i-congreso-universitario-de-marketing-y-ventas-ucat-2025\/#article\",\"isPartOf\":{\"@id\":\"https:\/\/www.ucat.edu.ve\/web\/exitoso-i-congreso-universitario-de-marketing-y-ventas-ucat-2025\/#webpage\"},\"author\":{\"name\":\"Secretaria General\",\"@id\":\"https:\/\/www.ucat.edu.ve\/web\/#\/schema\/person\/e90fe655adf97bd5c1dbc608855d16cf\"},\"headline\":\"Exitoso I Congreso Universitario de Marketing y Ventas UCAT 2025\",\"datePublished\":\"2025-02-27T20:08:05+00:00\",\"dateModified\":\"2025-02-27T20:08:05+00:00\",\"mainEntityOfPage\":{\"@id\":\"https:\/\/www.ucat.edu.ve\/web\/exitoso-i-congreso-universitario-de-marketing-y-ventas-ucat-2025\/#webpage\"},\"wordCount\":435,\"publisher\":{\"@id\":\"https:\/\/www.ucat.edu.ve\/web\/#organization\"},\"image\":{\"@id\":\"https:\/\/www.ucat.edu.ve\/web\/exitoso-i-congreso-universitario-de-marketing-y-ventas-ucat-2025\/#primaryimage\"},\"thumbnailUrl\":\"https:\/\/www.ucat.edu.ve\/web\/wp-content\/uploads\/2025\/02\/Noticia-UCAT_Exitoso-I-Congreso-Universitario-de-Marketing-y-Ventas-UCAT-2025.png\",\"articleSection\":[\"Noticias\"],\"inLanguage\":\"es-ES\"},{\"@type\":\"Person\",\"@id\":\"https:\/\/www.ucat.edu.ve\/web\/#\/schema\/person\/e90fe655adf97bd5c1dbc608855d16cf\",\"name\":\"Secretaria General\",\"url\":\"https:\/\/www.ucat.edu.ve\/web\/author\/secgeucat\/\"}]}<\/script>\n<!-- \/ Yoast SEO plugin. -->","yoast_head_json":{"title":"Exitoso I Congreso Universitario de Marketing y Ventas UCAT 2025 - Universidad Cat\u00f3lica del T\u00e1chira","robots":{"index":"index","follow":"follow","max-snippet":"max-snippet:-1","max-image-preview":"max-image-preview:large","max-video-preview":"max-video-preview:-1"},"canonical":"https:\/\/www.ucat.edu.ve\/web\/exitoso-i-congreso-universitario-de-marketing-y-ventas-ucat-2025\/","og_locale":"es_ES","og_type":"article","og_title":"Exitoso I Congreso Universitario de Marketing y Ventas UCAT 2025 - Universidad Cat\u00f3lica del T\u00e1chira","og_description":"La Universidad Cat\u00f3lica del T\u00e1chira, fue el escenario del exitoso &#8220;I Congreso Universitario de Marketing y Ventas UCAT 2025&#8221;, un evento que se llev\u00f3 a cabo los d\u00edas 20 y 21 de febrero y que reuni\u00f3 a destacados profesionales del \u00e1rea, as\u00ed como a estudiantes y docentes de la casa de estudios. El congreso, organizado","og_url":"https:\/\/www.ucat.edu.ve\/web\/exitoso-i-congreso-universitario-de-marketing-y-ventas-ucat-2025\/","og_site_name":"Universidad Cat\u00f3lica del T\u00e1chira","article_publisher":"https:\/\/www.facebook.com\/notiucat\/","article_published_time":"2025-02-27T20:08:05+00:00","og_image":[{"width":1086,"height":671,"url":"https:\/\/www.ucat.edu.ve\/web\/wp-content\/uploads\/2025\/02\/Noticia-UCAT_Exitoso-I-Congreso-Universitario-de-Marketing-y-Ventas-UCAT-2025.png","type":"image\/png"}],"author":"Secretaria General","twitter_card":"summary_large_image","twitter_creator":"@notiucat","twitter_site":"@notiucat","twitter_misc":{"Written by":"Secretaria General","Est. reading time":"2 minutos"},"schema":{"@context":"https:\/\/schema.org","@graph":[{"@type":"Organization","@id":"https:\/\/www.ucat.edu.ve\/web\/#organization","name":"Universidad Cat\u00f3lica Del T\u00e1chira UCAT","url":"https:\/\/www.ucat.edu.ve\/web\/","sameAs":["https:\/\/www.instagram.com\/notiucat\/","https:\/\/www.youtube.com\/channel\/UCwEbYSB1R9fzlII-8dcxuYA?view_as=subscriber","https:\/\/www.facebook.com\/notiucat\/","https:\/\/twitter.com\/notiucat"],"logo":{"@type":"ImageObject","inLanguage":"es-ES","@id":"https:\/\/www.ucat.edu.ve\/web\/#\/schema\/logo\/image\/","url":"https:\/\/www.ucat.edu.ve\/web\/wp-content\/uploads\/2015\/07\/logoucat.gif","contentUrl":"https:\/\/www.ucat.edu.ve\/web\/wp-content\/uploads\/2015\/07\/logoucat.gif","width":219,"height":155,"caption":"Universidad Cat\u00f3lica Del T\u00e1chira UCAT"},"image":{"@id":"https:\/\/www.ucat.edu.ve\/web\/#\/schema\/logo\/image\/"}},{"@type":"WebSite","@id":"https:\/\/www.ucat.edu.ve\/web\/#website","url":"https:\/\/www.ucat.edu.ve\/web\/","name":"Universidad Cat\u00f3lica del T\u00e1chira","description":"","publisher":{"@id":"https:\/\/www.ucat.edu.ve\/web\/#organization"},"potentialAction":[{"@type":"SearchAction","target":{"@type":"EntryPoint","urlTemplate":"https:\/\/www.ucat.edu.ve\/web\/?s={search_term_string}"},"query-input":"required name=search_term_string"}],"inLanguage":"es-ES"},{"@type":"ImageObject","inLanguage":"es-ES","@id":"https:\/\/www.ucat.edu.ve\/web\/exitoso-i-congreso-universitario-de-marketing-y-ventas-ucat-2025\/#primaryimage","url":"https:\/\/www.ucat.edu.ve\/web\/wp-content\/uploads\/2025\/02\/Noticia-UCAT_Exitoso-I-Congreso-Universitario-de-Marketing-y-Ventas-UCAT-2025.png","contentUrl":"https:\/\/www.ucat.edu.ve\/web\/wp-content\/uploads\/2025\/02\/Noticia-UCAT_Exitoso-I-Congreso-Universitario-de-Marketing-y-Ventas-UCAT-2025.png","width":1086,"height":671},{"@type":"WebPage","@id":"https:\/\/www.ucat.edu.ve\/web\/exitoso-i-congreso-universitario-de-marketing-y-ventas-ucat-2025\/#webpage","url":"https:\/\/www.ucat.edu.ve\/web\/exitoso-i-congreso-universitario-de-marketing-y-ventas-ucat-2025\/","name":"Exitoso I Congreso Universitario de Marketing y Ventas UCAT 2025 - Universidad Cat\u00f3lica del T\u00e1chira","isPartOf":{"@id":"https:\/\/www.ucat.edu.ve\/web\/#website"},"primaryImageOfPage":{"@id":"https:\/\/www.ucat.edu.ve\/web\/exitoso-i-congreso-universitario-de-marketing-y-ventas-ucat-2025\/#primaryimage"},"datePublished":"2025-02-27T20:08:05+00:00","dateModified":"2025-02-27T20:08:05+00:00","breadcrumb":{"@id":"https:\/\/www.ucat.edu.ve\/web\/exitoso-i-congreso-universitario-de-marketing-y-ventas-ucat-2025\/#breadcrumb"},"inLanguage":"es-ES","potentialAction":[{"@type":"ReadAction","target":["https:\/\/www.ucat.edu.ve\/web\/exitoso-i-congreso-universitario-de-marketing-y-ventas-ucat-2025\/"]}]},{"@type":"BreadcrumbList","@id":"https:\/\/www.ucat.edu.ve\/web\/exitoso-i-congreso-universitario-de-marketing-y-ventas-ucat-2025\/#breadcrumb","itemListElement":[{"@type":"ListItem","position":1,"name":"Home","item":"https:\/\/www.ucat.edu.ve\/web\/"},{"@type":"ListItem","position":2,"name":"Exitoso I Congreso Universitario de Marketing y Ventas UCAT 2025"}]},{"@type":"Article","@id":"https:\/\/www.ucat.edu.ve\/web\/exitoso-i-congreso-universitario-de-marketing-y-ventas-ucat-2025\/#article","isPartOf":{"@id":"https:\/\/www.ucat.edu.ve\/web\/exitoso-i-congreso-universitario-de-marketing-y-ventas-ucat-2025\/#webpage"},"author":{"name":"Secretaria General","@id":"https:\/\/www.ucat.edu.ve\/web\/#\/schema\/person\/e90fe655adf97bd5c1dbc608855d16cf"},"headline":"Exitoso I Congreso Universitario de Marketing y Ventas UCAT 2025","datePublished":"2025-02-27T20:08:05+00:00","dateModified":"2025-02-27T20:08:05+00:00","mainEntityOfPage":{"@id":"https:\/\/www.ucat.edu.ve\/web\/exitoso-i-congreso-universitario-de-marketing-y-ventas-ucat-2025\/#webpage"},"wordCount":435,"publisher":{"@id":"https:\/\/www.ucat.edu.ve\/web\/#organization"},"image":{"@id":"https:\/\/www.ucat.edu.ve\/web\/exitoso-i-congreso-universitario-de-marketing-y-ventas-ucat-2025\/#primaryimage"},"thumbnailUrl":"https:\/\/www.ucat.edu.ve\/web\/wp-content\/uploads\/2025\/02\/Noticia-UCAT_Exitoso-I-Congreso-Universitario-de-Marketing-y-Ventas-UCAT-2025.png","articleSection":["Noticias"],"inLanguage":"es-ES"},{"@type":"Person","@id":"https:\/\/www.ucat.edu.ve\/web\/#\/schema\/person\/e90fe655adf97bd5c1dbc608855d16cf","name":"Secretaria General","url":"https:\/\/www.ucat.edu.ve\/web\/author\/secgeucat\/"}]}},"_links":{"self":[{"href":"https:\/\/www.ucat.edu.ve\/web\/wp-json\/wp\/v2\/posts\/13994"}],"collection":[{"href":"https:\/\/www.ucat.edu.ve\/web\/wp-json\/wp\/v2\/posts"}],"about":[{"href":"https:\/\/www.ucat.edu.ve\/web\/wp-json\/wp\/v2\/types\/post"}],"author":[{"embeddable":true,"href":"https:\/\/www.ucat.edu.ve\/web\/wp-json\/wp\/v2\/users\/23"}],"replies":[{"embeddable":true,"href":"https:\/\/www.ucat.edu.ve\/web\/wp-json\/wp\/v2\/comments?post=13994"}],"version-history":[{"count":1,"href":"https:\/\/www.ucat.edu.ve\/web\/wp-json\/wp\/v2\/posts\/13994\/revisions"}],"predecessor-version":[{"id":13996,"href":"https:\/\/www.ucat.edu.ve\/web\/wp-json\/wp\/v2\/posts\/13994\/revisions\/13996"}],"wp:featuredmedia":[{"embeddable":true,"href":"https:\/\/www.ucat.edu.ve\/web\/wp-json\/wp\/v2\/media\/13995"}],"wp:attachment":[{"href":"https:\/\/www.ucat.edu.ve\/web\/wp-json\/wp\/v2\/media?parent=13994"}],"wp:term":[{"taxonomy":"category","embeddable":true,"href":"https:\/\/www.ucat.edu.ve\/web\/wp-json\/wp\/v2\/categories?post=13994"},{"taxonomy":"post_tag","embeddable":true,"href":"https:\/\/www.ucat.edu.ve\/web\/wp-json\/wp\/v2\/tags?post=13994"}],"curies":[{"name":"wp","href":"https:\/\/api.w.org\/{rel}","templated":true}]}}