 {"id":14205,"date":"2025-05-08T12:34:16","date_gmt":"2025-05-08T12:34:16","guid":{"rendered":"https:\/\/www.ucat.edu.ve\/web\/?p=14205"},"modified":"2025-05-08T12:34:16","modified_gmt":"2025-05-08T12:34:16","slug":"embajador-de-suiza-realiza-visita-institucional-a-la-ucat","status":"publish","type":"post","link":"https:\/\/www.ucat.edu.ve\/web\/embajador-de-suiza-realiza-visita-institucional-a-la-ucat\/","title":{"rendered":"Embajador de Suiza realiza visita institucional a la UCAT"},"content":{"rendered":"<p style=\"text-align: center;\"><img loading=\"lazy\" class=\"alignnone size-medium wp-image-14206\" src=\"https:\/\/www.ucat.edu.ve\/web\/wp-content\/uploads\/2025\/05\/Noticias-521x322.png\" alt=\"\" width=\"521\" height=\"322\" srcset=\"https:\/\/www.ucat.edu.ve\/web\/wp-content\/uploads\/2025\/05\/Noticias-521x322.png 521w, https:\/\/www.ucat.edu.ve\/web\/wp-content\/uploads\/2025\/05\/Noticias-340x210.png 340w, https:\/\/www.ucat.edu.ve\/web\/wp-content\/uploads\/2025\/05\/Noticias.png 1086w\" sizes=\"(max-width: 521px) 100vw, 521px\" \/><\/p>\n<p style=\"text-align: justify;\">En horas de la tarde del pasado martes, 6 de mayo de 2025, el Excelent\u00edsimo Se\u00f1or Gilles Roduit, Embajador de la Confederaci\u00f3n Suiza ante la Rep\u00fablica Bolivariana de Venezuela, dispens\u00f3 a la Universidad Cat\u00f3lica del T\u00e1chira una visita institucional. En la visita, este fue acompa\u00f1ado por el Jefe de Misi\u00f3n Adjunto, Se\u00f1or Martin Eggenschwiler, y parte del equipo que le asiste durante su periplo en tierras tachirenses.<\/p>\n<p style=\"text-align: justify;\">El Se\u00f1or Embajador fue recibido por el ciudadano Rector, en compa\u00f1\u00eda de las dem\u00e1s autoridades rectorales en su despacho, situado en la Sede de Loma del Tejar de la Universidad. En el referido encuentro, luego de los saludos protocolares, se sostuvo una fruct\u00edfera conversaci\u00f3n en torno a la realidad de la regi\u00f3n y el papel de la UCAT en su rol de generadora de conocimiento y transformaci\u00f3n de esta, con \u00e9nfasis en el campo de la investigaci\u00f3n pertinente, la formaci\u00f3n de sus estudiantes y las actividades de extensi\u00f3n. En ese marco, el Se\u00f1or Embajador resalt\u00f3 las prioridades de la diplomacia helv\u00e9tica: democracia, derechos humanos y construcci\u00f3n de paz; que obran como ejes articuladores de las tareas de cooperaci\u00f3n que desde la misi\u00f3n diplom\u00e1tica se despliegan.<\/p>\n<p style=\"text-align: justify;\">Al final del encuentro, en un ambiente de cordialidad, se produjo el intercambio de presentes institucionales, se hizo un breve recorrido por el Edificio Jos\u00e9 del Rey Fajardo, S.I., y se adquiri\u00f3 el compromiso de profundizar los v\u00ednculos, a los fines de construir espacios de trabajo conjunto que permitan realizar los fines propios de cada entidad, todo en beneficio de la comunidad universitaria ucatense y de los habitantes de esta regi\u00f3n, a quienes la UCAT sirve desde su condici\u00f3n de Universidad Cat\u00f3lica situada en las fronteras geogr\u00e1ficas y existenciales.<\/p>\n<p><strong>(PrensaUCAT)<\/strong><\/p>\n","protected":false},"excerpt":{"rendered":"<p>En horas de la tarde del pasado martes, 6 de mayo de 2025, el Excelent\u00edsimo Se\u00f1or Gilles Roduit, Embajador de la Confederaci\u00f3n Suiza ante la Rep\u00fablica Bolivariana de Venezuela, dispens\u00f3 a la Universidad Cat\u00f3lica del T\u00e1chira una visita institucional. En la visita, este fue acompa\u00f1ado por el Jefe de Misi\u00f3n Adjunto, Se\u00f1or Martin Eggenschwiler, y<\/p>\n","protected":false},"author":23,"featured_media":14206,"comment_status":"closed","ping_status":"closed","sticky":false,"template":"","format":"standard","meta":[],"categories":[3],"tags":[],"yoast_head":"<!-- This site is optimized with the Yoast SEO plugin v19.2 - https:\/\/yoast.com\/wordpress\/plugins\/seo\/ -->\n<title>Embajador de Suiza realiza visita institucional a la UCAT - Universidad Cat\u00f3lica del T\u00e1chira<\/title>\n<meta name=\"robots\" content=\"index, follow, max-snippet:-1, max-image-preview:large, max-video-preview:-1\" \/>\n<link rel=\"canonical\" href=\"https:\/\/www.ucat.edu.ve\/web\/embajador-de-suiza-realiza-visita-institucional-a-la-ucat\/\" \/>\n<meta property=\"og:locale\" content=\"es_ES\" \/>\n<meta property=\"og:type\" content=\"article\" \/>\n<meta property=\"og:title\" content=\"Embajador de Suiza realiza visita institucional a la UCAT - Universidad Cat\u00f3lica del T\u00e1chira\" \/>\n<meta property=\"og:description\" content=\"En horas de la tarde del pasado martes, 6 de mayo de 2025, el Excelent\u00edsimo Se\u00f1or Gilles Roduit, Embajador de la Confederaci\u00f3n Suiza ante la Rep\u00fablica Bolivariana de Venezuela, dispens\u00f3 a la Universidad Cat\u00f3lica del T\u00e1chira una visita institucional. En la visita, este fue acompa\u00f1ado por el Jefe de Misi\u00f3n Adjunto, Se\u00f1or Martin Eggenschwiler, y\" \/>\n<meta property=\"og:url\" content=\"https:\/\/www.ucat.edu.ve\/web\/embajador-de-suiza-realiza-visita-institucional-a-la-ucat\/\" \/>\n<meta property=\"og:site_name\" content=\"Universidad Cat\u00f3lica del T\u00e1chira\" \/>\n<meta property=\"article:publisher\" content=\"https:\/\/www.facebook.com\/notiucat\/\" \/>\n<meta property=\"article:published_time\" content=\"2025-05-08T12:34:16+00:00\" \/>\n<meta property=\"og:image\" content=\"https:\/\/www.ucat.edu.ve\/web\/wp-content\/uploads\/2025\/05\/Noticias.png\" \/>\n\t<meta property=\"og:image:width\" content=\"1086\" \/>\n\t<meta property=\"og:image:height\" content=\"671\" \/>\n\t<meta property=\"og:image:type\" content=\"image\/png\" \/>\n<meta name=\"author\" content=\"Secretaria General\" \/>\n<meta name=\"twitter:card\" content=\"summary_large_image\" \/>\n<meta name=\"twitter:creator\" content=\"@notiucat\" \/>\n<meta name=\"twitter:site\" content=\"@notiucat\" \/>\n<meta name=\"twitter:label1\" content=\"Written by\" \/>\n\t<meta name=\"twitter:data1\" content=\"Secretaria General\" \/>\n\t<meta name=\"twitter:label2\" content=\"Est. reading time\" \/>\n\t<meta name=\"twitter:data2\" content=\"2 minutos\" \/>\n<script type=\"application\/ld+json\" class=\"yoast-schema-graph\">{\"@context\":\"https:\/\/schema.org\",\"@graph\":[{\"@type\":\"Organization\",\"@id\":\"https:\/\/www.ucat.edu.ve\/web\/#organization\",\"name\":\"Universidad Cat\u00f3lica Del T\u00e1chira UCAT\",\"url\":\"https:\/\/www.ucat.edu.ve\/web\/\",\"sameAs\":[\"https:\/\/www.instagram.com\/notiucat\/\",\"https:\/\/www.youtube.com\/channel\/UCwEbYSB1R9fzlII-8dcxuYA?view_as=subscriber\",\"https:\/\/www.facebook.com\/notiucat\/\",\"https:\/\/twitter.com\/notiucat\"],\"logo\":{\"@type\":\"ImageObject\",\"inLanguage\":\"es-ES\",\"@id\":\"https:\/\/www.ucat.edu.ve\/web\/#\/schema\/logo\/image\/\",\"url\":\"https:\/\/www.ucat.edu.ve\/web\/wp-content\/uploads\/2015\/07\/logoucat.gif\",\"contentUrl\":\"https:\/\/www.ucat.edu.ve\/web\/wp-content\/uploads\/2015\/07\/logoucat.gif\",\"width\":219,\"height\":155,\"caption\":\"Universidad Cat\u00f3lica Del T\u00e1chira UCAT\"},\"image\":{\"@id\":\"https:\/\/www.ucat.edu.ve\/web\/#\/schema\/logo\/image\/\"}},{\"@type\":\"WebSite\",\"@id\":\"https:\/\/www.ucat.edu.ve\/web\/#website\",\"url\":\"https:\/\/www.ucat.edu.ve\/web\/\",\"name\":\"Universidad Cat\u00f3lica del T\u00e1chira\",\"description\":\"\",\"publisher\":{\"@id\":\"https:\/\/www.ucat.edu.ve\/web\/#organization\"},\"potentialAction\":[{\"@type\":\"SearchAction\",\"target\":{\"@type\":\"EntryPoint\",\"urlTemplate\":\"https:\/\/www.ucat.edu.ve\/web\/?s={search_term_string}\"},\"query-input\":\"required name=search_term_string\"}],\"inLanguage\":\"es-ES\"},{\"@type\":\"ImageObject\",\"inLanguage\":\"es-ES\",\"@id\":\"https:\/\/www.ucat.edu.ve\/web\/embajador-de-suiza-realiza-visita-institucional-a-la-ucat\/#primaryimage\",\"url\":\"https:\/\/www.ucat.edu.ve\/web\/wp-content\/uploads\/2025\/05\/Noticias.png\",\"contentUrl\":\"https:\/\/www.ucat.edu.ve\/web\/wp-content\/uploads\/2025\/05\/Noticias.png\",\"width\":1086,\"height\":671},{\"@type\":\"WebPage\",\"@id\":\"https:\/\/www.ucat.edu.ve\/web\/embajador-de-suiza-realiza-visita-institucional-a-la-ucat\/#webpage\",\"url\":\"https:\/\/www.ucat.edu.ve\/web\/embajador-de-suiza-realiza-visita-institucional-a-la-ucat\/\",\"name\":\"Embajador de Suiza realiza visita institucional a la UCAT - Universidad Cat\u00f3lica del T\u00e1chira\",\"isPartOf\":{\"@id\":\"https:\/\/www.ucat.edu.ve\/web\/#website\"},\"primaryImageOfPage\":{\"@id\":\"https:\/\/www.ucat.edu.ve\/web\/embajador-de-suiza-realiza-visita-institucional-a-la-ucat\/#primaryimage\"},\"datePublished\":\"2025-05-08T12:34:16+00:00\",\"dateModified\":\"2025-05-08T12:34:16+00:00\",\"breadcrumb\":{\"@id\":\"https:\/\/www.ucat.edu.ve\/web\/embajador-de-suiza-realiza-visita-institucional-a-la-ucat\/#breadcrumb\"},\"inLanguage\":\"es-ES\",\"potentialAction\":[{\"@type\":\"ReadAction\",\"target\":[\"https:\/\/www.ucat.edu.ve\/web\/embajador-de-suiza-realiza-visita-institucional-a-la-ucat\/\"]}]},{\"@type\":\"BreadcrumbList\",\"@id\":\"https:\/\/www.ucat.edu.ve\/web\/embajador-de-suiza-realiza-visita-institucional-a-la-ucat\/#breadcrumb\",\"itemListElement\":[{\"@type\":\"ListItem\",\"position\":1,\"name\":\"Home\",\"item\":\"https:\/\/www.ucat.edu.ve\/web\/\"},{\"@type\":\"ListItem\",\"position\":2,\"name\":\"Embajador de Suiza realiza visita institucional a la UCAT\"}]},{\"@type\":\"Article\",\"@id\":\"https:\/\/www.ucat.edu.ve\/web\/embajador-de-suiza-realiza-visita-institucional-a-la-ucat\/#article\",\"isPartOf\":{\"@id\":\"https:\/\/www.ucat.edu.ve\/web\/embajador-de-suiza-realiza-visita-institucional-a-la-ucat\/#webpage\"},\"author\":{\"name\":\"Secretaria General\",\"@id\":\"https:\/\/www.ucat.edu.ve\/web\/#\/schema\/person\/e90fe655adf97bd5c1dbc608855d16cf\"},\"headline\":\"Embajador de Suiza realiza visita institucional a la UCAT\",\"datePublished\":\"2025-05-08T12:34:16+00:00\",\"dateModified\":\"2025-05-08T12:34:16+00:00\",\"mainEntityOfPage\":{\"@id\":\"https:\/\/www.ucat.edu.ve\/web\/embajador-de-suiza-realiza-visita-institucional-a-la-ucat\/#webpage\"},\"wordCount\":320,\"publisher\":{\"@id\":\"https:\/\/www.ucat.edu.ve\/web\/#organization\"},\"image\":{\"@id\":\"https:\/\/www.ucat.edu.ve\/web\/embajador-de-suiza-realiza-visita-institucional-a-la-ucat\/#primaryimage\"},\"thumbnailUrl\":\"https:\/\/www.ucat.edu.ve\/web\/wp-content\/uploads\/2025\/05\/Noticias.png\",\"articleSection\":[\"Noticias\"],\"inLanguage\":\"es-ES\"},{\"@type\":\"Person\",\"@id\":\"https:\/\/www.ucat.edu.ve\/web\/#\/schema\/person\/e90fe655adf97bd5c1dbc608855d16cf\",\"name\":\"Secretaria General\",\"url\":\"https:\/\/www.ucat.edu.ve\/web\/author\/secgeucat\/\"}]}<\/script>\n<!-- \/ Yoast SEO plugin. -->","yoast_head_json":{"title":"Embajador de Suiza realiza visita institucional a la UCAT - Universidad Cat\u00f3lica del T\u00e1chira","robots":{"index":"index","follow":"follow","max-snippet":"max-snippet:-1","max-image-preview":"max-image-preview:large","max-video-preview":"max-video-preview:-1"},"canonical":"https:\/\/www.ucat.edu.ve\/web\/embajador-de-suiza-realiza-visita-institucional-a-la-ucat\/","og_locale":"es_ES","og_type":"article","og_title":"Embajador de Suiza realiza visita institucional a la UCAT - Universidad Cat\u00f3lica del T\u00e1chira","og_description":"En horas de la tarde del pasado martes, 6 de mayo de 2025, el Excelent\u00edsimo Se\u00f1or Gilles Roduit, Embajador de la Confederaci\u00f3n Suiza ante la Rep\u00fablica Bolivariana de Venezuela, dispens\u00f3 a la Universidad Cat\u00f3lica del T\u00e1chira una visita institucional. En la visita, este fue acompa\u00f1ado por el Jefe de Misi\u00f3n Adjunto, Se\u00f1or Martin Eggenschwiler, y","og_url":"https:\/\/www.ucat.edu.ve\/web\/embajador-de-suiza-realiza-visita-institucional-a-la-ucat\/","og_site_name":"Universidad Cat\u00f3lica del T\u00e1chira","article_publisher":"https:\/\/www.facebook.com\/notiucat\/","article_published_time":"2025-05-08T12:34:16+00:00","og_image":[{"width":1086,"height":671,"url":"https:\/\/www.ucat.edu.ve\/web\/wp-content\/uploads\/2025\/05\/Noticias.png","type":"image\/png"}],"author":"Secretaria General","twitter_card":"summary_large_image","twitter_creator":"@notiucat","twitter_site":"@notiucat","twitter_misc":{"Written by":"Secretaria General","Est. reading time":"2 minutos"},"schema":{"@context":"https:\/\/schema.org","@graph":[{"@type":"Organization","@id":"https:\/\/www.ucat.edu.ve\/web\/#organization","name":"Universidad Cat\u00f3lica Del T\u00e1chira UCAT","url":"https:\/\/www.ucat.edu.ve\/web\/","sameAs":["https:\/\/www.instagram.com\/notiucat\/","https:\/\/www.youtube.com\/channel\/UCwEbYSB1R9fzlII-8dcxuYA?view_as=subscriber","https:\/\/www.facebook.com\/notiucat\/","https:\/\/twitter.com\/notiucat"],"logo":{"@type":"ImageObject","inLanguage":"es-ES","@id":"https:\/\/www.ucat.edu.ve\/web\/#\/schema\/logo\/image\/","url":"https:\/\/www.ucat.edu.ve\/web\/wp-content\/uploads\/2015\/07\/logoucat.gif","contentUrl":"https:\/\/www.ucat.edu.ve\/web\/wp-content\/uploads\/2015\/07\/logoucat.gif","width":219,"height":155,"caption":"Universidad Cat\u00f3lica Del T\u00e1chira UCAT"},"image":{"@id":"https:\/\/www.ucat.edu.ve\/web\/#\/schema\/logo\/image\/"}},{"@type":"WebSite","@id":"https:\/\/www.ucat.edu.ve\/web\/#website","url":"https:\/\/www.ucat.edu.ve\/web\/","name":"Universidad Cat\u00f3lica del T\u00e1chira","description":"","publisher":{"@id":"https:\/\/www.ucat.edu.ve\/web\/#organization"},"potentialAction":[{"@type":"SearchAction","target":{"@type":"EntryPoint","urlTemplate":"https:\/\/www.ucat.edu.ve\/web\/?s={search_term_string}"},"query-input":"required name=search_term_string"}],"inLanguage":"es-ES"},{"@type":"ImageObject","inLanguage":"es-ES","@id":"https:\/\/www.ucat.edu.ve\/web\/embajador-de-suiza-realiza-visita-institucional-a-la-ucat\/#primaryimage","url":"https:\/\/www.ucat.edu.ve\/web\/wp-content\/uploads\/2025\/05\/Noticias.png","contentUrl":"https:\/\/www.ucat.edu.ve\/web\/wp-content\/uploads\/2025\/05\/Noticias.png","width":1086,"height":671},{"@type":"WebPage","@id":"https:\/\/www.ucat.edu.ve\/web\/embajador-de-suiza-realiza-visita-institucional-a-la-ucat\/#webpage","url":"https:\/\/www.ucat.edu.ve\/web\/embajador-de-suiza-realiza-visita-institucional-a-la-ucat\/","name":"Embajador de Suiza realiza visita institucional a la UCAT - Universidad Cat\u00f3lica del T\u00e1chira","isPartOf":{"@id":"https:\/\/www.ucat.edu.ve\/web\/#website"},"primaryImageOfPage":{"@id":"https:\/\/www.ucat.edu.ve\/web\/embajador-de-suiza-realiza-visita-institucional-a-la-ucat\/#primaryimage"},"datePublished":"2025-05-08T12:34:16+00:00","dateModified":"2025-05-08T12:34:16+00:00","breadcrumb":{"@id":"https:\/\/www.ucat.edu.ve\/web\/embajador-de-suiza-realiza-visita-institucional-a-la-ucat\/#breadcrumb"},"inLanguage":"es-ES","potentialAction":[{"@type":"ReadAction","target":["https:\/\/www.ucat.edu.ve\/web\/embajador-de-suiza-realiza-visita-institucional-a-la-ucat\/"]}]},{"@type":"BreadcrumbList","@id":"https:\/\/www.ucat.edu.ve\/web\/embajador-de-suiza-realiza-visita-institucional-a-la-ucat\/#breadcrumb","itemListElement":[{"@type":"ListItem","position":1,"name":"Home","item":"https:\/\/www.ucat.edu.ve\/web\/"},{"@type":"ListItem","position":2,"name":"Embajador de Suiza realiza visita institucional a la UCAT"}]},{"@type":"Article","@id":"https:\/\/www.ucat.edu.ve\/web\/embajador-de-suiza-realiza-visita-institucional-a-la-ucat\/#article","isPartOf":{"@id":"https:\/\/www.ucat.edu.ve\/web\/embajador-de-suiza-realiza-visita-institucional-a-la-ucat\/#webpage"},"author":{"name":"Secretaria General","@id":"https:\/\/www.ucat.edu.ve\/web\/#\/schema\/person\/e90fe655adf97bd5c1dbc608855d16cf"},"headline":"Embajador de Suiza realiza visita institucional a la UCAT","datePublished":"2025-05-08T12:34:16+00:00","dateModified":"2025-05-08T12:34:16+00:00","mainEntityOfPage":{"@id":"https:\/\/www.ucat.edu.ve\/web\/embajador-de-suiza-realiza-visita-institucional-a-la-ucat\/#webpage"},"wordCount":320,"publisher":{"@id":"https:\/\/www.ucat.edu.ve\/web\/#organization"},"image":{"@id":"https:\/\/www.ucat.edu.ve\/web\/embajador-de-suiza-realiza-visita-institucional-a-la-ucat\/#primaryimage"},"thumbnailUrl":"https:\/\/www.ucat.edu.ve\/web\/wp-content\/uploads\/2025\/05\/Noticias.png","articleSection":["Noticias"],"inLanguage":"es-ES"},{"@type":"Person","@id":"https:\/\/www.ucat.edu.ve\/web\/#\/schema\/person\/e90fe655adf97bd5c1dbc608855d16cf","name":"Secretaria General","url":"https:\/\/www.ucat.edu.ve\/web\/author\/secgeucat\/"}]}},"_links":{"self":[{"href":"https:\/\/www.ucat.edu.ve\/web\/wp-json\/wp\/v2\/posts\/14205"}],"collection":[{"href":"https:\/\/www.ucat.edu.ve\/web\/wp-json\/wp\/v2\/posts"}],"about":[{"href":"https:\/\/www.ucat.edu.ve\/web\/wp-json\/wp\/v2\/types\/post"}],"author":[{"embeddable":true,"href":"https:\/\/www.ucat.edu.ve\/web\/wp-json\/wp\/v2\/users\/23"}],"replies":[{"embeddable":true,"href":"https:\/\/www.ucat.edu.ve\/web\/wp-json\/wp\/v2\/comments?post=14205"}],"version-history":[{"count":1,"href":"https:\/\/www.ucat.edu.ve\/web\/wp-json\/wp\/v2\/posts\/14205\/revisions"}],"predecessor-version":[{"id":14207,"href":"https:\/\/www.ucat.edu.ve\/web\/wp-json\/wp\/v2\/posts\/14205\/revisions\/14207"}],"wp:featuredmedia":[{"embeddable":true,"href":"https:\/\/www.ucat.edu.ve\/web\/wp-json\/wp\/v2\/media\/14206"}],"wp:attachment":[{"href":"https:\/\/www.ucat.edu.ve\/web\/wp-json\/wp\/v2\/media?parent=14205"}],"wp:term":[{"taxonomy":"category","embeddable":true,"href":"https:\/\/www.ucat.edu.ve\/web\/wp-json\/wp\/v2\/categories?post=14205"},{"taxonomy":"post_tag","embeddable":true,"href":"https:\/\/www.ucat.edu.ve\/web\/wp-json\/wp\/v2\/tags?post=14205"}],"curies":[{"name":"wp","href":"https:\/\/api.w.org\/{rel}","templated":true}]}}