 {"id":14208,"date":"2025-05-08T14:31:59","date_gmt":"2025-05-08T14:31:59","guid":{"rendered":"https:\/\/www.ucat.edu.ve\/web\/?p=14208"},"modified":"2025-05-08T14:32:44","modified_gmt":"2025-05-08T14:32:44","slug":"pastoral-familiar-y-apostolados-analizan-el-impacto-social-de-la-familia-en-tachira","status":"publish","type":"post","link":"https:\/\/www.ucat.edu.ve\/web\/pastoral-familiar-y-apostolados-analizan-el-impacto-social-de-la-familia-en-tachira\/","title":{"rendered":"Pastoral Familiar y apostolados analizan el impacto social de la familia en T\u00e1chira."},"content":{"rendered":"<p style=\"text-align: center\"><img loading=\"lazy\" class=\"alignnone size-medium wp-image-14209\" src=\"https:\/\/www.ucat.edu.ve\/web\/wp-content\/uploads\/2025\/05\/Noticias-Pastoral-Familiar-y-apostolados-analizan-el-impacto-social-de-la-familia-en-Tachira.-521x322.png\" alt=\"\" width=\"521\" height=\"322\" srcset=\"https:\/\/www.ucat.edu.ve\/web\/wp-content\/uploads\/2025\/05\/Noticias-Pastoral-Familiar-y-apostolados-analizan-el-impacto-social-de-la-familia-en-Tachira.-521x322.png 521w, https:\/\/www.ucat.edu.ve\/web\/wp-content\/uploads\/2025\/05\/Noticias-Pastoral-Familiar-y-apostolados-analizan-el-impacto-social-de-la-familia-en-Tachira.-340x210.png 340w, https:\/\/www.ucat.edu.ve\/web\/wp-content\/uploads\/2025\/05\/Noticias-Pastoral-Familiar-y-apostolados-analizan-el-impacto-social-de-la-familia-en-Tachira..png 1086w\" sizes=\"(max-width: 521px) 100vw, 521px\" \/><\/p>\n<p style=\"text-align: justify\">La Universidad Cat\u00f3lica del T\u00e1chira (UCAT) contin\u00faa con su Semana de la Doctrina Social de la Iglesia, poniendo el valor social de la familia en el centro de la reflexi\u00f3n.<\/p>\n<p style=\"text-align: justify\">La jornada se desarroll\u00f3 en la Parroquia Nuestra Se\u00f1ora del Rosario, en La Concordia, donde se congregaron miembros de diversos grupos de apostolado, especialmente de la Pastoral Familiar y la Hermandad de Ema\u00fas. La apertura estuvo a cargo del seminarista Diego Jauregui, quien destac\u00f3 la importancia de estudiar la Doctrina Social de la Iglesia (DSI) como fuente de respuestas para los desaf\u00edos sociales. \u201cEntre estas realidades encontramos la pobreza, la migraci\u00f3n y el aborto, una situaci\u00f3n que atenta contra la vida y, por ende, contra la dignidad\u201d, subray\u00f3.<\/p>\n<p style=\"text-align: justify\">\nEl docente Jhonny Zambrano, especialista en Doctrina Social, enfatiz\u00f3 el papel fundamental de la familia como espacio primario de humanizaci\u00f3n, donde se aprende a ser persona y se adquieren virtudes esenciales para la vida. \u201cLa familia es educadora, forma al hombre en la plenitud de su dignidad, transmite valores culturales, \u00e9ticos, sociales y espirituales, y fomenta las virtudes necesarias para la convivencia\u201d, explic\u00f3 Zambrano.<\/p>\n<p style=\"text-align: justify\">Durante la jornada, los asistentes participaron en un espacio de di\u00e1logo y reflexi\u00f3n, abordando preguntas claves sobre la migraci\u00f3n y su impacto en el valor social de la familia en T\u00e1chira, as\u00ed como los factores que han influido en los cambios de la estructura familiar en la regi\u00f3n.<\/p>\n<p style=\"text-align: justify\">El Pbro. Jean Carlos Medina agradeci\u00f3 la participaci\u00f3n y el compromiso de los asistentes, resaltando que la UCAT sigue apostando por la formaci\u00f3n y el acompa\u00f1amiento de la comunidad mediante estos espacios de aprendizaje.<\/p>\n<p style=\"text-align: justify\">Al cierre del encuentro, Tamary Gonz\u00e1lez, coordinadora de la Pastoral Familiar de la parroquia Nuestra Se\u00f1ora del Carmen \u2013 La Concordia, destac\u00f3 la urgencia de fortalecer la familia en la sociedad actual. \u201cHemos vivido una jornada enriquecedora, en la que reafirmamos que la familia es la c\u00e9lula fundamental de la sociedad y, por ello, debemos trabajar en su recuperaci\u00f3n\u201d, afirm\u00f3.<\/p>\n<p style=\"text-align: justify\">El cuarto d\u00eda de actividades se llevar\u00e1 a cabo en la Parroquia Padre Misericordioso, en la zona metropolitana, a las 6:30 p.m., con la participaci\u00f3n de las comunidades parroquiales del Arciprestazgo San Pedro.<\/p>\n<p><strong>(PrensaUCAT)<\/strong><\/p>\n","protected":false},"excerpt":{"rendered":"<p>La Universidad Cat\u00f3lica del T\u00e1chira (UCAT) contin\u00faa con su Semana de la Doctrina Social de la Iglesia, poniendo el valor social de la familia en el centro de la reflexi\u00f3n. La jornada se desarroll\u00f3 en la Parroquia Nuestra Se\u00f1ora del Rosario, en La Concordia, donde se congregaron miembros de diversos grupos de apostolado, especialmente de<\/p>\n","protected":false},"author":23,"featured_media":14209,"comment_status":"closed","ping_status":"closed","sticky":false,"template":"","format":"standard","meta":[],"categories":[3],"tags":[],"yoast_head":"<!-- This site is optimized with the Yoast SEO plugin v19.2 - https:\/\/yoast.com\/wordpress\/plugins\/seo\/ -->\n<title>Pastoral Familiar y apostolados analizan el impacto social de la familia en T\u00e1chira. - Universidad Cat\u00f3lica del T\u00e1chira<\/title>\n<meta name=\"robots\" content=\"index, follow, max-snippet:-1, max-image-preview:large, max-video-preview:-1\" \/>\n<link rel=\"canonical\" href=\"https:\/\/www.ucat.edu.ve\/web\/pastoral-familiar-y-apostolados-analizan-el-impacto-social-de-la-familia-en-tachira\/\" \/>\n<meta property=\"og:locale\" content=\"es_ES\" \/>\n<meta property=\"og:type\" content=\"article\" \/>\n<meta property=\"og:title\" content=\"Pastoral Familiar y apostolados analizan el impacto social de la familia en T\u00e1chira. - Universidad Cat\u00f3lica del T\u00e1chira\" \/>\n<meta property=\"og:description\" content=\"La Universidad Cat\u00f3lica del T\u00e1chira (UCAT) contin\u00faa con su Semana de la Doctrina Social de la Iglesia, poniendo el valor social de la familia en el centro de la reflexi\u00f3n. La jornada se desarroll\u00f3 en la Parroquia Nuestra Se\u00f1ora del Rosario, en La Concordia, donde se congregaron miembros de diversos grupos de apostolado, especialmente de\" \/>\n<meta property=\"og:url\" content=\"https:\/\/www.ucat.edu.ve\/web\/pastoral-familiar-y-apostolados-analizan-el-impacto-social-de-la-familia-en-tachira\/\" \/>\n<meta property=\"og:site_name\" content=\"Universidad Cat\u00f3lica del T\u00e1chira\" \/>\n<meta property=\"article:publisher\" content=\"https:\/\/www.facebook.com\/notiucat\/\" \/>\n<meta property=\"article:published_time\" content=\"2025-05-08T14:31:59+00:00\" \/>\n<meta property=\"article:modified_time\" content=\"2025-05-08T14:32:44+00:00\" \/>\n<meta property=\"og:image\" content=\"https:\/\/www.ucat.edu.ve\/web\/wp-content\/uploads\/2025\/05\/Noticias-Pastoral-Familiar-y-apostolados-analizan-el-impacto-social-de-la-familia-en-Tachira..png\" \/>\n\t<meta property=\"og:image:width\" content=\"1086\" \/>\n\t<meta property=\"og:image:height\" content=\"671\" \/>\n\t<meta property=\"og:image:type\" content=\"image\/png\" \/>\n<meta name=\"author\" content=\"Secretaria General\" \/>\n<meta name=\"twitter:card\" content=\"summary_large_image\" \/>\n<meta name=\"twitter:creator\" content=\"@notiucat\" \/>\n<meta name=\"twitter:site\" content=\"@notiucat\" \/>\n<meta name=\"twitter:label1\" content=\"Written by\" \/>\n\t<meta name=\"twitter:data1\" content=\"Secretaria General\" \/>\n\t<meta name=\"twitter:label2\" content=\"Est. reading time\" \/>\n\t<meta name=\"twitter:data2\" content=\"2 minutos\" \/>\n<script type=\"application\/ld+json\" class=\"yoast-schema-graph\">{\"@context\":\"https:\/\/schema.org\",\"@graph\":[{\"@type\":\"Organization\",\"@id\":\"https:\/\/www.ucat.edu.ve\/web\/#organization\",\"name\":\"Universidad Cat\u00f3lica Del T\u00e1chira UCAT\",\"url\":\"https:\/\/www.ucat.edu.ve\/web\/\",\"sameAs\":[\"https:\/\/www.instagram.com\/notiucat\/\",\"https:\/\/www.youtube.com\/channel\/UCwEbYSB1R9fzlII-8dcxuYA?view_as=subscriber\",\"https:\/\/www.facebook.com\/notiucat\/\",\"https:\/\/twitter.com\/notiucat\"],\"logo\":{\"@type\":\"ImageObject\",\"inLanguage\":\"es-ES\",\"@id\":\"https:\/\/www.ucat.edu.ve\/web\/#\/schema\/logo\/image\/\",\"url\":\"https:\/\/www.ucat.edu.ve\/web\/wp-content\/uploads\/2015\/07\/logoucat.gif\",\"contentUrl\":\"https:\/\/www.ucat.edu.ve\/web\/wp-content\/uploads\/2015\/07\/logoucat.gif\",\"width\":219,\"height\":155,\"caption\":\"Universidad Cat\u00f3lica Del T\u00e1chira UCAT\"},\"image\":{\"@id\":\"https:\/\/www.ucat.edu.ve\/web\/#\/schema\/logo\/image\/\"}},{\"@type\":\"WebSite\",\"@id\":\"https:\/\/www.ucat.edu.ve\/web\/#website\",\"url\":\"https:\/\/www.ucat.edu.ve\/web\/\",\"name\":\"Universidad Cat\u00f3lica del T\u00e1chira\",\"description\":\"\",\"publisher\":{\"@id\":\"https:\/\/www.ucat.edu.ve\/web\/#organization\"},\"potentialAction\":[{\"@type\":\"SearchAction\",\"target\":{\"@type\":\"EntryPoint\",\"urlTemplate\":\"https:\/\/www.ucat.edu.ve\/web\/?s={search_term_string}\"},\"query-input\":\"required name=search_term_string\"}],\"inLanguage\":\"es-ES\"},{\"@type\":\"ImageObject\",\"inLanguage\":\"es-ES\",\"@id\":\"https:\/\/www.ucat.edu.ve\/web\/pastoral-familiar-y-apostolados-analizan-el-impacto-social-de-la-familia-en-tachira\/#primaryimage\",\"url\":\"https:\/\/www.ucat.edu.ve\/web\/wp-content\/uploads\/2025\/05\/Noticias-Pastoral-Familiar-y-apostolados-analizan-el-impacto-social-de-la-familia-en-Tachira..png\",\"contentUrl\":\"https:\/\/www.ucat.edu.ve\/web\/wp-content\/uploads\/2025\/05\/Noticias-Pastoral-Familiar-y-apostolados-analizan-el-impacto-social-de-la-familia-en-Tachira..png\",\"width\":1086,\"height\":671},{\"@type\":\"WebPage\",\"@id\":\"https:\/\/www.ucat.edu.ve\/web\/pastoral-familiar-y-apostolados-analizan-el-impacto-social-de-la-familia-en-tachira\/#webpage\",\"url\":\"https:\/\/www.ucat.edu.ve\/web\/pastoral-familiar-y-apostolados-analizan-el-impacto-social-de-la-familia-en-tachira\/\",\"name\":\"Pastoral Familiar y apostolados analizan el impacto social de la familia en T\u00e1chira. - Universidad Cat\u00f3lica del T\u00e1chira\",\"isPartOf\":{\"@id\":\"https:\/\/www.ucat.edu.ve\/web\/#website\"},\"primaryImageOfPage\":{\"@id\":\"https:\/\/www.ucat.edu.ve\/web\/pastoral-familiar-y-apostolados-analizan-el-impacto-social-de-la-familia-en-tachira\/#primaryimage\"},\"datePublished\":\"2025-05-08T14:31:59+00:00\",\"dateModified\":\"2025-05-08T14:32:44+00:00\",\"breadcrumb\":{\"@id\":\"https:\/\/www.ucat.edu.ve\/web\/pastoral-familiar-y-apostolados-analizan-el-impacto-social-de-la-familia-en-tachira\/#breadcrumb\"},\"inLanguage\":\"es-ES\",\"potentialAction\":[{\"@type\":\"ReadAction\",\"target\":[\"https:\/\/www.ucat.edu.ve\/web\/pastoral-familiar-y-apostolados-analizan-el-impacto-social-de-la-familia-en-tachira\/\"]}]},{\"@type\":\"BreadcrumbList\",\"@id\":\"https:\/\/www.ucat.edu.ve\/web\/pastoral-familiar-y-apostolados-analizan-el-impacto-social-de-la-familia-en-tachira\/#breadcrumb\",\"itemListElement\":[{\"@type\":\"ListItem\",\"position\":1,\"name\":\"Home\",\"item\":\"https:\/\/www.ucat.edu.ve\/web\/\"},{\"@type\":\"ListItem\",\"position\":2,\"name\":\"Pastoral Familiar y apostolados analizan el impacto social de la familia en T\u00e1chira.\"}]},{\"@type\":\"Article\",\"@id\":\"https:\/\/www.ucat.edu.ve\/web\/pastoral-familiar-y-apostolados-analizan-el-impacto-social-de-la-familia-en-tachira\/#article\",\"isPartOf\":{\"@id\":\"https:\/\/www.ucat.edu.ve\/web\/pastoral-familiar-y-apostolados-analizan-el-impacto-social-de-la-familia-en-tachira\/#webpage\"},\"author\":{\"name\":\"Secretaria General\",\"@id\":\"https:\/\/www.ucat.edu.ve\/web\/#\/schema\/person\/e90fe655adf97bd5c1dbc608855d16cf\"},\"headline\":\"Pastoral Familiar y apostolados analizan el impacto social de la familia en T\u00e1chira.\",\"datePublished\":\"2025-05-08T14:31:59+00:00\",\"dateModified\":\"2025-05-08T14:32:44+00:00\",\"mainEntityOfPage\":{\"@id\":\"https:\/\/www.ucat.edu.ve\/web\/pastoral-familiar-y-apostolados-analizan-el-impacto-social-de-la-familia-en-tachira\/#webpage\"},\"wordCount\":395,\"publisher\":{\"@id\":\"https:\/\/www.ucat.edu.ve\/web\/#organization\"},\"image\":{\"@id\":\"https:\/\/www.ucat.edu.ve\/web\/pastoral-familiar-y-apostolados-analizan-el-impacto-social-de-la-familia-en-tachira\/#primaryimage\"},\"thumbnailUrl\":\"https:\/\/www.ucat.edu.ve\/web\/wp-content\/uploads\/2025\/05\/Noticias-Pastoral-Familiar-y-apostolados-analizan-el-impacto-social-de-la-familia-en-Tachira..png\",\"articleSection\":[\"Noticias\"],\"inLanguage\":\"es-ES\"},{\"@type\":\"Person\",\"@id\":\"https:\/\/www.ucat.edu.ve\/web\/#\/schema\/person\/e90fe655adf97bd5c1dbc608855d16cf\",\"name\":\"Secretaria General\",\"url\":\"https:\/\/www.ucat.edu.ve\/web\/author\/secgeucat\/\"}]}<\/script>\n<!-- \/ Yoast SEO plugin. -->","yoast_head_json":{"title":"Pastoral Familiar y apostolados analizan el impacto social de la familia en T\u00e1chira. - Universidad Cat\u00f3lica del T\u00e1chira","robots":{"index":"index","follow":"follow","max-snippet":"max-snippet:-1","max-image-preview":"max-image-preview:large","max-video-preview":"max-video-preview:-1"},"canonical":"https:\/\/www.ucat.edu.ve\/web\/pastoral-familiar-y-apostolados-analizan-el-impacto-social-de-la-familia-en-tachira\/","og_locale":"es_ES","og_type":"article","og_title":"Pastoral Familiar y apostolados analizan el impacto social de la familia en T\u00e1chira. - Universidad Cat\u00f3lica del T\u00e1chira","og_description":"La Universidad Cat\u00f3lica del T\u00e1chira (UCAT) contin\u00faa con su Semana de la Doctrina Social de la Iglesia, poniendo el valor social de la familia en el centro de la reflexi\u00f3n. La jornada se desarroll\u00f3 en la Parroquia Nuestra Se\u00f1ora del Rosario, en La Concordia, donde se congregaron miembros de diversos grupos de apostolado, especialmente de","og_url":"https:\/\/www.ucat.edu.ve\/web\/pastoral-familiar-y-apostolados-analizan-el-impacto-social-de-la-familia-en-tachira\/","og_site_name":"Universidad Cat\u00f3lica del T\u00e1chira","article_publisher":"https:\/\/www.facebook.com\/notiucat\/","article_published_time":"2025-05-08T14:31:59+00:00","article_modified_time":"2025-05-08T14:32:44+00:00","og_image":[{"width":1086,"height":671,"url":"https:\/\/www.ucat.edu.ve\/web\/wp-content\/uploads\/2025\/05\/Noticias-Pastoral-Familiar-y-apostolados-analizan-el-impacto-social-de-la-familia-en-Tachira..png","type":"image\/png"}],"author":"Secretaria General","twitter_card":"summary_large_image","twitter_creator":"@notiucat","twitter_site":"@notiucat","twitter_misc":{"Written by":"Secretaria General","Est. reading time":"2 minutos"},"schema":{"@context":"https:\/\/schema.org","@graph":[{"@type":"Organization","@id":"https:\/\/www.ucat.edu.ve\/web\/#organization","name":"Universidad Cat\u00f3lica Del T\u00e1chira UCAT","url":"https:\/\/www.ucat.edu.ve\/web\/","sameAs":["https:\/\/www.instagram.com\/notiucat\/","https:\/\/www.youtube.com\/channel\/UCwEbYSB1R9fzlII-8dcxuYA?view_as=subscriber","https:\/\/www.facebook.com\/notiucat\/","https:\/\/twitter.com\/notiucat"],"logo":{"@type":"ImageObject","inLanguage":"es-ES","@id":"https:\/\/www.ucat.edu.ve\/web\/#\/schema\/logo\/image\/","url":"https:\/\/www.ucat.edu.ve\/web\/wp-content\/uploads\/2015\/07\/logoucat.gif","contentUrl":"https:\/\/www.ucat.edu.ve\/web\/wp-content\/uploads\/2015\/07\/logoucat.gif","width":219,"height":155,"caption":"Universidad Cat\u00f3lica Del T\u00e1chira UCAT"},"image":{"@id":"https:\/\/www.ucat.edu.ve\/web\/#\/schema\/logo\/image\/"}},{"@type":"WebSite","@id":"https:\/\/www.ucat.edu.ve\/web\/#website","url":"https:\/\/www.ucat.edu.ve\/web\/","name":"Universidad Cat\u00f3lica del T\u00e1chira","description":"","publisher":{"@id":"https:\/\/www.ucat.edu.ve\/web\/#organization"},"potentialAction":[{"@type":"SearchAction","target":{"@type":"EntryPoint","urlTemplate":"https:\/\/www.ucat.edu.ve\/web\/?s={search_term_string}"},"query-input":"required name=search_term_string"}],"inLanguage":"es-ES"},{"@type":"ImageObject","inLanguage":"es-ES","@id":"https:\/\/www.ucat.edu.ve\/web\/pastoral-familiar-y-apostolados-analizan-el-impacto-social-de-la-familia-en-tachira\/#primaryimage","url":"https:\/\/www.ucat.edu.ve\/web\/wp-content\/uploads\/2025\/05\/Noticias-Pastoral-Familiar-y-apostolados-analizan-el-impacto-social-de-la-familia-en-Tachira..png","contentUrl":"https:\/\/www.ucat.edu.ve\/web\/wp-content\/uploads\/2025\/05\/Noticias-Pastoral-Familiar-y-apostolados-analizan-el-impacto-social-de-la-familia-en-Tachira..png","width":1086,"height":671},{"@type":"WebPage","@id":"https:\/\/www.ucat.edu.ve\/web\/pastoral-familiar-y-apostolados-analizan-el-impacto-social-de-la-familia-en-tachira\/#webpage","url":"https:\/\/www.ucat.edu.ve\/web\/pastoral-familiar-y-apostolados-analizan-el-impacto-social-de-la-familia-en-tachira\/","name":"Pastoral Familiar y apostolados analizan el impacto social de la familia en T\u00e1chira. - Universidad Cat\u00f3lica del T\u00e1chira","isPartOf":{"@id":"https:\/\/www.ucat.edu.ve\/web\/#website"},"primaryImageOfPage":{"@id":"https:\/\/www.ucat.edu.ve\/web\/pastoral-familiar-y-apostolados-analizan-el-impacto-social-de-la-familia-en-tachira\/#primaryimage"},"datePublished":"2025-05-08T14:31:59+00:00","dateModified":"2025-05-08T14:32:44+00:00","breadcrumb":{"@id":"https:\/\/www.ucat.edu.ve\/web\/pastoral-familiar-y-apostolados-analizan-el-impacto-social-de-la-familia-en-tachira\/#breadcrumb"},"inLanguage":"es-ES","potentialAction":[{"@type":"ReadAction","target":["https:\/\/www.ucat.edu.ve\/web\/pastoral-familiar-y-apostolados-analizan-el-impacto-social-de-la-familia-en-tachira\/"]}]},{"@type":"BreadcrumbList","@id":"https:\/\/www.ucat.edu.ve\/web\/pastoral-familiar-y-apostolados-analizan-el-impacto-social-de-la-familia-en-tachira\/#breadcrumb","itemListElement":[{"@type":"ListItem","position":1,"name":"Home","item":"https:\/\/www.ucat.edu.ve\/web\/"},{"@type":"ListItem","position":2,"name":"Pastoral Familiar y apostolados analizan el impacto social de la familia en T\u00e1chira."}]},{"@type":"Article","@id":"https:\/\/www.ucat.edu.ve\/web\/pastoral-familiar-y-apostolados-analizan-el-impacto-social-de-la-familia-en-tachira\/#article","isPartOf":{"@id":"https:\/\/www.ucat.edu.ve\/web\/pastoral-familiar-y-apostolados-analizan-el-impacto-social-de-la-familia-en-tachira\/#webpage"},"author":{"name":"Secretaria General","@id":"https:\/\/www.ucat.edu.ve\/web\/#\/schema\/person\/e90fe655adf97bd5c1dbc608855d16cf"},"headline":"Pastoral Familiar y apostolados analizan el impacto social de la familia en T\u00e1chira.","datePublished":"2025-05-08T14:31:59+00:00","dateModified":"2025-05-08T14:32:44+00:00","mainEntityOfPage":{"@id":"https:\/\/www.ucat.edu.ve\/web\/pastoral-familiar-y-apostolados-analizan-el-impacto-social-de-la-familia-en-tachira\/#webpage"},"wordCount":395,"publisher":{"@id":"https:\/\/www.ucat.edu.ve\/web\/#organization"},"image":{"@id":"https:\/\/www.ucat.edu.ve\/web\/pastoral-familiar-y-apostolados-analizan-el-impacto-social-de-la-familia-en-tachira\/#primaryimage"},"thumbnailUrl":"https:\/\/www.ucat.edu.ve\/web\/wp-content\/uploads\/2025\/05\/Noticias-Pastoral-Familiar-y-apostolados-analizan-el-impacto-social-de-la-familia-en-Tachira..png","articleSection":["Noticias"],"inLanguage":"es-ES"},{"@type":"Person","@id":"https:\/\/www.ucat.edu.ve\/web\/#\/schema\/person\/e90fe655adf97bd5c1dbc608855d16cf","name":"Secretaria General","url":"https:\/\/www.ucat.edu.ve\/web\/author\/secgeucat\/"}]}},"_links":{"self":[{"href":"https:\/\/www.ucat.edu.ve\/web\/wp-json\/wp\/v2\/posts\/14208"}],"collection":[{"href":"https:\/\/www.ucat.edu.ve\/web\/wp-json\/wp\/v2\/posts"}],"about":[{"href":"https:\/\/www.ucat.edu.ve\/web\/wp-json\/wp\/v2\/types\/post"}],"author":[{"embeddable":true,"href":"https:\/\/www.ucat.edu.ve\/web\/wp-json\/wp\/v2\/users\/23"}],"replies":[{"embeddable":true,"href":"https:\/\/www.ucat.edu.ve\/web\/wp-json\/wp\/v2\/comments?post=14208"}],"version-history":[{"count":2,"href":"https:\/\/www.ucat.edu.ve\/web\/wp-json\/wp\/v2\/posts\/14208\/revisions"}],"predecessor-version":[{"id":14211,"href":"https:\/\/www.ucat.edu.ve\/web\/wp-json\/wp\/v2\/posts\/14208\/revisions\/14211"}],"wp:featuredmedia":[{"embeddable":true,"href":"https:\/\/www.ucat.edu.ve\/web\/wp-json\/wp\/v2\/media\/14209"}],"wp:attachment":[{"href":"https:\/\/www.ucat.edu.ve\/web\/wp-json\/wp\/v2\/media?parent=14208"}],"wp:term":[{"taxonomy":"category","embeddable":true,"href":"https:\/\/www.ucat.edu.ve\/web\/wp-json\/wp\/v2\/categories?post=14208"},{"taxonomy":"post_tag","embeddable":true,"href":"https:\/\/www.ucat.edu.ve\/web\/wp-json\/wp\/v2\/tags?post=14208"}],"curies":[{"name":"wp","href":"https:\/\/api.w.org\/{rel}","templated":true}]}}