 {"id":15413,"date":"2026-01-19T16:57:21","date_gmt":"2026-01-19T16:57:21","guid":{"rendered":"https:\/\/www.ucat.edu.ve\/web\/?p=15413"},"modified":"2026-01-19T17:48:05","modified_gmt":"2026-01-19T17:48:05","slug":"profesor-de-la-ucat-integra-nueva-directiva-de-la-asociacion-venezolana-de-derecho-administrativo-aveda","status":"publish","type":"post","link":"https:\/\/www.ucat.edu.ve\/web\/profesor-de-la-ucat-integra-nueva-directiva-de-la-asociacion-venezolana-de-derecho-administrativo-aveda\/","title":{"rendered":"Profesor e Investigador de la UCAT integra nueva directiva de la Asociaci\u00f3n Venezolana de Derecho Administrativo (AVEDA)"},"content":{"rendered":"<p style=\"text-align: center\" data-path-to-node=\"3\"><img loading=\"lazy\" class=\"alignnone size-medium wp-image-15419\" src=\"https:\/\/www.ucat.edu.ve\/web\/wp-content\/uploads\/2026\/01\/Noticias-UCAT-integra-nueva-directiva-de-la-Asociacion-Venezolana-de-Derecho-Administrativo-AVEDA-521x322.png\" alt=\"\" width=\"521\" height=\"322\" srcset=\"https:\/\/www.ucat.edu.ve\/web\/wp-content\/uploads\/2026\/01\/Noticias-UCAT-integra-nueva-directiva-de-la-Asociacion-Venezolana-de-Derecho-Administrativo-AVEDA-521x322.png 521w, https:\/\/www.ucat.edu.ve\/web\/wp-content\/uploads\/2026\/01\/Noticias-UCAT-integra-nueva-directiva-de-la-Asociacion-Venezolana-de-Derecho-Administrativo-AVEDA-340x210.png 340w, https:\/\/www.ucat.edu.ve\/web\/wp-content\/uploads\/2026\/01\/Noticias-UCAT-integra-nueva-directiva-de-la-Asociacion-Venezolana-de-Derecho-Administrativo-AVEDA.png 1086w\" sizes=\"(max-width: 521px) 100vw, 521px\" \/><\/p>\n<p style=\"text-align: justify\" data-path-to-node=\"3\">La academia tachirense alcanza una nueva distinci\u00f3n en el \u00e1mbito jur\u00eddico nacional. El Dr. Mauricio Pern\u00eda-Reyes, destacado profesor e investigador de la Universidad Cat\u00f3lica del T\u00e1chira (UCAT), ha sido electo como miembro principal del Consejo Directivo de la Asociaci\u00f3n Venezolana de Derecho Administrativo (AVEDA) para el per\u00edodo 2026-2027.<\/p>\n<p style=\"text-align: left\" data-path-to-node=\"4\">La elecci\u00f3n se llev\u00f3 a cabo durante la Asamblea General de la instituci\u00f3n el pasado 16 de enero de 2026. En esta nueva etapa, el Dr. Pern\u00eda-Reyes desempe\u00f1ar\u00e1 el cargo de vocal principal, aportando su experiencia acad\u00e9mica y de investigaci\u00f3n a una de las organizaciones jur\u00eddicas m\u00e1s prestigiosas del pa\u00eds.<\/p>\n<p style=\"text-align: left\" data-path-to-node=\"5\"><b data-path-to-node=\"5\" data-index-in-node=\"0\">Liderazgo y Excelencia Acad\u00e9mica<\/b><\/p>\n<p style=\"text-align: left\" data-path-to-node=\"6\">El nuevo Consejo Directivo de AVEDA para el bienio 2026-2027 queda conformado por un equipo de reconocidos juristas:<\/p>\n<ul style=\"text-align: left\" data-path-to-node=\"7\">\n<li>\n<p data-path-to-node=\"7,0,0\"><b data-path-to-node=\"7,0,0\" data-index-in-node=\"0\">Presidencia:<\/b> Dra. Mar\u00eda Amparo Grau.<\/p>\n<\/li>\n<li>\n<p data-path-to-node=\"7,1,0\"><b data-path-to-node=\"7,1,0\" data-index-in-node=\"0\">Vicepresidencia:<\/b> Dra. Flavia Pesci-Feltri.<\/p>\n<\/li>\n<li>\n<p data-path-to-node=\"7,2,0\"><b data-path-to-node=\"7,2,0\" data-index-in-node=\"0\">Vocal\u00eda Principal:<\/b> Dr. Mauricio Pern\u00eda-Reyes.<\/p>\n<\/li>\n<\/ul>\n<p style=\"text-align: justify\" data-path-to-node=\"8\">La incorporaci\u00f3n del profesor Pern\u00eda-Reyes a la directiva de AVEDA no solo representa un logro personal, sino que reafirma el posicionamiento de la UCAT como un referente en el estudio del Derecho P\u00fablico y la formaci\u00f3n de investigadores de alto nivel en Venezuela.<\/p>\n<p style=\"text-align: left\" data-path-to-node=\"9\"><b data-path-to-node=\"9\" data-index-in-node=\"0\">Sobre AVEDA<\/b><\/p>\n<p style=\"text-align: justify\" data-path-to-node=\"10\">Fundada en Caracas en 1968, la Asociaci\u00f3n Venezolana de Derecho Administrativo tiene una trayectoria hist\u00f3rica de casi seis d\u00e9cadas. Sus bases fueron establecidas por figuras ilustres del derecho venezolano, como su primer presidente, el profesor Antonio Moles Caubet, y su primer secretario, el Dr. Allan Brewer-Car\u00edas.<\/p>\n<p style=\"text-align: justify\" data-path-to-node=\"11\">El objeto fundamental de AVEDA es agrupar a los profesionales universitarios especializados en el \u00e1rea, promoviendo de manera constante el estudio, la investigaci\u00f3n, la actualizaci\u00f3n y la divulgaci\u00f3n de los diversos aspectos que integran la disciplina del Derecho Administrativo en la naci\u00f3n.<\/p>\n<p data-path-to-node=\"11\"><strong>(PrensaUCAT)<\/strong><\/p>\n","protected":false},"excerpt":{"rendered":"<p>La academia tachirense alcanza una nueva distinci\u00f3n en el \u00e1mbito jur\u00eddico nacional. El Dr. Mauricio Pern\u00eda-Reyes, destacado profesor e investigador de la Universidad Cat\u00f3lica del T\u00e1chira (UCAT), ha sido electo como miembro principal del Consejo Directivo de la Asociaci\u00f3n Venezolana de Derecho Administrativo (AVEDA) para el per\u00edodo 2026-2027. La elecci\u00f3n se llev\u00f3 a cabo durante<\/p>\n","protected":false},"author":23,"featured_media":15419,"comment_status":"closed","ping_status":"closed","sticky":false,"template":"","format":"standard","meta":[],"categories":[3],"tags":[],"yoast_head":"<!-- This site is optimized with the Yoast SEO plugin v19.2 - https:\/\/yoast.com\/wordpress\/plugins\/seo\/ -->\n<title>Profesor e Investigador de la UCAT integra nueva directiva de la Asociaci\u00f3n Venezolana de Derecho Administrativo (AVEDA) - Universidad Cat\u00f3lica del T\u00e1chira<\/title>\n<meta name=\"robots\" content=\"index, follow, max-snippet:-1, max-image-preview:large, max-video-preview:-1\" \/>\n<link rel=\"canonical\" href=\"https:\/\/www.ucat.edu.ve\/web\/profesor-de-la-ucat-integra-nueva-directiva-de-la-asociacion-venezolana-de-derecho-administrativo-aveda\/\" \/>\n<meta property=\"og:locale\" content=\"es_ES\" \/>\n<meta property=\"og:type\" content=\"article\" \/>\n<meta property=\"og:title\" content=\"Profesor e Investigador de la UCAT integra nueva directiva de la Asociaci\u00f3n Venezolana de Derecho Administrativo (AVEDA) - Universidad Cat\u00f3lica del T\u00e1chira\" \/>\n<meta property=\"og:description\" content=\"La academia tachirense alcanza una nueva distinci\u00f3n en el \u00e1mbito jur\u00eddico nacional. El Dr. Mauricio Pern\u00eda-Reyes, destacado profesor e investigador de la Universidad Cat\u00f3lica del T\u00e1chira (UCAT), ha sido electo como miembro principal del Consejo Directivo de la Asociaci\u00f3n Venezolana de Derecho Administrativo (AVEDA) para el per\u00edodo 2026-2027. La elecci\u00f3n se llev\u00f3 a cabo durante\" \/>\n<meta property=\"og:url\" content=\"https:\/\/www.ucat.edu.ve\/web\/profesor-de-la-ucat-integra-nueva-directiva-de-la-asociacion-venezolana-de-derecho-administrativo-aveda\/\" \/>\n<meta property=\"og:site_name\" content=\"Universidad Cat\u00f3lica del T\u00e1chira\" \/>\n<meta property=\"article:publisher\" content=\"https:\/\/www.facebook.com\/notiucat\/\" \/>\n<meta property=\"article:published_time\" content=\"2026-01-19T16:57:21+00:00\" \/>\n<meta property=\"article:modified_time\" content=\"2026-01-19T17:48:05+00:00\" \/>\n<meta property=\"og:image\" content=\"https:\/\/www.ucat.edu.ve\/web\/wp-content\/uploads\/2026\/01\/Noticias-UCAT-integra-nueva-directiva-de-la-Asociacion-Venezolana-de-Derecho-Administrativo-AVEDA.png\" \/>\n\t<meta property=\"og:image:width\" content=\"1086\" \/>\n\t<meta property=\"og:image:height\" content=\"671\" \/>\n\t<meta property=\"og:image:type\" content=\"image\/png\" \/>\n<meta name=\"author\" content=\"Secretaria General\" \/>\n<meta name=\"twitter:card\" content=\"summary_large_image\" \/>\n<meta name=\"twitter:creator\" content=\"@notiucat\" \/>\n<meta name=\"twitter:site\" content=\"@notiucat\" \/>\n<meta name=\"twitter:label1\" content=\"Written by\" \/>\n\t<meta name=\"twitter:data1\" content=\"Secretaria General\" \/>\n\t<meta name=\"twitter:label2\" content=\"Est. reading time\" \/>\n\t<meta name=\"twitter:data2\" content=\"2 minutos\" \/>\n<script type=\"application\/ld+json\" class=\"yoast-schema-graph\">{\"@context\":\"https:\/\/schema.org\",\"@graph\":[{\"@type\":\"Organization\",\"@id\":\"https:\/\/www.ucat.edu.ve\/web\/#organization\",\"name\":\"Universidad Cat\u00f3lica Del T\u00e1chira UCAT\",\"url\":\"https:\/\/www.ucat.edu.ve\/web\/\",\"sameAs\":[\"https:\/\/www.instagram.com\/notiucat\/\",\"https:\/\/www.youtube.com\/channel\/UCwEbYSB1R9fzlII-8dcxuYA?view_as=subscriber\",\"https:\/\/www.facebook.com\/notiucat\/\",\"https:\/\/twitter.com\/notiucat\"],\"logo\":{\"@type\":\"ImageObject\",\"inLanguage\":\"es-ES\",\"@id\":\"https:\/\/www.ucat.edu.ve\/web\/#\/schema\/logo\/image\/\",\"url\":\"https:\/\/www.ucat.edu.ve\/web\/wp-content\/uploads\/2015\/07\/logoucat.gif\",\"contentUrl\":\"https:\/\/www.ucat.edu.ve\/web\/wp-content\/uploads\/2015\/07\/logoucat.gif\",\"width\":219,\"height\":155,\"caption\":\"Universidad Cat\u00f3lica Del T\u00e1chira UCAT\"},\"image\":{\"@id\":\"https:\/\/www.ucat.edu.ve\/web\/#\/schema\/logo\/image\/\"}},{\"@type\":\"WebSite\",\"@id\":\"https:\/\/www.ucat.edu.ve\/web\/#website\",\"url\":\"https:\/\/www.ucat.edu.ve\/web\/\",\"name\":\"Universidad Cat\u00f3lica del T\u00e1chira\",\"description\":\"\",\"publisher\":{\"@id\":\"https:\/\/www.ucat.edu.ve\/web\/#organization\"},\"potentialAction\":[{\"@type\":\"SearchAction\",\"target\":{\"@type\":\"EntryPoint\",\"urlTemplate\":\"https:\/\/www.ucat.edu.ve\/web\/?s={search_term_string}\"},\"query-input\":\"required name=search_term_string\"}],\"inLanguage\":\"es-ES\"},{\"@type\":\"ImageObject\",\"inLanguage\":\"es-ES\",\"@id\":\"https:\/\/www.ucat.edu.ve\/web\/profesor-de-la-ucat-integra-nueva-directiva-de-la-asociacion-venezolana-de-derecho-administrativo-aveda\/#primaryimage\",\"url\":\"https:\/\/www.ucat.edu.ve\/web\/wp-content\/uploads\/2026\/01\/Noticias-UCAT-integra-nueva-directiva-de-la-Asociacion-Venezolana-de-Derecho-Administrativo-AVEDA.png\",\"contentUrl\":\"https:\/\/www.ucat.edu.ve\/web\/wp-content\/uploads\/2026\/01\/Noticias-UCAT-integra-nueva-directiva-de-la-Asociacion-Venezolana-de-Derecho-Administrativo-AVEDA.png\",\"width\":1086,\"height\":671},{\"@type\":\"WebPage\",\"@id\":\"https:\/\/www.ucat.edu.ve\/web\/profesor-de-la-ucat-integra-nueva-directiva-de-la-asociacion-venezolana-de-derecho-administrativo-aveda\/#webpage\",\"url\":\"https:\/\/www.ucat.edu.ve\/web\/profesor-de-la-ucat-integra-nueva-directiva-de-la-asociacion-venezolana-de-derecho-administrativo-aveda\/\",\"name\":\"Profesor e Investigador de la UCAT integra nueva directiva de la Asociaci\u00f3n Venezolana de Derecho Administrativo (AVEDA) - Universidad Cat\u00f3lica del T\u00e1chira\",\"isPartOf\":{\"@id\":\"https:\/\/www.ucat.edu.ve\/web\/#website\"},\"primaryImageOfPage\":{\"@id\":\"https:\/\/www.ucat.edu.ve\/web\/profesor-de-la-ucat-integra-nueva-directiva-de-la-asociacion-venezolana-de-derecho-administrativo-aveda\/#primaryimage\"},\"datePublished\":\"2026-01-19T16:57:21+00:00\",\"dateModified\":\"2026-01-19T17:48:05+00:00\",\"breadcrumb\":{\"@id\":\"https:\/\/www.ucat.edu.ve\/web\/profesor-de-la-ucat-integra-nueva-directiva-de-la-asociacion-venezolana-de-derecho-administrativo-aveda\/#breadcrumb\"},\"inLanguage\":\"es-ES\",\"potentialAction\":[{\"@type\":\"ReadAction\",\"target\":[\"https:\/\/www.ucat.edu.ve\/web\/profesor-de-la-ucat-integra-nueva-directiva-de-la-asociacion-venezolana-de-derecho-administrativo-aveda\/\"]}]},{\"@type\":\"BreadcrumbList\",\"@id\":\"https:\/\/www.ucat.edu.ve\/web\/profesor-de-la-ucat-integra-nueva-directiva-de-la-asociacion-venezolana-de-derecho-administrativo-aveda\/#breadcrumb\",\"itemListElement\":[{\"@type\":\"ListItem\",\"position\":1,\"name\":\"Home\",\"item\":\"https:\/\/www.ucat.edu.ve\/web\/\"},{\"@type\":\"ListItem\",\"position\":2,\"name\":\"Profesor e Investigador de la UCAT integra nueva directiva de la Asociaci\u00f3n Venezolana de Derecho Administrativo (AVEDA)\"}]},{\"@type\":\"Article\",\"@id\":\"https:\/\/www.ucat.edu.ve\/web\/profesor-de-la-ucat-integra-nueva-directiva-de-la-asociacion-venezolana-de-derecho-administrativo-aveda\/#article\",\"isPartOf\":{\"@id\":\"https:\/\/www.ucat.edu.ve\/web\/profesor-de-la-ucat-integra-nueva-directiva-de-la-asociacion-venezolana-de-derecho-administrativo-aveda\/#webpage\"},\"author\":{\"name\":\"Secretaria General\",\"@id\":\"https:\/\/www.ucat.edu.ve\/web\/#\/schema\/person\/e90fe655adf97bd5c1dbc608855d16cf\"},\"headline\":\"Profesor e Investigador de la UCAT integra nueva directiva de la Asociaci\u00f3n Venezolana de Derecho Administrativo (AVEDA)\",\"datePublished\":\"2026-01-19T16:57:21+00:00\",\"dateModified\":\"2026-01-19T17:48:05+00:00\",\"mainEntityOfPage\":{\"@id\":\"https:\/\/www.ucat.edu.ve\/web\/profesor-de-la-ucat-integra-nueva-directiva-de-la-asociacion-venezolana-de-derecho-administrativo-aveda\/#webpage\"},\"wordCount\":315,\"publisher\":{\"@id\":\"https:\/\/www.ucat.edu.ve\/web\/#organization\"},\"image\":{\"@id\":\"https:\/\/www.ucat.edu.ve\/web\/profesor-de-la-ucat-integra-nueva-directiva-de-la-asociacion-venezolana-de-derecho-administrativo-aveda\/#primaryimage\"},\"thumbnailUrl\":\"https:\/\/www.ucat.edu.ve\/web\/wp-content\/uploads\/2026\/01\/Noticias-UCAT-integra-nueva-directiva-de-la-Asociacion-Venezolana-de-Derecho-Administrativo-AVEDA.png\",\"articleSection\":[\"Noticias\"],\"inLanguage\":\"es-ES\"},{\"@type\":\"Person\",\"@id\":\"https:\/\/www.ucat.edu.ve\/web\/#\/schema\/person\/e90fe655adf97bd5c1dbc608855d16cf\",\"name\":\"Secretaria General\",\"url\":\"https:\/\/www.ucat.edu.ve\/web\/author\/secgeucat\/\"}]}<\/script>\n<!-- \/ Yoast SEO plugin. -->","yoast_head_json":{"title":"Profesor e Investigador de la UCAT integra nueva directiva de la Asociaci\u00f3n Venezolana de Derecho Administrativo (AVEDA) - Universidad Cat\u00f3lica del T\u00e1chira","robots":{"index":"index","follow":"follow","max-snippet":"max-snippet:-1","max-image-preview":"max-image-preview:large","max-video-preview":"max-video-preview:-1"},"canonical":"https:\/\/www.ucat.edu.ve\/web\/profesor-de-la-ucat-integra-nueva-directiva-de-la-asociacion-venezolana-de-derecho-administrativo-aveda\/","og_locale":"es_ES","og_type":"article","og_title":"Profesor e Investigador de la UCAT integra nueva directiva de la Asociaci\u00f3n Venezolana de Derecho Administrativo (AVEDA) - Universidad Cat\u00f3lica del T\u00e1chira","og_description":"La academia tachirense alcanza una nueva distinci\u00f3n en el \u00e1mbito jur\u00eddico nacional. El Dr. Mauricio Pern\u00eda-Reyes, destacado profesor e investigador de la Universidad Cat\u00f3lica del T\u00e1chira (UCAT), ha sido electo como miembro principal del Consejo Directivo de la Asociaci\u00f3n Venezolana de Derecho Administrativo (AVEDA) para el per\u00edodo 2026-2027. La elecci\u00f3n se llev\u00f3 a cabo durante","og_url":"https:\/\/www.ucat.edu.ve\/web\/profesor-de-la-ucat-integra-nueva-directiva-de-la-asociacion-venezolana-de-derecho-administrativo-aveda\/","og_site_name":"Universidad Cat\u00f3lica del T\u00e1chira","article_publisher":"https:\/\/www.facebook.com\/notiucat\/","article_published_time":"2026-01-19T16:57:21+00:00","article_modified_time":"2026-01-19T17:48:05+00:00","og_image":[{"width":1086,"height":671,"url":"https:\/\/www.ucat.edu.ve\/web\/wp-content\/uploads\/2026\/01\/Noticias-UCAT-integra-nueva-directiva-de-la-Asociacion-Venezolana-de-Derecho-Administrativo-AVEDA.png","type":"image\/png"}],"author":"Secretaria General","twitter_card":"summary_large_image","twitter_creator":"@notiucat","twitter_site":"@notiucat","twitter_misc":{"Written by":"Secretaria General","Est. reading time":"2 minutos"},"schema":{"@context":"https:\/\/schema.org","@graph":[{"@type":"Organization","@id":"https:\/\/www.ucat.edu.ve\/web\/#organization","name":"Universidad Cat\u00f3lica Del T\u00e1chira UCAT","url":"https:\/\/www.ucat.edu.ve\/web\/","sameAs":["https:\/\/www.instagram.com\/notiucat\/","https:\/\/www.youtube.com\/channel\/UCwEbYSB1R9fzlII-8dcxuYA?view_as=subscriber","https:\/\/www.facebook.com\/notiucat\/","https:\/\/twitter.com\/notiucat"],"logo":{"@type":"ImageObject","inLanguage":"es-ES","@id":"https:\/\/www.ucat.edu.ve\/web\/#\/schema\/logo\/image\/","url":"https:\/\/www.ucat.edu.ve\/web\/wp-content\/uploads\/2015\/07\/logoucat.gif","contentUrl":"https:\/\/www.ucat.edu.ve\/web\/wp-content\/uploads\/2015\/07\/logoucat.gif","width":219,"height":155,"caption":"Universidad Cat\u00f3lica Del T\u00e1chira UCAT"},"image":{"@id":"https:\/\/www.ucat.edu.ve\/web\/#\/schema\/logo\/image\/"}},{"@type":"WebSite","@id":"https:\/\/www.ucat.edu.ve\/web\/#website","url":"https:\/\/www.ucat.edu.ve\/web\/","name":"Universidad Cat\u00f3lica del T\u00e1chira","description":"","publisher":{"@id":"https:\/\/www.ucat.edu.ve\/web\/#organization"},"potentialAction":[{"@type":"SearchAction","target":{"@type":"EntryPoint","urlTemplate":"https:\/\/www.ucat.edu.ve\/web\/?s={search_term_string}"},"query-input":"required name=search_term_string"}],"inLanguage":"es-ES"},{"@type":"ImageObject","inLanguage":"es-ES","@id":"https:\/\/www.ucat.edu.ve\/web\/profesor-de-la-ucat-integra-nueva-directiva-de-la-asociacion-venezolana-de-derecho-administrativo-aveda\/#primaryimage","url":"https:\/\/www.ucat.edu.ve\/web\/wp-content\/uploads\/2026\/01\/Noticias-UCAT-integra-nueva-directiva-de-la-Asociacion-Venezolana-de-Derecho-Administrativo-AVEDA.png","contentUrl":"https:\/\/www.ucat.edu.ve\/web\/wp-content\/uploads\/2026\/01\/Noticias-UCAT-integra-nueva-directiva-de-la-Asociacion-Venezolana-de-Derecho-Administrativo-AVEDA.png","width":1086,"height":671},{"@type":"WebPage","@id":"https:\/\/www.ucat.edu.ve\/web\/profesor-de-la-ucat-integra-nueva-directiva-de-la-asociacion-venezolana-de-derecho-administrativo-aveda\/#webpage","url":"https:\/\/www.ucat.edu.ve\/web\/profesor-de-la-ucat-integra-nueva-directiva-de-la-asociacion-venezolana-de-derecho-administrativo-aveda\/","name":"Profesor e Investigador de la UCAT integra nueva directiva de la Asociaci\u00f3n Venezolana de Derecho Administrativo (AVEDA) - Universidad Cat\u00f3lica del T\u00e1chira","isPartOf":{"@id":"https:\/\/www.ucat.edu.ve\/web\/#website"},"primaryImageOfPage":{"@id":"https:\/\/www.ucat.edu.ve\/web\/profesor-de-la-ucat-integra-nueva-directiva-de-la-asociacion-venezolana-de-derecho-administrativo-aveda\/#primaryimage"},"datePublished":"2026-01-19T16:57:21+00:00","dateModified":"2026-01-19T17:48:05+00:00","breadcrumb":{"@id":"https:\/\/www.ucat.edu.ve\/web\/profesor-de-la-ucat-integra-nueva-directiva-de-la-asociacion-venezolana-de-derecho-administrativo-aveda\/#breadcrumb"},"inLanguage":"es-ES","potentialAction":[{"@type":"ReadAction","target":["https:\/\/www.ucat.edu.ve\/web\/profesor-de-la-ucat-integra-nueva-directiva-de-la-asociacion-venezolana-de-derecho-administrativo-aveda\/"]}]},{"@type":"BreadcrumbList","@id":"https:\/\/www.ucat.edu.ve\/web\/profesor-de-la-ucat-integra-nueva-directiva-de-la-asociacion-venezolana-de-derecho-administrativo-aveda\/#breadcrumb","itemListElement":[{"@type":"ListItem","position":1,"name":"Home","item":"https:\/\/www.ucat.edu.ve\/web\/"},{"@type":"ListItem","position":2,"name":"Profesor e Investigador de la UCAT integra nueva directiva de la Asociaci\u00f3n Venezolana de Derecho Administrativo (AVEDA)"}]},{"@type":"Article","@id":"https:\/\/www.ucat.edu.ve\/web\/profesor-de-la-ucat-integra-nueva-directiva-de-la-asociacion-venezolana-de-derecho-administrativo-aveda\/#article","isPartOf":{"@id":"https:\/\/www.ucat.edu.ve\/web\/profesor-de-la-ucat-integra-nueva-directiva-de-la-asociacion-venezolana-de-derecho-administrativo-aveda\/#webpage"},"author":{"name":"Secretaria General","@id":"https:\/\/www.ucat.edu.ve\/web\/#\/schema\/person\/e90fe655adf97bd5c1dbc608855d16cf"},"headline":"Profesor e Investigador de la UCAT integra nueva directiva de la Asociaci\u00f3n Venezolana de Derecho Administrativo (AVEDA)","datePublished":"2026-01-19T16:57:21+00:00","dateModified":"2026-01-19T17:48:05+00:00","mainEntityOfPage":{"@id":"https:\/\/www.ucat.edu.ve\/web\/profesor-de-la-ucat-integra-nueva-directiva-de-la-asociacion-venezolana-de-derecho-administrativo-aveda\/#webpage"},"wordCount":315,"publisher":{"@id":"https:\/\/www.ucat.edu.ve\/web\/#organization"},"image":{"@id":"https:\/\/www.ucat.edu.ve\/web\/profesor-de-la-ucat-integra-nueva-directiva-de-la-asociacion-venezolana-de-derecho-administrativo-aveda\/#primaryimage"},"thumbnailUrl":"https:\/\/www.ucat.edu.ve\/web\/wp-content\/uploads\/2026\/01\/Noticias-UCAT-integra-nueva-directiva-de-la-Asociacion-Venezolana-de-Derecho-Administrativo-AVEDA.png","articleSection":["Noticias"],"inLanguage":"es-ES"},{"@type":"Person","@id":"https:\/\/www.ucat.edu.ve\/web\/#\/schema\/person\/e90fe655adf97bd5c1dbc608855d16cf","name":"Secretaria General","url":"https:\/\/www.ucat.edu.ve\/web\/author\/secgeucat\/"}]}},"_links":{"self":[{"href":"https:\/\/www.ucat.edu.ve\/web\/wp-json\/wp\/v2\/posts\/15413"}],"collection":[{"href":"https:\/\/www.ucat.edu.ve\/web\/wp-json\/wp\/v2\/posts"}],"about":[{"href":"https:\/\/www.ucat.edu.ve\/web\/wp-json\/wp\/v2\/types\/post"}],"author":[{"embeddable":true,"href":"https:\/\/www.ucat.edu.ve\/web\/wp-json\/wp\/v2\/users\/23"}],"replies":[{"embeddable":true,"href":"https:\/\/www.ucat.edu.ve\/web\/wp-json\/wp\/v2\/comments?post=15413"}],"version-history":[{"count":5,"href":"https:\/\/www.ucat.edu.ve\/web\/wp-json\/wp\/v2\/posts\/15413\/revisions"}],"predecessor-version":[{"id":15420,"href":"https:\/\/www.ucat.edu.ve\/web\/wp-json\/wp\/v2\/posts\/15413\/revisions\/15420"}],"wp:featuredmedia":[{"embeddable":true,"href":"https:\/\/www.ucat.edu.ve\/web\/wp-json\/wp\/v2\/media\/15419"}],"wp:attachment":[{"href":"https:\/\/www.ucat.edu.ve\/web\/wp-json\/wp\/v2\/media?parent=15413"}],"wp:term":[{"taxonomy":"category","embeddable":true,"href":"https:\/\/www.ucat.edu.ve\/web\/wp-json\/wp\/v2\/categories?post=15413"},{"taxonomy":"post_tag","embeddable":true,"href":"https:\/\/www.ucat.edu.ve\/web\/wp-json\/wp\/v2\/tags?post=15413"}],"curies":[{"name":"wp","href":"https:\/\/api.w.org\/{rel}","templated":true}]}}