 {"id":15689,"date":"2026-03-09T14:08:33","date_gmt":"2026-03-09T14:08:33","guid":{"rendered":"https:\/\/www.ucat.edu.ve\/web\/?p=15689"},"modified":"2026-03-09T14:10:36","modified_gmt":"2026-03-09T14:10:36","slug":"profesor-de-la-ucat-es-designado-vicepresidente-de-organizacion-minera-internacional","status":"publish","type":"post","link":"https:\/\/www.ucat.edu.ve\/web\/profesor-de-la-ucat-es-designado-vicepresidente-de-organizacion-minera-internacional\/","title":{"rendered":"Profesor de la UCAT es designado Vicepresidente de Organizaci\u00f3n Minera Internacional"},"content":{"rendered":"<p style=\"text-align: center\"><img loading=\"lazy\" class=\"alignnone size-medium wp-image-15690\" src=\"https:\/\/www.ucat.edu.ve\/web\/wp-content\/uploads\/2026\/03\/Noticias-Profesor-de-la-UCAT-es-designado-Vicepresidente-de-organizacion-minera-internacional-521x322.png\" alt=\"\" width=\"521\" height=\"322\" srcset=\"https:\/\/www.ucat.edu.ve\/web\/wp-content\/uploads\/2026\/03\/Noticias-Profesor-de-la-UCAT-es-designado-Vicepresidente-de-organizacion-minera-internacional-521x322.png 521w, https:\/\/www.ucat.edu.ve\/web\/wp-content\/uploads\/2026\/03\/Noticias-Profesor-de-la-UCAT-es-designado-Vicepresidente-de-organizacion-minera-internacional-340x210.png 340w, https:\/\/www.ucat.edu.ve\/web\/wp-content\/uploads\/2026\/03\/Noticias-Profesor-de-la-UCAT-es-designado-Vicepresidente-de-organizacion-minera-internacional.png 1086w\" sizes=\"(max-width: 521px) 100vw, 521px\" \/><\/p>\n<p style=\"text-align: justify\">El profesor e investigador de la Universidad Cat\u00f3lica del T\u00e1chira (UCAT), Dr. Mauricio Pern\u00eda-Reyes, fue designado como Vicepresidente Pa\u00eds para Venezuela de la Alianza Minera de Am\u00e9rica Latina, plataforma de alcance continental que une a organizaciones, instituciones acad\u00e9micas, universidades, centros de investigaci\u00f3n, fundaciones y actores de la cadena de valor minera de Am\u00e9rica Latina y el Caribe con el prop\u00f3sito de impulsar una miner\u00eda sostenible, \u00e9tica, innovadora y cercana a la ciudadan\u00eda que genere una industria moderna y responsable a trav\u00e9s de pol\u00edticas p\u00fablicas y la difusi\u00f3n de buenas pr\u00e1cticas.<\/p>\n<p style=\"text-align: justify\">La Alianza Minera de Am\u00e9rica Latina (ALMA) inici\u00f3 su agenda continental con una presentaci\u00f3n institucional en Canad\u00e1 el 28 de febrero del corriente a\u00f1o, para ello fueron convocados autoridades, empresarios y l\u00edderes del ecosistema minero regional, en el marco de la convenci\u00f3n anual de la Prospectors &amp; Developers Association of Canada (PDAC).<\/p>\n<p style=\"text-align: justify\">El profesor Pern\u00eda-Reyes, investigador en derecho minero y de la energ\u00eda en nuestra casa de estudios, tiene como responsabilidad en esta alianza, promover los ejes de educaci\u00f3n y capital humano, inversi\u00f3n responsable, combate a la extracci\u00f3n ilegal, innovaci\u00f3n y transici\u00f3n energ\u00e9tica justa y gobernanza, participaci\u00f3n y justicia territorial y su acci\u00f3n se estructura en torno a la formaci\u00f3n de capital humano y la promoci\u00f3n de marcos regulatorios m\u00e1s eficaces, justos y transparentes.<\/p>\n<p style=\"text-align: justify\">La Universidad Cat\u00f3lica del T\u00e1chira promueve la investigaci\u00f3n y la formaci\u00f3n en todos los campos relevantes del acontecer humano, con altos est\u00e1ndares de calidad, centrados en el bien com\u00fan y la dignidad de la persona humana.<\/p>\n<p><strong>(PrensaUCAT)<\/strong><\/p>\n","protected":false},"excerpt":{"rendered":"<p>El profesor e investigador de la Universidad Cat\u00f3lica del T\u00e1chira (UCAT), Dr. Mauricio Pern\u00eda-Reyes, fue designado como Vicepresidente Pa\u00eds para Venezuela de la Alianza Minera de Am\u00e9rica Latina, plataforma de alcance continental que une a organizaciones, instituciones acad\u00e9micas, universidades, centros de investigaci\u00f3n, fundaciones y actores de la cadena de valor minera de Am\u00e9rica Latina y<\/p>\n","protected":false},"author":23,"featured_media":15690,"comment_status":"closed","ping_status":"closed","sticky":false,"template":"","format":"standard","meta":[],"categories":[3],"tags":[],"yoast_head":"<!-- This site is optimized with the Yoast SEO plugin v19.2 - https:\/\/yoast.com\/wordpress\/plugins\/seo\/ -->\n<title>Profesor de la UCAT es designado Vicepresidente de Organizaci\u00f3n Minera Internacional - Universidad Cat\u00f3lica del T\u00e1chira<\/title>\n<meta name=\"robots\" content=\"index, follow, max-snippet:-1, max-image-preview:large, max-video-preview:-1\" \/>\n<link rel=\"canonical\" href=\"https:\/\/www.ucat.edu.ve\/web\/profesor-de-la-ucat-es-designado-vicepresidente-de-organizacion-minera-internacional\/\" \/>\n<meta property=\"og:locale\" content=\"es_ES\" \/>\n<meta property=\"og:type\" content=\"article\" \/>\n<meta property=\"og:title\" content=\"Profesor de la UCAT es designado Vicepresidente de Organizaci\u00f3n Minera Internacional - Universidad Cat\u00f3lica del T\u00e1chira\" \/>\n<meta property=\"og:description\" content=\"El profesor e investigador de la Universidad Cat\u00f3lica del T\u00e1chira (UCAT), Dr. Mauricio Pern\u00eda-Reyes, fue designado como Vicepresidente Pa\u00eds para Venezuela de la Alianza Minera de Am\u00e9rica Latina, plataforma de alcance continental que une a organizaciones, instituciones acad\u00e9micas, universidades, centros de investigaci\u00f3n, fundaciones y actores de la cadena de valor minera de Am\u00e9rica Latina y\" \/>\n<meta property=\"og:url\" content=\"https:\/\/www.ucat.edu.ve\/web\/profesor-de-la-ucat-es-designado-vicepresidente-de-organizacion-minera-internacional\/\" \/>\n<meta property=\"og:site_name\" content=\"Universidad Cat\u00f3lica del T\u00e1chira\" \/>\n<meta property=\"article:publisher\" content=\"https:\/\/www.facebook.com\/notiucat\/\" \/>\n<meta property=\"article:published_time\" content=\"2026-03-09T14:08:33+00:00\" \/>\n<meta property=\"article:modified_time\" content=\"2026-03-09T14:10:36+00:00\" \/>\n<meta property=\"og:image\" content=\"https:\/\/www.ucat.edu.ve\/web\/wp-content\/uploads\/2026\/03\/Noticias-Profesor-de-la-UCAT-es-designado-Vicepresidente-de-organizacion-minera-internacional.png\" \/>\n\t<meta property=\"og:image:width\" content=\"1086\" \/>\n\t<meta property=\"og:image:height\" content=\"671\" \/>\n\t<meta property=\"og:image:type\" content=\"image\/png\" \/>\n<meta name=\"author\" content=\"Secretaria General\" \/>\n<meta name=\"twitter:card\" content=\"summary_large_image\" \/>\n<meta name=\"twitter:creator\" content=\"@notiucat\" \/>\n<meta name=\"twitter:site\" content=\"@notiucat\" \/>\n<meta name=\"twitter:label1\" content=\"Written by\" \/>\n\t<meta name=\"twitter:data1\" content=\"Secretaria General\" \/>\n\t<meta name=\"twitter:label2\" content=\"Est. reading time\" \/>\n\t<meta name=\"twitter:data2\" content=\"2 minutos\" \/>\n<script type=\"application\/ld+json\" class=\"yoast-schema-graph\">{\"@context\":\"https:\/\/schema.org\",\"@graph\":[{\"@type\":\"Organization\",\"@id\":\"https:\/\/www.ucat.edu.ve\/web\/#organization\",\"name\":\"Universidad Cat\u00f3lica Del T\u00e1chira UCAT\",\"url\":\"https:\/\/www.ucat.edu.ve\/web\/\",\"sameAs\":[\"https:\/\/www.instagram.com\/notiucat\/\",\"https:\/\/www.youtube.com\/channel\/UCwEbYSB1R9fzlII-8dcxuYA?view_as=subscriber\",\"https:\/\/www.facebook.com\/notiucat\/\",\"https:\/\/twitter.com\/notiucat\"],\"logo\":{\"@type\":\"ImageObject\",\"inLanguage\":\"es-ES\",\"@id\":\"https:\/\/www.ucat.edu.ve\/web\/#\/schema\/logo\/image\/\",\"url\":\"https:\/\/www.ucat.edu.ve\/web\/wp-content\/uploads\/2015\/07\/logoucat.gif\",\"contentUrl\":\"https:\/\/www.ucat.edu.ve\/web\/wp-content\/uploads\/2015\/07\/logoucat.gif\",\"width\":219,\"height\":155,\"caption\":\"Universidad Cat\u00f3lica Del T\u00e1chira UCAT\"},\"image\":{\"@id\":\"https:\/\/www.ucat.edu.ve\/web\/#\/schema\/logo\/image\/\"}},{\"@type\":\"WebSite\",\"@id\":\"https:\/\/www.ucat.edu.ve\/web\/#website\",\"url\":\"https:\/\/www.ucat.edu.ve\/web\/\",\"name\":\"Universidad Cat\u00f3lica del T\u00e1chira\",\"description\":\"\",\"publisher\":{\"@id\":\"https:\/\/www.ucat.edu.ve\/web\/#organization\"},\"potentialAction\":[{\"@type\":\"SearchAction\",\"target\":{\"@type\":\"EntryPoint\",\"urlTemplate\":\"https:\/\/www.ucat.edu.ve\/web\/?s={search_term_string}\"},\"query-input\":\"required name=search_term_string\"}],\"inLanguage\":\"es-ES\"},{\"@type\":\"ImageObject\",\"inLanguage\":\"es-ES\",\"@id\":\"https:\/\/www.ucat.edu.ve\/web\/profesor-de-la-ucat-es-designado-vicepresidente-de-organizacion-minera-internacional\/#primaryimage\",\"url\":\"https:\/\/www.ucat.edu.ve\/web\/wp-content\/uploads\/2026\/03\/Noticias-Profesor-de-la-UCAT-es-designado-Vicepresidente-de-organizacion-minera-internacional.png\",\"contentUrl\":\"https:\/\/www.ucat.edu.ve\/web\/wp-content\/uploads\/2026\/03\/Noticias-Profesor-de-la-UCAT-es-designado-Vicepresidente-de-organizacion-minera-internacional.png\",\"width\":1086,\"height\":671},{\"@type\":\"WebPage\",\"@id\":\"https:\/\/www.ucat.edu.ve\/web\/profesor-de-la-ucat-es-designado-vicepresidente-de-organizacion-minera-internacional\/#webpage\",\"url\":\"https:\/\/www.ucat.edu.ve\/web\/profesor-de-la-ucat-es-designado-vicepresidente-de-organizacion-minera-internacional\/\",\"name\":\"Profesor de la UCAT es designado Vicepresidente de Organizaci\u00f3n Minera Internacional - Universidad Cat\u00f3lica del T\u00e1chira\",\"isPartOf\":{\"@id\":\"https:\/\/www.ucat.edu.ve\/web\/#website\"},\"primaryImageOfPage\":{\"@id\":\"https:\/\/www.ucat.edu.ve\/web\/profesor-de-la-ucat-es-designado-vicepresidente-de-organizacion-minera-internacional\/#primaryimage\"},\"datePublished\":\"2026-03-09T14:08:33+00:00\",\"dateModified\":\"2026-03-09T14:10:36+00:00\",\"breadcrumb\":{\"@id\":\"https:\/\/www.ucat.edu.ve\/web\/profesor-de-la-ucat-es-designado-vicepresidente-de-organizacion-minera-internacional\/#breadcrumb\"},\"inLanguage\":\"es-ES\",\"potentialAction\":[{\"@type\":\"ReadAction\",\"target\":[\"https:\/\/www.ucat.edu.ve\/web\/profesor-de-la-ucat-es-designado-vicepresidente-de-organizacion-minera-internacional\/\"]}]},{\"@type\":\"BreadcrumbList\",\"@id\":\"https:\/\/www.ucat.edu.ve\/web\/profesor-de-la-ucat-es-designado-vicepresidente-de-organizacion-minera-internacional\/#breadcrumb\",\"itemListElement\":[{\"@type\":\"ListItem\",\"position\":1,\"name\":\"Home\",\"item\":\"https:\/\/www.ucat.edu.ve\/web\/\"},{\"@type\":\"ListItem\",\"position\":2,\"name\":\"Profesor de la UCAT es designado Vicepresidente de Organizaci\u00f3n Minera Internacional\"}]},{\"@type\":\"Article\",\"@id\":\"https:\/\/www.ucat.edu.ve\/web\/profesor-de-la-ucat-es-designado-vicepresidente-de-organizacion-minera-internacional\/#article\",\"isPartOf\":{\"@id\":\"https:\/\/www.ucat.edu.ve\/web\/profesor-de-la-ucat-es-designado-vicepresidente-de-organizacion-minera-internacional\/#webpage\"},\"author\":{\"name\":\"Secretaria General\",\"@id\":\"https:\/\/www.ucat.edu.ve\/web\/#\/schema\/person\/e90fe655adf97bd5c1dbc608855d16cf\"},\"headline\":\"Profesor de la UCAT es designado Vicepresidente de Organizaci\u00f3n Minera Internacional\",\"datePublished\":\"2026-03-09T14:08:33+00:00\",\"dateModified\":\"2026-03-09T14:10:36+00:00\",\"mainEntityOfPage\":{\"@id\":\"https:\/\/www.ucat.edu.ve\/web\/profesor-de-la-ucat-es-designado-vicepresidente-de-organizacion-minera-internacional\/#webpage\"},\"wordCount\":302,\"publisher\":{\"@id\":\"https:\/\/www.ucat.edu.ve\/web\/#organization\"},\"image\":{\"@id\":\"https:\/\/www.ucat.edu.ve\/web\/profesor-de-la-ucat-es-designado-vicepresidente-de-organizacion-minera-internacional\/#primaryimage\"},\"thumbnailUrl\":\"https:\/\/www.ucat.edu.ve\/web\/wp-content\/uploads\/2026\/03\/Noticias-Profesor-de-la-UCAT-es-designado-Vicepresidente-de-organizacion-minera-internacional.png\",\"articleSection\":[\"Noticias\"],\"inLanguage\":\"es-ES\"},{\"@type\":\"Person\",\"@id\":\"https:\/\/www.ucat.edu.ve\/web\/#\/schema\/person\/e90fe655adf97bd5c1dbc608855d16cf\",\"name\":\"Secretaria General\",\"url\":\"https:\/\/www.ucat.edu.ve\/web\/author\/secgeucat\/\"}]}<\/script>\n<!-- \/ Yoast SEO plugin. -->","yoast_head_json":{"title":"Profesor de la UCAT es designado Vicepresidente de Organizaci\u00f3n Minera Internacional - Universidad Cat\u00f3lica del T\u00e1chira","robots":{"index":"index","follow":"follow","max-snippet":"max-snippet:-1","max-image-preview":"max-image-preview:large","max-video-preview":"max-video-preview:-1"},"canonical":"https:\/\/www.ucat.edu.ve\/web\/profesor-de-la-ucat-es-designado-vicepresidente-de-organizacion-minera-internacional\/","og_locale":"es_ES","og_type":"article","og_title":"Profesor de la UCAT es designado Vicepresidente de Organizaci\u00f3n Minera Internacional - Universidad Cat\u00f3lica del T\u00e1chira","og_description":"El profesor e investigador de la Universidad Cat\u00f3lica del T\u00e1chira (UCAT), Dr. Mauricio Pern\u00eda-Reyes, fue designado como Vicepresidente Pa\u00eds para Venezuela de la Alianza Minera de Am\u00e9rica Latina, plataforma de alcance continental que une a organizaciones, instituciones acad\u00e9micas, universidades, centros de investigaci\u00f3n, fundaciones y actores de la cadena de valor minera de Am\u00e9rica Latina y","og_url":"https:\/\/www.ucat.edu.ve\/web\/profesor-de-la-ucat-es-designado-vicepresidente-de-organizacion-minera-internacional\/","og_site_name":"Universidad Cat\u00f3lica del T\u00e1chira","article_publisher":"https:\/\/www.facebook.com\/notiucat\/","article_published_time":"2026-03-09T14:08:33+00:00","article_modified_time":"2026-03-09T14:10:36+00:00","og_image":[{"width":1086,"height":671,"url":"https:\/\/www.ucat.edu.ve\/web\/wp-content\/uploads\/2026\/03\/Noticias-Profesor-de-la-UCAT-es-designado-Vicepresidente-de-organizacion-minera-internacional.png","type":"image\/png"}],"author":"Secretaria General","twitter_card":"summary_large_image","twitter_creator":"@notiucat","twitter_site":"@notiucat","twitter_misc":{"Written by":"Secretaria General","Est. reading time":"2 minutos"},"schema":{"@context":"https:\/\/schema.org","@graph":[{"@type":"Organization","@id":"https:\/\/www.ucat.edu.ve\/web\/#organization","name":"Universidad Cat\u00f3lica Del T\u00e1chira UCAT","url":"https:\/\/www.ucat.edu.ve\/web\/","sameAs":["https:\/\/www.instagram.com\/notiucat\/","https:\/\/www.youtube.com\/channel\/UCwEbYSB1R9fzlII-8dcxuYA?view_as=subscriber","https:\/\/www.facebook.com\/notiucat\/","https:\/\/twitter.com\/notiucat"],"logo":{"@type":"ImageObject","inLanguage":"es-ES","@id":"https:\/\/www.ucat.edu.ve\/web\/#\/schema\/logo\/image\/","url":"https:\/\/www.ucat.edu.ve\/web\/wp-content\/uploads\/2015\/07\/logoucat.gif","contentUrl":"https:\/\/www.ucat.edu.ve\/web\/wp-content\/uploads\/2015\/07\/logoucat.gif","width":219,"height":155,"caption":"Universidad Cat\u00f3lica Del T\u00e1chira UCAT"},"image":{"@id":"https:\/\/www.ucat.edu.ve\/web\/#\/schema\/logo\/image\/"}},{"@type":"WebSite","@id":"https:\/\/www.ucat.edu.ve\/web\/#website","url":"https:\/\/www.ucat.edu.ve\/web\/","name":"Universidad Cat\u00f3lica del T\u00e1chira","description":"","publisher":{"@id":"https:\/\/www.ucat.edu.ve\/web\/#organization"},"potentialAction":[{"@type":"SearchAction","target":{"@type":"EntryPoint","urlTemplate":"https:\/\/www.ucat.edu.ve\/web\/?s={search_term_string}"},"query-input":"required name=search_term_string"}],"inLanguage":"es-ES"},{"@type":"ImageObject","inLanguage":"es-ES","@id":"https:\/\/www.ucat.edu.ve\/web\/profesor-de-la-ucat-es-designado-vicepresidente-de-organizacion-minera-internacional\/#primaryimage","url":"https:\/\/www.ucat.edu.ve\/web\/wp-content\/uploads\/2026\/03\/Noticias-Profesor-de-la-UCAT-es-designado-Vicepresidente-de-organizacion-minera-internacional.png","contentUrl":"https:\/\/www.ucat.edu.ve\/web\/wp-content\/uploads\/2026\/03\/Noticias-Profesor-de-la-UCAT-es-designado-Vicepresidente-de-organizacion-minera-internacional.png","width":1086,"height":671},{"@type":"WebPage","@id":"https:\/\/www.ucat.edu.ve\/web\/profesor-de-la-ucat-es-designado-vicepresidente-de-organizacion-minera-internacional\/#webpage","url":"https:\/\/www.ucat.edu.ve\/web\/profesor-de-la-ucat-es-designado-vicepresidente-de-organizacion-minera-internacional\/","name":"Profesor de la UCAT es designado Vicepresidente de Organizaci\u00f3n Minera Internacional - Universidad Cat\u00f3lica del T\u00e1chira","isPartOf":{"@id":"https:\/\/www.ucat.edu.ve\/web\/#website"},"primaryImageOfPage":{"@id":"https:\/\/www.ucat.edu.ve\/web\/profesor-de-la-ucat-es-designado-vicepresidente-de-organizacion-minera-internacional\/#primaryimage"},"datePublished":"2026-03-09T14:08:33+00:00","dateModified":"2026-03-09T14:10:36+00:00","breadcrumb":{"@id":"https:\/\/www.ucat.edu.ve\/web\/profesor-de-la-ucat-es-designado-vicepresidente-de-organizacion-minera-internacional\/#breadcrumb"},"inLanguage":"es-ES","potentialAction":[{"@type":"ReadAction","target":["https:\/\/www.ucat.edu.ve\/web\/profesor-de-la-ucat-es-designado-vicepresidente-de-organizacion-minera-internacional\/"]}]},{"@type":"BreadcrumbList","@id":"https:\/\/www.ucat.edu.ve\/web\/profesor-de-la-ucat-es-designado-vicepresidente-de-organizacion-minera-internacional\/#breadcrumb","itemListElement":[{"@type":"ListItem","position":1,"name":"Home","item":"https:\/\/www.ucat.edu.ve\/web\/"},{"@type":"ListItem","position":2,"name":"Profesor de la UCAT es designado Vicepresidente de Organizaci\u00f3n Minera Internacional"}]},{"@type":"Article","@id":"https:\/\/www.ucat.edu.ve\/web\/profesor-de-la-ucat-es-designado-vicepresidente-de-organizacion-minera-internacional\/#article","isPartOf":{"@id":"https:\/\/www.ucat.edu.ve\/web\/profesor-de-la-ucat-es-designado-vicepresidente-de-organizacion-minera-internacional\/#webpage"},"author":{"name":"Secretaria General","@id":"https:\/\/www.ucat.edu.ve\/web\/#\/schema\/person\/e90fe655adf97bd5c1dbc608855d16cf"},"headline":"Profesor de la UCAT es designado Vicepresidente de Organizaci\u00f3n Minera Internacional","datePublished":"2026-03-09T14:08:33+00:00","dateModified":"2026-03-09T14:10:36+00:00","mainEntityOfPage":{"@id":"https:\/\/www.ucat.edu.ve\/web\/profesor-de-la-ucat-es-designado-vicepresidente-de-organizacion-minera-internacional\/#webpage"},"wordCount":302,"publisher":{"@id":"https:\/\/www.ucat.edu.ve\/web\/#organization"},"image":{"@id":"https:\/\/www.ucat.edu.ve\/web\/profesor-de-la-ucat-es-designado-vicepresidente-de-organizacion-minera-internacional\/#primaryimage"},"thumbnailUrl":"https:\/\/www.ucat.edu.ve\/web\/wp-content\/uploads\/2026\/03\/Noticias-Profesor-de-la-UCAT-es-designado-Vicepresidente-de-organizacion-minera-internacional.png","articleSection":["Noticias"],"inLanguage":"es-ES"},{"@type":"Person","@id":"https:\/\/www.ucat.edu.ve\/web\/#\/schema\/person\/e90fe655adf97bd5c1dbc608855d16cf","name":"Secretaria General","url":"https:\/\/www.ucat.edu.ve\/web\/author\/secgeucat\/"}]}},"_links":{"self":[{"href":"https:\/\/www.ucat.edu.ve\/web\/wp-json\/wp\/v2\/posts\/15689"}],"collection":[{"href":"https:\/\/www.ucat.edu.ve\/web\/wp-json\/wp\/v2\/posts"}],"about":[{"href":"https:\/\/www.ucat.edu.ve\/web\/wp-json\/wp\/v2\/types\/post"}],"author":[{"embeddable":true,"href":"https:\/\/www.ucat.edu.ve\/web\/wp-json\/wp\/v2\/users\/23"}],"replies":[{"embeddable":true,"href":"https:\/\/www.ucat.edu.ve\/web\/wp-json\/wp\/v2\/comments?post=15689"}],"version-history":[{"count":2,"href":"https:\/\/www.ucat.edu.ve\/web\/wp-json\/wp\/v2\/posts\/15689\/revisions"}],"predecessor-version":[{"id":15692,"href":"https:\/\/www.ucat.edu.ve\/web\/wp-json\/wp\/v2\/posts\/15689\/revisions\/15692"}],"wp:featuredmedia":[{"embeddable":true,"href":"https:\/\/www.ucat.edu.ve\/web\/wp-json\/wp\/v2\/media\/15690"}],"wp:attachment":[{"href":"https:\/\/www.ucat.edu.ve\/web\/wp-json\/wp\/v2\/media?parent=15689"}],"wp:term":[{"taxonomy":"category","embeddable":true,"href":"https:\/\/www.ucat.edu.ve\/web\/wp-json\/wp\/v2\/categories?post=15689"},{"taxonomy":"post_tag","embeddable":true,"href":"https:\/\/www.ucat.edu.ve\/web\/wp-json\/wp\/v2\/tags?post=15689"}],"curies":[{"name":"wp","href":"https:\/\/api.w.org\/{rel}","templated":true}]}}