 {"id":15707,"date":"2026-03-10T22:27:51","date_gmt":"2026-03-10T22:27:51","guid":{"rendered":"https:\/\/www.ucat.edu.ve\/web\/?p=15707"},"modified":"2026-03-10T23:40:18","modified_gmt":"2026-03-10T23:40:18","slug":"la-ucat-recibe-con-fe-las-reliquias-de-santa-maria-carmen-rendiles-y-san-jose-gregorio-hernandez","status":"publish","type":"post","link":"https:\/\/www.ucat.edu.ve\/web\/la-ucat-recibe-con-fe-las-reliquias-de-santa-maria-carmen-rendiles-y-san-jose-gregorio-hernandez\/","title":{"rendered":"La UCAT recibe con fe las reliquias de Santa Mar\u00eda Carmen Rendiles y San Jos\u00e9 Gregorio Hern\u00e1ndez"},"content":{"rendered":"<p style=\"text-align: center\"><img loading=\"lazy\" class=\"alignnone size-medium wp-image-15708\" src=\"https:\/\/www.ucat.edu.ve\/web\/wp-content\/uploads\/2026\/03\/Noticias-La-UCAT-recibe-con-fe-las-reliquias-de-Santa-Maria-Carmen-Rendiles-y-San-Jose-Gregorio-Hernandez-521x322.png\" alt=\"\" width=\"521\" height=\"322\" srcset=\"https:\/\/www.ucat.edu.ve\/web\/wp-content\/uploads\/2026\/03\/Noticias-La-UCAT-recibe-con-fe-las-reliquias-de-Santa-Maria-Carmen-Rendiles-y-San-Jose-Gregorio-Hernandez-521x322.png 521w, https:\/\/www.ucat.edu.ve\/web\/wp-content\/uploads\/2026\/03\/Noticias-La-UCAT-recibe-con-fe-las-reliquias-de-Santa-Maria-Carmen-Rendiles-y-San-Jose-Gregorio-Hernandez-340x210.png 340w, https:\/\/www.ucat.edu.ve\/web\/wp-content\/uploads\/2026\/03\/Noticias-La-UCAT-recibe-con-fe-las-reliquias-de-Santa-Maria-Carmen-Rendiles-y-San-Jose-Gregorio-Hernandez.png 1086w\" sizes=\"(max-width: 521px) 100vw, 521px\" \/><\/p>\n<p>En un ambiente de profunda devoci\u00f3n y alegr\u00eda acad\u00e9mica, la Universidad Cat\u00f3lica del T\u00e1chira (UCAT) sede Sabana Larga, vivi\u00f3 este martes 10 de marzo una jornada hist\u00f3rica al recibir las reliquias de dos figuras fundamentales de la espiritualidad venezolana: Santa Mar\u00eda Carmen Rendiles y San Jos\u00e9 Gregorio Hern\u00e1ndez<\/p>\n<p>El encuentro inici\u00f3 con la celebraci\u00f3n de la Santa Eucarist\u00eda, presidida por el Padre Leonardo Vivas, capell\u00e1n de la UCAT. La liturgia cont\u00f3 con la participaci\u00f3n de estudiantes, personal docente, administrativo y obrero, quienes se unieron en oraci\u00f3n para honrar el legado de servicio y santidad de ambos hijos de la tierra venezolana.<\/p>\n<p>Durante la homil\u00eda, el Padre Leonardo centr\u00f3 su reflexi\u00f3n en el Evangelio seg\u00fan San Mateo (18, 21-35), destacando el di\u00e1logo entre Pedro y Jes\u00fas sobre el perd\u00f3n. La frase \u00abNo te digo hasta siete veces, sino hasta setenta veces siete\u00bb sirvi\u00f3 como eje central del mensaje, invitando a la familia Ucatense a practicar la reconciliaci\u00f3n diaria, tanto en las aulas como en sus hogares.<\/p>\n<p>Tras la ceremonia, las reliquias realizaron un recorrido especial por los diversos espacios de la instituci\u00f3n. Acompa\u00f1ados por los estudiantes, estos s\u00edmbolos de fe visitaron las aulas de clase, permitiendo que quienes no pudieron asistir a la misa tuvieran un momento de reflexi\u00f3n y cercan\u00eda con el &#8220;M\u00e9dico de los Pobres&#8221; y la fundadora de las Siervas de Jes\u00fas.<\/p>\n<p>Este encuentro reafirma el compromiso de la UCAT con la formaci\u00f3n integral de su comunidad, promoviendo no solo la excelencia acad\u00e9mica, sino tambi\u00e9n los valores espirituales que definen su identidad institucional.<\/p>\n<p><strong>(PrensaUCAT)<\/strong><\/p>\n<p><img loading=\"lazy\" class=\"alignnone size-medium wp-image-15710\" src=\"https:\/\/www.ucat.edu.ve\/web\/wp-content\/uploads\/2026\/03\/11-1-258x322.png\" alt=\"\" width=\"258\" height=\"322\" srcset=\"https:\/\/www.ucat.edu.ve\/web\/wp-content\/uploads\/2026\/03\/11-1-258x322.png 258w, https:\/\/www.ucat.edu.ve\/web\/wp-content\/uploads\/2026\/03\/11-1.png 1080w\" sizes=\"(max-width: 258px) 100vw, 258px\" \/> <img loading=\"lazy\" class=\"alignnone size-medium wp-image-15711\" src=\"https:\/\/www.ucat.edu.ve\/web\/wp-content\/uploads\/2026\/03\/12-1-258x322.png\" alt=\"\" width=\"258\" height=\"322\" srcset=\"https:\/\/www.ucat.edu.ve\/web\/wp-content\/uploads\/2026\/03\/12-1-258x322.png 258w, https:\/\/www.ucat.edu.ve\/web\/wp-content\/uploads\/2026\/03\/12-1.png 1080w\" sizes=\"(max-width: 258px) 100vw, 258px\" \/> <img loading=\"lazy\" class=\"alignnone size-medium wp-image-15712\" src=\"https:\/\/www.ucat.edu.ve\/web\/wp-content\/uploads\/2026\/03\/13-1-258x322.png\" alt=\"\" width=\"258\" height=\"322\" srcset=\"https:\/\/www.ucat.edu.ve\/web\/wp-content\/uploads\/2026\/03\/13-1-258x322.png 258w, https:\/\/www.ucat.edu.ve\/web\/wp-content\/uploads\/2026\/03\/13-1.png 1080w\" sizes=\"(max-width: 258px) 100vw, 258px\" \/> <img loading=\"lazy\" class=\"alignnone size-medium wp-image-15713\" src=\"https:\/\/www.ucat.edu.ve\/web\/wp-content\/uploads\/2026\/03\/14-1-258x322.png\" alt=\"\" width=\"258\" height=\"322\" srcset=\"https:\/\/www.ucat.edu.ve\/web\/wp-content\/uploads\/2026\/03\/14-1-258x322.png 258w, https:\/\/www.ucat.edu.ve\/web\/wp-content\/uploads\/2026\/03\/14-1.png 1080w\" sizes=\"(max-width: 258px) 100vw, 258px\" \/> <img loading=\"lazy\" class=\"alignnone size-medium wp-image-15714\" src=\"https:\/\/www.ucat.edu.ve\/web\/wp-content\/uploads\/2026\/03\/15-1-258x322.png\" alt=\"\" width=\"258\" height=\"322\" srcset=\"https:\/\/www.ucat.edu.ve\/web\/wp-content\/uploads\/2026\/03\/15-1-258x322.png 258w, https:\/\/www.ucat.edu.ve\/web\/wp-content\/uploads\/2026\/03\/15-1.png 1080w\" sizes=\"(max-width: 258px) 100vw, 258px\" \/> <img loading=\"lazy\" class=\"alignnone size-medium wp-image-15715\" src=\"https:\/\/www.ucat.edu.ve\/web\/wp-content\/uploads\/2026\/03\/16-1-258x322.png\" alt=\"\" width=\"258\" height=\"322\" srcset=\"https:\/\/www.ucat.edu.ve\/web\/wp-content\/uploads\/2026\/03\/16-1-258x322.png 258w, https:\/\/www.ucat.edu.ve\/web\/wp-content\/uploads\/2026\/03\/16-1.png 1080w\" sizes=\"(max-width: 258px) 100vw, 258px\" \/> <img loading=\"lazy\" class=\"alignnone size-medium wp-image-15716\" src=\"https:\/\/www.ucat.edu.ve\/web\/wp-content\/uploads\/2026\/03\/17-1-258x322.png\" alt=\"\" width=\"258\" height=\"322\" srcset=\"https:\/\/www.ucat.edu.ve\/web\/wp-content\/uploads\/2026\/03\/17-1-258x322.png 258w, https:\/\/www.ucat.edu.ve\/web\/wp-content\/uploads\/2026\/03\/17-1.png 1080w\" sizes=\"(max-width: 258px) 100vw, 258px\" \/> <img loading=\"lazy\" class=\"alignnone size-medium wp-image-15717\" src=\"https:\/\/www.ucat.edu.ve\/web\/wp-content\/uploads\/2026\/03\/18-1-258x322.png\" alt=\"\" width=\"258\" height=\"322\" srcset=\"https:\/\/www.ucat.edu.ve\/web\/wp-content\/uploads\/2026\/03\/18-1-258x322.png 258w, https:\/\/www.ucat.edu.ve\/web\/wp-content\/uploads\/2026\/03\/18-1.png 1080w\" sizes=\"(max-width: 258px) 100vw, 258px\" \/> <img loading=\"lazy\" class=\"alignnone size-medium wp-image-15719\" src=\"https:\/\/www.ucat.edu.ve\/web\/wp-content\/uploads\/2026\/03\/19-1-258x322.png\" alt=\"\" width=\"258\" height=\"322\" srcset=\"https:\/\/www.ucat.edu.ve\/web\/wp-content\/uploads\/2026\/03\/19-1-258x322.png 258w, https:\/\/www.ucat.edu.ve\/web\/wp-content\/uploads\/2026\/03\/19-1.png 1080w\" sizes=\"(max-width: 258px) 100vw, 258px\" \/> <img loading=\"lazy\" class=\"alignnone size-medium wp-image-15720\" src=\"https:\/\/www.ucat.edu.ve\/web\/wp-content\/uploads\/2026\/03\/20-1-258x322.png\" alt=\"\" width=\"258\" height=\"322\" srcset=\"https:\/\/www.ucat.edu.ve\/web\/wp-content\/uploads\/2026\/03\/20-1-258x322.png 258w, https:\/\/www.ucat.edu.ve\/web\/wp-content\/uploads\/2026\/03\/20-1.png 1080w\" sizes=\"(max-width: 258px) 100vw, 258px\" \/> <img loading=\"lazy\" class=\"alignnone size-medium wp-image-15721\" src=\"https:\/\/www.ucat.edu.ve\/web\/wp-content\/uploads\/2026\/03\/1-1-258x322.png\" alt=\"\" width=\"258\" height=\"322\" srcset=\"https:\/\/www.ucat.edu.ve\/web\/wp-content\/uploads\/2026\/03\/1-1-258x322.png 258w, https:\/\/www.ucat.edu.ve\/web\/wp-content\/uploads\/2026\/03\/1-1.png 1080w\" sizes=\"(max-width: 258px) 100vw, 258px\" \/> <img loading=\"lazy\" class=\"alignnone size-medium wp-image-15722\" src=\"https:\/\/www.ucat.edu.ve\/web\/wp-content\/uploads\/2026\/03\/2-1-258x322.png\" alt=\"\" width=\"258\" height=\"322\" srcset=\"https:\/\/www.ucat.edu.ve\/web\/wp-content\/uploads\/2026\/03\/2-1-258x322.png 258w, https:\/\/www.ucat.edu.ve\/web\/wp-content\/uploads\/2026\/03\/2-1.png 1080w\" sizes=\"(max-width: 258px) 100vw, 258px\" \/> <img loading=\"lazy\" class=\"alignnone size-medium wp-image-15723\" src=\"https:\/\/www.ucat.edu.ve\/web\/wp-content\/uploads\/2026\/03\/3-1-258x322.png\" alt=\"\" width=\"258\" height=\"322\" srcset=\"https:\/\/www.ucat.edu.ve\/web\/wp-content\/uploads\/2026\/03\/3-1-258x322.png 258w, https:\/\/www.ucat.edu.ve\/web\/wp-content\/uploads\/2026\/03\/3-1.png 1080w\" sizes=\"(max-width: 258px) 100vw, 258px\" \/> <img loading=\"lazy\" class=\"alignnone size-medium wp-image-15724\" src=\"https:\/\/www.ucat.edu.ve\/web\/wp-content\/uploads\/2026\/03\/4-1-258x322.png\" alt=\"\" width=\"258\" height=\"322\" srcset=\"https:\/\/www.ucat.edu.ve\/web\/wp-content\/uploads\/2026\/03\/4-1-258x322.png 258w, https:\/\/www.ucat.edu.ve\/web\/wp-content\/uploads\/2026\/03\/4-1.png 1080w\" sizes=\"(max-width: 258px) 100vw, 258px\" \/> <img loading=\"lazy\" class=\"alignnone size-medium wp-image-15725\" src=\"https:\/\/www.ucat.edu.ve\/web\/wp-content\/uploads\/2026\/03\/5-1-258x322.png\" alt=\"\" width=\"258\" height=\"322\" srcset=\"https:\/\/www.ucat.edu.ve\/web\/wp-content\/uploads\/2026\/03\/5-1-258x322.png 258w, https:\/\/www.ucat.edu.ve\/web\/wp-content\/uploads\/2026\/03\/5-1.png 1080w\" sizes=\"(max-width: 258px) 100vw, 258px\" \/><\/p>\n","protected":false},"excerpt":{"rendered":"<p>En un ambiente de profunda devoci\u00f3n y alegr\u00eda acad\u00e9mica, la Universidad Cat\u00f3lica del T\u00e1chira (UCAT) sede Sabana Larga, vivi\u00f3 este martes 10 de marzo una jornada hist\u00f3rica al recibir las reliquias de dos figuras fundamentales de la espiritualidad venezolana: Santa Mar\u00eda Carmen Rendiles y San Jos\u00e9 Gregorio Hern\u00e1ndez El encuentro inici\u00f3 con la celebraci\u00f3n de<\/p>\n","protected":false},"author":23,"featured_media":15708,"comment_status":"closed","ping_status":"closed","sticky":false,"template":"","format":"standard","meta":[],"categories":[3],"tags":[],"yoast_head":"<!-- This site is optimized with the Yoast SEO plugin v19.2 - https:\/\/yoast.com\/wordpress\/plugins\/seo\/ -->\n<title>La UCAT recibe con fe las reliquias de Santa Mar\u00eda Carmen Rendiles y San Jos\u00e9 Gregorio Hern\u00e1ndez - Universidad Cat\u00f3lica del T\u00e1chira<\/title>\n<meta name=\"robots\" content=\"index, follow, max-snippet:-1, max-image-preview:large, max-video-preview:-1\" \/>\n<link rel=\"canonical\" href=\"https:\/\/www.ucat.edu.ve\/web\/la-ucat-recibe-con-fe-las-reliquias-de-santa-maria-carmen-rendiles-y-san-jose-gregorio-hernandez\/\" \/>\n<meta property=\"og:locale\" content=\"es_ES\" \/>\n<meta property=\"og:type\" content=\"article\" \/>\n<meta property=\"og:title\" content=\"La UCAT recibe con fe las reliquias de Santa Mar\u00eda Carmen Rendiles y San Jos\u00e9 Gregorio Hern\u00e1ndez - Universidad Cat\u00f3lica del T\u00e1chira\" \/>\n<meta property=\"og:description\" content=\"En un ambiente de profunda devoci\u00f3n y alegr\u00eda acad\u00e9mica, la Universidad Cat\u00f3lica del T\u00e1chira (UCAT) sede Sabana Larga, vivi\u00f3 este martes 10 de marzo una jornada hist\u00f3rica al recibir las reliquias de dos figuras fundamentales de la espiritualidad venezolana: Santa Mar\u00eda Carmen Rendiles y San Jos\u00e9 Gregorio Hern\u00e1ndez El encuentro inici\u00f3 con la celebraci\u00f3n de\" \/>\n<meta property=\"og:url\" content=\"https:\/\/www.ucat.edu.ve\/web\/la-ucat-recibe-con-fe-las-reliquias-de-santa-maria-carmen-rendiles-y-san-jose-gregorio-hernandez\/\" \/>\n<meta property=\"og:site_name\" content=\"Universidad Cat\u00f3lica del T\u00e1chira\" \/>\n<meta property=\"article:publisher\" content=\"https:\/\/www.facebook.com\/notiucat\/\" \/>\n<meta property=\"article:published_time\" content=\"2026-03-10T22:27:51+00:00\" \/>\n<meta property=\"article:modified_time\" content=\"2026-03-10T23:40:18+00:00\" \/>\n<meta property=\"og:image\" content=\"https:\/\/www.ucat.edu.ve\/web\/wp-content\/uploads\/2026\/03\/Noticias-La-UCAT-recibe-con-fe-las-reliquias-de-Santa-Maria-Carmen-Rendiles-y-San-Jose-Gregorio-Hernandez.png\" \/>\n\t<meta property=\"og:image:width\" content=\"1086\" \/>\n\t<meta property=\"og:image:height\" content=\"671\" \/>\n\t<meta property=\"og:image:type\" content=\"image\/png\" \/>\n<meta name=\"author\" content=\"Secretaria General\" \/>\n<meta name=\"twitter:card\" content=\"summary_large_image\" \/>\n<meta name=\"twitter:creator\" content=\"@notiucat\" \/>\n<meta name=\"twitter:site\" content=\"@notiucat\" \/>\n<meta name=\"twitter:label1\" content=\"Written by\" \/>\n\t<meta name=\"twitter:data1\" content=\"Secretaria General\" \/>\n\t<meta name=\"twitter:label2\" content=\"Est. reading time\" \/>\n\t<meta name=\"twitter:data2\" content=\"5 minutos\" \/>\n<script type=\"application\/ld+json\" class=\"yoast-schema-graph\">{\"@context\":\"https:\/\/schema.org\",\"@graph\":[{\"@type\":\"Organization\",\"@id\":\"https:\/\/www.ucat.edu.ve\/web\/#organization\",\"name\":\"Universidad Cat\u00f3lica Del T\u00e1chira UCAT\",\"url\":\"https:\/\/www.ucat.edu.ve\/web\/\",\"sameAs\":[\"https:\/\/www.instagram.com\/notiucat\/\",\"https:\/\/www.youtube.com\/channel\/UCwEbYSB1R9fzlII-8dcxuYA?view_as=subscriber\",\"https:\/\/www.facebook.com\/notiucat\/\",\"https:\/\/twitter.com\/notiucat\"],\"logo\":{\"@type\":\"ImageObject\",\"inLanguage\":\"es-ES\",\"@id\":\"https:\/\/www.ucat.edu.ve\/web\/#\/schema\/logo\/image\/\",\"url\":\"https:\/\/www.ucat.edu.ve\/web\/wp-content\/uploads\/2015\/07\/logoucat.gif\",\"contentUrl\":\"https:\/\/www.ucat.edu.ve\/web\/wp-content\/uploads\/2015\/07\/logoucat.gif\",\"width\":219,\"height\":155,\"caption\":\"Universidad Cat\u00f3lica Del T\u00e1chira UCAT\"},\"image\":{\"@id\":\"https:\/\/www.ucat.edu.ve\/web\/#\/schema\/logo\/image\/\"}},{\"@type\":\"WebSite\",\"@id\":\"https:\/\/www.ucat.edu.ve\/web\/#website\",\"url\":\"https:\/\/www.ucat.edu.ve\/web\/\",\"name\":\"Universidad Cat\u00f3lica del T\u00e1chira\",\"description\":\"\",\"publisher\":{\"@id\":\"https:\/\/www.ucat.edu.ve\/web\/#organization\"},\"potentialAction\":[{\"@type\":\"SearchAction\",\"target\":{\"@type\":\"EntryPoint\",\"urlTemplate\":\"https:\/\/www.ucat.edu.ve\/web\/?s={search_term_string}\"},\"query-input\":\"required name=search_term_string\"}],\"inLanguage\":\"es-ES\"},{\"@type\":\"ImageObject\",\"inLanguage\":\"es-ES\",\"@id\":\"https:\/\/www.ucat.edu.ve\/web\/la-ucat-recibe-con-fe-las-reliquias-de-santa-maria-carmen-rendiles-y-san-jose-gregorio-hernandez\/#primaryimage\",\"url\":\"https:\/\/www.ucat.edu.ve\/web\/wp-content\/uploads\/2026\/03\/Noticias-La-UCAT-recibe-con-fe-las-reliquias-de-Santa-Maria-Carmen-Rendiles-y-San-Jose-Gregorio-Hernandez.png\",\"contentUrl\":\"https:\/\/www.ucat.edu.ve\/web\/wp-content\/uploads\/2026\/03\/Noticias-La-UCAT-recibe-con-fe-las-reliquias-de-Santa-Maria-Carmen-Rendiles-y-San-Jose-Gregorio-Hernandez.png\",\"width\":1086,\"height\":671},{\"@type\":\"WebPage\",\"@id\":\"https:\/\/www.ucat.edu.ve\/web\/la-ucat-recibe-con-fe-las-reliquias-de-santa-maria-carmen-rendiles-y-san-jose-gregorio-hernandez\/#webpage\",\"url\":\"https:\/\/www.ucat.edu.ve\/web\/la-ucat-recibe-con-fe-las-reliquias-de-santa-maria-carmen-rendiles-y-san-jose-gregorio-hernandez\/\",\"name\":\"La UCAT recibe con fe las reliquias de Santa Mar\u00eda Carmen Rendiles y San Jos\u00e9 Gregorio Hern\u00e1ndez - Universidad Cat\u00f3lica del T\u00e1chira\",\"isPartOf\":{\"@id\":\"https:\/\/www.ucat.edu.ve\/web\/#website\"},\"primaryImageOfPage\":{\"@id\":\"https:\/\/www.ucat.edu.ve\/web\/la-ucat-recibe-con-fe-las-reliquias-de-santa-maria-carmen-rendiles-y-san-jose-gregorio-hernandez\/#primaryimage\"},\"datePublished\":\"2026-03-10T22:27:51+00:00\",\"dateModified\":\"2026-03-10T23:40:18+00:00\",\"breadcrumb\":{\"@id\":\"https:\/\/www.ucat.edu.ve\/web\/la-ucat-recibe-con-fe-las-reliquias-de-santa-maria-carmen-rendiles-y-san-jose-gregorio-hernandez\/#breadcrumb\"},\"inLanguage\":\"es-ES\",\"potentialAction\":[{\"@type\":\"ReadAction\",\"target\":[\"https:\/\/www.ucat.edu.ve\/web\/la-ucat-recibe-con-fe-las-reliquias-de-santa-maria-carmen-rendiles-y-san-jose-gregorio-hernandez\/\"]}]},{\"@type\":\"BreadcrumbList\",\"@id\":\"https:\/\/www.ucat.edu.ve\/web\/la-ucat-recibe-con-fe-las-reliquias-de-santa-maria-carmen-rendiles-y-san-jose-gregorio-hernandez\/#breadcrumb\",\"itemListElement\":[{\"@type\":\"ListItem\",\"position\":1,\"name\":\"Home\",\"item\":\"https:\/\/www.ucat.edu.ve\/web\/\"},{\"@type\":\"ListItem\",\"position\":2,\"name\":\"La UCAT recibe con fe las reliquias de Santa Mar\u00eda Carmen Rendiles y San Jos\u00e9 Gregorio Hern\u00e1ndez\"}]},{\"@type\":\"Article\",\"@id\":\"https:\/\/www.ucat.edu.ve\/web\/la-ucat-recibe-con-fe-las-reliquias-de-santa-maria-carmen-rendiles-y-san-jose-gregorio-hernandez\/#article\",\"isPartOf\":{\"@id\":\"https:\/\/www.ucat.edu.ve\/web\/la-ucat-recibe-con-fe-las-reliquias-de-santa-maria-carmen-rendiles-y-san-jose-gregorio-hernandez\/#webpage\"},\"author\":{\"name\":\"Secretaria General\",\"@id\":\"https:\/\/www.ucat.edu.ve\/web\/#\/schema\/person\/e90fe655adf97bd5c1dbc608855d16cf\"},\"headline\":\"La UCAT recibe con fe las reliquias de Santa Mar\u00eda Carmen Rendiles y San Jos\u00e9 Gregorio Hern\u00e1ndez\",\"datePublished\":\"2026-03-10T22:27:51+00:00\",\"dateModified\":\"2026-03-10T23:40:18+00:00\",\"mainEntityOfPage\":{\"@id\":\"https:\/\/www.ucat.edu.ve\/web\/la-ucat-recibe-con-fe-las-reliquias-de-santa-maria-carmen-rendiles-y-san-jose-gregorio-hernandez\/#webpage\"},\"wordCount\":303,\"publisher\":{\"@id\":\"https:\/\/www.ucat.edu.ve\/web\/#organization\"},\"image\":{\"@id\":\"https:\/\/www.ucat.edu.ve\/web\/la-ucat-recibe-con-fe-las-reliquias-de-santa-maria-carmen-rendiles-y-san-jose-gregorio-hernandez\/#primaryimage\"},\"thumbnailUrl\":\"https:\/\/www.ucat.edu.ve\/web\/wp-content\/uploads\/2026\/03\/Noticias-La-UCAT-recibe-con-fe-las-reliquias-de-Santa-Maria-Carmen-Rendiles-y-San-Jose-Gregorio-Hernandez.png\",\"articleSection\":[\"Noticias\"],\"inLanguage\":\"es-ES\"},{\"@type\":\"Person\",\"@id\":\"https:\/\/www.ucat.edu.ve\/web\/#\/schema\/person\/e90fe655adf97bd5c1dbc608855d16cf\",\"name\":\"Secretaria General\",\"url\":\"https:\/\/www.ucat.edu.ve\/web\/author\/secgeucat\/\"}]}<\/script>\n<!-- \/ Yoast SEO plugin. -->","yoast_head_json":{"title":"La UCAT recibe con fe las reliquias de Santa Mar\u00eda Carmen Rendiles y San Jos\u00e9 Gregorio Hern\u00e1ndez - Universidad Cat\u00f3lica del T\u00e1chira","robots":{"index":"index","follow":"follow","max-snippet":"max-snippet:-1","max-image-preview":"max-image-preview:large","max-video-preview":"max-video-preview:-1"},"canonical":"https:\/\/www.ucat.edu.ve\/web\/la-ucat-recibe-con-fe-las-reliquias-de-santa-maria-carmen-rendiles-y-san-jose-gregorio-hernandez\/","og_locale":"es_ES","og_type":"article","og_title":"La UCAT recibe con fe las reliquias de Santa Mar\u00eda Carmen Rendiles y San Jos\u00e9 Gregorio Hern\u00e1ndez - Universidad Cat\u00f3lica del T\u00e1chira","og_description":"En un ambiente de profunda devoci\u00f3n y alegr\u00eda acad\u00e9mica, la Universidad Cat\u00f3lica del T\u00e1chira (UCAT) sede Sabana Larga, vivi\u00f3 este martes 10 de marzo una jornada hist\u00f3rica al recibir las reliquias de dos figuras fundamentales de la espiritualidad venezolana: Santa Mar\u00eda Carmen Rendiles y San Jos\u00e9 Gregorio Hern\u00e1ndez El encuentro inici\u00f3 con la celebraci\u00f3n de","og_url":"https:\/\/www.ucat.edu.ve\/web\/la-ucat-recibe-con-fe-las-reliquias-de-santa-maria-carmen-rendiles-y-san-jose-gregorio-hernandez\/","og_site_name":"Universidad Cat\u00f3lica del T\u00e1chira","article_publisher":"https:\/\/www.facebook.com\/notiucat\/","article_published_time":"2026-03-10T22:27:51+00:00","article_modified_time":"2026-03-10T23:40:18+00:00","og_image":[{"width":1086,"height":671,"url":"https:\/\/www.ucat.edu.ve\/web\/wp-content\/uploads\/2026\/03\/Noticias-La-UCAT-recibe-con-fe-las-reliquias-de-Santa-Maria-Carmen-Rendiles-y-San-Jose-Gregorio-Hernandez.png","type":"image\/png"}],"author":"Secretaria General","twitter_card":"summary_large_image","twitter_creator":"@notiucat","twitter_site":"@notiucat","twitter_misc":{"Written by":"Secretaria General","Est. reading time":"5 minutos"},"schema":{"@context":"https:\/\/schema.org","@graph":[{"@type":"Organization","@id":"https:\/\/www.ucat.edu.ve\/web\/#organization","name":"Universidad Cat\u00f3lica Del T\u00e1chira UCAT","url":"https:\/\/www.ucat.edu.ve\/web\/","sameAs":["https:\/\/www.instagram.com\/notiucat\/","https:\/\/www.youtube.com\/channel\/UCwEbYSB1R9fzlII-8dcxuYA?view_as=subscriber","https:\/\/www.facebook.com\/notiucat\/","https:\/\/twitter.com\/notiucat"],"logo":{"@type":"ImageObject","inLanguage":"es-ES","@id":"https:\/\/www.ucat.edu.ve\/web\/#\/schema\/logo\/image\/","url":"https:\/\/www.ucat.edu.ve\/web\/wp-content\/uploads\/2015\/07\/logoucat.gif","contentUrl":"https:\/\/www.ucat.edu.ve\/web\/wp-content\/uploads\/2015\/07\/logoucat.gif","width":219,"height":155,"caption":"Universidad Cat\u00f3lica Del T\u00e1chira UCAT"},"image":{"@id":"https:\/\/www.ucat.edu.ve\/web\/#\/schema\/logo\/image\/"}},{"@type":"WebSite","@id":"https:\/\/www.ucat.edu.ve\/web\/#website","url":"https:\/\/www.ucat.edu.ve\/web\/","name":"Universidad Cat\u00f3lica del T\u00e1chira","description":"","publisher":{"@id":"https:\/\/www.ucat.edu.ve\/web\/#organization"},"potentialAction":[{"@type":"SearchAction","target":{"@type":"EntryPoint","urlTemplate":"https:\/\/www.ucat.edu.ve\/web\/?s={search_term_string}"},"query-input":"required name=search_term_string"}],"inLanguage":"es-ES"},{"@type":"ImageObject","inLanguage":"es-ES","@id":"https:\/\/www.ucat.edu.ve\/web\/la-ucat-recibe-con-fe-las-reliquias-de-santa-maria-carmen-rendiles-y-san-jose-gregorio-hernandez\/#primaryimage","url":"https:\/\/www.ucat.edu.ve\/web\/wp-content\/uploads\/2026\/03\/Noticias-La-UCAT-recibe-con-fe-las-reliquias-de-Santa-Maria-Carmen-Rendiles-y-San-Jose-Gregorio-Hernandez.png","contentUrl":"https:\/\/www.ucat.edu.ve\/web\/wp-content\/uploads\/2026\/03\/Noticias-La-UCAT-recibe-con-fe-las-reliquias-de-Santa-Maria-Carmen-Rendiles-y-San-Jose-Gregorio-Hernandez.png","width":1086,"height":671},{"@type":"WebPage","@id":"https:\/\/www.ucat.edu.ve\/web\/la-ucat-recibe-con-fe-las-reliquias-de-santa-maria-carmen-rendiles-y-san-jose-gregorio-hernandez\/#webpage","url":"https:\/\/www.ucat.edu.ve\/web\/la-ucat-recibe-con-fe-las-reliquias-de-santa-maria-carmen-rendiles-y-san-jose-gregorio-hernandez\/","name":"La UCAT recibe con fe las reliquias de Santa Mar\u00eda Carmen Rendiles y San Jos\u00e9 Gregorio Hern\u00e1ndez - Universidad Cat\u00f3lica del T\u00e1chira","isPartOf":{"@id":"https:\/\/www.ucat.edu.ve\/web\/#website"},"primaryImageOfPage":{"@id":"https:\/\/www.ucat.edu.ve\/web\/la-ucat-recibe-con-fe-las-reliquias-de-santa-maria-carmen-rendiles-y-san-jose-gregorio-hernandez\/#primaryimage"},"datePublished":"2026-03-10T22:27:51+00:00","dateModified":"2026-03-10T23:40:18+00:00","breadcrumb":{"@id":"https:\/\/www.ucat.edu.ve\/web\/la-ucat-recibe-con-fe-las-reliquias-de-santa-maria-carmen-rendiles-y-san-jose-gregorio-hernandez\/#breadcrumb"},"inLanguage":"es-ES","potentialAction":[{"@type":"ReadAction","target":["https:\/\/www.ucat.edu.ve\/web\/la-ucat-recibe-con-fe-las-reliquias-de-santa-maria-carmen-rendiles-y-san-jose-gregorio-hernandez\/"]}]},{"@type":"BreadcrumbList","@id":"https:\/\/www.ucat.edu.ve\/web\/la-ucat-recibe-con-fe-las-reliquias-de-santa-maria-carmen-rendiles-y-san-jose-gregorio-hernandez\/#breadcrumb","itemListElement":[{"@type":"ListItem","position":1,"name":"Home","item":"https:\/\/www.ucat.edu.ve\/web\/"},{"@type":"ListItem","position":2,"name":"La UCAT recibe con fe las reliquias de Santa Mar\u00eda Carmen Rendiles y San Jos\u00e9 Gregorio Hern\u00e1ndez"}]},{"@type":"Article","@id":"https:\/\/www.ucat.edu.ve\/web\/la-ucat-recibe-con-fe-las-reliquias-de-santa-maria-carmen-rendiles-y-san-jose-gregorio-hernandez\/#article","isPartOf":{"@id":"https:\/\/www.ucat.edu.ve\/web\/la-ucat-recibe-con-fe-las-reliquias-de-santa-maria-carmen-rendiles-y-san-jose-gregorio-hernandez\/#webpage"},"author":{"name":"Secretaria General","@id":"https:\/\/www.ucat.edu.ve\/web\/#\/schema\/person\/e90fe655adf97bd5c1dbc608855d16cf"},"headline":"La UCAT recibe con fe las reliquias de Santa Mar\u00eda Carmen Rendiles y San Jos\u00e9 Gregorio Hern\u00e1ndez","datePublished":"2026-03-10T22:27:51+00:00","dateModified":"2026-03-10T23:40:18+00:00","mainEntityOfPage":{"@id":"https:\/\/www.ucat.edu.ve\/web\/la-ucat-recibe-con-fe-las-reliquias-de-santa-maria-carmen-rendiles-y-san-jose-gregorio-hernandez\/#webpage"},"wordCount":303,"publisher":{"@id":"https:\/\/www.ucat.edu.ve\/web\/#organization"},"image":{"@id":"https:\/\/www.ucat.edu.ve\/web\/la-ucat-recibe-con-fe-las-reliquias-de-santa-maria-carmen-rendiles-y-san-jose-gregorio-hernandez\/#primaryimage"},"thumbnailUrl":"https:\/\/www.ucat.edu.ve\/web\/wp-content\/uploads\/2026\/03\/Noticias-La-UCAT-recibe-con-fe-las-reliquias-de-Santa-Maria-Carmen-Rendiles-y-San-Jose-Gregorio-Hernandez.png","articleSection":["Noticias"],"inLanguage":"es-ES"},{"@type":"Person","@id":"https:\/\/www.ucat.edu.ve\/web\/#\/schema\/person\/e90fe655adf97bd5c1dbc608855d16cf","name":"Secretaria General","url":"https:\/\/www.ucat.edu.ve\/web\/author\/secgeucat\/"}]}},"_links":{"self":[{"href":"https:\/\/www.ucat.edu.ve\/web\/wp-json\/wp\/v2\/posts\/15707"}],"collection":[{"href":"https:\/\/www.ucat.edu.ve\/web\/wp-json\/wp\/v2\/posts"}],"about":[{"href":"https:\/\/www.ucat.edu.ve\/web\/wp-json\/wp\/v2\/types\/post"}],"author":[{"embeddable":true,"href":"https:\/\/www.ucat.edu.ve\/web\/wp-json\/wp\/v2\/users\/23"}],"replies":[{"embeddable":true,"href":"https:\/\/www.ucat.edu.ve\/web\/wp-json\/wp\/v2\/comments?post=15707"}],"version-history":[{"count":3,"href":"https:\/\/www.ucat.edu.ve\/web\/wp-json\/wp\/v2\/posts\/15707\/revisions"}],"predecessor-version":[{"id":15732,"href":"https:\/\/www.ucat.edu.ve\/web\/wp-json\/wp\/v2\/posts\/15707\/revisions\/15732"}],"wp:featuredmedia":[{"embeddable":true,"href":"https:\/\/www.ucat.edu.ve\/web\/wp-json\/wp\/v2\/media\/15708"}],"wp:attachment":[{"href":"https:\/\/www.ucat.edu.ve\/web\/wp-json\/wp\/v2\/media?parent=15707"}],"wp:term":[{"taxonomy":"category","embeddable":true,"href":"https:\/\/www.ucat.edu.ve\/web\/wp-json\/wp\/v2\/categories?post=15707"},{"taxonomy":"post_tag","embeddable":true,"href":"https:\/\/www.ucat.edu.ve\/web\/wp-json\/wp\/v2\/tags?post=15707"}],"curies":[{"name":"wp","href":"https:\/\/api.w.org\/{rel}","templated":true}]}}