 {"id":15733,"date":"2026-03-11T14:03:00","date_gmt":"2026-03-11T14:03:00","guid":{"rendered":"https:\/\/www.ucat.edu.ve\/web\/?p=15733"},"modified":"2026-03-11T14:03:00","modified_gmt":"2026-03-11T14:03:00","slug":"estudiantes-de-la-ucat-lideran-taller-de-prospectiva-juventud-y-frontera-junto-al-pnud","status":"publish","type":"post","link":"https:\/\/www.ucat.edu.ve\/web\/estudiantes-de-la-ucat-lideran-taller-de-prospectiva-juventud-y-frontera-junto-al-pnud\/","title":{"rendered":"Estudiantes de la UCAT lideran taller de prospectiva \u201cJuventud y Frontera\u201d junto al PNUD"},"content":{"rendered":"<p style=\"text-align: center;\"><img loading=\"lazy\" class=\"alignnone size-medium wp-image-15734\" src=\"https:\/\/www.ucat.edu.ve\/web\/wp-content\/uploads\/2026\/03\/Noticias-Estudiantes-de-la-UCAT-lideran-taller-de-prospectiva-Juventud-y-Frontera-junto-al-PNUD-521x322.png\" alt=\"\" width=\"521\" height=\"322\" srcset=\"https:\/\/www.ucat.edu.ve\/web\/wp-content\/uploads\/2026\/03\/Noticias-Estudiantes-de-la-UCAT-lideran-taller-de-prospectiva-Juventud-y-Frontera-junto-al-PNUD-521x322.png 521w, https:\/\/www.ucat.edu.ve\/web\/wp-content\/uploads\/2026\/03\/Noticias-Estudiantes-de-la-UCAT-lideran-taller-de-prospectiva-Juventud-y-Frontera-junto-al-PNUD-340x210.png 340w, https:\/\/www.ucat.edu.ve\/web\/wp-content\/uploads\/2026\/03\/Noticias-Estudiantes-de-la-UCAT-lideran-taller-de-prospectiva-Juventud-y-Frontera-junto-al-PNUD.png 1086w\" sizes=\"(max-width: 521px) 100vw, 521px\" \/><\/p>\n<p style=\"text-align: justify;\">Estudiantes de la Universidad Cat\u00f3lica del T\u00e1chira (UCAT) asumieron un rol protag\u00f3nico en el taller de prospectiva \u201cJuventud y Frontera\u201d, realizado el pasado 4 de marzo de 2026. Esta iniciativa fue desarrollada en el marco del Programa de las Naciones Unidas para el Desarrollo (PNUD), en conjunto con FUNDESTA.<\/p>\n<p style=\"text-align: left;\">Los j\u00f3venes Ucatenses implementaron din\u00e1micas de trabajo y metodolog\u00edas de facilitaci\u00f3n de alto nivel, lo que permiti\u00f3 un intercambio fluido de ideas y experiencias entre alumnos de diversas casas de estudio del estado, fortaleciendo as\u00ed el tejido universitario regional.<\/p>\n<p style=\"text-align: justify;\">Las jornadas de trabajo se llevaron a cabo en las sedes de la Universidad de Los Andes (ULA), n\u00facleo T\u00e1chira,\u00a0 la Universidad Polit\u00e9cnica Territorial Agroindustrial (UPTAI), la Universidad Polit\u00e9cnica Territorial Manuela Saenz (Municipio Garc\u00eda de Hevia) y la ONG Uniandes. Durante los encuentros, se compartieron herramientas de vanguardia enfocadas en el trabajo colaborativo y la reflexi\u00f3n sobre los escenarios futuros del territorio.<\/p>\n<p style=\"text-align: justify;\">El taller permiti\u00f3 a los asistentes profundizar en el an\u00e1lisis del entorno fronterizo, utilizando metodolog\u00edas de prospectiva para identificar rutas de acci\u00f3n ante la realidad local. La participaci\u00f3n de los estudiantes en estos espacios, de la mano con el PNUD, reafirma el compromiso de la instituci\u00f3n con la formaci\u00f3n de l\u00edderes capaces de incidir positivamente en el desarrollo fronterizo y la construcci\u00f3n de consensos.<\/p>\n<p><strong>(Prensa UCAT)<\/strong><\/p>\n","protected":false},"excerpt":{"rendered":"<p>Estudiantes de la Universidad Cat\u00f3lica del T\u00e1chira (UCAT) asumieron un rol protag\u00f3nico en el taller de prospectiva \u201cJuventud y Frontera\u201d, realizado el pasado 4 de marzo de 2026. Esta iniciativa fue desarrollada en el marco del Programa de las Naciones Unidas para el Desarrollo (PNUD), en conjunto con FUNDESTA. Los j\u00f3venes Ucatenses implementaron din\u00e1micas de<\/p>\n","protected":false},"author":23,"featured_media":15734,"comment_status":"closed","ping_status":"closed","sticky":false,"template":"","format":"standard","meta":[],"categories":[3],"tags":[],"yoast_head":"<!-- This site is optimized with the Yoast SEO plugin v19.2 - https:\/\/yoast.com\/wordpress\/plugins\/seo\/ -->\n<title>Estudiantes de la UCAT lideran taller de prospectiva \u201cJuventud y Frontera\u201d junto al PNUD - Universidad Cat\u00f3lica del T\u00e1chira<\/title>\n<meta name=\"robots\" content=\"index, follow, max-snippet:-1, max-image-preview:large, max-video-preview:-1\" \/>\n<link rel=\"canonical\" href=\"https:\/\/www.ucat.edu.ve\/web\/estudiantes-de-la-ucat-lideran-taller-de-prospectiva-juventud-y-frontera-junto-al-pnud\/\" \/>\n<meta property=\"og:locale\" content=\"es_ES\" \/>\n<meta property=\"og:type\" content=\"article\" \/>\n<meta property=\"og:title\" content=\"Estudiantes de la UCAT lideran taller de prospectiva \u201cJuventud y Frontera\u201d junto al PNUD - Universidad Cat\u00f3lica del T\u00e1chira\" \/>\n<meta property=\"og:description\" content=\"Estudiantes de la Universidad Cat\u00f3lica del T\u00e1chira (UCAT) asumieron un rol protag\u00f3nico en el taller de prospectiva \u201cJuventud y Frontera\u201d, realizado el pasado 4 de marzo de 2026. Esta iniciativa fue desarrollada en el marco del Programa de las Naciones Unidas para el Desarrollo (PNUD), en conjunto con FUNDESTA. Los j\u00f3venes Ucatenses implementaron din\u00e1micas de\" \/>\n<meta property=\"og:url\" content=\"https:\/\/www.ucat.edu.ve\/web\/estudiantes-de-la-ucat-lideran-taller-de-prospectiva-juventud-y-frontera-junto-al-pnud\/\" \/>\n<meta property=\"og:site_name\" content=\"Universidad Cat\u00f3lica del T\u00e1chira\" \/>\n<meta property=\"article:publisher\" content=\"https:\/\/www.facebook.com\/notiucat\/\" \/>\n<meta property=\"article:published_time\" content=\"2026-03-11T14:03:00+00:00\" \/>\n<meta property=\"og:image\" content=\"https:\/\/www.ucat.edu.ve\/web\/wp-content\/uploads\/2026\/03\/Noticias-Estudiantes-de-la-UCAT-lideran-taller-de-prospectiva-Juventud-y-Frontera-junto-al-PNUD.png\" \/>\n\t<meta property=\"og:image:width\" content=\"1086\" \/>\n\t<meta property=\"og:image:height\" content=\"671\" \/>\n\t<meta property=\"og:image:type\" content=\"image\/png\" \/>\n<meta name=\"author\" content=\"Secretaria General\" \/>\n<meta name=\"twitter:card\" content=\"summary_large_image\" \/>\n<meta name=\"twitter:creator\" content=\"@notiucat\" \/>\n<meta name=\"twitter:site\" content=\"@notiucat\" \/>\n<meta name=\"twitter:label1\" content=\"Written by\" \/>\n\t<meta name=\"twitter:data1\" content=\"Secretaria General\" \/>\n\t<meta name=\"twitter:label2\" content=\"Est. reading time\" \/>\n\t<meta name=\"twitter:data2\" content=\"1 minuto\" \/>\n<script type=\"application\/ld+json\" class=\"yoast-schema-graph\">{\"@context\":\"https:\/\/schema.org\",\"@graph\":[{\"@type\":\"Organization\",\"@id\":\"https:\/\/www.ucat.edu.ve\/web\/#organization\",\"name\":\"Universidad Cat\u00f3lica Del T\u00e1chira UCAT\",\"url\":\"https:\/\/www.ucat.edu.ve\/web\/\",\"sameAs\":[\"https:\/\/www.instagram.com\/notiucat\/\",\"https:\/\/www.youtube.com\/channel\/UCwEbYSB1R9fzlII-8dcxuYA?view_as=subscriber\",\"https:\/\/www.facebook.com\/notiucat\/\",\"https:\/\/twitter.com\/notiucat\"],\"logo\":{\"@type\":\"ImageObject\",\"inLanguage\":\"es-ES\",\"@id\":\"https:\/\/www.ucat.edu.ve\/web\/#\/schema\/logo\/image\/\",\"url\":\"https:\/\/www.ucat.edu.ve\/web\/wp-content\/uploads\/2015\/07\/logoucat.gif\",\"contentUrl\":\"https:\/\/www.ucat.edu.ve\/web\/wp-content\/uploads\/2015\/07\/logoucat.gif\",\"width\":219,\"height\":155,\"caption\":\"Universidad Cat\u00f3lica Del T\u00e1chira UCAT\"},\"image\":{\"@id\":\"https:\/\/www.ucat.edu.ve\/web\/#\/schema\/logo\/image\/\"}},{\"@type\":\"WebSite\",\"@id\":\"https:\/\/www.ucat.edu.ve\/web\/#website\",\"url\":\"https:\/\/www.ucat.edu.ve\/web\/\",\"name\":\"Universidad Cat\u00f3lica del T\u00e1chira\",\"description\":\"\",\"publisher\":{\"@id\":\"https:\/\/www.ucat.edu.ve\/web\/#organization\"},\"potentialAction\":[{\"@type\":\"SearchAction\",\"target\":{\"@type\":\"EntryPoint\",\"urlTemplate\":\"https:\/\/www.ucat.edu.ve\/web\/?s={search_term_string}\"},\"query-input\":\"required name=search_term_string\"}],\"inLanguage\":\"es-ES\"},{\"@type\":\"ImageObject\",\"inLanguage\":\"es-ES\",\"@id\":\"https:\/\/www.ucat.edu.ve\/web\/estudiantes-de-la-ucat-lideran-taller-de-prospectiva-juventud-y-frontera-junto-al-pnud\/#primaryimage\",\"url\":\"https:\/\/www.ucat.edu.ve\/web\/wp-content\/uploads\/2026\/03\/Noticias-Estudiantes-de-la-UCAT-lideran-taller-de-prospectiva-Juventud-y-Frontera-junto-al-PNUD.png\",\"contentUrl\":\"https:\/\/www.ucat.edu.ve\/web\/wp-content\/uploads\/2026\/03\/Noticias-Estudiantes-de-la-UCAT-lideran-taller-de-prospectiva-Juventud-y-Frontera-junto-al-PNUD.png\",\"width\":1086,\"height\":671},{\"@type\":\"WebPage\",\"@id\":\"https:\/\/www.ucat.edu.ve\/web\/estudiantes-de-la-ucat-lideran-taller-de-prospectiva-juventud-y-frontera-junto-al-pnud\/#webpage\",\"url\":\"https:\/\/www.ucat.edu.ve\/web\/estudiantes-de-la-ucat-lideran-taller-de-prospectiva-juventud-y-frontera-junto-al-pnud\/\",\"name\":\"Estudiantes de la UCAT lideran taller de prospectiva \u201cJuventud y Frontera\u201d junto al PNUD - Universidad Cat\u00f3lica del T\u00e1chira\",\"isPartOf\":{\"@id\":\"https:\/\/www.ucat.edu.ve\/web\/#website\"},\"primaryImageOfPage\":{\"@id\":\"https:\/\/www.ucat.edu.ve\/web\/estudiantes-de-la-ucat-lideran-taller-de-prospectiva-juventud-y-frontera-junto-al-pnud\/#primaryimage\"},\"datePublished\":\"2026-03-11T14:03:00+00:00\",\"dateModified\":\"2026-03-11T14:03:00+00:00\",\"breadcrumb\":{\"@id\":\"https:\/\/www.ucat.edu.ve\/web\/estudiantes-de-la-ucat-lideran-taller-de-prospectiva-juventud-y-frontera-junto-al-pnud\/#breadcrumb\"},\"inLanguage\":\"es-ES\",\"potentialAction\":[{\"@type\":\"ReadAction\",\"target\":[\"https:\/\/www.ucat.edu.ve\/web\/estudiantes-de-la-ucat-lideran-taller-de-prospectiva-juventud-y-frontera-junto-al-pnud\/\"]}]},{\"@type\":\"BreadcrumbList\",\"@id\":\"https:\/\/www.ucat.edu.ve\/web\/estudiantes-de-la-ucat-lideran-taller-de-prospectiva-juventud-y-frontera-junto-al-pnud\/#breadcrumb\",\"itemListElement\":[{\"@type\":\"ListItem\",\"position\":1,\"name\":\"Home\",\"item\":\"https:\/\/www.ucat.edu.ve\/web\/\"},{\"@type\":\"ListItem\",\"position\":2,\"name\":\"Estudiantes de la UCAT lideran taller de prospectiva \u201cJuventud y Frontera\u201d junto al PNUD\"}]},{\"@type\":\"Article\",\"@id\":\"https:\/\/www.ucat.edu.ve\/web\/estudiantes-de-la-ucat-lideran-taller-de-prospectiva-juventud-y-frontera-junto-al-pnud\/#article\",\"isPartOf\":{\"@id\":\"https:\/\/www.ucat.edu.ve\/web\/estudiantes-de-la-ucat-lideran-taller-de-prospectiva-juventud-y-frontera-junto-al-pnud\/#webpage\"},\"author\":{\"name\":\"Secretaria General\",\"@id\":\"https:\/\/www.ucat.edu.ve\/web\/#\/schema\/person\/e90fe655adf97bd5c1dbc608855d16cf\"},\"headline\":\"Estudiantes de la UCAT lideran taller de prospectiva \u201cJuventud y Frontera\u201d junto al PNUD\",\"datePublished\":\"2026-03-11T14:03:00+00:00\",\"dateModified\":\"2026-03-11T14:03:00+00:00\",\"mainEntityOfPage\":{\"@id\":\"https:\/\/www.ucat.edu.ve\/web\/estudiantes-de-la-ucat-lideran-taller-de-prospectiva-juventud-y-frontera-junto-al-pnud\/#webpage\"},\"wordCount\":249,\"publisher\":{\"@id\":\"https:\/\/www.ucat.edu.ve\/web\/#organization\"},\"image\":{\"@id\":\"https:\/\/www.ucat.edu.ve\/web\/estudiantes-de-la-ucat-lideran-taller-de-prospectiva-juventud-y-frontera-junto-al-pnud\/#primaryimage\"},\"thumbnailUrl\":\"https:\/\/www.ucat.edu.ve\/web\/wp-content\/uploads\/2026\/03\/Noticias-Estudiantes-de-la-UCAT-lideran-taller-de-prospectiva-Juventud-y-Frontera-junto-al-PNUD.png\",\"articleSection\":[\"Noticias\"],\"inLanguage\":\"es-ES\"},{\"@type\":\"Person\",\"@id\":\"https:\/\/www.ucat.edu.ve\/web\/#\/schema\/person\/e90fe655adf97bd5c1dbc608855d16cf\",\"name\":\"Secretaria General\",\"url\":\"https:\/\/www.ucat.edu.ve\/web\/author\/secgeucat\/\"}]}<\/script>\n<!-- \/ Yoast SEO plugin. -->","yoast_head_json":{"title":"Estudiantes de la UCAT lideran taller de prospectiva \u201cJuventud y Frontera\u201d junto al PNUD - Universidad Cat\u00f3lica del T\u00e1chira","robots":{"index":"index","follow":"follow","max-snippet":"max-snippet:-1","max-image-preview":"max-image-preview:large","max-video-preview":"max-video-preview:-1"},"canonical":"https:\/\/www.ucat.edu.ve\/web\/estudiantes-de-la-ucat-lideran-taller-de-prospectiva-juventud-y-frontera-junto-al-pnud\/","og_locale":"es_ES","og_type":"article","og_title":"Estudiantes de la UCAT lideran taller de prospectiva \u201cJuventud y Frontera\u201d junto al PNUD - Universidad Cat\u00f3lica del T\u00e1chira","og_description":"Estudiantes de la Universidad Cat\u00f3lica del T\u00e1chira (UCAT) asumieron un rol protag\u00f3nico en el taller de prospectiva \u201cJuventud y Frontera\u201d, realizado el pasado 4 de marzo de 2026. Esta iniciativa fue desarrollada en el marco del Programa de las Naciones Unidas para el Desarrollo (PNUD), en conjunto con FUNDESTA. Los j\u00f3venes Ucatenses implementaron din\u00e1micas de","og_url":"https:\/\/www.ucat.edu.ve\/web\/estudiantes-de-la-ucat-lideran-taller-de-prospectiva-juventud-y-frontera-junto-al-pnud\/","og_site_name":"Universidad Cat\u00f3lica del T\u00e1chira","article_publisher":"https:\/\/www.facebook.com\/notiucat\/","article_published_time":"2026-03-11T14:03:00+00:00","og_image":[{"width":1086,"height":671,"url":"https:\/\/www.ucat.edu.ve\/web\/wp-content\/uploads\/2026\/03\/Noticias-Estudiantes-de-la-UCAT-lideran-taller-de-prospectiva-Juventud-y-Frontera-junto-al-PNUD.png","type":"image\/png"}],"author":"Secretaria General","twitter_card":"summary_large_image","twitter_creator":"@notiucat","twitter_site":"@notiucat","twitter_misc":{"Written by":"Secretaria General","Est. reading time":"1 minuto"},"schema":{"@context":"https:\/\/schema.org","@graph":[{"@type":"Organization","@id":"https:\/\/www.ucat.edu.ve\/web\/#organization","name":"Universidad Cat\u00f3lica Del T\u00e1chira UCAT","url":"https:\/\/www.ucat.edu.ve\/web\/","sameAs":["https:\/\/www.instagram.com\/notiucat\/","https:\/\/www.youtube.com\/channel\/UCwEbYSB1R9fzlII-8dcxuYA?view_as=subscriber","https:\/\/www.facebook.com\/notiucat\/","https:\/\/twitter.com\/notiucat"],"logo":{"@type":"ImageObject","inLanguage":"es-ES","@id":"https:\/\/www.ucat.edu.ve\/web\/#\/schema\/logo\/image\/","url":"https:\/\/www.ucat.edu.ve\/web\/wp-content\/uploads\/2015\/07\/logoucat.gif","contentUrl":"https:\/\/www.ucat.edu.ve\/web\/wp-content\/uploads\/2015\/07\/logoucat.gif","width":219,"height":155,"caption":"Universidad Cat\u00f3lica Del T\u00e1chira UCAT"},"image":{"@id":"https:\/\/www.ucat.edu.ve\/web\/#\/schema\/logo\/image\/"}},{"@type":"WebSite","@id":"https:\/\/www.ucat.edu.ve\/web\/#website","url":"https:\/\/www.ucat.edu.ve\/web\/","name":"Universidad Cat\u00f3lica del T\u00e1chira","description":"","publisher":{"@id":"https:\/\/www.ucat.edu.ve\/web\/#organization"},"potentialAction":[{"@type":"SearchAction","target":{"@type":"EntryPoint","urlTemplate":"https:\/\/www.ucat.edu.ve\/web\/?s={search_term_string}"},"query-input":"required name=search_term_string"}],"inLanguage":"es-ES"},{"@type":"ImageObject","inLanguage":"es-ES","@id":"https:\/\/www.ucat.edu.ve\/web\/estudiantes-de-la-ucat-lideran-taller-de-prospectiva-juventud-y-frontera-junto-al-pnud\/#primaryimage","url":"https:\/\/www.ucat.edu.ve\/web\/wp-content\/uploads\/2026\/03\/Noticias-Estudiantes-de-la-UCAT-lideran-taller-de-prospectiva-Juventud-y-Frontera-junto-al-PNUD.png","contentUrl":"https:\/\/www.ucat.edu.ve\/web\/wp-content\/uploads\/2026\/03\/Noticias-Estudiantes-de-la-UCAT-lideran-taller-de-prospectiva-Juventud-y-Frontera-junto-al-PNUD.png","width":1086,"height":671},{"@type":"WebPage","@id":"https:\/\/www.ucat.edu.ve\/web\/estudiantes-de-la-ucat-lideran-taller-de-prospectiva-juventud-y-frontera-junto-al-pnud\/#webpage","url":"https:\/\/www.ucat.edu.ve\/web\/estudiantes-de-la-ucat-lideran-taller-de-prospectiva-juventud-y-frontera-junto-al-pnud\/","name":"Estudiantes de la UCAT lideran taller de prospectiva \u201cJuventud y Frontera\u201d junto al PNUD - Universidad Cat\u00f3lica del T\u00e1chira","isPartOf":{"@id":"https:\/\/www.ucat.edu.ve\/web\/#website"},"primaryImageOfPage":{"@id":"https:\/\/www.ucat.edu.ve\/web\/estudiantes-de-la-ucat-lideran-taller-de-prospectiva-juventud-y-frontera-junto-al-pnud\/#primaryimage"},"datePublished":"2026-03-11T14:03:00+00:00","dateModified":"2026-03-11T14:03:00+00:00","breadcrumb":{"@id":"https:\/\/www.ucat.edu.ve\/web\/estudiantes-de-la-ucat-lideran-taller-de-prospectiva-juventud-y-frontera-junto-al-pnud\/#breadcrumb"},"inLanguage":"es-ES","potentialAction":[{"@type":"ReadAction","target":["https:\/\/www.ucat.edu.ve\/web\/estudiantes-de-la-ucat-lideran-taller-de-prospectiva-juventud-y-frontera-junto-al-pnud\/"]}]},{"@type":"BreadcrumbList","@id":"https:\/\/www.ucat.edu.ve\/web\/estudiantes-de-la-ucat-lideran-taller-de-prospectiva-juventud-y-frontera-junto-al-pnud\/#breadcrumb","itemListElement":[{"@type":"ListItem","position":1,"name":"Home","item":"https:\/\/www.ucat.edu.ve\/web\/"},{"@type":"ListItem","position":2,"name":"Estudiantes de la UCAT lideran taller de prospectiva \u201cJuventud y Frontera\u201d junto al PNUD"}]},{"@type":"Article","@id":"https:\/\/www.ucat.edu.ve\/web\/estudiantes-de-la-ucat-lideran-taller-de-prospectiva-juventud-y-frontera-junto-al-pnud\/#article","isPartOf":{"@id":"https:\/\/www.ucat.edu.ve\/web\/estudiantes-de-la-ucat-lideran-taller-de-prospectiva-juventud-y-frontera-junto-al-pnud\/#webpage"},"author":{"name":"Secretaria General","@id":"https:\/\/www.ucat.edu.ve\/web\/#\/schema\/person\/e90fe655adf97bd5c1dbc608855d16cf"},"headline":"Estudiantes de la UCAT lideran taller de prospectiva \u201cJuventud y Frontera\u201d junto al PNUD","datePublished":"2026-03-11T14:03:00+00:00","dateModified":"2026-03-11T14:03:00+00:00","mainEntityOfPage":{"@id":"https:\/\/www.ucat.edu.ve\/web\/estudiantes-de-la-ucat-lideran-taller-de-prospectiva-juventud-y-frontera-junto-al-pnud\/#webpage"},"wordCount":249,"publisher":{"@id":"https:\/\/www.ucat.edu.ve\/web\/#organization"},"image":{"@id":"https:\/\/www.ucat.edu.ve\/web\/estudiantes-de-la-ucat-lideran-taller-de-prospectiva-juventud-y-frontera-junto-al-pnud\/#primaryimage"},"thumbnailUrl":"https:\/\/www.ucat.edu.ve\/web\/wp-content\/uploads\/2026\/03\/Noticias-Estudiantes-de-la-UCAT-lideran-taller-de-prospectiva-Juventud-y-Frontera-junto-al-PNUD.png","articleSection":["Noticias"],"inLanguage":"es-ES"},{"@type":"Person","@id":"https:\/\/www.ucat.edu.ve\/web\/#\/schema\/person\/e90fe655adf97bd5c1dbc608855d16cf","name":"Secretaria General","url":"https:\/\/www.ucat.edu.ve\/web\/author\/secgeucat\/"}]}},"_links":{"self":[{"href":"https:\/\/www.ucat.edu.ve\/web\/wp-json\/wp\/v2\/posts\/15733"}],"collection":[{"href":"https:\/\/www.ucat.edu.ve\/web\/wp-json\/wp\/v2\/posts"}],"about":[{"href":"https:\/\/www.ucat.edu.ve\/web\/wp-json\/wp\/v2\/types\/post"}],"author":[{"embeddable":true,"href":"https:\/\/www.ucat.edu.ve\/web\/wp-json\/wp\/v2\/users\/23"}],"replies":[{"embeddable":true,"href":"https:\/\/www.ucat.edu.ve\/web\/wp-json\/wp\/v2\/comments?post=15733"}],"version-history":[{"count":1,"href":"https:\/\/www.ucat.edu.ve\/web\/wp-json\/wp\/v2\/posts\/15733\/revisions"}],"predecessor-version":[{"id":15735,"href":"https:\/\/www.ucat.edu.ve\/web\/wp-json\/wp\/v2\/posts\/15733\/revisions\/15735"}],"wp:featuredmedia":[{"embeddable":true,"href":"https:\/\/www.ucat.edu.ve\/web\/wp-json\/wp\/v2\/media\/15734"}],"wp:attachment":[{"href":"https:\/\/www.ucat.edu.ve\/web\/wp-json\/wp\/v2\/media?parent=15733"}],"wp:term":[{"taxonomy":"category","embeddable":true,"href":"https:\/\/www.ucat.edu.ve\/web\/wp-json\/wp\/v2\/categories?post=15733"},{"taxonomy":"post_tag","embeddable":true,"href":"https:\/\/www.ucat.edu.ve\/web\/wp-json\/wp\/v2\/tags?post=15733"}],"curies":[{"name":"wp","href":"https:\/\/api.w.org\/{rel}","templated":true}]}}