 {"id":15898,"date":"2026-04-27T18:30:08","date_gmt":"2026-04-27T18:30:08","guid":{"rendered":"https:\/\/www.ucat.edu.ve\/web\/?p=15898"},"modified":"2026-04-27T18:30:08","modified_gmt":"2026-04-27T18:30:08","slug":"ucat-celebro-el-festival-de-lectura-en-voz-alta-2026-el-poder-de-la-palabra","status":"publish","type":"post","link":"https:\/\/www.ucat.edu.ve\/web\/ucat-celebro-el-festival-de-lectura-en-voz-alta-2026-el-poder-de-la-palabra\/","title":{"rendered":"UCAT celebr\u00f3 el Festival de Lectura en Voz Alta 2026 \u201cEl Poder de la Palabra\u201d"},"content":{"rendered":"<p style=\"text-align: center;\"><img loading=\"lazy\" class=\"alignnone size-medium wp-image-15899\" src=\"https:\/\/www.ucat.edu.ve\/web\/wp-content\/uploads\/2026\/04\/Noticias-UCAT-celebro-el-Festival-de-Lectura-en-Voz-Alta-2026-El-Poder-de-la-Palabra-521x322.png\" alt=\"\" width=\"521\" height=\"322\" srcset=\"https:\/\/www.ucat.edu.ve\/web\/wp-content\/uploads\/2026\/04\/Noticias-UCAT-celebro-el-Festival-de-Lectura-en-Voz-Alta-2026-El-Poder-de-la-Palabra-521x322.png 521w, https:\/\/www.ucat.edu.ve\/web\/wp-content\/uploads\/2026\/04\/Noticias-UCAT-celebro-el-Festival-de-Lectura-en-Voz-Alta-2026-El-Poder-de-la-Palabra-340x210.png 340w, https:\/\/www.ucat.edu.ve\/web\/wp-content\/uploads\/2026\/04\/Noticias-UCAT-celebro-el-Festival-de-Lectura-en-Voz-Alta-2026-El-Poder-de-la-Palabra.png 1086w\" sizes=\"(max-width: 521px) 100vw, 521px\" \/><\/p>\n<p style=\"text-align: justify;\">En un ambiente donde convergieron la academia y el arte, la Universidad Cat\u00f3lica del T\u00e1chira (UCAT) llev\u00f3 a cabo los d\u00edas 22 y 23 de abril una destacada doble jornada literaria: el XVI Festival de Lectura en Voz Alta para Universitarios y el VI Festival de Lectura en Voz Alta para Ni\u00f1os y Ni\u00f1as.<\/p>\n<p style=\"text-align: justify;\">Bajo el inspirador lema <em>&#8220;Tu voz, nuestro libro abierto&#8221;<\/em>, el evento se desarroll\u00f3 en la sede de Sabana Larga en conmemoraci\u00f3n del D\u00eda Mundial del Libro y del Derecho de Autor, reafirmando el compromiso de la instituci\u00f3n con la promoci\u00f3n de la cultura y el pensamiento cr\u00edtico.<\/p>\n<p style=\"text-align: left;\"><strong>Ciencia y reflexi\u00f3n: Neurociencia en la lectura<\/strong><\/p>\n<p style=\"text-align: justify;\">La apertura oficial, realizada el mi\u00e9rcoles 22, estuvo a cargo de la Lcda. Esp. Marisol S\u00e1nchez, decana de la Facultad de Ciencias Econ\u00f3micas y Sociales, quien destac\u00f3 la necesidad de trascender la lectura tradicional hacia modelos m\u00e1s sociales e interactivos.<\/p>\n<p style=\"text-align: justify;\">&#8220;La finalidad de este encuentro es fomentar una cultura lectora participativa en nuestra comunidad acad\u00e9mica, rindiendo homenaje al valor de la palabra escrita como eje de desarrollo cultural&#8221;, afirm\u00f3 la decana.<\/p>\n<p style=\"text-align: justify;\">La jornada acad\u00e9mica inici\u00f3 con la armon\u00eda del Ensamble de la Universidad Nacional Experimental del T\u00e1chira (UNET), dirigido por Jennifer Fl\u00f3rez, seguido por el panel central &#8220;Neurociencia y el proceso lector&#8221;. En este espacio, las expertas Dra. Jemima Duarte (ULA), Dra. Liliana Var\u00f3n (Colombia) y la Psic\u00f3l. Belkis Gonz\u00e1lez de M\u00e9ndez (UCV\/UNA) analizaron c\u00f3mo el h\u00e1bito de leer transforma las estructuras cognitivas.<\/p>\n<p style=\"text-align: left;\"><strong>Sembrando futuro: Homenaje a Carlo Collodi<\/strong><\/p>\n<p style=\"text-align: justify;\">Durante la tarde, los edificios A y B se transformaron en un escenario l\u00fadico para el festival infantil. Organizado por estudiantes de primer semestre de Psicolog\u00eda, esta edici\u00f3n rindi\u00f3 tributo al bicentenario del natalicio de Carlo Collodi, creador de <em>Pinocho<\/em>.<\/p>\n<p style=\"text-align: left;\">Ni\u00f1os del Colegio Sant\u00edsimo Salvador y el Colegio Nuestra Se\u00f1ora de la Consolaci\u00f3n de T\u00e1riba disfrutaron de una variada agenda:<\/p>\n<p style=\"text-align: left;\">&#8211; Narraci\u00f3n oral: La autora Liliana Janeth Var\u00f3n present\u00f3 su cuento <em>&#8220;Gurami&#8221;<\/em>.<\/p>\n<p style=\"text-align: left;\">&#8211; Intervenciones: El proyecto &#8220;Museo de la Fantas\u00eda&#8221; conmovi\u00f3 con <em>&#8220;Susurros al coraz\u00f3n&#8221;<\/em>.<\/p>\n<p style=\"text-align: left;\">&#8211; Lecturas compartidas: Destacaron las obras <em>&#8220;Conejo y sombrero&#8221;<\/em> y <em>&#8220;El hombrecillo de la lluvia&#8221;<\/em>.<\/p>\n<p style=\"text-align: left;\">&#8211; Cierre cultural: Una funci\u00f3n de circo a cargo de Pedro Duque (&#8220;Petrosky&#8221;).<\/p>\n<p style=\"text-align: left;\"><strong>D\u00eda Central: La comunidad se une a la palabra<\/strong><\/p>\n<p style=\"text-align: justify;\">El jueves 23 de abril, coincidiendo con el D\u00eda Mundial del Libro, la Biblioteca de la UCAT recibi\u00f3 a estudiantes, docentes y p\u00fablico general para la fase central del festival universitario. La jornada concluy\u00f3 en horas de la tarde con el Coloquio de los Mantuanos, que cerr\u00f3 con broche de oro este encuentro.<\/p>\n<p style=\"text-align: justify;\">Con estas iniciativas, la UCAT se consolida como un referente regional en el fomento de la lectoescritura, integrando a todas las generaciones en torno al libro.<\/p>\n<p><strong>(Prensa UCAT)<\/strong><\/p>\n","protected":false},"excerpt":{"rendered":"<p>En un ambiente donde convergieron la academia y el arte, la Universidad Cat\u00f3lica del T\u00e1chira (UCAT) llev\u00f3 a cabo los d\u00edas 22 y 23 de abril una destacada doble jornada literaria: el XVI Festival de Lectura en Voz Alta para Universitarios y el VI Festival de Lectura en Voz Alta para Ni\u00f1os y Ni\u00f1as. Bajo<\/p>\n","protected":false},"author":23,"featured_media":15899,"comment_status":"closed","ping_status":"closed","sticky":false,"template":"","format":"standard","meta":[],"categories":[3],"tags":[],"yoast_head":"<!-- This site is optimized with the Yoast SEO plugin v19.2 - https:\/\/yoast.com\/wordpress\/plugins\/seo\/ -->\n<title>UCAT celebr\u00f3 el Festival de Lectura en Voz Alta 2026 \u201cEl Poder de la Palabra\u201d - Universidad Cat\u00f3lica del T\u00e1chira<\/title>\n<meta name=\"robots\" content=\"index, follow, max-snippet:-1, max-image-preview:large, max-video-preview:-1\" \/>\n<link rel=\"canonical\" href=\"https:\/\/www.ucat.edu.ve\/web\/ucat-celebro-el-festival-de-lectura-en-voz-alta-2026-el-poder-de-la-palabra\/\" \/>\n<meta property=\"og:locale\" content=\"es_ES\" \/>\n<meta property=\"og:type\" content=\"article\" \/>\n<meta property=\"og:title\" content=\"UCAT celebr\u00f3 el Festival de Lectura en Voz Alta 2026 \u201cEl Poder de la Palabra\u201d - Universidad Cat\u00f3lica del T\u00e1chira\" \/>\n<meta property=\"og:description\" content=\"En un ambiente donde convergieron la academia y el arte, la Universidad Cat\u00f3lica del T\u00e1chira (UCAT) llev\u00f3 a cabo los d\u00edas 22 y 23 de abril una destacada doble jornada literaria: el XVI Festival de Lectura en Voz Alta para Universitarios y el VI Festival de Lectura en Voz Alta para Ni\u00f1os y Ni\u00f1as. Bajo\" \/>\n<meta property=\"og:url\" content=\"https:\/\/www.ucat.edu.ve\/web\/ucat-celebro-el-festival-de-lectura-en-voz-alta-2026-el-poder-de-la-palabra\/\" \/>\n<meta property=\"og:site_name\" content=\"Universidad Cat\u00f3lica del T\u00e1chira\" \/>\n<meta property=\"article:publisher\" content=\"https:\/\/www.facebook.com\/notiucat\/\" \/>\n<meta property=\"article:published_time\" content=\"2026-04-27T18:30:08+00:00\" \/>\n<meta property=\"og:image\" content=\"https:\/\/www.ucat.edu.ve\/web\/wp-content\/uploads\/2026\/04\/Noticias-UCAT-celebro-el-Festival-de-Lectura-en-Voz-Alta-2026-El-Poder-de-la-Palabra.png\" \/>\n\t<meta property=\"og:image:width\" content=\"1086\" \/>\n\t<meta property=\"og:image:height\" content=\"671\" \/>\n\t<meta property=\"og:image:type\" content=\"image\/png\" \/>\n<meta name=\"author\" content=\"Secretaria General\" \/>\n<meta name=\"twitter:card\" content=\"summary_large_image\" \/>\n<meta name=\"twitter:creator\" content=\"@notiucat\" \/>\n<meta name=\"twitter:site\" content=\"@notiucat\" \/>\n<meta name=\"twitter:label1\" content=\"Written by\" \/>\n\t<meta name=\"twitter:data1\" content=\"Secretaria General\" \/>\n\t<meta name=\"twitter:label2\" content=\"Est. reading time\" \/>\n\t<meta name=\"twitter:data2\" content=\"2 minutos\" \/>\n<script type=\"application\/ld+json\" class=\"yoast-schema-graph\">{\"@context\":\"https:\/\/schema.org\",\"@graph\":[{\"@type\":\"Organization\",\"@id\":\"https:\/\/www.ucat.edu.ve\/web\/#organization\",\"name\":\"Universidad Cat\u00f3lica Del T\u00e1chira UCAT\",\"url\":\"https:\/\/www.ucat.edu.ve\/web\/\",\"sameAs\":[\"https:\/\/www.instagram.com\/notiucat\/\",\"https:\/\/www.youtube.com\/channel\/UCwEbYSB1R9fzlII-8dcxuYA?view_as=subscriber\",\"https:\/\/www.facebook.com\/notiucat\/\",\"https:\/\/twitter.com\/notiucat\"],\"logo\":{\"@type\":\"ImageObject\",\"inLanguage\":\"es-ES\",\"@id\":\"https:\/\/www.ucat.edu.ve\/web\/#\/schema\/logo\/image\/\",\"url\":\"https:\/\/www.ucat.edu.ve\/web\/wp-content\/uploads\/2015\/07\/logoucat.gif\",\"contentUrl\":\"https:\/\/www.ucat.edu.ve\/web\/wp-content\/uploads\/2015\/07\/logoucat.gif\",\"width\":219,\"height\":155,\"caption\":\"Universidad Cat\u00f3lica Del T\u00e1chira UCAT\"},\"image\":{\"@id\":\"https:\/\/www.ucat.edu.ve\/web\/#\/schema\/logo\/image\/\"}},{\"@type\":\"WebSite\",\"@id\":\"https:\/\/www.ucat.edu.ve\/web\/#website\",\"url\":\"https:\/\/www.ucat.edu.ve\/web\/\",\"name\":\"Universidad Cat\u00f3lica del T\u00e1chira\",\"description\":\"\",\"publisher\":{\"@id\":\"https:\/\/www.ucat.edu.ve\/web\/#organization\"},\"potentialAction\":[{\"@type\":\"SearchAction\",\"target\":{\"@type\":\"EntryPoint\",\"urlTemplate\":\"https:\/\/www.ucat.edu.ve\/web\/?s={search_term_string}\"},\"query-input\":\"required name=search_term_string\"}],\"inLanguage\":\"es-ES\"},{\"@type\":\"ImageObject\",\"inLanguage\":\"es-ES\",\"@id\":\"https:\/\/www.ucat.edu.ve\/web\/ucat-celebro-el-festival-de-lectura-en-voz-alta-2026-el-poder-de-la-palabra\/#primaryimage\",\"url\":\"https:\/\/www.ucat.edu.ve\/web\/wp-content\/uploads\/2026\/04\/Noticias-UCAT-celebro-el-Festival-de-Lectura-en-Voz-Alta-2026-El-Poder-de-la-Palabra.png\",\"contentUrl\":\"https:\/\/www.ucat.edu.ve\/web\/wp-content\/uploads\/2026\/04\/Noticias-UCAT-celebro-el-Festival-de-Lectura-en-Voz-Alta-2026-El-Poder-de-la-Palabra.png\",\"width\":1086,\"height\":671},{\"@type\":\"WebPage\",\"@id\":\"https:\/\/www.ucat.edu.ve\/web\/ucat-celebro-el-festival-de-lectura-en-voz-alta-2026-el-poder-de-la-palabra\/#webpage\",\"url\":\"https:\/\/www.ucat.edu.ve\/web\/ucat-celebro-el-festival-de-lectura-en-voz-alta-2026-el-poder-de-la-palabra\/\",\"name\":\"UCAT celebr\u00f3 el Festival de Lectura en Voz Alta 2026 \u201cEl Poder de la Palabra\u201d - Universidad Cat\u00f3lica del T\u00e1chira\",\"isPartOf\":{\"@id\":\"https:\/\/www.ucat.edu.ve\/web\/#website\"},\"primaryImageOfPage\":{\"@id\":\"https:\/\/www.ucat.edu.ve\/web\/ucat-celebro-el-festival-de-lectura-en-voz-alta-2026-el-poder-de-la-palabra\/#primaryimage\"},\"datePublished\":\"2026-04-27T18:30:08+00:00\",\"dateModified\":\"2026-04-27T18:30:08+00:00\",\"breadcrumb\":{\"@id\":\"https:\/\/www.ucat.edu.ve\/web\/ucat-celebro-el-festival-de-lectura-en-voz-alta-2026-el-poder-de-la-palabra\/#breadcrumb\"},\"inLanguage\":\"es-ES\",\"potentialAction\":[{\"@type\":\"ReadAction\",\"target\":[\"https:\/\/www.ucat.edu.ve\/web\/ucat-celebro-el-festival-de-lectura-en-voz-alta-2026-el-poder-de-la-palabra\/\"]}]},{\"@type\":\"BreadcrumbList\",\"@id\":\"https:\/\/www.ucat.edu.ve\/web\/ucat-celebro-el-festival-de-lectura-en-voz-alta-2026-el-poder-de-la-palabra\/#breadcrumb\",\"itemListElement\":[{\"@type\":\"ListItem\",\"position\":1,\"name\":\"Home\",\"item\":\"https:\/\/www.ucat.edu.ve\/web\/\"},{\"@type\":\"ListItem\",\"position\":2,\"name\":\"UCAT celebr\u00f3 el Festival de Lectura en Voz Alta 2026 \u201cEl Poder de la Palabra\u201d\"}]},{\"@type\":\"Article\",\"@id\":\"https:\/\/www.ucat.edu.ve\/web\/ucat-celebro-el-festival-de-lectura-en-voz-alta-2026-el-poder-de-la-palabra\/#article\",\"isPartOf\":{\"@id\":\"https:\/\/www.ucat.edu.ve\/web\/ucat-celebro-el-festival-de-lectura-en-voz-alta-2026-el-poder-de-la-palabra\/#webpage\"},\"author\":{\"name\":\"Secretaria General\",\"@id\":\"https:\/\/www.ucat.edu.ve\/web\/#\/schema\/person\/e90fe655adf97bd5c1dbc608855d16cf\"},\"headline\":\"UCAT celebr\u00f3 el Festival de Lectura en Voz Alta 2026 \u201cEl Poder de la Palabra\u201d\",\"datePublished\":\"2026-04-27T18:30:08+00:00\",\"dateModified\":\"2026-04-27T18:30:08+00:00\",\"mainEntityOfPage\":{\"@id\":\"https:\/\/www.ucat.edu.ve\/web\/ucat-celebro-el-festival-de-lectura-en-voz-alta-2026-el-poder-de-la-palabra\/#webpage\"},\"wordCount\":503,\"publisher\":{\"@id\":\"https:\/\/www.ucat.edu.ve\/web\/#organization\"},\"image\":{\"@id\":\"https:\/\/www.ucat.edu.ve\/web\/ucat-celebro-el-festival-de-lectura-en-voz-alta-2026-el-poder-de-la-palabra\/#primaryimage\"},\"thumbnailUrl\":\"https:\/\/www.ucat.edu.ve\/web\/wp-content\/uploads\/2026\/04\/Noticias-UCAT-celebro-el-Festival-de-Lectura-en-Voz-Alta-2026-El-Poder-de-la-Palabra.png\",\"articleSection\":[\"Noticias\"],\"inLanguage\":\"es-ES\"},{\"@type\":\"Person\",\"@id\":\"https:\/\/www.ucat.edu.ve\/web\/#\/schema\/person\/e90fe655adf97bd5c1dbc608855d16cf\",\"name\":\"Secretaria General\",\"url\":\"https:\/\/www.ucat.edu.ve\/web\/author\/secgeucat\/\"}]}<\/script>\n<!-- \/ Yoast SEO plugin. -->","yoast_head_json":{"title":"UCAT celebr\u00f3 el Festival de Lectura en Voz Alta 2026 \u201cEl Poder de la Palabra\u201d - Universidad Cat\u00f3lica del T\u00e1chira","robots":{"index":"index","follow":"follow","max-snippet":"max-snippet:-1","max-image-preview":"max-image-preview:large","max-video-preview":"max-video-preview:-1"},"canonical":"https:\/\/www.ucat.edu.ve\/web\/ucat-celebro-el-festival-de-lectura-en-voz-alta-2026-el-poder-de-la-palabra\/","og_locale":"es_ES","og_type":"article","og_title":"UCAT celebr\u00f3 el Festival de Lectura en Voz Alta 2026 \u201cEl Poder de la Palabra\u201d - Universidad Cat\u00f3lica del T\u00e1chira","og_description":"En un ambiente donde convergieron la academia y el arte, la Universidad Cat\u00f3lica del T\u00e1chira (UCAT) llev\u00f3 a cabo los d\u00edas 22 y 23 de abril una destacada doble jornada literaria: el XVI Festival de Lectura en Voz Alta para Universitarios y el VI Festival de Lectura en Voz Alta para Ni\u00f1os y Ni\u00f1as. Bajo","og_url":"https:\/\/www.ucat.edu.ve\/web\/ucat-celebro-el-festival-de-lectura-en-voz-alta-2026-el-poder-de-la-palabra\/","og_site_name":"Universidad Cat\u00f3lica del T\u00e1chira","article_publisher":"https:\/\/www.facebook.com\/notiucat\/","article_published_time":"2026-04-27T18:30:08+00:00","og_image":[{"width":1086,"height":671,"url":"https:\/\/www.ucat.edu.ve\/web\/wp-content\/uploads\/2026\/04\/Noticias-UCAT-celebro-el-Festival-de-Lectura-en-Voz-Alta-2026-El-Poder-de-la-Palabra.png","type":"image\/png"}],"author":"Secretaria General","twitter_card":"summary_large_image","twitter_creator":"@notiucat","twitter_site":"@notiucat","twitter_misc":{"Written by":"Secretaria General","Est. reading time":"2 minutos"},"schema":{"@context":"https:\/\/schema.org","@graph":[{"@type":"Organization","@id":"https:\/\/www.ucat.edu.ve\/web\/#organization","name":"Universidad Cat\u00f3lica Del T\u00e1chira UCAT","url":"https:\/\/www.ucat.edu.ve\/web\/","sameAs":["https:\/\/www.instagram.com\/notiucat\/","https:\/\/www.youtube.com\/channel\/UCwEbYSB1R9fzlII-8dcxuYA?view_as=subscriber","https:\/\/www.facebook.com\/notiucat\/","https:\/\/twitter.com\/notiucat"],"logo":{"@type":"ImageObject","inLanguage":"es-ES","@id":"https:\/\/www.ucat.edu.ve\/web\/#\/schema\/logo\/image\/","url":"https:\/\/www.ucat.edu.ve\/web\/wp-content\/uploads\/2015\/07\/logoucat.gif","contentUrl":"https:\/\/www.ucat.edu.ve\/web\/wp-content\/uploads\/2015\/07\/logoucat.gif","width":219,"height":155,"caption":"Universidad Cat\u00f3lica Del T\u00e1chira UCAT"},"image":{"@id":"https:\/\/www.ucat.edu.ve\/web\/#\/schema\/logo\/image\/"}},{"@type":"WebSite","@id":"https:\/\/www.ucat.edu.ve\/web\/#website","url":"https:\/\/www.ucat.edu.ve\/web\/","name":"Universidad Cat\u00f3lica del T\u00e1chira","description":"","publisher":{"@id":"https:\/\/www.ucat.edu.ve\/web\/#organization"},"potentialAction":[{"@type":"SearchAction","target":{"@type":"EntryPoint","urlTemplate":"https:\/\/www.ucat.edu.ve\/web\/?s={search_term_string}"},"query-input":"required name=search_term_string"}],"inLanguage":"es-ES"},{"@type":"ImageObject","inLanguage":"es-ES","@id":"https:\/\/www.ucat.edu.ve\/web\/ucat-celebro-el-festival-de-lectura-en-voz-alta-2026-el-poder-de-la-palabra\/#primaryimage","url":"https:\/\/www.ucat.edu.ve\/web\/wp-content\/uploads\/2026\/04\/Noticias-UCAT-celebro-el-Festival-de-Lectura-en-Voz-Alta-2026-El-Poder-de-la-Palabra.png","contentUrl":"https:\/\/www.ucat.edu.ve\/web\/wp-content\/uploads\/2026\/04\/Noticias-UCAT-celebro-el-Festival-de-Lectura-en-Voz-Alta-2026-El-Poder-de-la-Palabra.png","width":1086,"height":671},{"@type":"WebPage","@id":"https:\/\/www.ucat.edu.ve\/web\/ucat-celebro-el-festival-de-lectura-en-voz-alta-2026-el-poder-de-la-palabra\/#webpage","url":"https:\/\/www.ucat.edu.ve\/web\/ucat-celebro-el-festival-de-lectura-en-voz-alta-2026-el-poder-de-la-palabra\/","name":"UCAT celebr\u00f3 el Festival de Lectura en Voz Alta 2026 \u201cEl Poder de la Palabra\u201d - Universidad Cat\u00f3lica del T\u00e1chira","isPartOf":{"@id":"https:\/\/www.ucat.edu.ve\/web\/#website"},"primaryImageOfPage":{"@id":"https:\/\/www.ucat.edu.ve\/web\/ucat-celebro-el-festival-de-lectura-en-voz-alta-2026-el-poder-de-la-palabra\/#primaryimage"},"datePublished":"2026-04-27T18:30:08+00:00","dateModified":"2026-04-27T18:30:08+00:00","breadcrumb":{"@id":"https:\/\/www.ucat.edu.ve\/web\/ucat-celebro-el-festival-de-lectura-en-voz-alta-2026-el-poder-de-la-palabra\/#breadcrumb"},"inLanguage":"es-ES","potentialAction":[{"@type":"ReadAction","target":["https:\/\/www.ucat.edu.ve\/web\/ucat-celebro-el-festival-de-lectura-en-voz-alta-2026-el-poder-de-la-palabra\/"]}]},{"@type":"BreadcrumbList","@id":"https:\/\/www.ucat.edu.ve\/web\/ucat-celebro-el-festival-de-lectura-en-voz-alta-2026-el-poder-de-la-palabra\/#breadcrumb","itemListElement":[{"@type":"ListItem","position":1,"name":"Home","item":"https:\/\/www.ucat.edu.ve\/web\/"},{"@type":"ListItem","position":2,"name":"UCAT celebr\u00f3 el Festival de Lectura en Voz Alta 2026 \u201cEl Poder de la Palabra\u201d"}]},{"@type":"Article","@id":"https:\/\/www.ucat.edu.ve\/web\/ucat-celebro-el-festival-de-lectura-en-voz-alta-2026-el-poder-de-la-palabra\/#article","isPartOf":{"@id":"https:\/\/www.ucat.edu.ve\/web\/ucat-celebro-el-festival-de-lectura-en-voz-alta-2026-el-poder-de-la-palabra\/#webpage"},"author":{"name":"Secretaria General","@id":"https:\/\/www.ucat.edu.ve\/web\/#\/schema\/person\/e90fe655adf97bd5c1dbc608855d16cf"},"headline":"UCAT celebr\u00f3 el Festival de Lectura en Voz Alta 2026 \u201cEl Poder de la Palabra\u201d","datePublished":"2026-04-27T18:30:08+00:00","dateModified":"2026-04-27T18:30:08+00:00","mainEntityOfPage":{"@id":"https:\/\/www.ucat.edu.ve\/web\/ucat-celebro-el-festival-de-lectura-en-voz-alta-2026-el-poder-de-la-palabra\/#webpage"},"wordCount":503,"publisher":{"@id":"https:\/\/www.ucat.edu.ve\/web\/#organization"},"image":{"@id":"https:\/\/www.ucat.edu.ve\/web\/ucat-celebro-el-festival-de-lectura-en-voz-alta-2026-el-poder-de-la-palabra\/#primaryimage"},"thumbnailUrl":"https:\/\/www.ucat.edu.ve\/web\/wp-content\/uploads\/2026\/04\/Noticias-UCAT-celebro-el-Festival-de-Lectura-en-Voz-Alta-2026-El-Poder-de-la-Palabra.png","articleSection":["Noticias"],"inLanguage":"es-ES"},{"@type":"Person","@id":"https:\/\/www.ucat.edu.ve\/web\/#\/schema\/person\/e90fe655adf97bd5c1dbc608855d16cf","name":"Secretaria General","url":"https:\/\/www.ucat.edu.ve\/web\/author\/secgeucat\/"}]}},"_links":{"self":[{"href":"https:\/\/www.ucat.edu.ve\/web\/wp-json\/wp\/v2\/posts\/15898"}],"collection":[{"href":"https:\/\/www.ucat.edu.ve\/web\/wp-json\/wp\/v2\/posts"}],"about":[{"href":"https:\/\/www.ucat.edu.ve\/web\/wp-json\/wp\/v2\/types\/post"}],"author":[{"embeddable":true,"href":"https:\/\/www.ucat.edu.ve\/web\/wp-json\/wp\/v2\/users\/23"}],"replies":[{"embeddable":true,"href":"https:\/\/www.ucat.edu.ve\/web\/wp-json\/wp\/v2\/comments?post=15898"}],"version-history":[{"count":1,"href":"https:\/\/www.ucat.edu.ve\/web\/wp-json\/wp\/v2\/posts\/15898\/revisions"}],"predecessor-version":[{"id":15900,"href":"https:\/\/www.ucat.edu.ve\/web\/wp-json\/wp\/v2\/posts\/15898\/revisions\/15900"}],"wp:featuredmedia":[{"embeddable":true,"href":"https:\/\/www.ucat.edu.ve\/web\/wp-json\/wp\/v2\/media\/15899"}],"wp:attachment":[{"href":"https:\/\/www.ucat.edu.ve\/web\/wp-json\/wp\/v2\/media?parent=15898"}],"wp:term":[{"taxonomy":"category","embeddable":true,"href":"https:\/\/www.ucat.edu.ve\/web\/wp-json\/wp\/v2\/categories?post=15898"},{"taxonomy":"post_tag","embeddable":true,"href":"https:\/\/www.ucat.edu.ve\/web\/wp-json\/wp\/v2\/tags?post=15898"}],"curies":[{"name":"wp","href":"https:\/\/api.w.org\/{rel}","templated":true}]}}