 {"id":15903,"date":"2026-04-30T15:06:15","date_gmt":"2026-04-30T15:06:15","guid":{"rendered":"https:\/\/www.ucat.edu.ve\/web\/?p=15903"},"modified":"2026-04-30T15:06:15","modified_gmt":"2026-04-30T15:06:15","slug":"ucat-y-acnur-firman-memorandum-de-entendimiento-para-fortalecer-la-proteccion-y-el-acompanamiento-a-refugiados","status":"publish","type":"post","link":"https:\/\/www.ucat.edu.ve\/web\/ucat-y-acnur-firman-memorandum-de-entendimiento-para-fortalecer-la-proteccion-y-el-acompanamiento-a-refugiados\/","title":{"rendered":"UCAT y ACNUR firman Memor\u00e1ndum de Entendimiento para fortalecer la protecci\u00f3n y el acompa\u00f1amiento a refugiados"},"content":{"rendered":"<p style=\"text-align: center;\"><img loading=\"lazy\" class=\"alignnone size-medium wp-image-15904\" src=\"https:\/\/www.ucat.edu.ve\/web\/wp-content\/uploads\/2026\/04\/Noticias-UCAT-y-ACNUR-firman-Memorandum-de-Entendimiento-para-fortalecer-la-proteccion-y-el-acompanamiento-a-refugiados-521x322.png\" alt=\"\" width=\"521\" height=\"322\" srcset=\"https:\/\/www.ucat.edu.ve\/web\/wp-content\/uploads\/2026\/04\/Noticias-UCAT-y-ACNUR-firman-Memorandum-de-Entendimiento-para-fortalecer-la-proteccion-y-el-acompanamiento-a-refugiados-521x322.png 521w, https:\/\/www.ucat.edu.ve\/web\/wp-content\/uploads\/2026\/04\/Noticias-UCAT-y-ACNUR-firman-Memorandum-de-Entendimiento-para-fortalecer-la-proteccion-y-el-acompanamiento-a-refugiados-340x210.png 340w, https:\/\/www.ucat.edu.ve\/web\/wp-content\/uploads\/2026\/04\/Noticias-UCAT-y-ACNUR-firman-Memorandum-de-Entendimiento-para-fortalecer-la-proteccion-y-el-acompanamiento-a-refugiados.png 1086w\" sizes=\"(max-width: 521px) 100vw, 521px\" \/><\/p>\n<p style=\"text-align: justify;\">En un acto de simbolismo y compromiso social, la Universidad Cat\u00f3lica del T\u00e1chira (UCAT) y la oficina del Alto Comisionado de las Naciones Unidas para los Refugiados (ACNUR) formalizaron este jueves una alianza estrat\u00e9gica mediante la firma de un Memor\u00e1ndum de Entendimiento Interinstitucional.<\/p>\n<p style=\"text-align: justify;\">El evento tuvo lugar en la Sala del Consejo Universitario de la sede Loma del Tejar, donde autoridades acad\u00e9micas y representantes internacionales sellaron este acuerdo que busca consolidar la cooperaci\u00f3n entre la academia y las iniciativas de protecci\u00f3n humanitaria en la regi\u00f3n.<\/p>\n<p style=\"text-align: justify;\">Durante la ceremonia, el Pbro. Doctor Javier Yonekura Shimizu, Rector de la UCAT, destac\u00f3 que este convenio es una respuesta directa al llamado de la Iglesia por la dignidad humana.<\/p>\n<p style=\"text-align: justify;\">&#8220;El Papa Francisco nos record\u00f3 insistentemente que vivimos en una sociedad que a menudo cae en la &#8216;globalizaci\u00f3n de la indiferencia&#8217;. Hoy, nuestra Universidad elige el camino opuesto: el de la cultura del encuentro&#8221;, afirm\u00f3 el Pbro. Javier Yonekura.<\/p>\n<p style=\"text-align: justify;\">Subray\u00f3 que la alianza con ACNUR permitir\u00e1 traducir en el \u00e1mbito acad\u00e9mico los cuatro pilares propuestos por el Sumo Pont\u00edfice ante el drama migratorio: acoger, proteger, promover e integrar. &#8220;Como instituci\u00f3n de educaci\u00f3n superior, tenemos la responsabilidad de ser puentes y no muros&#8221;, concluy\u00f3.<\/p>\n<p style=\"text-align: justify;\">Por su parte, Kristin Halvorsen, Representante Adjunta de ACNUR en Venezuela, resalt\u00f3 la trascendencia de este paso conjunto. En su intervenci\u00f3n, enfatiz\u00f3 la importancia del trabajo binacional y el impacto positivo que tendr\u00e1 la uni\u00f3n de capacidades para el bienestar de las personas en situaci\u00f3n de vulnerabilidad.<\/p>\n<p style=\"text-align: justify;\">El presente Memorandum de Entendimiento tiene como objeto sentar las bases para que el ACNUR y la UCAT consoliden una alianza estrat\u00e9gica destinada a fortalecer la cooperaci\u00f3n entre la Academia y las iniciativas de protecci\u00f3n, integrando a la comunidad universitaria en acciones formativas, investigativas y comunitarias bajo un enfoque que involucre a toda la sociedad, conforme a los mandatos y \u00e1reas de trabajo de ambas instituciones.<\/p>\n<p style=\"text-align: justify;\">Con esta firma, la UCAT reafirma su misi\u00f3n como aliado estrat\u00e9gico en la regi\u00f3n venezolana, agradeciendo a ACNUR la confianza depositada para seguir contribuyendo, desde el saber y la fe, a la consolidaci\u00f3n de un mundo m\u00e1s justo y humano.<\/p>\n<p><strong>(PrensaUCAT)<\/strong><\/p>\n","protected":false},"excerpt":{"rendered":"<p>En un acto de simbolismo y compromiso social, la Universidad Cat\u00f3lica del T\u00e1chira (UCAT) y la oficina del Alto Comisionado de las Naciones Unidas para los Refugiados (ACNUR) formalizaron este jueves una alianza estrat\u00e9gica mediante la firma de un Memor\u00e1ndum de Entendimiento Interinstitucional. El evento tuvo lugar en la Sala del Consejo Universitario de la<\/p>\n","protected":false},"author":23,"featured_media":15904,"comment_status":"closed","ping_status":"closed","sticky":false,"template":"","format":"standard","meta":[],"categories":[3],"tags":[],"yoast_head":"<!-- This site is optimized with the Yoast SEO plugin v19.2 - https:\/\/yoast.com\/wordpress\/plugins\/seo\/ -->\n<title>UCAT y ACNUR firman Memor\u00e1ndum de Entendimiento para fortalecer la protecci\u00f3n y el acompa\u00f1amiento a refugiados - Universidad Cat\u00f3lica del T\u00e1chira<\/title>\n<meta name=\"robots\" content=\"index, follow, max-snippet:-1, max-image-preview:large, max-video-preview:-1\" \/>\n<link rel=\"canonical\" href=\"https:\/\/www.ucat.edu.ve\/web\/ucat-y-acnur-firman-memorandum-de-entendimiento-para-fortalecer-la-proteccion-y-el-acompanamiento-a-refugiados\/\" \/>\n<meta property=\"og:locale\" content=\"es_ES\" \/>\n<meta property=\"og:type\" content=\"article\" \/>\n<meta property=\"og:title\" content=\"UCAT y ACNUR firman Memor\u00e1ndum de Entendimiento para fortalecer la protecci\u00f3n y el acompa\u00f1amiento a refugiados - Universidad Cat\u00f3lica del T\u00e1chira\" \/>\n<meta property=\"og:description\" content=\"En un acto de simbolismo y compromiso social, la Universidad Cat\u00f3lica del T\u00e1chira (UCAT) y la oficina del Alto Comisionado de las Naciones Unidas para los Refugiados (ACNUR) formalizaron este jueves una alianza estrat\u00e9gica mediante la firma de un Memor\u00e1ndum de Entendimiento Interinstitucional. El evento tuvo lugar en la Sala del Consejo Universitario de la\" \/>\n<meta property=\"og:url\" content=\"https:\/\/www.ucat.edu.ve\/web\/ucat-y-acnur-firman-memorandum-de-entendimiento-para-fortalecer-la-proteccion-y-el-acompanamiento-a-refugiados\/\" \/>\n<meta property=\"og:site_name\" content=\"Universidad Cat\u00f3lica del T\u00e1chira\" \/>\n<meta property=\"article:publisher\" content=\"https:\/\/www.facebook.com\/notiucat\/\" \/>\n<meta property=\"article:published_time\" content=\"2026-04-30T15:06:15+00:00\" \/>\n<meta property=\"og:image\" content=\"https:\/\/www.ucat.edu.ve\/web\/wp-content\/uploads\/2026\/04\/Noticias-UCAT-y-ACNUR-firman-Memorandum-de-Entendimiento-para-fortalecer-la-proteccion-y-el-acompanamiento-a-refugiados.png\" \/>\n\t<meta property=\"og:image:width\" content=\"1086\" \/>\n\t<meta property=\"og:image:height\" content=\"671\" \/>\n\t<meta property=\"og:image:type\" content=\"image\/png\" \/>\n<meta name=\"author\" content=\"Secretaria General\" \/>\n<meta name=\"twitter:card\" content=\"summary_large_image\" \/>\n<meta name=\"twitter:creator\" content=\"@notiucat\" \/>\n<meta name=\"twitter:site\" content=\"@notiucat\" \/>\n<meta name=\"twitter:label1\" content=\"Written by\" \/>\n\t<meta name=\"twitter:data1\" content=\"Secretaria General\" \/>\n\t<meta name=\"twitter:label2\" content=\"Est. reading time\" \/>\n\t<meta name=\"twitter:data2\" content=\"2 minutos\" \/>\n<script type=\"application\/ld+json\" class=\"yoast-schema-graph\">{\"@context\":\"https:\/\/schema.org\",\"@graph\":[{\"@type\":\"Organization\",\"@id\":\"https:\/\/www.ucat.edu.ve\/web\/#organization\",\"name\":\"Universidad Cat\u00f3lica Del T\u00e1chira UCAT\",\"url\":\"https:\/\/www.ucat.edu.ve\/web\/\",\"sameAs\":[\"https:\/\/www.instagram.com\/notiucat\/\",\"https:\/\/www.youtube.com\/channel\/UCwEbYSB1R9fzlII-8dcxuYA?view_as=subscriber\",\"https:\/\/www.facebook.com\/notiucat\/\",\"https:\/\/twitter.com\/notiucat\"],\"logo\":{\"@type\":\"ImageObject\",\"inLanguage\":\"es-ES\",\"@id\":\"https:\/\/www.ucat.edu.ve\/web\/#\/schema\/logo\/image\/\",\"url\":\"https:\/\/www.ucat.edu.ve\/web\/wp-content\/uploads\/2015\/07\/logoucat.gif\",\"contentUrl\":\"https:\/\/www.ucat.edu.ve\/web\/wp-content\/uploads\/2015\/07\/logoucat.gif\",\"width\":219,\"height\":155,\"caption\":\"Universidad Cat\u00f3lica Del T\u00e1chira UCAT\"},\"image\":{\"@id\":\"https:\/\/www.ucat.edu.ve\/web\/#\/schema\/logo\/image\/\"}},{\"@type\":\"WebSite\",\"@id\":\"https:\/\/www.ucat.edu.ve\/web\/#website\",\"url\":\"https:\/\/www.ucat.edu.ve\/web\/\",\"name\":\"Universidad Cat\u00f3lica del T\u00e1chira\",\"description\":\"\",\"publisher\":{\"@id\":\"https:\/\/www.ucat.edu.ve\/web\/#organization\"},\"potentialAction\":[{\"@type\":\"SearchAction\",\"target\":{\"@type\":\"EntryPoint\",\"urlTemplate\":\"https:\/\/www.ucat.edu.ve\/web\/?s={search_term_string}\"},\"query-input\":\"required name=search_term_string\"}],\"inLanguage\":\"es-ES\"},{\"@type\":\"ImageObject\",\"inLanguage\":\"es-ES\",\"@id\":\"https:\/\/www.ucat.edu.ve\/web\/ucat-y-acnur-firman-memorandum-de-entendimiento-para-fortalecer-la-proteccion-y-el-acompanamiento-a-refugiados\/#primaryimage\",\"url\":\"https:\/\/www.ucat.edu.ve\/web\/wp-content\/uploads\/2026\/04\/Noticias-UCAT-y-ACNUR-firman-Memorandum-de-Entendimiento-para-fortalecer-la-proteccion-y-el-acompanamiento-a-refugiados.png\",\"contentUrl\":\"https:\/\/www.ucat.edu.ve\/web\/wp-content\/uploads\/2026\/04\/Noticias-UCAT-y-ACNUR-firman-Memorandum-de-Entendimiento-para-fortalecer-la-proteccion-y-el-acompanamiento-a-refugiados.png\",\"width\":1086,\"height\":671},{\"@type\":\"WebPage\",\"@id\":\"https:\/\/www.ucat.edu.ve\/web\/ucat-y-acnur-firman-memorandum-de-entendimiento-para-fortalecer-la-proteccion-y-el-acompanamiento-a-refugiados\/#webpage\",\"url\":\"https:\/\/www.ucat.edu.ve\/web\/ucat-y-acnur-firman-memorandum-de-entendimiento-para-fortalecer-la-proteccion-y-el-acompanamiento-a-refugiados\/\",\"name\":\"UCAT y ACNUR firman Memor\u00e1ndum de Entendimiento para fortalecer la protecci\u00f3n y el acompa\u00f1amiento a refugiados - Universidad Cat\u00f3lica del T\u00e1chira\",\"isPartOf\":{\"@id\":\"https:\/\/www.ucat.edu.ve\/web\/#website\"},\"primaryImageOfPage\":{\"@id\":\"https:\/\/www.ucat.edu.ve\/web\/ucat-y-acnur-firman-memorandum-de-entendimiento-para-fortalecer-la-proteccion-y-el-acompanamiento-a-refugiados\/#primaryimage\"},\"datePublished\":\"2026-04-30T15:06:15+00:00\",\"dateModified\":\"2026-04-30T15:06:15+00:00\",\"breadcrumb\":{\"@id\":\"https:\/\/www.ucat.edu.ve\/web\/ucat-y-acnur-firman-memorandum-de-entendimiento-para-fortalecer-la-proteccion-y-el-acompanamiento-a-refugiados\/#breadcrumb\"},\"inLanguage\":\"es-ES\",\"potentialAction\":[{\"@type\":\"ReadAction\",\"target\":[\"https:\/\/www.ucat.edu.ve\/web\/ucat-y-acnur-firman-memorandum-de-entendimiento-para-fortalecer-la-proteccion-y-el-acompanamiento-a-refugiados\/\"]}]},{\"@type\":\"BreadcrumbList\",\"@id\":\"https:\/\/www.ucat.edu.ve\/web\/ucat-y-acnur-firman-memorandum-de-entendimiento-para-fortalecer-la-proteccion-y-el-acompanamiento-a-refugiados\/#breadcrumb\",\"itemListElement\":[{\"@type\":\"ListItem\",\"position\":1,\"name\":\"Home\",\"item\":\"https:\/\/www.ucat.edu.ve\/web\/\"},{\"@type\":\"ListItem\",\"position\":2,\"name\":\"UCAT y ACNUR firman Memor\u00e1ndum de Entendimiento para fortalecer la protecci\u00f3n y el acompa\u00f1amiento a refugiados\"}]},{\"@type\":\"Article\",\"@id\":\"https:\/\/www.ucat.edu.ve\/web\/ucat-y-acnur-firman-memorandum-de-entendimiento-para-fortalecer-la-proteccion-y-el-acompanamiento-a-refugiados\/#article\",\"isPartOf\":{\"@id\":\"https:\/\/www.ucat.edu.ve\/web\/ucat-y-acnur-firman-memorandum-de-entendimiento-para-fortalecer-la-proteccion-y-el-acompanamiento-a-refugiados\/#webpage\"},\"author\":{\"name\":\"Secretaria General\",\"@id\":\"https:\/\/www.ucat.edu.ve\/web\/#\/schema\/person\/e90fe655adf97bd5c1dbc608855d16cf\"},\"headline\":\"UCAT y ACNUR firman Memor\u00e1ndum de Entendimiento para fortalecer la protecci\u00f3n y el acompa\u00f1amiento a refugiados\",\"datePublished\":\"2026-04-30T15:06:15+00:00\",\"dateModified\":\"2026-04-30T15:06:15+00:00\",\"mainEntityOfPage\":{\"@id\":\"https:\/\/www.ucat.edu.ve\/web\/ucat-y-acnur-firman-memorandum-de-entendimiento-para-fortalecer-la-proteccion-y-el-acompanamiento-a-refugiados\/#webpage\"},\"wordCount\":395,\"publisher\":{\"@id\":\"https:\/\/www.ucat.edu.ve\/web\/#organization\"},\"image\":{\"@id\":\"https:\/\/www.ucat.edu.ve\/web\/ucat-y-acnur-firman-memorandum-de-entendimiento-para-fortalecer-la-proteccion-y-el-acompanamiento-a-refugiados\/#primaryimage\"},\"thumbnailUrl\":\"https:\/\/www.ucat.edu.ve\/web\/wp-content\/uploads\/2026\/04\/Noticias-UCAT-y-ACNUR-firman-Memorandum-de-Entendimiento-para-fortalecer-la-proteccion-y-el-acompanamiento-a-refugiados.png\",\"articleSection\":[\"Noticias\"],\"inLanguage\":\"es-ES\"},{\"@type\":\"Person\",\"@id\":\"https:\/\/www.ucat.edu.ve\/web\/#\/schema\/person\/e90fe655adf97bd5c1dbc608855d16cf\",\"name\":\"Secretaria General\",\"url\":\"https:\/\/www.ucat.edu.ve\/web\/author\/secgeucat\/\"}]}<\/script>\n<!-- \/ Yoast SEO plugin. -->","yoast_head_json":{"title":"UCAT y ACNUR firman Memor\u00e1ndum de Entendimiento para fortalecer la protecci\u00f3n y el acompa\u00f1amiento a refugiados - Universidad Cat\u00f3lica del T\u00e1chira","robots":{"index":"index","follow":"follow","max-snippet":"max-snippet:-1","max-image-preview":"max-image-preview:large","max-video-preview":"max-video-preview:-1"},"canonical":"https:\/\/www.ucat.edu.ve\/web\/ucat-y-acnur-firman-memorandum-de-entendimiento-para-fortalecer-la-proteccion-y-el-acompanamiento-a-refugiados\/","og_locale":"es_ES","og_type":"article","og_title":"UCAT y ACNUR firman Memor\u00e1ndum de Entendimiento para fortalecer la protecci\u00f3n y el acompa\u00f1amiento a refugiados - Universidad Cat\u00f3lica del T\u00e1chira","og_description":"En un acto de simbolismo y compromiso social, la Universidad Cat\u00f3lica del T\u00e1chira (UCAT) y la oficina del Alto Comisionado de las Naciones Unidas para los Refugiados (ACNUR) formalizaron este jueves una alianza estrat\u00e9gica mediante la firma de un Memor\u00e1ndum de Entendimiento Interinstitucional. El evento tuvo lugar en la Sala del Consejo Universitario de la","og_url":"https:\/\/www.ucat.edu.ve\/web\/ucat-y-acnur-firman-memorandum-de-entendimiento-para-fortalecer-la-proteccion-y-el-acompanamiento-a-refugiados\/","og_site_name":"Universidad Cat\u00f3lica del T\u00e1chira","article_publisher":"https:\/\/www.facebook.com\/notiucat\/","article_published_time":"2026-04-30T15:06:15+00:00","og_image":[{"width":1086,"height":671,"url":"https:\/\/www.ucat.edu.ve\/web\/wp-content\/uploads\/2026\/04\/Noticias-UCAT-y-ACNUR-firman-Memorandum-de-Entendimiento-para-fortalecer-la-proteccion-y-el-acompanamiento-a-refugiados.png","type":"image\/png"}],"author":"Secretaria General","twitter_card":"summary_large_image","twitter_creator":"@notiucat","twitter_site":"@notiucat","twitter_misc":{"Written by":"Secretaria General","Est. reading time":"2 minutos"},"schema":{"@context":"https:\/\/schema.org","@graph":[{"@type":"Organization","@id":"https:\/\/www.ucat.edu.ve\/web\/#organization","name":"Universidad Cat\u00f3lica Del T\u00e1chira UCAT","url":"https:\/\/www.ucat.edu.ve\/web\/","sameAs":["https:\/\/www.instagram.com\/notiucat\/","https:\/\/www.youtube.com\/channel\/UCwEbYSB1R9fzlII-8dcxuYA?view_as=subscriber","https:\/\/www.facebook.com\/notiucat\/","https:\/\/twitter.com\/notiucat"],"logo":{"@type":"ImageObject","inLanguage":"es-ES","@id":"https:\/\/www.ucat.edu.ve\/web\/#\/schema\/logo\/image\/","url":"https:\/\/www.ucat.edu.ve\/web\/wp-content\/uploads\/2015\/07\/logoucat.gif","contentUrl":"https:\/\/www.ucat.edu.ve\/web\/wp-content\/uploads\/2015\/07\/logoucat.gif","width":219,"height":155,"caption":"Universidad Cat\u00f3lica Del T\u00e1chira UCAT"},"image":{"@id":"https:\/\/www.ucat.edu.ve\/web\/#\/schema\/logo\/image\/"}},{"@type":"WebSite","@id":"https:\/\/www.ucat.edu.ve\/web\/#website","url":"https:\/\/www.ucat.edu.ve\/web\/","name":"Universidad Cat\u00f3lica del T\u00e1chira","description":"","publisher":{"@id":"https:\/\/www.ucat.edu.ve\/web\/#organization"},"potentialAction":[{"@type":"SearchAction","target":{"@type":"EntryPoint","urlTemplate":"https:\/\/www.ucat.edu.ve\/web\/?s={search_term_string}"},"query-input":"required name=search_term_string"}],"inLanguage":"es-ES"},{"@type":"ImageObject","inLanguage":"es-ES","@id":"https:\/\/www.ucat.edu.ve\/web\/ucat-y-acnur-firman-memorandum-de-entendimiento-para-fortalecer-la-proteccion-y-el-acompanamiento-a-refugiados\/#primaryimage","url":"https:\/\/www.ucat.edu.ve\/web\/wp-content\/uploads\/2026\/04\/Noticias-UCAT-y-ACNUR-firman-Memorandum-de-Entendimiento-para-fortalecer-la-proteccion-y-el-acompanamiento-a-refugiados.png","contentUrl":"https:\/\/www.ucat.edu.ve\/web\/wp-content\/uploads\/2026\/04\/Noticias-UCAT-y-ACNUR-firman-Memorandum-de-Entendimiento-para-fortalecer-la-proteccion-y-el-acompanamiento-a-refugiados.png","width":1086,"height":671},{"@type":"WebPage","@id":"https:\/\/www.ucat.edu.ve\/web\/ucat-y-acnur-firman-memorandum-de-entendimiento-para-fortalecer-la-proteccion-y-el-acompanamiento-a-refugiados\/#webpage","url":"https:\/\/www.ucat.edu.ve\/web\/ucat-y-acnur-firman-memorandum-de-entendimiento-para-fortalecer-la-proteccion-y-el-acompanamiento-a-refugiados\/","name":"UCAT y ACNUR firman Memor\u00e1ndum de Entendimiento para fortalecer la protecci\u00f3n y el acompa\u00f1amiento a refugiados - Universidad Cat\u00f3lica del T\u00e1chira","isPartOf":{"@id":"https:\/\/www.ucat.edu.ve\/web\/#website"},"primaryImageOfPage":{"@id":"https:\/\/www.ucat.edu.ve\/web\/ucat-y-acnur-firman-memorandum-de-entendimiento-para-fortalecer-la-proteccion-y-el-acompanamiento-a-refugiados\/#primaryimage"},"datePublished":"2026-04-30T15:06:15+00:00","dateModified":"2026-04-30T15:06:15+00:00","breadcrumb":{"@id":"https:\/\/www.ucat.edu.ve\/web\/ucat-y-acnur-firman-memorandum-de-entendimiento-para-fortalecer-la-proteccion-y-el-acompanamiento-a-refugiados\/#breadcrumb"},"inLanguage":"es-ES","potentialAction":[{"@type":"ReadAction","target":["https:\/\/www.ucat.edu.ve\/web\/ucat-y-acnur-firman-memorandum-de-entendimiento-para-fortalecer-la-proteccion-y-el-acompanamiento-a-refugiados\/"]}]},{"@type":"BreadcrumbList","@id":"https:\/\/www.ucat.edu.ve\/web\/ucat-y-acnur-firman-memorandum-de-entendimiento-para-fortalecer-la-proteccion-y-el-acompanamiento-a-refugiados\/#breadcrumb","itemListElement":[{"@type":"ListItem","position":1,"name":"Home","item":"https:\/\/www.ucat.edu.ve\/web\/"},{"@type":"ListItem","position":2,"name":"UCAT y ACNUR firman Memor\u00e1ndum de Entendimiento para fortalecer la protecci\u00f3n y el acompa\u00f1amiento a refugiados"}]},{"@type":"Article","@id":"https:\/\/www.ucat.edu.ve\/web\/ucat-y-acnur-firman-memorandum-de-entendimiento-para-fortalecer-la-proteccion-y-el-acompanamiento-a-refugiados\/#article","isPartOf":{"@id":"https:\/\/www.ucat.edu.ve\/web\/ucat-y-acnur-firman-memorandum-de-entendimiento-para-fortalecer-la-proteccion-y-el-acompanamiento-a-refugiados\/#webpage"},"author":{"name":"Secretaria General","@id":"https:\/\/www.ucat.edu.ve\/web\/#\/schema\/person\/e90fe655adf97bd5c1dbc608855d16cf"},"headline":"UCAT y ACNUR firman Memor\u00e1ndum de Entendimiento para fortalecer la protecci\u00f3n y el acompa\u00f1amiento a refugiados","datePublished":"2026-04-30T15:06:15+00:00","dateModified":"2026-04-30T15:06:15+00:00","mainEntityOfPage":{"@id":"https:\/\/www.ucat.edu.ve\/web\/ucat-y-acnur-firman-memorandum-de-entendimiento-para-fortalecer-la-proteccion-y-el-acompanamiento-a-refugiados\/#webpage"},"wordCount":395,"publisher":{"@id":"https:\/\/www.ucat.edu.ve\/web\/#organization"},"image":{"@id":"https:\/\/www.ucat.edu.ve\/web\/ucat-y-acnur-firman-memorandum-de-entendimiento-para-fortalecer-la-proteccion-y-el-acompanamiento-a-refugiados\/#primaryimage"},"thumbnailUrl":"https:\/\/www.ucat.edu.ve\/web\/wp-content\/uploads\/2026\/04\/Noticias-UCAT-y-ACNUR-firman-Memorandum-de-Entendimiento-para-fortalecer-la-proteccion-y-el-acompanamiento-a-refugiados.png","articleSection":["Noticias"],"inLanguage":"es-ES"},{"@type":"Person","@id":"https:\/\/www.ucat.edu.ve\/web\/#\/schema\/person\/e90fe655adf97bd5c1dbc608855d16cf","name":"Secretaria General","url":"https:\/\/www.ucat.edu.ve\/web\/author\/secgeucat\/"}]}},"_links":{"self":[{"href":"https:\/\/www.ucat.edu.ve\/web\/wp-json\/wp\/v2\/posts\/15903"}],"collection":[{"href":"https:\/\/www.ucat.edu.ve\/web\/wp-json\/wp\/v2\/posts"}],"about":[{"href":"https:\/\/www.ucat.edu.ve\/web\/wp-json\/wp\/v2\/types\/post"}],"author":[{"embeddable":true,"href":"https:\/\/www.ucat.edu.ve\/web\/wp-json\/wp\/v2\/users\/23"}],"replies":[{"embeddable":true,"href":"https:\/\/www.ucat.edu.ve\/web\/wp-json\/wp\/v2\/comments?post=15903"}],"version-history":[{"count":1,"href":"https:\/\/www.ucat.edu.ve\/web\/wp-json\/wp\/v2\/posts\/15903\/revisions"}],"predecessor-version":[{"id":15905,"href":"https:\/\/www.ucat.edu.ve\/web\/wp-json\/wp\/v2\/posts\/15903\/revisions\/15905"}],"wp:featuredmedia":[{"embeddable":true,"href":"https:\/\/www.ucat.edu.ve\/web\/wp-json\/wp\/v2\/media\/15904"}],"wp:attachment":[{"href":"https:\/\/www.ucat.edu.ve\/web\/wp-json\/wp\/v2\/media?parent=15903"}],"wp:term":[{"taxonomy":"category","embeddable":true,"href":"https:\/\/www.ucat.edu.ve\/web\/wp-json\/wp\/v2\/categories?post=15903"},{"taxonomy":"post_tag","embeddable":true,"href":"https:\/\/www.ucat.edu.ve\/web\/wp-json\/wp\/v2\/tags?post=15903"}],"curies":[{"name":"wp","href":"https:\/\/api.w.org\/{rel}","templated":true}]}}