 {"id":5638,"date":"2019-12-26T13:09:38","date_gmt":"2019-12-26T13:09:38","guid":{"rendered":"http:\/\/www.ucat.edu.ve\/web\/?p=5638"},"modified":"2020-01-13T10:40:22","modified_gmt":"2020-01-13T10:40:22","slug":"nota-de-duelo-don-antonio-mazuera-zambrano","status":"publish","type":"post","link":"https:\/\/www.ucat.edu.ve\/web\/nota-de-duelo-don-antonio-mazuera-zambrano\/","title":{"rendered":"Nota de Duelo &#8211; Don Antonio Mazuera Zambrano"},"content":{"rendered":"<p style=\"text-align: center;\"><img loading=\"lazy\" class=\"alignnone size-medium wp-image-5639\" src=\"http:\/\/www.ucat.edu.ve\/web\/wp-content\/uploads\/2019\/12\/Banner_Notis_NOTA_DUELO_Don-Antonio-Mazuera-Zambrano-521x289.png\" alt=\"Banner_Notis_NOTA_DUELO_Don-Antonio-Mazuera-Zambrano\" width=\"521\" height=\"289\" srcset=\"https:\/\/www.ucat.edu.ve\/web\/wp-content\/uploads\/2019\/12\/Banner_Notis_NOTA_DUELO_Don-Antonio-Mazuera-Zambrano-521x289.png 521w, https:\/\/www.ucat.edu.ve\/web\/wp-content\/uploads\/2019\/12\/Banner_Notis_NOTA_DUELO_Don-Antonio-Mazuera-Zambrano.png 953w\" sizes=\"(max-width: 521px) 100vw, 521px\" \/><\/p>\n<p style=\"text-align: center;\">Las Autoridades Rectorales, Decanales y toda la Comunidad Universitaria, lamentan profundamente el fallecimiento de<\/p>\n<h2 style=\"text-align: center;\"><strong>Don Antonio Mazuera Zambrano<\/strong><\/h2>\n<p style=\"text-align: center;\">Padre de la Dra. Rina Mazuera, decana del Decanato de Investigaci\u00f2n y Postgrado de la Universidad Cat\u00f3lica del\u00a0T\u00e1chira<\/p>\n<p style=\"text-align: justify;\">En estos momentos de dolor, hacemos llegar a toda su familia nuestras palabras de esperanza cristiana en la Resurrecci\u00f3n final con las palabras que la Iglesia, desde sus or\u00edgenes, ha recordado en el canto de las letan\u00edas \u201cQuien cree en Ti Se\u00f1or, no morir\u00e1 para siempre\/Yo s\u00e9 que mi Redentor vive y el \u00faltimo d\u00eda resucitar\u00e9 de la tierra\u201d.<\/p>\n<p style=\"text-align: center;\">\u201cBienaventurados los que trabajan por la paz, porque ellos ser\u00e1n llamados hijos de Dios.\u201d \u2013 Mateo 5:9<\/p>\n<p style=\"text-align: justify;\">Lamentable hecho acaecido\u00a026 de diciembre de 2019,\u00a0\u00a0en la ciudad de Bogot\u00e1, Rep\u00fablica de Colombia.<\/p>\n<p style=\"text-align: justify;\"><strong>Misa Exequias:<\/strong> Lunes 13 de enero de 2020<\/p>\n<p style=\"text-align: justify;\"><strong>Lugar:<\/strong> Parroquia Sant\u00edsima Trinidad , Pirineos II, San Crist\u00f3bal.<\/p>\n<p style=\"text-align: justify;\"><strong>Hora:<\/strong> 6:00 p.m.<\/p>\n<p style=\"text-align: right;\"><em>San Crist\u00f3bal, 26 de diciembre de 2019<\/em><\/p>\n","protected":false},"excerpt":{"rendered":"<p>Las Autoridades Rectorales, Decanales y toda la Comunidad Universitaria, lamentan profundamente el fallecimiento de Don Antonio Mazuera Zambrano Padre de la Dra. Rina Mazuera, decana del Decanato de Investigaci\u00f2n y Postgrado de la Universidad Cat\u00f3lica del\u00a0T\u00e1chira En estos momentos de dolor, hacemos llegar a toda su familia nuestras palabras de esperanza cristiana en la Resurrecci\u00f3n<\/p>\n","protected":false},"author":23,"featured_media":5639,"comment_status":"closed","ping_status":"closed","sticky":false,"template":"","format":"standard","meta":[],"categories":[3],"tags":[],"yoast_head":"<!-- This site is optimized with the Yoast SEO plugin v19.2 - https:\/\/yoast.com\/wordpress\/plugins\/seo\/ -->\n<title>Nota de Duelo - Don Antonio Mazuera Zambrano - Universidad Cat\u00f3lica del T\u00e1chira<\/title>\n<meta name=\"robots\" content=\"index, follow, max-snippet:-1, max-image-preview:large, max-video-preview:-1\" \/>\n<link rel=\"canonical\" href=\"https:\/\/www.ucat.edu.ve\/web\/nota-de-duelo-don-antonio-mazuera-zambrano\/\" \/>\n<meta property=\"og:locale\" content=\"es_ES\" \/>\n<meta property=\"og:type\" content=\"article\" \/>\n<meta property=\"og:title\" content=\"Nota de Duelo - Don Antonio Mazuera Zambrano - Universidad Cat\u00f3lica del T\u00e1chira\" \/>\n<meta property=\"og:description\" content=\"Las Autoridades Rectorales, Decanales y toda la Comunidad Universitaria, lamentan profundamente el fallecimiento de Don Antonio Mazuera Zambrano Padre de la Dra. Rina Mazuera, decana del Decanato de Investigaci\u00f2n y Postgrado de la Universidad Cat\u00f3lica del\u00a0T\u00e1chira En estos momentos de dolor, hacemos llegar a toda su familia nuestras palabras de esperanza cristiana en la Resurrecci\u00f3n\" \/>\n<meta property=\"og:url\" content=\"https:\/\/www.ucat.edu.ve\/web\/nota-de-duelo-don-antonio-mazuera-zambrano\/\" \/>\n<meta property=\"og:site_name\" content=\"Universidad Cat\u00f3lica del T\u00e1chira\" \/>\n<meta property=\"article:publisher\" content=\"https:\/\/www.facebook.com\/notiucat\/\" \/>\n<meta property=\"article:published_time\" content=\"2019-12-26T13:09:38+00:00\" \/>\n<meta property=\"article:modified_time\" content=\"2020-01-13T10:40:22+00:00\" \/>\n<meta property=\"og:image\" content=\"https:\/\/www.ucat.edu.ve\/web\/wp-content\/uploads\/2019\/12\/Banner_Notis_NOTA_DUELO_Don-Antonio-Mazuera-Zambrano.png\" \/>\n\t<meta property=\"og:image:width\" content=\"953\" \/>\n\t<meta property=\"og:image:height\" content=\"529\" \/>\n\t<meta property=\"og:image:type\" content=\"image\/png\" \/>\n<meta name=\"author\" content=\"Secretaria General\" \/>\n<meta name=\"twitter:card\" content=\"summary_large_image\" \/>\n<meta name=\"twitter:creator\" content=\"@notiucat\" \/>\n<meta name=\"twitter:site\" content=\"@notiucat\" \/>\n<meta name=\"twitter:label1\" content=\"Written by\" \/>\n\t<meta name=\"twitter:data1\" content=\"Secretaria General\" \/>\n\t<meta name=\"twitter:label2\" content=\"Est. reading time\" \/>\n\t<meta name=\"twitter:data2\" content=\"1 minuto\" \/>\n<script type=\"application\/ld+json\" class=\"yoast-schema-graph\">{\"@context\":\"https:\/\/schema.org\",\"@graph\":[{\"@type\":\"Organization\",\"@id\":\"https:\/\/www.ucat.edu.ve\/web\/#organization\",\"name\":\"Universidad Cat\u00f3lica Del T\u00e1chira UCAT\",\"url\":\"https:\/\/www.ucat.edu.ve\/web\/\",\"sameAs\":[\"https:\/\/www.instagram.com\/notiucat\/\",\"https:\/\/www.youtube.com\/channel\/UCwEbYSB1R9fzlII-8dcxuYA?view_as=subscriber\",\"https:\/\/www.facebook.com\/notiucat\/\",\"https:\/\/twitter.com\/notiucat\"],\"logo\":{\"@type\":\"ImageObject\",\"inLanguage\":\"es-ES\",\"@id\":\"https:\/\/www.ucat.edu.ve\/web\/#\/schema\/logo\/image\/\",\"url\":\"https:\/\/www.ucat.edu.ve\/web\/wp-content\/uploads\/2015\/07\/logoucat.gif\",\"contentUrl\":\"https:\/\/www.ucat.edu.ve\/web\/wp-content\/uploads\/2015\/07\/logoucat.gif\",\"width\":219,\"height\":155,\"caption\":\"Universidad Cat\u00f3lica Del T\u00e1chira UCAT\"},\"image\":{\"@id\":\"https:\/\/www.ucat.edu.ve\/web\/#\/schema\/logo\/image\/\"}},{\"@type\":\"WebSite\",\"@id\":\"https:\/\/www.ucat.edu.ve\/web\/#website\",\"url\":\"https:\/\/www.ucat.edu.ve\/web\/\",\"name\":\"Universidad Cat\u00f3lica del T\u00e1chira\",\"description\":\"\",\"publisher\":{\"@id\":\"https:\/\/www.ucat.edu.ve\/web\/#organization\"},\"potentialAction\":[{\"@type\":\"SearchAction\",\"target\":{\"@type\":\"EntryPoint\",\"urlTemplate\":\"https:\/\/www.ucat.edu.ve\/web\/?s={search_term_string}\"},\"query-input\":\"required name=search_term_string\"}],\"inLanguage\":\"es-ES\"},{\"@type\":\"ImageObject\",\"inLanguage\":\"es-ES\",\"@id\":\"https:\/\/www.ucat.edu.ve\/web\/nota-de-duelo-don-antonio-mazuera-zambrano\/#primaryimage\",\"url\":\"https:\/\/www.ucat.edu.ve\/web\/wp-content\/uploads\/2019\/12\/Banner_Notis_NOTA_DUELO_Don-Antonio-Mazuera-Zambrano.png\",\"contentUrl\":\"https:\/\/www.ucat.edu.ve\/web\/wp-content\/uploads\/2019\/12\/Banner_Notis_NOTA_DUELO_Don-Antonio-Mazuera-Zambrano.png\",\"width\":953,\"height\":529},{\"@type\":\"WebPage\",\"@id\":\"https:\/\/www.ucat.edu.ve\/web\/nota-de-duelo-don-antonio-mazuera-zambrano\/#webpage\",\"url\":\"https:\/\/www.ucat.edu.ve\/web\/nota-de-duelo-don-antonio-mazuera-zambrano\/\",\"name\":\"Nota de Duelo - Don Antonio Mazuera Zambrano - Universidad Cat\u00f3lica del T\u00e1chira\",\"isPartOf\":{\"@id\":\"https:\/\/www.ucat.edu.ve\/web\/#website\"},\"primaryImageOfPage\":{\"@id\":\"https:\/\/www.ucat.edu.ve\/web\/nota-de-duelo-don-antonio-mazuera-zambrano\/#primaryimage\"},\"datePublished\":\"2019-12-26T13:09:38+00:00\",\"dateModified\":\"2020-01-13T10:40:22+00:00\",\"breadcrumb\":{\"@id\":\"https:\/\/www.ucat.edu.ve\/web\/nota-de-duelo-don-antonio-mazuera-zambrano\/#breadcrumb\"},\"inLanguage\":\"es-ES\",\"potentialAction\":[{\"@type\":\"ReadAction\",\"target\":[\"https:\/\/www.ucat.edu.ve\/web\/nota-de-duelo-don-antonio-mazuera-zambrano\/\"]}]},{\"@type\":\"BreadcrumbList\",\"@id\":\"https:\/\/www.ucat.edu.ve\/web\/nota-de-duelo-don-antonio-mazuera-zambrano\/#breadcrumb\",\"itemListElement\":[{\"@type\":\"ListItem\",\"position\":1,\"name\":\"Home\",\"item\":\"https:\/\/www.ucat.edu.ve\/web\/\"},{\"@type\":\"ListItem\",\"position\":2,\"name\":\"Nota de Duelo &#8211; Don Antonio Mazuera Zambrano\"}]},{\"@type\":\"Article\",\"@id\":\"https:\/\/www.ucat.edu.ve\/web\/nota-de-duelo-don-antonio-mazuera-zambrano\/#article\",\"isPartOf\":{\"@id\":\"https:\/\/www.ucat.edu.ve\/web\/nota-de-duelo-don-antonio-mazuera-zambrano\/#webpage\"},\"author\":{\"name\":\"Secretaria General\",\"@id\":\"https:\/\/www.ucat.edu.ve\/web\/#\/schema\/person\/e90fe655adf97bd5c1dbc608855d16cf\"},\"headline\":\"Nota de Duelo &#8211; Don Antonio Mazuera Zambrano\",\"datePublished\":\"2019-12-26T13:09:38+00:00\",\"dateModified\":\"2020-01-13T10:40:22+00:00\",\"mainEntityOfPage\":{\"@id\":\"https:\/\/www.ucat.edu.ve\/web\/nota-de-duelo-don-antonio-mazuera-zambrano\/#webpage\"},\"wordCount\":169,\"publisher\":{\"@id\":\"https:\/\/www.ucat.edu.ve\/web\/#organization\"},\"image\":{\"@id\":\"https:\/\/www.ucat.edu.ve\/web\/nota-de-duelo-don-antonio-mazuera-zambrano\/#primaryimage\"},\"thumbnailUrl\":\"https:\/\/www.ucat.edu.ve\/web\/wp-content\/uploads\/2019\/12\/Banner_Notis_NOTA_DUELO_Don-Antonio-Mazuera-Zambrano.png\",\"articleSection\":[\"Noticias\"],\"inLanguage\":\"es-ES\"},{\"@type\":\"Person\",\"@id\":\"https:\/\/www.ucat.edu.ve\/web\/#\/schema\/person\/e90fe655adf97bd5c1dbc608855d16cf\",\"name\":\"Secretaria General\",\"url\":\"https:\/\/www.ucat.edu.ve\/web\/author\/secgeucat\/\"}]}<\/script>\n<!-- \/ Yoast SEO plugin. -->","yoast_head_json":{"title":"Nota de Duelo - Don Antonio Mazuera Zambrano - Universidad Cat\u00f3lica del T\u00e1chira","robots":{"index":"index","follow":"follow","max-snippet":"max-snippet:-1","max-image-preview":"max-image-preview:large","max-video-preview":"max-video-preview:-1"},"canonical":"https:\/\/www.ucat.edu.ve\/web\/nota-de-duelo-don-antonio-mazuera-zambrano\/","og_locale":"es_ES","og_type":"article","og_title":"Nota de Duelo - Don Antonio Mazuera Zambrano - Universidad Cat\u00f3lica del T\u00e1chira","og_description":"Las Autoridades Rectorales, Decanales y toda la Comunidad Universitaria, lamentan profundamente el fallecimiento de Don Antonio Mazuera Zambrano Padre de la Dra. Rina Mazuera, decana del Decanato de Investigaci\u00f2n y Postgrado de la Universidad Cat\u00f3lica del\u00a0T\u00e1chira En estos momentos de dolor, hacemos llegar a toda su familia nuestras palabras de esperanza cristiana en la Resurrecci\u00f3n","og_url":"https:\/\/www.ucat.edu.ve\/web\/nota-de-duelo-don-antonio-mazuera-zambrano\/","og_site_name":"Universidad Cat\u00f3lica del T\u00e1chira","article_publisher":"https:\/\/www.facebook.com\/notiucat\/","article_published_time":"2019-12-26T13:09:38+00:00","article_modified_time":"2020-01-13T10:40:22+00:00","og_image":[{"width":953,"height":529,"url":"https:\/\/www.ucat.edu.ve\/web\/wp-content\/uploads\/2019\/12\/Banner_Notis_NOTA_DUELO_Don-Antonio-Mazuera-Zambrano.png","type":"image\/png"}],"author":"Secretaria General","twitter_card":"summary_large_image","twitter_creator":"@notiucat","twitter_site":"@notiucat","twitter_misc":{"Written by":"Secretaria General","Est. reading time":"1 minuto"},"schema":{"@context":"https:\/\/schema.org","@graph":[{"@type":"Organization","@id":"https:\/\/www.ucat.edu.ve\/web\/#organization","name":"Universidad Cat\u00f3lica Del T\u00e1chira UCAT","url":"https:\/\/www.ucat.edu.ve\/web\/","sameAs":["https:\/\/www.instagram.com\/notiucat\/","https:\/\/www.youtube.com\/channel\/UCwEbYSB1R9fzlII-8dcxuYA?view_as=subscriber","https:\/\/www.facebook.com\/notiucat\/","https:\/\/twitter.com\/notiucat"],"logo":{"@type":"ImageObject","inLanguage":"es-ES","@id":"https:\/\/www.ucat.edu.ve\/web\/#\/schema\/logo\/image\/","url":"https:\/\/www.ucat.edu.ve\/web\/wp-content\/uploads\/2015\/07\/logoucat.gif","contentUrl":"https:\/\/www.ucat.edu.ve\/web\/wp-content\/uploads\/2015\/07\/logoucat.gif","width":219,"height":155,"caption":"Universidad Cat\u00f3lica Del T\u00e1chira UCAT"},"image":{"@id":"https:\/\/www.ucat.edu.ve\/web\/#\/schema\/logo\/image\/"}},{"@type":"WebSite","@id":"https:\/\/www.ucat.edu.ve\/web\/#website","url":"https:\/\/www.ucat.edu.ve\/web\/","name":"Universidad Cat\u00f3lica del T\u00e1chira","description":"","publisher":{"@id":"https:\/\/www.ucat.edu.ve\/web\/#organization"},"potentialAction":[{"@type":"SearchAction","target":{"@type":"EntryPoint","urlTemplate":"https:\/\/www.ucat.edu.ve\/web\/?s={search_term_string}"},"query-input":"required name=search_term_string"}],"inLanguage":"es-ES"},{"@type":"ImageObject","inLanguage":"es-ES","@id":"https:\/\/www.ucat.edu.ve\/web\/nota-de-duelo-don-antonio-mazuera-zambrano\/#primaryimage","url":"https:\/\/www.ucat.edu.ve\/web\/wp-content\/uploads\/2019\/12\/Banner_Notis_NOTA_DUELO_Don-Antonio-Mazuera-Zambrano.png","contentUrl":"https:\/\/www.ucat.edu.ve\/web\/wp-content\/uploads\/2019\/12\/Banner_Notis_NOTA_DUELO_Don-Antonio-Mazuera-Zambrano.png","width":953,"height":529},{"@type":"WebPage","@id":"https:\/\/www.ucat.edu.ve\/web\/nota-de-duelo-don-antonio-mazuera-zambrano\/#webpage","url":"https:\/\/www.ucat.edu.ve\/web\/nota-de-duelo-don-antonio-mazuera-zambrano\/","name":"Nota de Duelo - Don Antonio Mazuera Zambrano - Universidad Cat\u00f3lica del T\u00e1chira","isPartOf":{"@id":"https:\/\/www.ucat.edu.ve\/web\/#website"},"primaryImageOfPage":{"@id":"https:\/\/www.ucat.edu.ve\/web\/nota-de-duelo-don-antonio-mazuera-zambrano\/#primaryimage"},"datePublished":"2019-12-26T13:09:38+00:00","dateModified":"2020-01-13T10:40:22+00:00","breadcrumb":{"@id":"https:\/\/www.ucat.edu.ve\/web\/nota-de-duelo-don-antonio-mazuera-zambrano\/#breadcrumb"},"inLanguage":"es-ES","potentialAction":[{"@type":"ReadAction","target":["https:\/\/www.ucat.edu.ve\/web\/nota-de-duelo-don-antonio-mazuera-zambrano\/"]}]},{"@type":"BreadcrumbList","@id":"https:\/\/www.ucat.edu.ve\/web\/nota-de-duelo-don-antonio-mazuera-zambrano\/#breadcrumb","itemListElement":[{"@type":"ListItem","position":1,"name":"Home","item":"https:\/\/www.ucat.edu.ve\/web\/"},{"@type":"ListItem","position":2,"name":"Nota de Duelo &#8211; Don Antonio Mazuera Zambrano"}]},{"@type":"Article","@id":"https:\/\/www.ucat.edu.ve\/web\/nota-de-duelo-don-antonio-mazuera-zambrano\/#article","isPartOf":{"@id":"https:\/\/www.ucat.edu.ve\/web\/nota-de-duelo-don-antonio-mazuera-zambrano\/#webpage"},"author":{"name":"Secretaria General","@id":"https:\/\/www.ucat.edu.ve\/web\/#\/schema\/person\/e90fe655adf97bd5c1dbc608855d16cf"},"headline":"Nota de Duelo &#8211; Don Antonio Mazuera Zambrano","datePublished":"2019-12-26T13:09:38+00:00","dateModified":"2020-01-13T10:40:22+00:00","mainEntityOfPage":{"@id":"https:\/\/www.ucat.edu.ve\/web\/nota-de-duelo-don-antonio-mazuera-zambrano\/#webpage"},"wordCount":169,"publisher":{"@id":"https:\/\/www.ucat.edu.ve\/web\/#organization"},"image":{"@id":"https:\/\/www.ucat.edu.ve\/web\/nota-de-duelo-don-antonio-mazuera-zambrano\/#primaryimage"},"thumbnailUrl":"https:\/\/www.ucat.edu.ve\/web\/wp-content\/uploads\/2019\/12\/Banner_Notis_NOTA_DUELO_Don-Antonio-Mazuera-Zambrano.png","articleSection":["Noticias"],"inLanguage":"es-ES"},{"@type":"Person","@id":"https:\/\/www.ucat.edu.ve\/web\/#\/schema\/person\/e90fe655adf97bd5c1dbc608855d16cf","name":"Secretaria General","url":"https:\/\/www.ucat.edu.ve\/web\/author\/secgeucat\/"}]}},"_links":{"self":[{"href":"https:\/\/www.ucat.edu.ve\/web\/wp-json\/wp\/v2\/posts\/5638"}],"collection":[{"href":"https:\/\/www.ucat.edu.ve\/web\/wp-json\/wp\/v2\/posts"}],"about":[{"href":"https:\/\/www.ucat.edu.ve\/web\/wp-json\/wp\/v2\/types\/post"}],"author":[{"embeddable":true,"href":"https:\/\/www.ucat.edu.ve\/web\/wp-json\/wp\/v2\/users\/23"}],"replies":[{"embeddable":true,"href":"https:\/\/www.ucat.edu.ve\/web\/wp-json\/wp\/v2\/comments?post=5638"}],"version-history":[{"count":0,"href":"https:\/\/www.ucat.edu.ve\/web\/wp-json\/wp\/v2\/posts\/5638\/revisions"}],"wp:featuredmedia":[{"embeddable":true,"href":"https:\/\/www.ucat.edu.ve\/web\/wp-json\/wp\/v2\/media\/5639"}],"wp:attachment":[{"href":"https:\/\/www.ucat.edu.ve\/web\/wp-json\/wp\/v2\/media?parent=5638"}],"wp:term":[{"taxonomy":"category","embeddable":true,"href":"https:\/\/www.ucat.edu.ve\/web\/wp-json\/wp\/v2\/categories?post=5638"},{"taxonomy":"post_tag","embeddable":true,"href":"https:\/\/www.ucat.edu.ve\/web\/wp-json\/wp\/v2\/tags?post=5638"}],"curies":[{"name":"wp","href":"https:\/\/api.w.org\/{rel}","templated":true}]}}