 {"id":5644,"date":"2020-01-06T15:14:57","date_gmt":"2020-01-06T15:14:57","guid":{"rendered":"http:\/\/www.ucat.edu.ve\/web\/?p=5644"},"modified":"2020-01-06T15:14:57","modified_gmt":"2020-01-06T15:14:57","slug":"abiertas-inscripciones-para-el-taller-de-artes-escenicas-modulo-introductorio","status":"publish","type":"post","link":"https:\/\/www.ucat.edu.ve\/web\/abiertas-inscripciones-para-el-taller-de-artes-escenicas-modulo-introductorio\/","title":{"rendered":"Abiertas inscripciones para el Taller de Artes Esc\u00e9nicas (m\u00f3dulo introductorio)"},"content":{"rendered":"<p style=\"text-align: center;\"><img loading=\"lazy\" class=\"alignnone size-medium wp-image-5645\" src=\"http:\/\/www.ucat.edu.ve\/web\/wp-content\/uploads\/2020\/01\/FLYER-TALLER-EXPRESI\u00d3N-CORPORAL-2-521x322.jpg\" alt=\"FLYER-TALLER-EXPRESI\u00d3N-CORPORAL-2\" width=\"521\" height=\"322\" srcset=\"https:\/\/www.ucat.edu.ve\/web\/wp-content\/uploads\/2020\/01\/FLYER-TALLER-EXPRESI\u00d3N-CORPORAL-2-521x322.jpg 521w, https:\/\/www.ucat.edu.ve\/web\/wp-content\/uploads\/2020\/01\/FLYER-TALLER-EXPRESI\u00d3N-CORPORAL-2-340x210.jpg 340w, https:\/\/www.ucat.edu.ve\/web\/wp-content\/uploads\/2020\/01\/FLYER-TALLER-EXPRESI\u00d3N-CORPORAL-2.jpg 1243w\" sizes=\"(max-width: 521px) 100vw, 521px\" \/><\/p>\n<p style=\"text-align: justify;\">El Taller Integral de Artes Esc\u00e9nicas (TAE) abre convocatoria para todos los estudiantes, profesores y dem\u00e1s miembros de la comunidad Ucatenses interesados en las artes esc\u00e9nicas que deseen participar en el Taller Introductorio del TAE que se realizar\u00e1 del 22 de enero al 19 de febrero de 2020.<\/p>\n<p style=\"text-align: justify;\">El contenido de este taller est\u00e1 basado en:<br \/>\n&#8211; Reconocimiento corporal.<br \/>\n&#8211; Acondicionamiento f\u00edsico.<br \/>\n&#8211; Expresividad.<br \/>\n&#8211; Acrobacia de piso.<br \/>\n&#8211; Pulsadas.<br \/>\n&#8211; Abordaje del espacio esc\u00e9nico desde el juego.<\/p>\n<p style=\"text-align: justify;\">Este m\u00f3dulo inicial tiene una duraci\u00f3n de 16 horas acad\u00e9micas divididas en 12 clases. Las actividades se realizar\u00e1n los d\u00edas lunes, mi\u00e9rcoles y viernes en horario de 12:15pm a 1:15pm en los salones de Arte y Cultura de la sede Loma del Tejar. El cupo m\u00e1ximo de participantes es 20 personas.<\/p>\n<p style=\"text-align: justify;\">Las inscripciones est\u00e1n abiertas desde el mi\u00e9rcoles 8 hasta el d\u00eda lunes 20 de enero de 2020. Para formalizar la inscripci\u00f3n acudir a la oficina de Arte y Cultura de la UCAT, ubicada en el 2do piso del edificio C de la sede Loma del Tejar, en horario de 8:30am a 12pm y de 2pm a 5pm.<\/p>\n<p style=\"text-align: justify;\">Los requisitos de inscripci\u00f3n son:<br \/>\n&#8211; Presentar el carnet vigente de estudiante o personal de la UCAT y llenar el formulario de inscripci\u00f3n (se entregar\u00e1 en la oficina).<br \/>\n&#8211; Para las clases, traer ropa c\u00f3moda (lycra, short, mono, franela o franelilla) y un mat de yoga o sino una toalla grande.<\/p>\n<p style=\"text-align: justify;\">Para realizar cualquier pregunta o solicitar un cupo, comunicarse directamente v\u00eda whatsapp al tel\u00e9fono 0414-7418843.<\/p>\n<p style=\"text-align: right;\"><em>Lunes 06 de enero de 2020<\/em><br \/>\n<em>Prensa<\/em><br \/>\n<em>Coordinaci\u00f3n de Arte y Cultura<\/em><br \/>\n<em>Decanato del Medio Universitario<\/em><br \/>\n<em>Universidad Cat\u00f3lica del T\u00e1chira<\/em><\/p>\n","protected":false},"excerpt":{"rendered":"<p>El Taller Integral de Artes Esc\u00e9nicas (TAE) abre convocatoria para todos los estudiantes, profesores y dem\u00e1s miembros de la comunidad Ucatenses interesados en las artes esc\u00e9nicas que deseen participar en el Taller Introductorio del TAE que se realizar\u00e1 del 22 de enero al 19 de febrero de 2020. El contenido de este taller est\u00e1 basado<\/p>\n","protected":false},"author":23,"featured_media":5645,"comment_status":"closed","ping_status":"closed","sticky":false,"template":"","format":"standard","meta":[],"categories":[3],"tags":[],"yoast_head":"<!-- This site is optimized with the Yoast SEO plugin v19.2 - https:\/\/yoast.com\/wordpress\/plugins\/seo\/ -->\n<title>Abiertas inscripciones para el Taller de Artes Esc\u00e9nicas (m\u00f3dulo introductorio) - Universidad Cat\u00f3lica del T\u00e1chira<\/title>\n<meta name=\"robots\" content=\"index, follow, max-snippet:-1, max-image-preview:large, max-video-preview:-1\" \/>\n<link rel=\"canonical\" href=\"https:\/\/www.ucat.edu.ve\/web\/abiertas-inscripciones-para-el-taller-de-artes-escenicas-modulo-introductorio\/\" \/>\n<meta property=\"og:locale\" content=\"es_ES\" \/>\n<meta property=\"og:type\" content=\"article\" \/>\n<meta property=\"og:title\" content=\"Abiertas inscripciones para el Taller de Artes Esc\u00e9nicas (m\u00f3dulo introductorio) - Universidad Cat\u00f3lica del T\u00e1chira\" \/>\n<meta property=\"og:description\" content=\"El Taller Integral de Artes Esc\u00e9nicas (TAE) abre convocatoria para todos los estudiantes, profesores y dem\u00e1s miembros de la comunidad Ucatenses interesados en las artes esc\u00e9nicas que deseen participar en el Taller Introductorio del TAE que se realizar\u00e1 del 22 de enero al 19 de febrero de 2020. El contenido de este taller est\u00e1 basado\" \/>\n<meta property=\"og:url\" content=\"https:\/\/www.ucat.edu.ve\/web\/abiertas-inscripciones-para-el-taller-de-artes-escenicas-modulo-introductorio\/\" \/>\n<meta property=\"og:site_name\" content=\"Universidad Cat\u00f3lica del T\u00e1chira\" \/>\n<meta property=\"article:publisher\" content=\"https:\/\/www.facebook.com\/notiucat\/\" \/>\n<meta property=\"article:published_time\" content=\"2020-01-06T15:14:57+00:00\" \/>\n<meta property=\"og:image\" content=\"https:\/\/www.ucat.edu.ve\/web\/wp-content\/uploads\/2020\/01\/FLYER-TALLER-EXPRESI\u00d3N-CORPORAL-2.jpg\" \/>\n\t<meta property=\"og:image:width\" content=\"1243\" \/>\n\t<meta property=\"og:image:height\" content=\"768\" \/>\n\t<meta property=\"og:image:type\" content=\"image\/jpeg\" \/>\n<meta name=\"author\" content=\"Secretaria General\" \/>\n<meta name=\"twitter:card\" content=\"summary_large_image\" \/>\n<meta name=\"twitter:creator\" content=\"@notiucat\" \/>\n<meta name=\"twitter:site\" content=\"@notiucat\" \/>\n<meta name=\"twitter:label1\" content=\"Written by\" \/>\n\t<meta name=\"twitter:data1\" content=\"Secretaria General\" \/>\n\t<meta name=\"twitter:label2\" content=\"Est. reading time\" \/>\n\t<meta name=\"twitter:data2\" content=\"1 minuto\" \/>\n<script type=\"application\/ld+json\" class=\"yoast-schema-graph\">{\"@context\":\"https:\/\/schema.org\",\"@graph\":[{\"@type\":\"Organization\",\"@id\":\"https:\/\/www.ucat.edu.ve\/web\/#organization\",\"name\":\"Universidad Cat\u00f3lica Del T\u00e1chira UCAT\",\"url\":\"https:\/\/www.ucat.edu.ve\/web\/\",\"sameAs\":[\"https:\/\/www.instagram.com\/notiucat\/\",\"https:\/\/www.youtube.com\/channel\/UCwEbYSB1R9fzlII-8dcxuYA?view_as=subscriber\",\"https:\/\/www.facebook.com\/notiucat\/\",\"https:\/\/twitter.com\/notiucat\"],\"logo\":{\"@type\":\"ImageObject\",\"inLanguage\":\"es-ES\",\"@id\":\"https:\/\/www.ucat.edu.ve\/web\/#\/schema\/logo\/image\/\",\"url\":\"https:\/\/www.ucat.edu.ve\/web\/wp-content\/uploads\/2015\/07\/logoucat.gif\",\"contentUrl\":\"https:\/\/www.ucat.edu.ve\/web\/wp-content\/uploads\/2015\/07\/logoucat.gif\",\"width\":219,\"height\":155,\"caption\":\"Universidad Cat\u00f3lica Del T\u00e1chira UCAT\"},\"image\":{\"@id\":\"https:\/\/www.ucat.edu.ve\/web\/#\/schema\/logo\/image\/\"}},{\"@type\":\"WebSite\",\"@id\":\"https:\/\/www.ucat.edu.ve\/web\/#website\",\"url\":\"https:\/\/www.ucat.edu.ve\/web\/\",\"name\":\"Universidad Cat\u00f3lica del T\u00e1chira\",\"description\":\"\",\"publisher\":{\"@id\":\"https:\/\/www.ucat.edu.ve\/web\/#organization\"},\"potentialAction\":[{\"@type\":\"SearchAction\",\"target\":{\"@type\":\"EntryPoint\",\"urlTemplate\":\"https:\/\/www.ucat.edu.ve\/web\/?s={search_term_string}\"},\"query-input\":\"required name=search_term_string\"}],\"inLanguage\":\"es-ES\"},{\"@type\":\"ImageObject\",\"inLanguage\":\"es-ES\",\"@id\":\"https:\/\/www.ucat.edu.ve\/web\/abiertas-inscripciones-para-el-taller-de-artes-escenicas-modulo-introductorio\/#primaryimage\",\"url\":\"https:\/\/www.ucat.edu.ve\/web\/wp-content\/uploads\/2020\/01\/FLYER-TALLER-EXPRESI\u00d3N-CORPORAL-2.jpg\",\"contentUrl\":\"https:\/\/www.ucat.edu.ve\/web\/wp-content\/uploads\/2020\/01\/FLYER-TALLER-EXPRESI\u00d3N-CORPORAL-2.jpg\",\"width\":1243,\"height\":768},{\"@type\":\"WebPage\",\"@id\":\"https:\/\/www.ucat.edu.ve\/web\/abiertas-inscripciones-para-el-taller-de-artes-escenicas-modulo-introductorio\/#webpage\",\"url\":\"https:\/\/www.ucat.edu.ve\/web\/abiertas-inscripciones-para-el-taller-de-artes-escenicas-modulo-introductorio\/\",\"name\":\"Abiertas inscripciones para el Taller de Artes Esc\u00e9nicas (m\u00f3dulo introductorio) - Universidad Cat\u00f3lica del T\u00e1chira\",\"isPartOf\":{\"@id\":\"https:\/\/www.ucat.edu.ve\/web\/#website\"},\"primaryImageOfPage\":{\"@id\":\"https:\/\/www.ucat.edu.ve\/web\/abiertas-inscripciones-para-el-taller-de-artes-escenicas-modulo-introductorio\/#primaryimage\"},\"datePublished\":\"2020-01-06T15:14:57+00:00\",\"dateModified\":\"2020-01-06T15:14:57+00:00\",\"breadcrumb\":{\"@id\":\"https:\/\/www.ucat.edu.ve\/web\/abiertas-inscripciones-para-el-taller-de-artes-escenicas-modulo-introductorio\/#breadcrumb\"},\"inLanguage\":\"es-ES\",\"potentialAction\":[{\"@type\":\"ReadAction\",\"target\":[\"https:\/\/www.ucat.edu.ve\/web\/abiertas-inscripciones-para-el-taller-de-artes-escenicas-modulo-introductorio\/\"]}]},{\"@type\":\"BreadcrumbList\",\"@id\":\"https:\/\/www.ucat.edu.ve\/web\/abiertas-inscripciones-para-el-taller-de-artes-escenicas-modulo-introductorio\/#breadcrumb\",\"itemListElement\":[{\"@type\":\"ListItem\",\"position\":1,\"name\":\"Home\",\"item\":\"https:\/\/www.ucat.edu.ve\/web\/\"},{\"@type\":\"ListItem\",\"position\":2,\"name\":\"Abiertas inscripciones para el Taller de Artes Esc\u00e9nicas (m\u00f3dulo introductorio)\"}]},{\"@type\":\"Article\",\"@id\":\"https:\/\/www.ucat.edu.ve\/web\/abiertas-inscripciones-para-el-taller-de-artes-escenicas-modulo-introductorio\/#article\",\"isPartOf\":{\"@id\":\"https:\/\/www.ucat.edu.ve\/web\/abiertas-inscripciones-para-el-taller-de-artes-escenicas-modulo-introductorio\/#webpage\"},\"author\":{\"name\":\"Secretaria General\",\"@id\":\"https:\/\/www.ucat.edu.ve\/web\/#\/schema\/person\/e90fe655adf97bd5c1dbc608855d16cf\"},\"headline\":\"Abiertas inscripciones para el Taller de Artes Esc\u00e9nicas (m\u00f3dulo introductorio)\",\"datePublished\":\"2020-01-06T15:14:57+00:00\",\"dateModified\":\"2020-01-06T15:14:57+00:00\",\"mainEntityOfPage\":{\"@id\":\"https:\/\/www.ucat.edu.ve\/web\/abiertas-inscripciones-para-el-taller-de-artes-escenicas-modulo-introductorio\/#webpage\"},\"wordCount\":297,\"publisher\":{\"@id\":\"https:\/\/www.ucat.edu.ve\/web\/#organization\"},\"image\":{\"@id\":\"https:\/\/www.ucat.edu.ve\/web\/abiertas-inscripciones-para-el-taller-de-artes-escenicas-modulo-introductorio\/#primaryimage\"},\"thumbnailUrl\":\"https:\/\/www.ucat.edu.ve\/web\/wp-content\/uploads\/2020\/01\/FLYER-TALLER-EXPRESI\u00d3N-CORPORAL-2.jpg\",\"articleSection\":[\"Noticias\"],\"inLanguage\":\"es-ES\"},{\"@type\":\"Person\",\"@id\":\"https:\/\/www.ucat.edu.ve\/web\/#\/schema\/person\/e90fe655adf97bd5c1dbc608855d16cf\",\"name\":\"Secretaria General\",\"url\":\"https:\/\/www.ucat.edu.ve\/web\/author\/secgeucat\/\"}]}<\/script>\n<!-- \/ Yoast SEO plugin. -->","yoast_head_json":{"title":"Abiertas inscripciones para el Taller de Artes Esc\u00e9nicas (m\u00f3dulo introductorio) - Universidad Cat\u00f3lica del T\u00e1chira","robots":{"index":"index","follow":"follow","max-snippet":"max-snippet:-1","max-image-preview":"max-image-preview:large","max-video-preview":"max-video-preview:-1"},"canonical":"https:\/\/www.ucat.edu.ve\/web\/abiertas-inscripciones-para-el-taller-de-artes-escenicas-modulo-introductorio\/","og_locale":"es_ES","og_type":"article","og_title":"Abiertas inscripciones para el Taller de Artes Esc\u00e9nicas (m\u00f3dulo introductorio) - Universidad Cat\u00f3lica del T\u00e1chira","og_description":"El Taller Integral de Artes Esc\u00e9nicas (TAE) abre convocatoria para todos los estudiantes, profesores y dem\u00e1s miembros de la comunidad Ucatenses interesados en las artes esc\u00e9nicas que deseen participar en el Taller Introductorio del TAE que se realizar\u00e1 del 22 de enero al 19 de febrero de 2020. El contenido de este taller est\u00e1 basado","og_url":"https:\/\/www.ucat.edu.ve\/web\/abiertas-inscripciones-para-el-taller-de-artes-escenicas-modulo-introductorio\/","og_site_name":"Universidad Cat\u00f3lica del T\u00e1chira","article_publisher":"https:\/\/www.facebook.com\/notiucat\/","article_published_time":"2020-01-06T15:14:57+00:00","og_image":[{"width":1243,"height":768,"url":"https:\/\/www.ucat.edu.ve\/web\/wp-content\/uploads\/2020\/01\/FLYER-TALLER-EXPRESI\u00d3N-CORPORAL-2.jpg","type":"image\/jpeg"}],"author":"Secretaria General","twitter_card":"summary_large_image","twitter_creator":"@notiucat","twitter_site":"@notiucat","twitter_misc":{"Written by":"Secretaria General","Est. reading time":"1 minuto"},"schema":{"@context":"https:\/\/schema.org","@graph":[{"@type":"Organization","@id":"https:\/\/www.ucat.edu.ve\/web\/#organization","name":"Universidad Cat\u00f3lica Del T\u00e1chira UCAT","url":"https:\/\/www.ucat.edu.ve\/web\/","sameAs":["https:\/\/www.instagram.com\/notiucat\/","https:\/\/www.youtube.com\/channel\/UCwEbYSB1R9fzlII-8dcxuYA?view_as=subscriber","https:\/\/www.facebook.com\/notiucat\/","https:\/\/twitter.com\/notiucat"],"logo":{"@type":"ImageObject","inLanguage":"es-ES","@id":"https:\/\/www.ucat.edu.ve\/web\/#\/schema\/logo\/image\/","url":"https:\/\/www.ucat.edu.ve\/web\/wp-content\/uploads\/2015\/07\/logoucat.gif","contentUrl":"https:\/\/www.ucat.edu.ve\/web\/wp-content\/uploads\/2015\/07\/logoucat.gif","width":219,"height":155,"caption":"Universidad Cat\u00f3lica Del T\u00e1chira UCAT"},"image":{"@id":"https:\/\/www.ucat.edu.ve\/web\/#\/schema\/logo\/image\/"}},{"@type":"WebSite","@id":"https:\/\/www.ucat.edu.ve\/web\/#website","url":"https:\/\/www.ucat.edu.ve\/web\/","name":"Universidad Cat\u00f3lica del T\u00e1chira","description":"","publisher":{"@id":"https:\/\/www.ucat.edu.ve\/web\/#organization"},"potentialAction":[{"@type":"SearchAction","target":{"@type":"EntryPoint","urlTemplate":"https:\/\/www.ucat.edu.ve\/web\/?s={search_term_string}"},"query-input":"required name=search_term_string"}],"inLanguage":"es-ES"},{"@type":"ImageObject","inLanguage":"es-ES","@id":"https:\/\/www.ucat.edu.ve\/web\/abiertas-inscripciones-para-el-taller-de-artes-escenicas-modulo-introductorio\/#primaryimage","url":"https:\/\/www.ucat.edu.ve\/web\/wp-content\/uploads\/2020\/01\/FLYER-TALLER-EXPRESI\u00d3N-CORPORAL-2.jpg","contentUrl":"https:\/\/www.ucat.edu.ve\/web\/wp-content\/uploads\/2020\/01\/FLYER-TALLER-EXPRESI\u00d3N-CORPORAL-2.jpg","width":1243,"height":768},{"@type":"WebPage","@id":"https:\/\/www.ucat.edu.ve\/web\/abiertas-inscripciones-para-el-taller-de-artes-escenicas-modulo-introductorio\/#webpage","url":"https:\/\/www.ucat.edu.ve\/web\/abiertas-inscripciones-para-el-taller-de-artes-escenicas-modulo-introductorio\/","name":"Abiertas inscripciones para el Taller de Artes Esc\u00e9nicas (m\u00f3dulo introductorio) - Universidad Cat\u00f3lica del T\u00e1chira","isPartOf":{"@id":"https:\/\/www.ucat.edu.ve\/web\/#website"},"primaryImageOfPage":{"@id":"https:\/\/www.ucat.edu.ve\/web\/abiertas-inscripciones-para-el-taller-de-artes-escenicas-modulo-introductorio\/#primaryimage"},"datePublished":"2020-01-06T15:14:57+00:00","dateModified":"2020-01-06T15:14:57+00:00","breadcrumb":{"@id":"https:\/\/www.ucat.edu.ve\/web\/abiertas-inscripciones-para-el-taller-de-artes-escenicas-modulo-introductorio\/#breadcrumb"},"inLanguage":"es-ES","potentialAction":[{"@type":"ReadAction","target":["https:\/\/www.ucat.edu.ve\/web\/abiertas-inscripciones-para-el-taller-de-artes-escenicas-modulo-introductorio\/"]}]},{"@type":"BreadcrumbList","@id":"https:\/\/www.ucat.edu.ve\/web\/abiertas-inscripciones-para-el-taller-de-artes-escenicas-modulo-introductorio\/#breadcrumb","itemListElement":[{"@type":"ListItem","position":1,"name":"Home","item":"https:\/\/www.ucat.edu.ve\/web\/"},{"@type":"ListItem","position":2,"name":"Abiertas inscripciones para el Taller de Artes Esc\u00e9nicas (m\u00f3dulo introductorio)"}]},{"@type":"Article","@id":"https:\/\/www.ucat.edu.ve\/web\/abiertas-inscripciones-para-el-taller-de-artes-escenicas-modulo-introductorio\/#article","isPartOf":{"@id":"https:\/\/www.ucat.edu.ve\/web\/abiertas-inscripciones-para-el-taller-de-artes-escenicas-modulo-introductorio\/#webpage"},"author":{"name":"Secretaria General","@id":"https:\/\/www.ucat.edu.ve\/web\/#\/schema\/person\/e90fe655adf97bd5c1dbc608855d16cf"},"headline":"Abiertas inscripciones para el Taller de Artes Esc\u00e9nicas (m\u00f3dulo introductorio)","datePublished":"2020-01-06T15:14:57+00:00","dateModified":"2020-01-06T15:14:57+00:00","mainEntityOfPage":{"@id":"https:\/\/www.ucat.edu.ve\/web\/abiertas-inscripciones-para-el-taller-de-artes-escenicas-modulo-introductorio\/#webpage"},"wordCount":297,"publisher":{"@id":"https:\/\/www.ucat.edu.ve\/web\/#organization"},"image":{"@id":"https:\/\/www.ucat.edu.ve\/web\/abiertas-inscripciones-para-el-taller-de-artes-escenicas-modulo-introductorio\/#primaryimage"},"thumbnailUrl":"https:\/\/www.ucat.edu.ve\/web\/wp-content\/uploads\/2020\/01\/FLYER-TALLER-EXPRESI\u00d3N-CORPORAL-2.jpg","articleSection":["Noticias"],"inLanguage":"es-ES"},{"@type":"Person","@id":"https:\/\/www.ucat.edu.ve\/web\/#\/schema\/person\/e90fe655adf97bd5c1dbc608855d16cf","name":"Secretaria General","url":"https:\/\/www.ucat.edu.ve\/web\/author\/secgeucat\/"}]}},"_links":{"self":[{"href":"https:\/\/www.ucat.edu.ve\/web\/wp-json\/wp\/v2\/posts\/5644"}],"collection":[{"href":"https:\/\/www.ucat.edu.ve\/web\/wp-json\/wp\/v2\/posts"}],"about":[{"href":"https:\/\/www.ucat.edu.ve\/web\/wp-json\/wp\/v2\/types\/post"}],"author":[{"embeddable":true,"href":"https:\/\/www.ucat.edu.ve\/web\/wp-json\/wp\/v2\/users\/23"}],"replies":[{"embeddable":true,"href":"https:\/\/www.ucat.edu.ve\/web\/wp-json\/wp\/v2\/comments?post=5644"}],"version-history":[{"count":0,"href":"https:\/\/www.ucat.edu.ve\/web\/wp-json\/wp\/v2\/posts\/5644\/revisions"}],"wp:featuredmedia":[{"embeddable":true,"href":"https:\/\/www.ucat.edu.ve\/web\/wp-json\/wp\/v2\/media\/5645"}],"wp:attachment":[{"href":"https:\/\/www.ucat.edu.ve\/web\/wp-json\/wp\/v2\/media?parent=5644"}],"wp:term":[{"taxonomy":"category","embeddable":true,"href":"https:\/\/www.ucat.edu.ve\/web\/wp-json\/wp\/v2\/categories?post=5644"},{"taxonomy":"post_tag","embeddable":true,"href":"https:\/\/www.ucat.edu.ve\/web\/wp-json\/wp\/v2\/tags?post=5644"}],"curies":[{"name":"wp","href":"https:\/\/api.w.org\/{rel}","templated":true}]}}