 {"id":6840,"date":"2021-04-13T17:27:08","date_gmt":"2021-04-13T17:27:08","guid":{"rendered":"http:\/\/www.ucat.edu.ve\/web\/?p=6840"},"modified":"2021-04-13T17:27:08","modified_gmt":"2021-04-13T17:27:08","slug":"universidad-catolica-del-tachira-en-continua-actividad-academica-en-medio-de-la-pandemia","status":"publish","type":"post","link":"https:\/\/www.ucat.edu.ve\/web\/universidad-catolica-del-tachira-en-continua-actividad-academica-en-medio-de-la-pandemia\/","title":{"rendered":"Universidad Cat\u00f3lica del T\u00e1chira en continua actividad acad\u00e9mica en medio de la pandemia"},"content":{"rendered":"<p style=\"text-align: center\"><img loading=\"lazy\" class=\"alignnone size-medium wp-image-6842\" src=\"http:\/\/www.ucat.edu.ve\/web\/wp-content\/uploads\/2021\/04\/Noticia-UCAT_Universidad-Catolica-del-Tachira-en-continua-actividad-academica-en-medio-de-la-pandemia-521x322.jpg\" alt=\"\" width=\"521\" height=\"322\" srcset=\"https:\/\/www.ucat.edu.ve\/web\/wp-content\/uploads\/2021\/04\/Noticia-UCAT_Universidad-Catolica-del-Tachira-en-continua-actividad-academica-en-medio-de-la-pandemia-521x322.jpg 521w, https:\/\/www.ucat.edu.ve\/web\/wp-content\/uploads\/2021\/04\/Noticia-UCAT_Universidad-Catolica-del-Tachira-en-continua-actividad-academica-en-medio-de-la-pandemia-340x210.jpg 340w, https:\/\/www.ucat.edu.ve\/web\/wp-content\/uploads\/2021\/04\/Noticia-UCAT_Universidad-Catolica-del-Tachira-en-continua-actividad-academica-en-medio-de-la-pandemia.jpg 1086w\" sizes=\"(max-width: 521px) 100vw, 521px\" \/><\/p>\n<p style=\"font-weight: 400;text-align: justify\">La UCAT como pionera de educaci\u00f3n universitaria en la regi\u00f3n, en medio de la pandemia es una universidad en continua y din\u00e1mica actividad acad\u00e9mica multimodal para asegurar un futuro profesional de sus estudiantes.<\/p>\n<p style=\"font-weight: 400;text-align: justify\">Para ello la Universidad Cat\u00f3lica del T\u00e1chira contin\u00faa sus procesos de educaci\u00f3n, manteniendo los est\u00e1ndares de exigencia y calidad que favorezcan la formaci\u00f3n de los mejores profesionales.<\/p>\n<p style=\"font-weight: 400;text-align: justify\">La pandemia, los efectos del confinamiento, y la crisis econ\u00f3mica del pa\u00eds, afectan al \u00e1mbito de la academia, y la UCAT no escapa de ello. Debe destacarse, entre las universidades \u2013hist\u00f3ricas y legalmente- reconocidas en el T\u00e1chira, como ella mantiene sus puertas abiertas gracias al esfuerzo de sus estudiantes, educadores, y autoridades universitarias.<\/p>\n<p style=\"font-weight: 400;text-align: justify\">Para ello las\u00a0<a href=\"http:\/\/www.ucat.edu.ve\/web\/decision-del-consejo-universitario\/\" data-saferedirecturl=\"https:\/\/www.google.com\/url?q=http:\/\/www.ucat.edu.ve\/web\/decision-del-consejo-universitario\/&amp;source=gmail&amp;ust=1618416526286000&amp;usg=AFQjCNHTW0CmtPQoVRZy3oYRXfjn4-kaJw\">decisiones del Consejo Universitario<\/a>\u00a0de la UCAT sobre actividades acad\u00e9micas en tiempo de pandemia, motivan la responsabilidad de la familia ucatense al cumplimiento responsable de los compromisos estudiantiles y\u00a0<a href=\"http:\/\/www.ucat.edu.ve\/web\/aviso-importante-habilitacion-de-caja\/\" data-saferedirecturl=\"https:\/\/www.google.com\/url?q=http:\/\/www.ucat.edu.ve\/web\/aviso-importante-habilitacion-de-caja\/&amp;source=gmail&amp;ust=1618416526286000&amp;usg=AFQjCNGghJ7gbYMyNdu5YS-v23mmFs5WCg\">administrativos<\/a>, para hacer perdurable una universidad de excelencia educativa.<\/p>\n<p style=\"font-weight: 400;text-align: justify\">Adem\u00e1s de los estudios de pregrado en sus Facultades y Decanatos, la UCAT tambi\u00e9n ofrece formaci\u00f3n acad\u00e9mica de\u00a0<a href=\"http:\/\/www.ucat.edu.ve\/web\/inscripciones-postgrado-2021\/\" data-saferedirecturl=\"https:\/\/www.google.com\/url?q=http:\/\/www.ucat.edu.ve\/web\/inscripciones-postgrado-2021\/&amp;source=gmail&amp;ust=1618416526286000&amp;usg=AFQjCNFFCMxUZP4g8phriYAbeAnN1_efww\">Postgrado<\/a>\u00a0para profesionales de diversas \u00e1reas; y cursos, congresos, talleres, y jornadas de reflexi\u00f3n al alcance del p\u00fablico en general. (Prensa UCAT)<\/p>\n","protected":false},"excerpt":{"rendered":"<p>La UCAT como pionera de educaci\u00f3n universitaria en la regi\u00f3n, en medio de la pandemia es una universidad en continua y din\u00e1mica actividad acad\u00e9mica multimodal para asegurar un futuro profesional de sus estudiantes. Para ello la Universidad Cat\u00f3lica del T\u00e1chira contin\u00faa sus procesos de educaci\u00f3n, manteniendo los est\u00e1ndares de exigencia y calidad que favorezcan la<\/p>\n","protected":false},"author":23,"featured_media":6842,"comment_status":"closed","ping_status":"closed","sticky":false,"template":"","format":"standard","meta":[],"categories":[3],"tags":[],"yoast_head":"<!-- This site is optimized with the Yoast SEO plugin v19.2 - https:\/\/yoast.com\/wordpress\/plugins\/seo\/ -->\n<title>Universidad Cat\u00f3lica del T\u00e1chira en continua actividad acad\u00e9mica en medio de la pandemia - Universidad Cat\u00f3lica del T\u00e1chira<\/title>\n<meta name=\"robots\" content=\"index, follow, max-snippet:-1, max-image-preview:large, max-video-preview:-1\" \/>\n<link rel=\"canonical\" href=\"https:\/\/www.ucat.edu.ve\/web\/universidad-catolica-del-tachira-en-continua-actividad-academica-en-medio-de-la-pandemia\/\" \/>\n<meta property=\"og:locale\" content=\"es_ES\" \/>\n<meta property=\"og:type\" content=\"article\" \/>\n<meta property=\"og:title\" content=\"Universidad Cat\u00f3lica del T\u00e1chira en continua actividad acad\u00e9mica en medio de la pandemia - Universidad Cat\u00f3lica del T\u00e1chira\" \/>\n<meta property=\"og:description\" content=\"La UCAT como pionera de educaci\u00f3n universitaria en la regi\u00f3n, en medio de la pandemia es una universidad en continua y din\u00e1mica actividad acad\u00e9mica multimodal para asegurar un futuro profesional de sus estudiantes. Para ello la Universidad Cat\u00f3lica del T\u00e1chira contin\u00faa sus procesos de educaci\u00f3n, manteniendo los est\u00e1ndares de exigencia y calidad que favorezcan la\" \/>\n<meta property=\"og:url\" content=\"https:\/\/www.ucat.edu.ve\/web\/universidad-catolica-del-tachira-en-continua-actividad-academica-en-medio-de-la-pandemia\/\" \/>\n<meta property=\"og:site_name\" content=\"Universidad Cat\u00f3lica del T\u00e1chira\" \/>\n<meta property=\"article:publisher\" content=\"https:\/\/www.facebook.com\/notiucat\/\" \/>\n<meta property=\"article:published_time\" content=\"2021-04-13T17:27:08+00:00\" \/>\n<meta property=\"og:image\" content=\"https:\/\/www.ucat.edu.ve\/web\/wp-content\/uploads\/2021\/04\/Noticia-UCAT_Universidad-Catolica-del-Tachira-en-continua-actividad-academica-en-medio-de-la-pandemia.jpg\" \/>\n\t<meta property=\"og:image:width\" content=\"1086\" \/>\n\t<meta property=\"og:image:height\" content=\"671\" \/>\n\t<meta property=\"og:image:type\" content=\"image\/jpeg\" \/>\n<meta name=\"author\" content=\"Secretaria General\" \/>\n<meta name=\"twitter:card\" content=\"summary_large_image\" \/>\n<meta name=\"twitter:creator\" content=\"@notiucat\" \/>\n<meta name=\"twitter:site\" content=\"@notiucat\" \/>\n<meta name=\"twitter:label1\" content=\"Written by\" \/>\n\t<meta name=\"twitter:data1\" content=\"Secretaria General\" \/>\n\t<meta name=\"twitter:label2\" content=\"Est. reading time\" \/>\n\t<meta name=\"twitter:data2\" content=\"2 minutos\" \/>\n<script type=\"application\/ld+json\" class=\"yoast-schema-graph\">{\"@context\":\"https:\/\/schema.org\",\"@graph\":[{\"@type\":\"Organization\",\"@id\":\"https:\/\/www.ucat.edu.ve\/web\/#organization\",\"name\":\"Universidad Cat\u00f3lica Del T\u00e1chira UCAT\",\"url\":\"https:\/\/www.ucat.edu.ve\/web\/\",\"sameAs\":[\"https:\/\/www.instagram.com\/notiucat\/\",\"https:\/\/www.youtube.com\/channel\/UCwEbYSB1R9fzlII-8dcxuYA?view_as=subscriber\",\"https:\/\/www.facebook.com\/notiucat\/\",\"https:\/\/twitter.com\/notiucat\"],\"logo\":{\"@type\":\"ImageObject\",\"inLanguage\":\"es-ES\",\"@id\":\"https:\/\/www.ucat.edu.ve\/web\/#\/schema\/logo\/image\/\",\"url\":\"https:\/\/www.ucat.edu.ve\/web\/wp-content\/uploads\/2015\/07\/logoucat.gif\",\"contentUrl\":\"https:\/\/www.ucat.edu.ve\/web\/wp-content\/uploads\/2015\/07\/logoucat.gif\",\"width\":219,\"height\":155,\"caption\":\"Universidad Cat\u00f3lica Del T\u00e1chira UCAT\"},\"image\":{\"@id\":\"https:\/\/www.ucat.edu.ve\/web\/#\/schema\/logo\/image\/\"}},{\"@type\":\"WebSite\",\"@id\":\"https:\/\/www.ucat.edu.ve\/web\/#website\",\"url\":\"https:\/\/www.ucat.edu.ve\/web\/\",\"name\":\"Universidad Cat\u00f3lica del T\u00e1chira\",\"description\":\"\",\"publisher\":{\"@id\":\"https:\/\/www.ucat.edu.ve\/web\/#organization\"},\"potentialAction\":[{\"@type\":\"SearchAction\",\"target\":{\"@type\":\"EntryPoint\",\"urlTemplate\":\"https:\/\/www.ucat.edu.ve\/web\/?s={search_term_string}\"},\"query-input\":\"required name=search_term_string\"}],\"inLanguage\":\"es-ES\"},{\"@type\":\"ImageObject\",\"inLanguage\":\"es-ES\",\"@id\":\"https:\/\/www.ucat.edu.ve\/web\/universidad-catolica-del-tachira-en-continua-actividad-academica-en-medio-de-la-pandemia\/#primaryimage\",\"url\":\"https:\/\/www.ucat.edu.ve\/web\/wp-content\/uploads\/2021\/04\/Noticia-UCAT_Universidad-Catolica-del-Tachira-en-continua-actividad-academica-en-medio-de-la-pandemia.jpg\",\"contentUrl\":\"https:\/\/www.ucat.edu.ve\/web\/wp-content\/uploads\/2021\/04\/Noticia-UCAT_Universidad-Catolica-del-Tachira-en-continua-actividad-academica-en-medio-de-la-pandemia.jpg\",\"width\":1086,\"height\":671},{\"@type\":\"WebPage\",\"@id\":\"https:\/\/www.ucat.edu.ve\/web\/universidad-catolica-del-tachira-en-continua-actividad-academica-en-medio-de-la-pandemia\/#webpage\",\"url\":\"https:\/\/www.ucat.edu.ve\/web\/universidad-catolica-del-tachira-en-continua-actividad-academica-en-medio-de-la-pandemia\/\",\"name\":\"Universidad Cat\u00f3lica del T\u00e1chira en continua actividad acad\u00e9mica en medio de la pandemia - Universidad Cat\u00f3lica del T\u00e1chira\",\"isPartOf\":{\"@id\":\"https:\/\/www.ucat.edu.ve\/web\/#website\"},\"primaryImageOfPage\":{\"@id\":\"https:\/\/www.ucat.edu.ve\/web\/universidad-catolica-del-tachira-en-continua-actividad-academica-en-medio-de-la-pandemia\/#primaryimage\"},\"datePublished\":\"2021-04-13T17:27:08+00:00\",\"dateModified\":\"2021-04-13T17:27:08+00:00\",\"breadcrumb\":{\"@id\":\"https:\/\/www.ucat.edu.ve\/web\/universidad-catolica-del-tachira-en-continua-actividad-academica-en-medio-de-la-pandemia\/#breadcrumb\"},\"inLanguage\":\"es-ES\",\"potentialAction\":[{\"@type\":\"ReadAction\",\"target\":[\"https:\/\/www.ucat.edu.ve\/web\/universidad-catolica-del-tachira-en-continua-actividad-academica-en-medio-de-la-pandemia\/\"]}]},{\"@type\":\"BreadcrumbList\",\"@id\":\"https:\/\/www.ucat.edu.ve\/web\/universidad-catolica-del-tachira-en-continua-actividad-academica-en-medio-de-la-pandemia\/#breadcrumb\",\"itemListElement\":[{\"@type\":\"ListItem\",\"position\":1,\"name\":\"Home\",\"item\":\"https:\/\/www.ucat.edu.ve\/web\/\"},{\"@type\":\"ListItem\",\"position\":2,\"name\":\"Universidad Cat\u00f3lica del T\u00e1chira en continua actividad acad\u00e9mica en medio de la pandemia\"}]},{\"@type\":\"Article\",\"@id\":\"https:\/\/www.ucat.edu.ve\/web\/universidad-catolica-del-tachira-en-continua-actividad-academica-en-medio-de-la-pandemia\/#article\",\"isPartOf\":{\"@id\":\"https:\/\/www.ucat.edu.ve\/web\/universidad-catolica-del-tachira-en-continua-actividad-academica-en-medio-de-la-pandemia\/#webpage\"},\"author\":{\"name\":\"Secretaria General\",\"@id\":\"https:\/\/www.ucat.edu.ve\/web\/#\/schema\/person\/e90fe655adf97bd5c1dbc608855d16cf\"},\"headline\":\"Universidad Cat\u00f3lica del T\u00e1chira en continua actividad acad\u00e9mica en medio de la pandemia\",\"datePublished\":\"2021-04-13T17:27:08+00:00\",\"dateModified\":\"2021-04-13T17:27:08+00:00\",\"mainEntityOfPage\":{\"@id\":\"https:\/\/www.ucat.edu.ve\/web\/universidad-catolica-del-tachira-en-continua-actividad-academica-en-medio-de-la-pandemia\/#webpage\"},\"wordCount\":231,\"publisher\":{\"@id\":\"https:\/\/www.ucat.edu.ve\/web\/#organization\"},\"image\":{\"@id\":\"https:\/\/www.ucat.edu.ve\/web\/universidad-catolica-del-tachira-en-continua-actividad-academica-en-medio-de-la-pandemia\/#primaryimage\"},\"thumbnailUrl\":\"https:\/\/www.ucat.edu.ve\/web\/wp-content\/uploads\/2021\/04\/Noticia-UCAT_Universidad-Catolica-del-Tachira-en-continua-actividad-academica-en-medio-de-la-pandemia.jpg\",\"articleSection\":[\"Noticias\"],\"inLanguage\":\"es-ES\"},{\"@type\":\"Person\",\"@id\":\"https:\/\/www.ucat.edu.ve\/web\/#\/schema\/person\/e90fe655adf97bd5c1dbc608855d16cf\",\"name\":\"Secretaria General\",\"url\":\"https:\/\/www.ucat.edu.ve\/web\/author\/secgeucat\/\"}]}<\/script>\n<!-- \/ Yoast SEO plugin. -->","yoast_head_json":{"title":"Universidad Cat\u00f3lica del T\u00e1chira en continua actividad acad\u00e9mica en medio de la pandemia - Universidad Cat\u00f3lica del T\u00e1chira","robots":{"index":"index","follow":"follow","max-snippet":"max-snippet:-1","max-image-preview":"max-image-preview:large","max-video-preview":"max-video-preview:-1"},"canonical":"https:\/\/www.ucat.edu.ve\/web\/universidad-catolica-del-tachira-en-continua-actividad-academica-en-medio-de-la-pandemia\/","og_locale":"es_ES","og_type":"article","og_title":"Universidad Cat\u00f3lica del T\u00e1chira en continua actividad acad\u00e9mica en medio de la pandemia - Universidad Cat\u00f3lica del T\u00e1chira","og_description":"La UCAT como pionera de educaci\u00f3n universitaria en la regi\u00f3n, en medio de la pandemia es una universidad en continua y din\u00e1mica actividad acad\u00e9mica multimodal para asegurar un futuro profesional de sus estudiantes. Para ello la Universidad Cat\u00f3lica del T\u00e1chira contin\u00faa sus procesos de educaci\u00f3n, manteniendo los est\u00e1ndares de exigencia y calidad que favorezcan la","og_url":"https:\/\/www.ucat.edu.ve\/web\/universidad-catolica-del-tachira-en-continua-actividad-academica-en-medio-de-la-pandemia\/","og_site_name":"Universidad Cat\u00f3lica del T\u00e1chira","article_publisher":"https:\/\/www.facebook.com\/notiucat\/","article_published_time":"2021-04-13T17:27:08+00:00","og_image":[{"width":1086,"height":671,"url":"https:\/\/www.ucat.edu.ve\/web\/wp-content\/uploads\/2021\/04\/Noticia-UCAT_Universidad-Catolica-del-Tachira-en-continua-actividad-academica-en-medio-de-la-pandemia.jpg","type":"image\/jpeg"}],"author":"Secretaria General","twitter_card":"summary_large_image","twitter_creator":"@notiucat","twitter_site":"@notiucat","twitter_misc":{"Written by":"Secretaria General","Est. reading time":"2 minutos"},"schema":{"@context":"https:\/\/schema.org","@graph":[{"@type":"Organization","@id":"https:\/\/www.ucat.edu.ve\/web\/#organization","name":"Universidad Cat\u00f3lica Del T\u00e1chira UCAT","url":"https:\/\/www.ucat.edu.ve\/web\/","sameAs":["https:\/\/www.instagram.com\/notiucat\/","https:\/\/www.youtube.com\/channel\/UCwEbYSB1R9fzlII-8dcxuYA?view_as=subscriber","https:\/\/www.facebook.com\/notiucat\/","https:\/\/twitter.com\/notiucat"],"logo":{"@type":"ImageObject","inLanguage":"es-ES","@id":"https:\/\/www.ucat.edu.ve\/web\/#\/schema\/logo\/image\/","url":"https:\/\/www.ucat.edu.ve\/web\/wp-content\/uploads\/2015\/07\/logoucat.gif","contentUrl":"https:\/\/www.ucat.edu.ve\/web\/wp-content\/uploads\/2015\/07\/logoucat.gif","width":219,"height":155,"caption":"Universidad Cat\u00f3lica Del T\u00e1chira UCAT"},"image":{"@id":"https:\/\/www.ucat.edu.ve\/web\/#\/schema\/logo\/image\/"}},{"@type":"WebSite","@id":"https:\/\/www.ucat.edu.ve\/web\/#website","url":"https:\/\/www.ucat.edu.ve\/web\/","name":"Universidad Cat\u00f3lica del T\u00e1chira","description":"","publisher":{"@id":"https:\/\/www.ucat.edu.ve\/web\/#organization"},"potentialAction":[{"@type":"SearchAction","target":{"@type":"EntryPoint","urlTemplate":"https:\/\/www.ucat.edu.ve\/web\/?s={search_term_string}"},"query-input":"required name=search_term_string"}],"inLanguage":"es-ES"},{"@type":"ImageObject","inLanguage":"es-ES","@id":"https:\/\/www.ucat.edu.ve\/web\/universidad-catolica-del-tachira-en-continua-actividad-academica-en-medio-de-la-pandemia\/#primaryimage","url":"https:\/\/www.ucat.edu.ve\/web\/wp-content\/uploads\/2021\/04\/Noticia-UCAT_Universidad-Catolica-del-Tachira-en-continua-actividad-academica-en-medio-de-la-pandemia.jpg","contentUrl":"https:\/\/www.ucat.edu.ve\/web\/wp-content\/uploads\/2021\/04\/Noticia-UCAT_Universidad-Catolica-del-Tachira-en-continua-actividad-academica-en-medio-de-la-pandemia.jpg","width":1086,"height":671},{"@type":"WebPage","@id":"https:\/\/www.ucat.edu.ve\/web\/universidad-catolica-del-tachira-en-continua-actividad-academica-en-medio-de-la-pandemia\/#webpage","url":"https:\/\/www.ucat.edu.ve\/web\/universidad-catolica-del-tachira-en-continua-actividad-academica-en-medio-de-la-pandemia\/","name":"Universidad Cat\u00f3lica del T\u00e1chira en continua actividad acad\u00e9mica en medio de la pandemia - Universidad Cat\u00f3lica del T\u00e1chira","isPartOf":{"@id":"https:\/\/www.ucat.edu.ve\/web\/#website"},"primaryImageOfPage":{"@id":"https:\/\/www.ucat.edu.ve\/web\/universidad-catolica-del-tachira-en-continua-actividad-academica-en-medio-de-la-pandemia\/#primaryimage"},"datePublished":"2021-04-13T17:27:08+00:00","dateModified":"2021-04-13T17:27:08+00:00","breadcrumb":{"@id":"https:\/\/www.ucat.edu.ve\/web\/universidad-catolica-del-tachira-en-continua-actividad-academica-en-medio-de-la-pandemia\/#breadcrumb"},"inLanguage":"es-ES","potentialAction":[{"@type":"ReadAction","target":["https:\/\/www.ucat.edu.ve\/web\/universidad-catolica-del-tachira-en-continua-actividad-academica-en-medio-de-la-pandemia\/"]}]},{"@type":"BreadcrumbList","@id":"https:\/\/www.ucat.edu.ve\/web\/universidad-catolica-del-tachira-en-continua-actividad-academica-en-medio-de-la-pandemia\/#breadcrumb","itemListElement":[{"@type":"ListItem","position":1,"name":"Home","item":"https:\/\/www.ucat.edu.ve\/web\/"},{"@type":"ListItem","position":2,"name":"Universidad Cat\u00f3lica del T\u00e1chira en continua actividad acad\u00e9mica en medio de la pandemia"}]},{"@type":"Article","@id":"https:\/\/www.ucat.edu.ve\/web\/universidad-catolica-del-tachira-en-continua-actividad-academica-en-medio-de-la-pandemia\/#article","isPartOf":{"@id":"https:\/\/www.ucat.edu.ve\/web\/universidad-catolica-del-tachira-en-continua-actividad-academica-en-medio-de-la-pandemia\/#webpage"},"author":{"name":"Secretaria General","@id":"https:\/\/www.ucat.edu.ve\/web\/#\/schema\/person\/e90fe655adf97bd5c1dbc608855d16cf"},"headline":"Universidad Cat\u00f3lica del T\u00e1chira en continua actividad acad\u00e9mica en medio de la pandemia","datePublished":"2021-04-13T17:27:08+00:00","dateModified":"2021-04-13T17:27:08+00:00","mainEntityOfPage":{"@id":"https:\/\/www.ucat.edu.ve\/web\/universidad-catolica-del-tachira-en-continua-actividad-academica-en-medio-de-la-pandemia\/#webpage"},"wordCount":231,"publisher":{"@id":"https:\/\/www.ucat.edu.ve\/web\/#organization"},"image":{"@id":"https:\/\/www.ucat.edu.ve\/web\/universidad-catolica-del-tachira-en-continua-actividad-academica-en-medio-de-la-pandemia\/#primaryimage"},"thumbnailUrl":"https:\/\/www.ucat.edu.ve\/web\/wp-content\/uploads\/2021\/04\/Noticia-UCAT_Universidad-Catolica-del-Tachira-en-continua-actividad-academica-en-medio-de-la-pandemia.jpg","articleSection":["Noticias"],"inLanguage":"es-ES"},{"@type":"Person","@id":"https:\/\/www.ucat.edu.ve\/web\/#\/schema\/person\/e90fe655adf97bd5c1dbc608855d16cf","name":"Secretaria General","url":"https:\/\/www.ucat.edu.ve\/web\/author\/secgeucat\/"}]}},"_links":{"self":[{"href":"https:\/\/www.ucat.edu.ve\/web\/wp-json\/wp\/v2\/posts\/6840"}],"collection":[{"href":"https:\/\/www.ucat.edu.ve\/web\/wp-json\/wp\/v2\/posts"}],"about":[{"href":"https:\/\/www.ucat.edu.ve\/web\/wp-json\/wp\/v2\/types\/post"}],"author":[{"embeddable":true,"href":"https:\/\/www.ucat.edu.ve\/web\/wp-json\/wp\/v2\/users\/23"}],"replies":[{"embeddable":true,"href":"https:\/\/www.ucat.edu.ve\/web\/wp-json\/wp\/v2\/comments?post=6840"}],"version-history":[{"count":2,"href":"https:\/\/www.ucat.edu.ve\/web\/wp-json\/wp\/v2\/posts\/6840\/revisions"}],"predecessor-version":[{"id":6843,"href":"https:\/\/www.ucat.edu.ve\/web\/wp-json\/wp\/v2\/posts\/6840\/revisions\/6843"}],"wp:featuredmedia":[{"embeddable":true,"href":"https:\/\/www.ucat.edu.ve\/web\/wp-json\/wp\/v2\/media\/6842"}],"wp:attachment":[{"href":"https:\/\/www.ucat.edu.ve\/web\/wp-json\/wp\/v2\/media?parent=6840"}],"wp:term":[{"taxonomy":"category","embeddable":true,"href":"https:\/\/www.ucat.edu.ve\/web\/wp-json\/wp\/v2\/categories?post=6840"},{"taxonomy":"post_tag","embeddable":true,"href":"https:\/\/www.ucat.edu.ve\/web\/wp-json\/wp\/v2\/tags?post=6840"}],"curies":[{"name":"wp","href":"https:\/\/api.w.org\/{rel}","templated":true}]}}