 {"id":6855,"date":"2021-04-16T15:30:18","date_gmt":"2021-04-16T15:30:18","guid":{"rendered":"http:\/\/www.ucat.edu.ve\/web\/?p=6855"},"modified":"2021-04-17T16:31:08","modified_gmt":"2021-04-17T16:31:08","slug":"doctor-yaso-san-cristobal-13-anos-de-labor-humanitaria-en-el-tachira-y-la-frontera-colombo-venezolana","status":"publish","type":"post","link":"https:\/\/www.ucat.edu.ve\/web\/doctor-yaso-san-cristobal-13-anos-de-labor-humanitaria-en-el-tachira-y-la-frontera-colombo-venezolana\/","title":{"rendered":"Doctor Yaso San Crist\u00f3bal: 13 a\u00f1os de labor humanitaria en el T\u00e1chira y la Frontera Colombo-Venezolana."},"content":{"rendered":"<p style=\"text-align: center\"><img loading=\"lazy\" class=\"alignnone size-medium wp-image-6856\" src=\"http:\/\/www.ucat.edu.ve\/web\/wp-content\/uploads\/2021\/04\/2021-04-07-13vo-ANIVERSARIO-Doctor-Yaso-NDP-521x322.jpg\" alt=\"\" width=\"521\" height=\"322\" srcset=\"https:\/\/www.ucat.edu.ve\/web\/wp-content\/uploads\/2021\/04\/2021-04-07-13vo-ANIVERSARIO-Doctor-Yaso-NDP-521x322.jpg 521w, https:\/\/www.ucat.edu.ve\/web\/wp-content\/uploads\/2021\/04\/2021-04-07-13vo-ANIVERSARIO-Doctor-Yaso-NDP-340x210.jpg 340w, https:\/\/www.ucat.edu.ve\/web\/wp-content\/uploads\/2021\/04\/2021-04-07-13vo-ANIVERSARIO-Doctor-Yaso-NDP.jpg 1245w\" sizes=\"(max-width: 521px) 100vw, 521px\" \/><\/p>\n<p style=\"text-align: justify\">En este mes de abril se celebr\u00f3 el\u00a0<strong>d\u00e9cimo tercer aniversario <\/strong><strong>del voluntariado\u00a0<\/strong><strong>Doctor<\/strong><strong>\u00a0<\/strong><strong>Yaso<\/strong><strong> payasos humanitarios, en la ciudad de San Crist\u00f3bal<\/strong>, siendo un programa pionero en el Estado T\u00e1chira que implement\u00f3 la figura del payaso hospitalario. Hablar de su historia es inevitable dejar de agradecer a todos aquellos que han apoyado a que este proyecto art\u00edstico-social contin\u00fae brindando servicio en cada una de las diferentes actividades que realizamos.<\/p>\n<p style=\"text-align: justify\">Doctor\u00a0Yaso\u00a0sede San Crist\u00f3bal naci\u00f3 el\u00a0<strong>10 de abril del a\u00f1o 2008<\/strong>, gracias al convenio realizado entre la\u00a0<strong>Universidad Cat\u00f3lica del T\u00e1chira y la asociaci\u00f3n civil\u00a0<\/strong><strong>Doctor<\/strong><strong>\u00a0<\/strong><strong>Yaso<\/strong><strong>\u00a0Internacional &#8211; payasos humanitarios<\/strong><strong>,<\/strong> y por iniciativa del P. <strong>Dizzi Perales sj,<\/strong> quien logr\u00f3 gestionar el proyecto desde la Coordinaci\u00f3n de\u00a0<strong>Arte y Cultura de la UCAT<\/strong>, y al mismo tiempo invitando a que diversas personas se sumaran a la propuesta.<\/p>\n<p style=\"text-align: center\"><img loading=\"lazy\" class=\"size-medium wp-image-6857 aligncenter\" src=\"http:\/\/www.ucat.edu.ve\/web\/wp-content\/uploads\/2021\/04\/04-09-322x322.jpg\" alt=\"\" width=\"322\" height=\"322\" srcset=\"https:\/\/www.ucat.edu.ve\/web\/wp-content\/uploads\/2021\/04\/04-09-322x322.jpg 322w, https:\/\/www.ucat.edu.ve\/web\/wp-content\/uploads\/2021\/04\/04-09.jpg 960w\" sizes=\"(max-width: 322px) 100vw, 322px\" \/><\/p>\n<p style=\"text-align: justify\">Desde un comienzo el grupo cont\u00f3 con la participaci\u00f3n de estudiantes y personal administrativo de la UCAT, artistas de la ciudad, al igual que estudiantes y profesionales de otras casas de estudio, teniendo como objetivo inicial el atender a los pacientes del \u00e1rea de pediatr\u00eda de los centros asistenciales, la primera alianza fue con el\u00a0<strong>Hospital Central de San Crist\u00f3bal<\/strong>, luego se sum\u00f3 el Hospital del\u00a0<strong>Seguro Social \u201cDr. Patrocinio Pe\u00f1uela Ruiz\u201d<\/strong>, y gracias a la labor que se obtuvo en estas instituciones llega la invitaci\u00f3n del\u00a0<strong>Hospital Oncol\u00f3gico del T\u00e1chira,<\/strong>\u00a0en el 2017 el\u00a0<strong>Hospital Padre Justo Arias<\/strong>\u00a0en la poblaci\u00f3n de Rubio hizo su invitaci\u00f3n de manera formal y el 2019 se estableci\u00f3 la alianza con el\u00a0Hospital General de T\u00e1riba\u00a0en el municipio C\u00e1rdenas. Paralelamente se desarrollaron actividades en comunidades de la ciudad de San Crist\u00f3bal, espacios p\u00fablicos, poblaciones fronterizas e incluso en algunas oportunidades se atendieron actividades de car\u00e1cter internacional en comunidades de Colombia, en el Departamento Norte de Santander.<\/p>\n<p style=\"text-align: justify\">Nuestro hist\u00f3rico en estos\u00a013\u00a0a\u00f1os\u00a0de Doctor\u00a0Yaso\u00a0San Crist\u00f3bal\u00a0se traducen en miles de an\u00e9cdotas y cada una de ellas totalmente invaluable, por ello compartimos con orgullo que durante esta trayectoria se ha podido atender a m\u00e1s de\u00a0<strong>200.531 <\/strong><strong>personas<\/strong>, en\u00a0<strong>1.763 <\/strong>visitas\u00a0(1.152 visitas hospitalarias y 611 visitas en comunidades), actualmente contamos con una poblaci\u00f3n de <strong>84 <\/strong>voluntarios, y hemos capacitado a\u00a0<strong>438 <\/strong><strong>personas<\/strong>, en <strong>135 <\/strong>jornadas de formaci\u00f3n (21 talleres para nuevo ingreso y 114 en formaci\u00f3n continua).<\/p>\n<p style=\"text-align: center\"><img loading=\"lazy\" class=\"alignnone size-medium wp-image-6858\" src=\"http:\/\/www.ucat.edu.ve\/web\/wp-content\/uploads\/2021\/04\/04-06-322x322.jpg\" alt=\"\" width=\"322\" height=\"322\" srcset=\"https:\/\/www.ucat.edu.ve\/web\/wp-content\/uploads\/2021\/04\/04-06-322x322.jpg 322w, https:\/\/www.ucat.edu.ve\/web\/wp-content\/uploads\/2021\/04\/04-06.jpg 960w\" sizes=\"(max-width: 322px) 100vw, 322px\" \/><\/p>\n<p style=\"text-align: justify\">Debido a la pandemia del covid-19 durante el 2020 el voluntariado se sum\u00f3 a la campa\u00f1a social <strong>#Qu\u00e9dateEnCasa<\/strong>, suspendiendo actividades presenciales por m\u00e1s de 6 meses lo que origin\u00f3 otras maneras de gestionar el programa mediante medios digitales, como visitas a pacientes, jornadas de formaci\u00f3n y reuniones con los voluntarios. En la actualidad nos hemos sumado a otras iniciativas para apoyar a comunidades e instituciones que se est\u00e1n viendo afectadas por esta enfermedad, por ello celebramos el trabajo que realiza el personal de salud en los distintos centros asistenciales ante la lucha de este coronavirus.<\/p>\n<p style=\"text-align: center\"><img loading=\"lazy\" class=\"alignnone size-medium wp-image-6859\" src=\"http:\/\/www.ucat.edu.ve\/web\/wp-content\/uploads\/2021\/04\/04-07-322x322.jpg\" alt=\"\" width=\"322\" height=\"322\" srcset=\"https:\/\/www.ucat.edu.ve\/web\/wp-content\/uploads\/2021\/04\/04-07-322x322.jpg 322w, https:\/\/www.ucat.edu.ve\/web\/wp-content\/uploads\/2021\/04\/04-07.jpg 960w\" sizes=\"(max-width: 322px) 100vw, 322px\" \/><\/p>\n<p style=\"text-align: justify\">En nombre de la\u00a0Coordinaci\u00f3n de Arte y Cultura de la UCAT\u00a0queremos extender nuestro agradecimiento a toda la comunidad universitaria por el apoyo durante estos\u00a013\u00a0a\u00f1os\u00a0y principalmente a todos nuestros voluntarios, no s\u00f3lo a los que hacen vida actualmente, sum\u00e1ndose a las actividades y los compromisos que adquiere\u00a0Doctor\u00a0Yaso\u00a0en el del Estado T\u00e1chira y la Frontera Colombo-Venezolana, tambi\u00e9n a cada uno de los que han formado parte de esta sede, los cuales aportaron momentos \u00fanicos y significativos para el crecimiento del voluntariado.<\/p>\n<p style=\"text-align: center\"><em><strong>\u00a1Que una sonrisa sea tu medicina!<\/strong><\/em><\/p>\n<p style=\"text-align: center\"><img loading=\"lazy\" class=\"alignnone size-medium wp-image-6860\" src=\"http:\/\/www.ucat.edu.ve\/web\/wp-content\/uploads\/2021\/04\/04-05-322x322.jpg\" alt=\"\" width=\"322\" height=\"322\" srcset=\"https:\/\/www.ucat.edu.ve\/web\/wp-content\/uploads\/2021\/04\/04-05-322x322.jpg 322w, https:\/\/www.ucat.edu.ve\/web\/wp-content\/uploads\/2021\/04\/04-05.jpg 960w\" sizes=\"(max-width: 322px) 100vw, 322px\" \/><\/p>\n<p style=\"text-align: right\"><em>12\/04\/2021<\/em><br \/>\n<em>Prensa<\/em><br \/>\n<em>Coordinaci\u00f3n de Arte y Cultura<\/em><br \/>\n<em>Decanato del Medio Universitario<\/em><br \/>\nUniversidad Cat\u00f3lica del T\u00e1chira<\/p>\n","protected":false},"excerpt":{"rendered":"<p>En este mes de abril se celebr\u00f3 el\u00a0d\u00e9cimo tercer aniversario del voluntariado\u00a0Doctor\u00a0Yaso payasos humanitarios, en la ciudad de San Crist\u00f3bal, siendo un programa pionero en el Estado T\u00e1chira que implement\u00f3 la figura del payaso hospitalario. Hablar de su historia es inevitable dejar de agradecer a todos aquellos que han apoyado a que este proyecto art\u00edstico-social<\/p>\n","protected":false},"author":23,"featured_media":6856,"comment_status":"closed","ping_status":"closed","sticky":false,"template":"","format":"standard","meta":[],"categories":[3],"tags":[],"yoast_head":"<!-- This site is optimized with the Yoast SEO plugin v19.2 - https:\/\/yoast.com\/wordpress\/plugins\/seo\/ -->\n<title>Doctor Yaso San Crist\u00f3bal: 13 a\u00f1os de labor humanitaria en el T\u00e1chira y la Frontera Colombo-Venezolana. - Universidad Cat\u00f3lica del T\u00e1chira<\/title>\n<meta name=\"robots\" content=\"index, follow, max-snippet:-1, max-image-preview:large, max-video-preview:-1\" \/>\n<link rel=\"canonical\" href=\"https:\/\/www.ucat.edu.ve\/web\/doctor-yaso-san-cristobal-13-anos-de-labor-humanitaria-en-el-tachira-y-la-frontera-colombo-venezolana\/\" \/>\n<meta property=\"og:locale\" content=\"es_ES\" \/>\n<meta property=\"og:type\" content=\"article\" \/>\n<meta property=\"og:title\" content=\"Doctor Yaso San Crist\u00f3bal: 13 a\u00f1os de labor humanitaria en el T\u00e1chira y la Frontera Colombo-Venezolana. - Universidad Cat\u00f3lica del T\u00e1chira\" \/>\n<meta property=\"og:description\" content=\"En este mes de abril se celebr\u00f3 el\u00a0d\u00e9cimo tercer aniversario del voluntariado\u00a0Doctor\u00a0Yaso payasos humanitarios, en la ciudad de San Crist\u00f3bal, siendo un programa pionero en el Estado T\u00e1chira que implement\u00f3 la figura del payaso hospitalario. Hablar de su historia es inevitable dejar de agradecer a todos aquellos que han apoyado a que este proyecto art\u00edstico-social\" \/>\n<meta property=\"og:url\" content=\"https:\/\/www.ucat.edu.ve\/web\/doctor-yaso-san-cristobal-13-anos-de-labor-humanitaria-en-el-tachira-y-la-frontera-colombo-venezolana\/\" \/>\n<meta property=\"og:site_name\" content=\"Universidad Cat\u00f3lica del T\u00e1chira\" \/>\n<meta property=\"article:publisher\" content=\"https:\/\/www.facebook.com\/notiucat\/\" \/>\n<meta property=\"article:published_time\" content=\"2021-04-16T15:30:18+00:00\" \/>\n<meta property=\"article:modified_time\" content=\"2021-04-17T16:31:08+00:00\" \/>\n<meta property=\"og:image\" content=\"https:\/\/www.ucat.edu.ve\/web\/wp-content\/uploads\/2021\/04\/2021-04-07-13vo-ANIVERSARIO-Doctor-Yaso-NDP.jpg\" \/>\n\t<meta property=\"og:image:width\" content=\"1245\" \/>\n\t<meta property=\"og:image:height\" content=\"769\" \/>\n\t<meta property=\"og:image:type\" content=\"image\/jpeg\" \/>\n<meta name=\"author\" content=\"Secretaria General\" \/>\n<meta name=\"twitter:card\" content=\"summary_large_image\" \/>\n<meta name=\"twitter:creator\" content=\"@notiucat\" \/>\n<meta name=\"twitter:site\" content=\"@notiucat\" \/>\n<meta name=\"twitter:label1\" content=\"Written by\" \/>\n\t<meta name=\"twitter:data1\" content=\"Secretaria General\" \/>\n\t<meta name=\"twitter:label2\" content=\"Est. reading time\" \/>\n\t<meta name=\"twitter:data2\" content=\"4 minutos\" \/>\n<script type=\"application\/ld+json\" class=\"yoast-schema-graph\">{\"@context\":\"https:\/\/schema.org\",\"@graph\":[{\"@type\":\"Organization\",\"@id\":\"https:\/\/www.ucat.edu.ve\/web\/#organization\",\"name\":\"Universidad Cat\u00f3lica Del T\u00e1chira UCAT\",\"url\":\"https:\/\/www.ucat.edu.ve\/web\/\",\"sameAs\":[\"https:\/\/www.instagram.com\/notiucat\/\",\"https:\/\/www.youtube.com\/channel\/UCwEbYSB1R9fzlII-8dcxuYA?view_as=subscriber\",\"https:\/\/www.facebook.com\/notiucat\/\",\"https:\/\/twitter.com\/notiucat\"],\"logo\":{\"@type\":\"ImageObject\",\"inLanguage\":\"es-ES\",\"@id\":\"https:\/\/www.ucat.edu.ve\/web\/#\/schema\/logo\/image\/\",\"url\":\"https:\/\/www.ucat.edu.ve\/web\/wp-content\/uploads\/2015\/07\/logoucat.gif\",\"contentUrl\":\"https:\/\/www.ucat.edu.ve\/web\/wp-content\/uploads\/2015\/07\/logoucat.gif\",\"width\":219,\"height\":155,\"caption\":\"Universidad Cat\u00f3lica Del T\u00e1chira UCAT\"},\"image\":{\"@id\":\"https:\/\/www.ucat.edu.ve\/web\/#\/schema\/logo\/image\/\"}},{\"@type\":\"WebSite\",\"@id\":\"https:\/\/www.ucat.edu.ve\/web\/#website\",\"url\":\"https:\/\/www.ucat.edu.ve\/web\/\",\"name\":\"Universidad Cat\u00f3lica del T\u00e1chira\",\"description\":\"\",\"publisher\":{\"@id\":\"https:\/\/www.ucat.edu.ve\/web\/#organization\"},\"potentialAction\":[{\"@type\":\"SearchAction\",\"target\":{\"@type\":\"EntryPoint\",\"urlTemplate\":\"https:\/\/www.ucat.edu.ve\/web\/?s={search_term_string}\"},\"query-input\":\"required name=search_term_string\"}],\"inLanguage\":\"es-ES\"},{\"@type\":\"ImageObject\",\"inLanguage\":\"es-ES\",\"@id\":\"https:\/\/www.ucat.edu.ve\/web\/doctor-yaso-san-cristobal-13-anos-de-labor-humanitaria-en-el-tachira-y-la-frontera-colombo-venezolana\/#primaryimage\",\"url\":\"https:\/\/www.ucat.edu.ve\/web\/wp-content\/uploads\/2021\/04\/2021-04-07-13vo-ANIVERSARIO-Doctor-Yaso-NDP.jpg\",\"contentUrl\":\"https:\/\/www.ucat.edu.ve\/web\/wp-content\/uploads\/2021\/04\/2021-04-07-13vo-ANIVERSARIO-Doctor-Yaso-NDP.jpg\",\"width\":1245,\"height\":769},{\"@type\":\"WebPage\",\"@id\":\"https:\/\/www.ucat.edu.ve\/web\/doctor-yaso-san-cristobal-13-anos-de-labor-humanitaria-en-el-tachira-y-la-frontera-colombo-venezolana\/#webpage\",\"url\":\"https:\/\/www.ucat.edu.ve\/web\/doctor-yaso-san-cristobal-13-anos-de-labor-humanitaria-en-el-tachira-y-la-frontera-colombo-venezolana\/\",\"name\":\"Doctor Yaso San Crist\u00f3bal: 13 a\u00f1os de labor humanitaria en el T\u00e1chira y la Frontera Colombo-Venezolana. - Universidad Cat\u00f3lica del T\u00e1chira\",\"isPartOf\":{\"@id\":\"https:\/\/www.ucat.edu.ve\/web\/#website\"},\"primaryImageOfPage\":{\"@id\":\"https:\/\/www.ucat.edu.ve\/web\/doctor-yaso-san-cristobal-13-anos-de-labor-humanitaria-en-el-tachira-y-la-frontera-colombo-venezolana\/#primaryimage\"},\"datePublished\":\"2021-04-16T15:30:18+00:00\",\"dateModified\":\"2021-04-17T16:31:08+00:00\",\"breadcrumb\":{\"@id\":\"https:\/\/www.ucat.edu.ve\/web\/doctor-yaso-san-cristobal-13-anos-de-labor-humanitaria-en-el-tachira-y-la-frontera-colombo-venezolana\/#breadcrumb\"},\"inLanguage\":\"es-ES\",\"potentialAction\":[{\"@type\":\"ReadAction\",\"target\":[\"https:\/\/www.ucat.edu.ve\/web\/doctor-yaso-san-cristobal-13-anos-de-labor-humanitaria-en-el-tachira-y-la-frontera-colombo-venezolana\/\"]}]},{\"@type\":\"BreadcrumbList\",\"@id\":\"https:\/\/www.ucat.edu.ve\/web\/doctor-yaso-san-cristobal-13-anos-de-labor-humanitaria-en-el-tachira-y-la-frontera-colombo-venezolana\/#breadcrumb\",\"itemListElement\":[{\"@type\":\"ListItem\",\"position\":1,\"name\":\"Home\",\"item\":\"https:\/\/www.ucat.edu.ve\/web\/\"},{\"@type\":\"ListItem\",\"position\":2,\"name\":\"Doctor Yaso San Crist\u00f3bal: 13 a\u00f1os de labor humanitaria en el T\u00e1chira y la Frontera Colombo-Venezolana.\"}]},{\"@type\":\"Article\",\"@id\":\"https:\/\/www.ucat.edu.ve\/web\/doctor-yaso-san-cristobal-13-anos-de-labor-humanitaria-en-el-tachira-y-la-frontera-colombo-venezolana\/#article\",\"isPartOf\":{\"@id\":\"https:\/\/www.ucat.edu.ve\/web\/doctor-yaso-san-cristobal-13-anos-de-labor-humanitaria-en-el-tachira-y-la-frontera-colombo-venezolana\/#webpage\"},\"author\":{\"name\":\"Secretaria General\",\"@id\":\"https:\/\/www.ucat.edu.ve\/web\/#\/schema\/person\/e90fe655adf97bd5c1dbc608855d16cf\"},\"headline\":\"Doctor Yaso San Crist\u00f3bal: 13 a\u00f1os de labor humanitaria en el T\u00e1chira y la Frontera Colombo-Venezolana.\",\"datePublished\":\"2021-04-16T15:30:18+00:00\",\"dateModified\":\"2021-04-17T16:31:08+00:00\",\"mainEntityOfPage\":{\"@id\":\"https:\/\/www.ucat.edu.ve\/web\/doctor-yaso-san-cristobal-13-anos-de-labor-humanitaria-en-el-tachira-y-la-frontera-colombo-venezolana\/#webpage\"},\"wordCount\":636,\"publisher\":{\"@id\":\"https:\/\/www.ucat.edu.ve\/web\/#organization\"},\"image\":{\"@id\":\"https:\/\/www.ucat.edu.ve\/web\/doctor-yaso-san-cristobal-13-anos-de-labor-humanitaria-en-el-tachira-y-la-frontera-colombo-venezolana\/#primaryimage\"},\"thumbnailUrl\":\"https:\/\/www.ucat.edu.ve\/web\/wp-content\/uploads\/2021\/04\/2021-04-07-13vo-ANIVERSARIO-Doctor-Yaso-NDP.jpg\",\"articleSection\":[\"Noticias\"],\"inLanguage\":\"es-ES\"},{\"@type\":\"Person\",\"@id\":\"https:\/\/www.ucat.edu.ve\/web\/#\/schema\/person\/e90fe655adf97bd5c1dbc608855d16cf\",\"name\":\"Secretaria General\",\"url\":\"https:\/\/www.ucat.edu.ve\/web\/author\/secgeucat\/\"}]}<\/script>\n<!-- \/ Yoast SEO plugin. -->","yoast_head_json":{"title":"Doctor Yaso San Crist\u00f3bal: 13 a\u00f1os de labor humanitaria en el T\u00e1chira y la Frontera Colombo-Venezolana. - Universidad Cat\u00f3lica del T\u00e1chira","robots":{"index":"index","follow":"follow","max-snippet":"max-snippet:-1","max-image-preview":"max-image-preview:large","max-video-preview":"max-video-preview:-1"},"canonical":"https:\/\/www.ucat.edu.ve\/web\/doctor-yaso-san-cristobal-13-anos-de-labor-humanitaria-en-el-tachira-y-la-frontera-colombo-venezolana\/","og_locale":"es_ES","og_type":"article","og_title":"Doctor Yaso San Crist\u00f3bal: 13 a\u00f1os de labor humanitaria en el T\u00e1chira y la Frontera Colombo-Venezolana. - Universidad Cat\u00f3lica del T\u00e1chira","og_description":"En este mes de abril se celebr\u00f3 el\u00a0d\u00e9cimo tercer aniversario del voluntariado\u00a0Doctor\u00a0Yaso payasos humanitarios, en la ciudad de San Crist\u00f3bal, siendo un programa pionero en el Estado T\u00e1chira que implement\u00f3 la figura del payaso hospitalario. Hablar de su historia es inevitable dejar de agradecer a todos aquellos que han apoyado a que este proyecto art\u00edstico-social","og_url":"https:\/\/www.ucat.edu.ve\/web\/doctor-yaso-san-cristobal-13-anos-de-labor-humanitaria-en-el-tachira-y-la-frontera-colombo-venezolana\/","og_site_name":"Universidad Cat\u00f3lica del T\u00e1chira","article_publisher":"https:\/\/www.facebook.com\/notiucat\/","article_published_time":"2021-04-16T15:30:18+00:00","article_modified_time":"2021-04-17T16:31:08+00:00","og_image":[{"width":1245,"height":769,"url":"https:\/\/www.ucat.edu.ve\/web\/wp-content\/uploads\/2021\/04\/2021-04-07-13vo-ANIVERSARIO-Doctor-Yaso-NDP.jpg","type":"image\/jpeg"}],"author":"Secretaria General","twitter_card":"summary_large_image","twitter_creator":"@notiucat","twitter_site":"@notiucat","twitter_misc":{"Written by":"Secretaria General","Est. reading time":"4 minutos"},"schema":{"@context":"https:\/\/schema.org","@graph":[{"@type":"Organization","@id":"https:\/\/www.ucat.edu.ve\/web\/#organization","name":"Universidad Cat\u00f3lica Del T\u00e1chira UCAT","url":"https:\/\/www.ucat.edu.ve\/web\/","sameAs":["https:\/\/www.instagram.com\/notiucat\/","https:\/\/www.youtube.com\/channel\/UCwEbYSB1R9fzlII-8dcxuYA?view_as=subscriber","https:\/\/www.facebook.com\/notiucat\/","https:\/\/twitter.com\/notiucat"],"logo":{"@type":"ImageObject","inLanguage":"es-ES","@id":"https:\/\/www.ucat.edu.ve\/web\/#\/schema\/logo\/image\/","url":"https:\/\/www.ucat.edu.ve\/web\/wp-content\/uploads\/2015\/07\/logoucat.gif","contentUrl":"https:\/\/www.ucat.edu.ve\/web\/wp-content\/uploads\/2015\/07\/logoucat.gif","width":219,"height":155,"caption":"Universidad Cat\u00f3lica Del T\u00e1chira UCAT"},"image":{"@id":"https:\/\/www.ucat.edu.ve\/web\/#\/schema\/logo\/image\/"}},{"@type":"WebSite","@id":"https:\/\/www.ucat.edu.ve\/web\/#website","url":"https:\/\/www.ucat.edu.ve\/web\/","name":"Universidad Cat\u00f3lica del T\u00e1chira","description":"","publisher":{"@id":"https:\/\/www.ucat.edu.ve\/web\/#organization"},"potentialAction":[{"@type":"SearchAction","target":{"@type":"EntryPoint","urlTemplate":"https:\/\/www.ucat.edu.ve\/web\/?s={search_term_string}"},"query-input":"required name=search_term_string"}],"inLanguage":"es-ES"},{"@type":"ImageObject","inLanguage":"es-ES","@id":"https:\/\/www.ucat.edu.ve\/web\/doctor-yaso-san-cristobal-13-anos-de-labor-humanitaria-en-el-tachira-y-la-frontera-colombo-venezolana\/#primaryimage","url":"https:\/\/www.ucat.edu.ve\/web\/wp-content\/uploads\/2021\/04\/2021-04-07-13vo-ANIVERSARIO-Doctor-Yaso-NDP.jpg","contentUrl":"https:\/\/www.ucat.edu.ve\/web\/wp-content\/uploads\/2021\/04\/2021-04-07-13vo-ANIVERSARIO-Doctor-Yaso-NDP.jpg","width":1245,"height":769},{"@type":"WebPage","@id":"https:\/\/www.ucat.edu.ve\/web\/doctor-yaso-san-cristobal-13-anos-de-labor-humanitaria-en-el-tachira-y-la-frontera-colombo-venezolana\/#webpage","url":"https:\/\/www.ucat.edu.ve\/web\/doctor-yaso-san-cristobal-13-anos-de-labor-humanitaria-en-el-tachira-y-la-frontera-colombo-venezolana\/","name":"Doctor Yaso San Crist\u00f3bal: 13 a\u00f1os de labor humanitaria en el T\u00e1chira y la Frontera Colombo-Venezolana. - Universidad Cat\u00f3lica del T\u00e1chira","isPartOf":{"@id":"https:\/\/www.ucat.edu.ve\/web\/#website"},"primaryImageOfPage":{"@id":"https:\/\/www.ucat.edu.ve\/web\/doctor-yaso-san-cristobal-13-anos-de-labor-humanitaria-en-el-tachira-y-la-frontera-colombo-venezolana\/#primaryimage"},"datePublished":"2021-04-16T15:30:18+00:00","dateModified":"2021-04-17T16:31:08+00:00","breadcrumb":{"@id":"https:\/\/www.ucat.edu.ve\/web\/doctor-yaso-san-cristobal-13-anos-de-labor-humanitaria-en-el-tachira-y-la-frontera-colombo-venezolana\/#breadcrumb"},"inLanguage":"es-ES","potentialAction":[{"@type":"ReadAction","target":["https:\/\/www.ucat.edu.ve\/web\/doctor-yaso-san-cristobal-13-anos-de-labor-humanitaria-en-el-tachira-y-la-frontera-colombo-venezolana\/"]}]},{"@type":"BreadcrumbList","@id":"https:\/\/www.ucat.edu.ve\/web\/doctor-yaso-san-cristobal-13-anos-de-labor-humanitaria-en-el-tachira-y-la-frontera-colombo-venezolana\/#breadcrumb","itemListElement":[{"@type":"ListItem","position":1,"name":"Home","item":"https:\/\/www.ucat.edu.ve\/web\/"},{"@type":"ListItem","position":2,"name":"Doctor Yaso San Crist\u00f3bal: 13 a\u00f1os de labor humanitaria en el T\u00e1chira y la Frontera Colombo-Venezolana."}]},{"@type":"Article","@id":"https:\/\/www.ucat.edu.ve\/web\/doctor-yaso-san-cristobal-13-anos-de-labor-humanitaria-en-el-tachira-y-la-frontera-colombo-venezolana\/#article","isPartOf":{"@id":"https:\/\/www.ucat.edu.ve\/web\/doctor-yaso-san-cristobal-13-anos-de-labor-humanitaria-en-el-tachira-y-la-frontera-colombo-venezolana\/#webpage"},"author":{"name":"Secretaria General","@id":"https:\/\/www.ucat.edu.ve\/web\/#\/schema\/person\/e90fe655adf97bd5c1dbc608855d16cf"},"headline":"Doctor Yaso San Crist\u00f3bal: 13 a\u00f1os de labor humanitaria en el T\u00e1chira y la Frontera Colombo-Venezolana.","datePublished":"2021-04-16T15:30:18+00:00","dateModified":"2021-04-17T16:31:08+00:00","mainEntityOfPage":{"@id":"https:\/\/www.ucat.edu.ve\/web\/doctor-yaso-san-cristobal-13-anos-de-labor-humanitaria-en-el-tachira-y-la-frontera-colombo-venezolana\/#webpage"},"wordCount":636,"publisher":{"@id":"https:\/\/www.ucat.edu.ve\/web\/#organization"},"image":{"@id":"https:\/\/www.ucat.edu.ve\/web\/doctor-yaso-san-cristobal-13-anos-de-labor-humanitaria-en-el-tachira-y-la-frontera-colombo-venezolana\/#primaryimage"},"thumbnailUrl":"https:\/\/www.ucat.edu.ve\/web\/wp-content\/uploads\/2021\/04\/2021-04-07-13vo-ANIVERSARIO-Doctor-Yaso-NDP.jpg","articleSection":["Noticias"],"inLanguage":"es-ES"},{"@type":"Person","@id":"https:\/\/www.ucat.edu.ve\/web\/#\/schema\/person\/e90fe655adf97bd5c1dbc608855d16cf","name":"Secretaria General","url":"https:\/\/www.ucat.edu.ve\/web\/author\/secgeucat\/"}]}},"_links":{"self":[{"href":"https:\/\/www.ucat.edu.ve\/web\/wp-json\/wp\/v2\/posts\/6855"}],"collection":[{"href":"https:\/\/www.ucat.edu.ve\/web\/wp-json\/wp\/v2\/posts"}],"about":[{"href":"https:\/\/www.ucat.edu.ve\/web\/wp-json\/wp\/v2\/types\/post"}],"author":[{"embeddable":true,"href":"https:\/\/www.ucat.edu.ve\/web\/wp-json\/wp\/v2\/users\/23"}],"replies":[{"embeddable":true,"href":"https:\/\/www.ucat.edu.ve\/web\/wp-json\/wp\/v2\/comments?post=6855"}],"version-history":[{"count":7,"href":"https:\/\/www.ucat.edu.ve\/web\/wp-json\/wp\/v2\/posts\/6855\/revisions"}],"predecessor-version":[{"id":6889,"href":"https:\/\/www.ucat.edu.ve\/web\/wp-json\/wp\/v2\/posts\/6855\/revisions\/6889"}],"wp:featuredmedia":[{"embeddable":true,"href":"https:\/\/www.ucat.edu.ve\/web\/wp-json\/wp\/v2\/media\/6856"}],"wp:attachment":[{"href":"https:\/\/www.ucat.edu.ve\/web\/wp-json\/wp\/v2\/media?parent=6855"}],"wp:term":[{"taxonomy":"category","embeddable":true,"href":"https:\/\/www.ucat.edu.ve\/web\/wp-json\/wp\/v2\/categories?post=6855"},{"taxonomy":"post_tag","embeddable":true,"href":"https:\/\/www.ucat.edu.ve\/web\/wp-json\/wp\/v2\/tags?post=6855"}],"curies":[{"name":"wp","href":"https:\/\/api.w.org\/{rel}","templated":true}]}}