 {"id":6919,"date":"2021-05-07T21:18:18","date_gmt":"2021-05-07T21:18:18","guid":{"rendered":"http:\/\/www.ucat.edu.ve\/web\/?p=6919"},"modified":"2021-05-07T21:20:49","modified_gmt":"2021-05-07T21:20:49","slug":"nota-de-duelo-lcda-elba-cenaira-ramirez-vera","status":"publish","type":"post","link":"https:\/\/www.ucat.edu.ve\/web\/nota-de-duelo-lcda-elba-cenaira-ramirez-vera\/","title":{"rendered":"Nota de Duelo -Lcda. Elba Cenaira Ram\u00edrez Vera"},"content":{"rendered":"<p style=\"text-align: center\"><img loading=\"lazy\" class=\"alignnone size-medium wp-image-6920\" src=\"http:\/\/www.ucat.edu.ve\/web\/wp-content\/uploads\/2021\/05\/Banner_Notis_NOTA_DUELO_Lcda.-Elba-Cenaira-Ramirez-Vera-521x289.jpg\" alt=\"\" width=\"521\" height=\"289\" srcset=\"https:\/\/www.ucat.edu.ve\/web\/wp-content\/uploads\/2021\/05\/Banner_Notis_NOTA_DUELO_Lcda.-Elba-Cenaira-Ramirez-Vera-521x289.jpg 521w, https:\/\/www.ucat.edu.ve\/web\/wp-content\/uploads\/2021\/05\/Banner_Notis_NOTA_DUELO_Lcda.-Elba-Cenaira-Ramirez-Vera.jpg 953w\" sizes=\"(max-width: 521px) 100vw, 521px\" \/><\/p>\n<p style=\"text-align: center\">Las Autoridades y dem\u00e1s miembros de la Comunidad de la Universidad Cat\u00f3lica del T\u00e1chira, lamentan profundamente el fallecimiento de la:<\/p>\n<h3 style=\"text-align: center\">Lcda. Elba Cenaira Ram\u00edrez Vera<\/h3>\n<p style=\"text-align: center\">Madre de la profesora M\u00f3nica Ivette Guerrero Ram\u00edrez, profesora adscrita a las Facultades de Ciencias Jur\u00eddicas y Pol\u00edticas, y, de Ciencias Econ\u00f3micas y Sociales.<\/p>\n<p style=\"text-align: center\">Hecho luctuoso acaecido el d\u00eda de hoy, en esta ciudad de San Crist\u00f3bal. En estos momentos de dolor, hacemos llegar a la Profesora M\u00f3nica Guerrero y a toda su distinguida familia, nuestras palabras de esperanza cristiana en la Resurrecci\u00f3n final con las palabras que la Iglesia, desde sus or\u00edgenes, ha recordado en el canto de las letan\u00edas \u201cQuien cree en Ti Se\u00f1or, no morir\u00e1 para siempre\/Yo s\u00e9 que mi Redentor vive y el \u00faltimo d\u00eda resucitar\u00e9 de la tierra\u201d.<\/p>\n<p style=\"text-align: left\"><strong>Velaci\u00f3n:<\/strong> Capillas Velatorias El \u00c1ngel, Funeraria San Sebasti\u00e1n. Pasaje Acueducto, San Crist\u00f3bal.<\/p>\n<p style=\"text-align: left\"><strong>Exequias:<\/strong> Iglesia\u00a0 Sant\u00edsima Trinidad, misa<em> c\u00f3rpore insepulto<\/em>, s\u00e1bado 08 de mayo de 2021, 01:00 pm.<\/p>\n<p style=\"text-align: left\"><strong>Cremaci\u00f3n:<\/strong> Jard\u00edn Metropolitano El Mirador, s\u00e1bado 08 de mayo de 2021, 02:30 p.m.<\/p>\n<p style=\"text-align: center\"><em>San Crist\u00f3bal,\u00a007 de mayo de 2021<\/em><\/p>\n","protected":false},"excerpt":{"rendered":"<p>Las Autoridades y dem\u00e1s miembros de la Comunidad de la Universidad Cat\u00f3lica del T\u00e1chira, lamentan profundamente el fallecimiento de la: Lcda. Elba Cenaira Ram\u00edrez Vera Madre de la profesora M\u00f3nica Ivette Guerrero Ram\u00edrez, profesora adscrita a las Facultades de Ciencias Jur\u00eddicas y Pol\u00edticas, y, de Ciencias Econ\u00f3micas y Sociales. Hecho luctuoso acaecido el d\u00eda de<\/p>\n","protected":false},"author":23,"featured_media":6920,"comment_status":"closed","ping_status":"closed","sticky":false,"template":"","format":"standard","meta":[],"categories":[3],"tags":[],"yoast_head":"<!-- This site is optimized with the Yoast SEO plugin v19.2 - https:\/\/yoast.com\/wordpress\/plugins\/seo\/ -->\n<title>Nota de Duelo -Lcda. Elba Cenaira Ram\u00edrez Vera - Universidad Cat\u00f3lica del T\u00e1chira<\/title>\n<meta name=\"robots\" content=\"index, follow, max-snippet:-1, max-image-preview:large, max-video-preview:-1\" \/>\n<link rel=\"canonical\" href=\"https:\/\/www.ucat.edu.ve\/web\/nota-de-duelo-lcda-elba-cenaira-ramirez-vera\/\" \/>\n<meta property=\"og:locale\" content=\"es_ES\" \/>\n<meta property=\"og:type\" content=\"article\" \/>\n<meta property=\"og:title\" content=\"Nota de Duelo -Lcda. Elba Cenaira Ram\u00edrez Vera - Universidad Cat\u00f3lica del T\u00e1chira\" \/>\n<meta property=\"og:description\" content=\"Las Autoridades y dem\u00e1s miembros de la Comunidad de la Universidad Cat\u00f3lica del T\u00e1chira, lamentan profundamente el fallecimiento de la: Lcda. Elba Cenaira Ram\u00edrez Vera Madre de la profesora M\u00f3nica Ivette Guerrero Ram\u00edrez, profesora adscrita a las Facultades de Ciencias Jur\u00eddicas y Pol\u00edticas, y, de Ciencias Econ\u00f3micas y Sociales. Hecho luctuoso acaecido el d\u00eda de\" \/>\n<meta property=\"og:url\" content=\"https:\/\/www.ucat.edu.ve\/web\/nota-de-duelo-lcda-elba-cenaira-ramirez-vera\/\" \/>\n<meta property=\"og:site_name\" content=\"Universidad Cat\u00f3lica del T\u00e1chira\" \/>\n<meta property=\"article:publisher\" content=\"https:\/\/www.facebook.com\/notiucat\/\" \/>\n<meta property=\"article:published_time\" content=\"2021-05-07T21:18:18+00:00\" \/>\n<meta property=\"article:modified_time\" content=\"2021-05-07T21:20:49+00:00\" \/>\n<meta property=\"og:image\" content=\"https:\/\/www.ucat.edu.ve\/web\/wp-content\/uploads\/2021\/05\/Banner_Notis_NOTA_DUELO_Lcda.-Elba-Cenaira-Ramirez-Vera.jpg\" \/>\n\t<meta property=\"og:image:width\" content=\"953\" \/>\n\t<meta property=\"og:image:height\" content=\"529\" \/>\n\t<meta property=\"og:image:type\" content=\"image\/jpeg\" \/>\n<meta name=\"author\" content=\"Secretaria General\" \/>\n<meta name=\"twitter:card\" content=\"summary_large_image\" \/>\n<meta name=\"twitter:creator\" content=\"@notiucat\" \/>\n<meta name=\"twitter:site\" content=\"@notiucat\" \/>\n<meta name=\"twitter:label1\" content=\"Written by\" \/>\n\t<meta name=\"twitter:data1\" content=\"Secretaria General\" \/>\n\t<meta name=\"twitter:label2\" content=\"Est. reading time\" \/>\n\t<meta name=\"twitter:data2\" content=\"1 minuto\" \/>\n<script type=\"application\/ld+json\" class=\"yoast-schema-graph\">{\"@context\":\"https:\/\/schema.org\",\"@graph\":[{\"@type\":\"Organization\",\"@id\":\"https:\/\/www.ucat.edu.ve\/web\/#organization\",\"name\":\"Universidad Cat\u00f3lica Del T\u00e1chira UCAT\",\"url\":\"https:\/\/www.ucat.edu.ve\/web\/\",\"sameAs\":[\"https:\/\/www.instagram.com\/notiucat\/\",\"https:\/\/www.youtube.com\/channel\/UCwEbYSB1R9fzlII-8dcxuYA?view_as=subscriber\",\"https:\/\/www.facebook.com\/notiucat\/\",\"https:\/\/twitter.com\/notiucat\"],\"logo\":{\"@type\":\"ImageObject\",\"inLanguage\":\"es-ES\",\"@id\":\"https:\/\/www.ucat.edu.ve\/web\/#\/schema\/logo\/image\/\",\"url\":\"https:\/\/www.ucat.edu.ve\/web\/wp-content\/uploads\/2015\/07\/logoucat.gif\",\"contentUrl\":\"https:\/\/www.ucat.edu.ve\/web\/wp-content\/uploads\/2015\/07\/logoucat.gif\",\"width\":219,\"height\":155,\"caption\":\"Universidad Cat\u00f3lica Del T\u00e1chira UCAT\"},\"image\":{\"@id\":\"https:\/\/www.ucat.edu.ve\/web\/#\/schema\/logo\/image\/\"}},{\"@type\":\"WebSite\",\"@id\":\"https:\/\/www.ucat.edu.ve\/web\/#website\",\"url\":\"https:\/\/www.ucat.edu.ve\/web\/\",\"name\":\"Universidad Cat\u00f3lica del T\u00e1chira\",\"description\":\"\",\"publisher\":{\"@id\":\"https:\/\/www.ucat.edu.ve\/web\/#organization\"},\"potentialAction\":[{\"@type\":\"SearchAction\",\"target\":{\"@type\":\"EntryPoint\",\"urlTemplate\":\"https:\/\/www.ucat.edu.ve\/web\/?s={search_term_string}\"},\"query-input\":\"required name=search_term_string\"}],\"inLanguage\":\"es-ES\"},{\"@type\":\"ImageObject\",\"inLanguage\":\"es-ES\",\"@id\":\"https:\/\/www.ucat.edu.ve\/web\/nota-de-duelo-lcda-elba-cenaira-ramirez-vera\/#primaryimage\",\"url\":\"https:\/\/www.ucat.edu.ve\/web\/wp-content\/uploads\/2021\/05\/Banner_Notis_NOTA_DUELO_Lcda.-Elba-Cenaira-Ramirez-Vera.jpg\",\"contentUrl\":\"https:\/\/www.ucat.edu.ve\/web\/wp-content\/uploads\/2021\/05\/Banner_Notis_NOTA_DUELO_Lcda.-Elba-Cenaira-Ramirez-Vera.jpg\",\"width\":953,\"height\":529},{\"@type\":\"WebPage\",\"@id\":\"https:\/\/www.ucat.edu.ve\/web\/nota-de-duelo-lcda-elba-cenaira-ramirez-vera\/#webpage\",\"url\":\"https:\/\/www.ucat.edu.ve\/web\/nota-de-duelo-lcda-elba-cenaira-ramirez-vera\/\",\"name\":\"Nota de Duelo -Lcda. Elba Cenaira Ram\u00edrez Vera - Universidad Cat\u00f3lica del T\u00e1chira\",\"isPartOf\":{\"@id\":\"https:\/\/www.ucat.edu.ve\/web\/#website\"},\"primaryImageOfPage\":{\"@id\":\"https:\/\/www.ucat.edu.ve\/web\/nota-de-duelo-lcda-elba-cenaira-ramirez-vera\/#primaryimage\"},\"datePublished\":\"2021-05-07T21:18:18+00:00\",\"dateModified\":\"2021-05-07T21:20:49+00:00\",\"breadcrumb\":{\"@id\":\"https:\/\/www.ucat.edu.ve\/web\/nota-de-duelo-lcda-elba-cenaira-ramirez-vera\/#breadcrumb\"},\"inLanguage\":\"es-ES\",\"potentialAction\":[{\"@type\":\"ReadAction\",\"target\":[\"https:\/\/www.ucat.edu.ve\/web\/nota-de-duelo-lcda-elba-cenaira-ramirez-vera\/\"]}]},{\"@type\":\"BreadcrumbList\",\"@id\":\"https:\/\/www.ucat.edu.ve\/web\/nota-de-duelo-lcda-elba-cenaira-ramirez-vera\/#breadcrumb\",\"itemListElement\":[{\"@type\":\"ListItem\",\"position\":1,\"name\":\"Home\",\"item\":\"https:\/\/www.ucat.edu.ve\/web\/\"},{\"@type\":\"ListItem\",\"position\":2,\"name\":\"Nota de Duelo -Lcda. Elba Cenaira Ram\u00edrez Vera\"}]},{\"@type\":\"Article\",\"@id\":\"https:\/\/www.ucat.edu.ve\/web\/nota-de-duelo-lcda-elba-cenaira-ramirez-vera\/#article\",\"isPartOf\":{\"@id\":\"https:\/\/www.ucat.edu.ve\/web\/nota-de-duelo-lcda-elba-cenaira-ramirez-vera\/#webpage\"},\"author\":{\"name\":\"Secretaria General\",\"@id\":\"https:\/\/www.ucat.edu.ve\/web\/#\/schema\/person\/e90fe655adf97bd5c1dbc608855d16cf\"},\"headline\":\"Nota de Duelo -Lcda. Elba Cenaira Ram\u00edrez Vera\",\"datePublished\":\"2021-05-07T21:18:18+00:00\",\"dateModified\":\"2021-05-07T21:20:49+00:00\",\"mainEntityOfPage\":{\"@id\":\"https:\/\/www.ucat.edu.ve\/web\/nota-de-duelo-lcda-elba-cenaira-ramirez-vera\/#webpage\"},\"wordCount\":205,\"publisher\":{\"@id\":\"https:\/\/www.ucat.edu.ve\/web\/#organization\"},\"image\":{\"@id\":\"https:\/\/www.ucat.edu.ve\/web\/nota-de-duelo-lcda-elba-cenaira-ramirez-vera\/#primaryimage\"},\"thumbnailUrl\":\"https:\/\/www.ucat.edu.ve\/web\/wp-content\/uploads\/2021\/05\/Banner_Notis_NOTA_DUELO_Lcda.-Elba-Cenaira-Ramirez-Vera.jpg\",\"articleSection\":[\"Noticias\"],\"inLanguage\":\"es-ES\"},{\"@type\":\"Person\",\"@id\":\"https:\/\/www.ucat.edu.ve\/web\/#\/schema\/person\/e90fe655adf97bd5c1dbc608855d16cf\",\"name\":\"Secretaria General\",\"url\":\"https:\/\/www.ucat.edu.ve\/web\/author\/secgeucat\/\"}]}<\/script>\n<!-- \/ Yoast SEO plugin. -->","yoast_head_json":{"title":"Nota de Duelo -Lcda. Elba Cenaira Ram\u00edrez Vera - Universidad Cat\u00f3lica del T\u00e1chira","robots":{"index":"index","follow":"follow","max-snippet":"max-snippet:-1","max-image-preview":"max-image-preview:large","max-video-preview":"max-video-preview:-1"},"canonical":"https:\/\/www.ucat.edu.ve\/web\/nota-de-duelo-lcda-elba-cenaira-ramirez-vera\/","og_locale":"es_ES","og_type":"article","og_title":"Nota de Duelo -Lcda. Elba Cenaira Ram\u00edrez Vera - Universidad Cat\u00f3lica del T\u00e1chira","og_description":"Las Autoridades y dem\u00e1s miembros de la Comunidad de la Universidad Cat\u00f3lica del T\u00e1chira, lamentan profundamente el fallecimiento de la: Lcda. Elba Cenaira Ram\u00edrez Vera Madre de la profesora M\u00f3nica Ivette Guerrero Ram\u00edrez, profesora adscrita a las Facultades de Ciencias Jur\u00eddicas y Pol\u00edticas, y, de Ciencias Econ\u00f3micas y Sociales. Hecho luctuoso acaecido el d\u00eda de","og_url":"https:\/\/www.ucat.edu.ve\/web\/nota-de-duelo-lcda-elba-cenaira-ramirez-vera\/","og_site_name":"Universidad Cat\u00f3lica del T\u00e1chira","article_publisher":"https:\/\/www.facebook.com\/notiucat\/","article_published_time":"2021-05-07T21:18:18+00:00","article_modified_time":"2021-05-07T21:20:49+00:00","og_image":[{"width":953,"height":529,"url":"https:\/\/www.ucat.edu.ve\/web\/wp-content\/uploads\/2021\/05\/Banner_Notis_NOTA_DUELO_Lcda.-Elba-Cenaira-Ramirez-Vera.jpg","type":"image\/jpeg"}],"author":"Secretaria General","twitter_card":"summary_large_image","twitter_creator":"@notiucat","twitter_site":"@notiucat","twitter_misc":{"Written by":"Secretaria General","Est. reading time":"1 minuto"},"schema":{"@context":"https:\/\/schema.org","@graph":[{"@type":"Organization","@id":"https:\/\/www.ucat.edu.ve\/web\/#organization","name":"Universidad Cat\u00f3lica Del T\u00e1chira UCAT","url":"https:\/\/www.ucat.edu.ve\/web\/","sameAs":["https:\/\/www.instagram.com\/notiucat\/","https:\/\/www.youtube.com\/channel\/UCwEbYSB1R9fzlII-8dcxuYA?view_as=subscriber","https:\/\/www.facebook.com\/notiucat\/","https:\/\/twitter.com\/notiucat"],"logo":{"@type":"ImageObject","inLanguage":"es-ES","@id":"https:\/\/www.ucat.edu.ve\/web\/#\/schema\/logo\/image\/","url":"https:\/\/www.ucat.edu.ve\/web\/wp-content\/uploads\/2015\/07\/logoucat.gif","contentUrl":"https:\/\/www.ucat.edu.ve\/web\/wp-content\/uploads\/2015\/07\/logoucat.gif","width":219,"height":155,"caption":"Universidad Cat\u00f3lica Del T\u00e1chira UCAT"},"image":{"@id":"https:\/\/www.ucat.edu.ve\/web\/#\/schema\/logo\/image\/"}},{"@type":"WebSite","@id":"https:\/\/www.ucat.edu.ve\/web\/#website","url":"https:\/\/www.ucat.edu.ve\/web\/","name":"Universidad Cat\u00f3lica del T\u00e1chira","description":"","publisher":{"@id":"https:\/\/www.ucat.edu.ve\/web\/#organization"},"potentialAction":[{"@type":"SearchAction","target":{"@type":"EntryPoint","urlTemplate":"https:\/\/www.ucat.edu.ve\/web\/?s={search_term_string}"},"query-input":"required name=search_term_string"}],"inLanguage":"es-ES"},{"@type":"ImageObject","inLanguage":"es-ES","@id":"https:\/\/www.ucat.edu.ve\/web\/nota-de-duelo-lcda-elba-cenaira-ramirez-vera\/#primaryimage","url":"https:\/\/www.ucat.edu.ve\/web\/wp-content\/uploads\/2021\/05\/Banner_Notis_NOTA_DUELO_Lcda.-Elba-Cenaira-Ramirez-Vera.jpg","contentUrl":"https:\/\/www.ucat.edu.ve\/web\/wp-content\/uploads\/2021\/05\/Banner_Notis_NOTA_DUELO_Lcda.-Elba-Cenaira-Ramirez-Vera.jpg","width":953,"height":529},{"@type":"WebPage","@id":"https:\/\/www.ucat.edu.ve\/web\/nota-de-duelo-lcda-elba-cenaira-ramirez-vera\/#webpage","url":"https:\/\/www.ucat.edu.ve\/web\/nota-de-duelo-lcda-elba-cenaira-ramirez-vera\/","name":"Nota de Duelo -Lcda. Elba Cenaira Ram\u00edrez Vera - Universidad Cat\u00f3lica del T\u00e1chira","isPartOf":{"@id":"https:\/\/www.ucat.edu.ve\/web\/#website"},"primaryImageOfPage":{"@id":"https:\/\/www.ucat.edu.ve\/web\/nota-de-duelo-lcda-elba-cenaira-ramirez-vera\/#primaryimage"},"datePublished":"2021-05-07T21:18:18+00:00","dateModified":"2021-05-07T21:20:49+00:00","breadcrumb":{"@id":"https:\/\/www.ucat.edu.ve\/web\/nota-de-duelo-lcda-elba-cenaira-ramirez-vera\/#breadcrumb"},"inLanguage":"es-ES","potentialAction":[{"@type":"ReadAction","target":["https:\/\/www.ucat.edu.ve\/web\/nota-de-duelo-lcda-elba-cenaira-ramirez-vera\/"]}]},{"@type":"BreadcrumbList","@id":"https:\/\/www.ucat.edu.ve\/web\/nota-de-duelo-lcda-elba-cenaira-ramirez-vera\/#breadcrumb","itemListElement":[{"@type":"ListItem","position":1,"name":"Home","item":"https:\/\/www.ucat.edu.ve\/web\/"},{"@type":"ListItem","position":2,"name":"Nota de Duelo -Lcda. Elba Cenaira Ram\u00edrez Vera"}]},{"@type":"Article","@id":"https:\/\/www.ucat.edu.ve\/web\/nota-de-duelo-lcda-elba-cenaira-ramirez-vera\/#article","isPartOf":{"@id":"https:\/\/www.ucat.edu.ve\/web\/nota-de-duelo-lcda-elba-cenaira-ramirez-vera\/#webpage"},"author":{"name":"Secretaria General","@id":"https:\/\/www.ucat.edu.ve\/web\/#\/schema\/person\/e90fe655adf97bd5c1dbc608855d16cf"},"headline":"Nota de Duelo -Lcda. Elba Cenaira Ram\u00edrez Vera","datePublished":"2021-05-07T21:18:18+00:00","dateModified":"2021-05-07T21:20:49+00:00","mainEntityOfPage":{"@id":"https:\/\/www.ucat.edu.ve\/web\/nota-de-duelo-lcda-elba-cenaira-ramirez-vera\/#webpage"},"wordCount":205,"publisher":{"@id":"https:\/\/www.ucat.edu.ve\/web\/#organization"},"image":{"@id":"https:\/\/www.ucat.edu.ve\/web\/nota-de-duelo-lcda-elba-cenaira-ramirez-vera\/#primaryimage"},"thumbnailUrl":"https:\/\/www.ucat.edu.ve\/web\/wp-content\/uploads\/2021\/05\/Banner_Notis_NOTA_DUELO_Lcda.-Elba-Cenaira-Ramirez-Vera.jpg","articleSection":["Noticias"],"inLanguage":"es-ES"},{"@type":"Person","@id":"https:\/\/www.ucat.edu.ve\/web\/#\/schema\/person\/e90fe655adf97bd5c1dbc608855d16cf","name":"Secretaria General","url":"https:\/\/www.ucat.edu.ve\/web\/author\/secgeucat\/"}]}},"_links":{"self":[{"href":"https:\/\/www.ucat.edu.ve\/web\/wp-json\/wp\/v2\/posts\/6919"}],"collection":[{"href":"https:\/\/www.ucat.edu.ve\/web\/wp-json\/wp\/v2\/posts"}],"about":[{"href":"https:\/\/www.ucat.edu.ve\/web\/wp-json\/wp\/v2\/types\/post"}],"author":[{"embeddable":true,"href":"https:\/\/www.ucat.edu.ve\/web\/wp-json\/wp\/v2\/users\/23"}],"replies":[{"embeddable":true,"href":"https:\/\/www.ucat.edu.ve\/web\/wp-json\/wp\/v2\/comments?post=6919"}],"version-history":[{"count":2,"href":"https:\/\/www.ucat.edu.ve\/web\/wp-json\/wp\/v2\/posts\/6919\/revisions"}],"predecessor-version":[{"id":6922,"href":"https:\/\/www.ucat.edu.ve\/web\/wp-json\/wp\/v2\/posts\/6919\/revisions\/6922"}],"wp:featuredmedia":[{"embeddable":true,"href":"https:\/\/www.ucat.edu.ve\/web\/wp-json\/wp\/v2\/media\/6920"}],"wp:attachment":[{"href":"https:\/\/www.ucat.edu.ve\/web\/wp-json\/wp\/v2\/media?parent=6919"}],"wp:term":[{"taxonomy":"category","embeddable":true,"href":"https:\/\/www.ucat.edu.ve\/web\/wp-json\/wp\/v2\/categories?post=6919"},{"taxonomy":"post_tag","embeddable":true,"href":"https:\/\/www.ucat.edu.ve\/web\/wp-json\/wp\/v2\/tags?post=6919"}],"curies":[{"name":"wp","href":"https:\/\/api.w.org\/{rel}","templated":true}]}}