 {"id":6923,"date":"2021-05-10T17:10:53","date_gmt":"2021-05-10T17:10:53","guid":{"rendered":"http:\/\/www.ucat.edu.ve\/web\/?p=6923"},"modified":"2021-05-10T17:10:53","modified_gmt":"2021-05-10T17:10:53","slug":"representante-de-la-ucat-designado-miembro-de-la-comision-para-la-promocion-a-la-devocion-de-jose-gregorio-hernandez","status":"publish","type":"post","link":"https:\/\/www.ucat.edu.ve\/web\/representante-de-la-ucat-designado-miembro-de-la-comision-para-la-promocion-a-la-devocion-de-jose-gregorio-hernandez\/","title":{"rendered":"Representante de la UCAT designado miembro de la Comisi\u00f3n para la Promoci\u00f3n a la Devoci\u00f3n de Jos\u00e9 Gregorio Hern\u00e1ndez"},"content":{"rendered":"<p style=\"text-align: center;\"><img loading=\"lazy\" class=\"alignnone size-medium wp-image-6924\" src=\"http:\/\/www.ucat.edu.ve\/web\/wp-content\/uploads\/2021\/05\/Noticia-UCAT_Representante-de-la-UCAT-designado-miembro-de-la-Comision-para-la-Promocion-a-la-Devocion-de-Jose-Gregorio-Hernandez-521x322.jpg\" alt=\"\" width=\"521\" height=\"322\" srcset=\"https:\/\/www.ucat.edu.ve\/web\/wp-content\/uploads\/2021\/05\/Noticia-UCAT_Representante-de-la-UCAT-designado-miembro-de-la-Comision-para-la-Promocion-a-la-Devocion-de-Jose-Gregorio-Hernandez-521x322.jpg 521w, https:\/\/www.ucat.edu.ve\/web\/wp-content\/uploads\/2021\/05\/Noticia-UCAT_Representante-de-la-UCAT-designado-miembro-de-la-Comision-para-la-Promocion-a-la-Devocion-de-Jose-Gregorio-Hernandez-340x210.jpg 340w, https:\/\/www.ucat.edu.ve\/web\/wp-content\/uploads\/2021\/05\/Noticia-UCAT_Representante-de-la-UCAT-designado-miembro-de-la-Comision-para-la-Promocion-a-la-Devocion-de-Jose-Gregorio-Hernandez.jpg 1086w\" sizes=\"(max-width: 521px) 100vw, 521px\" \/><\/p>\n<p style=\"font-weight: 400; text-align: justify;\">La vida y obra del Dr. Jos\u00e9 Gregorio Hern\u00e1ndez deja muchas ense\u00f1anzas a la ciencia y la academia, al profesor y al estudiante universitario; as\u00ed lo destaca Jes\u00fas Gerardo D\u00edaz, Secretario General de la UCAT, que ha sido designado por el Obispo de la Di\u00f3cesis de San Crist\u00f3bal como miembro de la Comisi\u00f3n para la Promoci\u00f3n de la Devoci\u00f3n del nuevo beato venezolano.<\/p>\n<p style=\"font-weight: 400; text-align: justify;\">\u201cEn primer lugar me siento muy honrado, en mi persona todo el mundo universitario al que el doctor Hern\u00e1ndez perteneci\u00f3, desde la primera l\u00ednea porque no s\u00f3lo fue un profesor universitario sino que se destac\u00f3 por su investigaci\u00f3n, por ser pionero en el estudio de la microbiolog\u00eda\u201d, expres\u00f3 el Secretario General de la Universidad Cat\u00f3lica del T\u00e1chira.<\/p>\n<p style=\"font-weight: 400; text-align: justify;\">Sobre las expectativas en este compromiso con la Iglesia en el T\u00e1chira, manifest\u00f3 D\u00edaz, que es \u201cdar a conocer la vida y obra de un hombre\u00a0al que todos recurren para pedirle por su intermediaci\u00f3n un milagro, pero que muchas veces nos resulta desconocido, por ejemplo su trabajo como investigador y profesor universitario, porque todos lo tenemos en la faceta de &#8216;m\u00e9dico de los pobres&#8217;, y como hombre de fe. Fue un hombre que efectivamente mostr\u00f3 en la fe, el motor principal para adelantar su apostolado en todos los campos en los que vivi\u00f3\u201d.<\/p>\n<p style=\"font-weight: 400; text-align: justify;\">El profesor Jes\u00fas Gerardo D\u00edaz entre las virtudes del nuevo beato destaca \u201cla constancia, la disciplina en la investigaci\u00f3n, y algo que hoy se olvida mucho, que \u2018fe y ciencia\u2019 no son t\u00e9rminos excluyentes sino que van de la mano; Jos\u00e9 Gregorio Hern\u00e1ndez encontr\u00f3 en su fe, una raz\u00f3n m\u00e1s para impulsar su trabajo\u201d.<\/p>\n<p style=\"font-weight: 400; text-align: justify;\">\u201cJos\u00e9 Gregorio Hern\u00e1ndez es la s\u00edntesis de un cient\u00edfico que vivi\u00f3 la fe, y su fe le acompa\u00f1\u00f3 en su trabajo de cada d\u00eda\u201d.<\/p>\n<p style=\"font-weight: 400; text-align: justify;\">El Secretario General de la UCAT y Miembro de la Comisi\u00f3n Diocesana para la Promoci\u00f3n de la Devoci\u00f3n a Jos\u00e9 Gregorio Hern\u00e1ndez, considera que el mensaje del Beato a los j\u00f3venes universitarios de hoy es: \u201cque s\u00ed se puede con la ciencia, con el compromiso, con la compasi\u00f3n, con la fe, hacer mucho bien. Nos hace el llamado a hacer el bien\u201d.<\/p>\n<p style=\"font-weight: 400; text-align: justify;\">La UCAT seguir\u00e1 desarrollando diversas actividades desde la academia para dar a conocer entre sus estudiantes, y a la colectividad la vida y obra del beato venezolano.<\/p>\n<p style=\"font-weight: 400; text-align: right;\">(<em>Prensa UCAT<\/em>)<\/p>\n","protected":false},"excerpt":{"rendered":"<p>La vida y obra del Dr. Jos\u00e9 Gregorio Hern\u00e1ndez deja muchas ense\u00f1anzas a la ciencia y la academia, al profesor y al estudiante universitario; as\u00ed lo destaca Jes\u00fas Gerardo D\u00edaz, Secretario General de la UCAT, que ha sido designado por el Obispo de la Di\u00f3cesis de San Crist\u00f3bal como miembro de la Comisi\u00f3n para la<\/p>\n","protected":false},"author":23,"featured_media":6924,"comment_status":"closed","ping_status":"closed","sticky":false,"template":"","format":"standard","meta":[],"categories":[3],"tags":[],"yoast_head":"<!-- This site is optimized with the Yoast SEO plugin v19.2 - https:\/\/yoast.com\/wordpress\/plugins\/seo\/ -->\n<title>Representante de la UCAT designado miembro de la Comisi\u00f3n para la Promoci\u00f3n a la Devoci\u00f3n de Jos\u00e9 Gregorio Hern\u00e1ndez - Universidad Cat\u00f3lica del T\u00e1chira<\/title>\n<meta name=\"robots\" content=\"index, follow, max-snippet:-1, max-image-preview:large, max-video-preview:-1\" \/>\n<link rel=\"canonical\" href=\"https:\/\/www.ucat.edu.ve\/web\/representante-de-la-ucat-designado-miembro-de-la-comision-para-la-promocion-a-la-devocion-de-jose-gregorio-hernandez\/\" \/>\n<meta property=\"og:locale\" content=\"es_ES\" \/>\n<meta property=\"og:type\" content=\"article\" \/>\n<meta property=\"og:title\" content=\"Representante de la UCAT designado miembro de la Comisi\u00f3n para la Promoci\u00f3n a la Devoci\u00f3n de Jos\u00e9 Gregorio Hern\u00e1ndez - Universidad Cat\u00f3lica del T\u00e1chira\" \/>\n<meta property=\"og:description\" content=\"La vida y obra del Dr. Jos\u00e9 Gregorio Hern\u00e1ndez deja muchas ense\u00f1anzas a la ciencia y la academia, al profesor y al estudiante universitario; as\u00ed lo destaca Jes\u00fas Gerardo D\u00edaz, Secretario General de la UCAT, que ha sido designado por el Obispo de la Di\u00f3cesis de San Crist\u00f3bal como miembro de la Comisi\u00f3n para la\" \/>\n<meta property=\"og:url\" content=\"https:\/\/www.ucat.edu.ve\/web\/representante-de-la-ucat-designado-miembro-de-la-comision-para-la-promocion-a-la-devocion-de-jose-gregorio-hernandez\/\" \/>\n<meta property=\"og:site_name\" content=\"Universidad Cat\u00f3lica del T\u00e1chira\" \/>\n<meta property=\"article:publisher\" content=\"https:\/\/www.facebook.com\/notiucat\/\" \/>\n<meta property=\"article:published_time\" content=\"2021-05-10T17:10:53+00:00\" \/>\n<meta property=\"og:image\" content=\"https:\/\/www.ucat.edu.ve\/web\/wp-content\/uploads\/2021\/05\/Noticia-UCAT_Representante-de-la-UCAT-designado-miembro-de-la-Comision-para-la-Promocion-a-la-Devocion-de-Jose-Gregorio-Hernandez.jpg\" \/>\n\t<meta property=\"og:image:width\" content=\"1086\" \/>\n\t<meta property=\"og:image:height\" content=\"671\" \/>\n\t<meta property=\"og:image:type\" content=\"image\/jpeg\" \/>\n<meta name=\"author\" content=\"Secretaria General\" \/>\n<meta name=\"twitter:card\" content=\"summary_large_image\" \/>\n<meta name=\"twitter:creator\" content=\"@notiucat\" \/>\n<meta name=\"twitter:site\" content=\"@notiucat\" \/>\n<meta name=\"twitter:label1\" content=\"Written by\" \/>\n\t<meta name=\"twitter:data1\" content=\"Secretaria General\" \/>\n\t<meta name=\"twitter:label2\" content=\"Est. reading time\" \/>\n\t<meta name=\"twitter:data2\" content=\"2 minutos\" \/>\n<script type=\"application\/ld+json\" class=\"yoast-schema-graph\">{\"@context\":\"https:\/\/schema.org\",\"@graph\":[{\"@type\":\"Organization\",\"@id\":\"https:\/\/www.ucat.edu.ve\/web\/#organization\",\"name\":\"Universidad Cat\u00f3lica Del T\u00e1chira UCAT\",\"url\":\"https:\/\/www.ucat.edu.ve\/web\/\",\"sameAs\":[\"https:\/\/www.instagram.com\/notiucat\/\",\"https:\/\/www.youtube.com\/channel\/UCwEbYSB1R9fzlII-8dcxuYA?view_as=subscriber\",\"https:\/\/www.facebook.com\/notiucat\/\",\"https:\/\/twitter.com\/notiucat\"],\"logo\":{\"@type\":\"ImageObject\",\"inLanguage\":\"es-ES\",\"@id\":\"https:\/\/www.ucat.edu.ve\/web\/#\/schema\/logo\/image\/\",\"url\":\"https:\/\/www.ucat.edu.ve\/web\/wp-content\/uploads\/2015\/07\/logoucat.gif\",\"contentUrl\":\"https:\/\/www.ucat.edu.ve\/web\/wp-content\/uploads\/2015\/07\/logoucat.gif\",\"width\":219,\"height\":155,\"caption\":\"Universidad Cat\u00f3lica Del T\u00e1chira UCAT\"},\"image\":{\"@id\":\"https:\/\/www.ucat.edu.ve\/web\/#\/schema\/logo\/image\/\"}},{\"@type\":\"WebSite\",\"@id\":\"https:\/\/www.ucat.edu.ve\/web\/#website\",\"url\":\"https:\/\/www.ucat.edu.ve\/web\/\",\"name\":\"Universidad Cat\u00f3lica del T\u00e1chira\",\"description\":\"\",\"publisher\":{\"@id\":\"https:\/\/www.ucat.edu.ve\/web\/#organization\"},\"potentialAction\":[{\"@type\":\"SearchAction\",\"target\":{\"@type\":\"EntryPoint\",\"urlTemplate\":\"https:\/\/www.ucat.edu.ve\/web\/?s={search_term_string}\"},\"query-input\":\"required name=search_term_string\"}],\"inLanguage\":\"es-ES\"},{\"@type\":\"ImageObject\",\"inLanguage\":\"es-ES\",\"@id\":\"https:\/\/www.ucat.edu.ve\/web\/representante-de-la-ucat-designado-miembro-de-la-comision-para-la-promocion-a-la-devocion-de-jose-gregorio-hernandez\/#primaryimage\",\"url\":\"https:\/\/www.ucat.edu.ve\/web\/wp-content\/uploads\/2021\/05\/Noticia-UCAT_Representante-de-la-UCAT-designado-miembro-de-la-Comision-para-la-Promocion-a-la-Devocion-de-Jose-Gregorio-Hernandez.jpg\",\"contentUrl\":\"https:\/\/www.ucat.edu.ve\/web\/wp-content\/uploads\/2021\/05\/Noticia-UCAT_Representante-de-la-UCAT-designado-miembro-de-la-Comision-para-la-Promocion-a-la-Devocion-de-Jose-Gregorio-Hernandez.jpg\",\"width\":1086,\"height\":671},{\"@type\":\"WebPage\",\"@id\":\"https:\/\/www.ucat.edu.ve\/web\/representante-de-la-ucat-designado-miembro-de-la-comision-para-la-promocion-a-la-devocion-de-jose-gregorio-hernandez\/#webpage\",\"url\":\"https:\/\/www.ucat.edu.ve\/web\/representante-de-la-ucat-designado-miembro-de-la-comision-para-la-promocion-a-la-devocion-de-jose-gregorio-hernandez\/\",\"name\":\"Representante de la UCAT designado miembro de la Comisi\u00f3n para la Promoci\u00f3n a la Devoci\u00f3n de Jos\u00e9 Gregorio Hern\u00e1ndez - Universidad Cat\u00f3lica del T\u00e1chira\",\"isPartOf\":{\"@id\":\"https:\/\/www.ucat.edu.ve\/web\/#website\"},\"primaryImageOfPage\":{\"@id\":\"https:\/\/www.ucat.edu.ve\/web\/representante-de-la-ucat-designado-miembro-de-la-comision-para-la-promocion-a-la-devocion-de-jose-gregorio-hernandez\/#primaryimage\"},\"datePublished\":\"2021-05-10T17:10:53+00:00\",\"dateModified\":\"2021-05-10T17:10:53+00:00\",\"breadcrumb\":{\"@id\":\"https:\/\/www.ucat.edu.ve\/web\/representante-de-la-ucat-designado-miembro-de-la-comision-para-la-promocion-a-la-devocion-de-jose-gregorio-hernandez\/#breadcrumb\"},\"inLanguage\":\"es-ES\",\"potentialAction\":[{\"@type\":\"ReadAction\",\"target\":[\"https:\/\/www.ucat.edu.ve\/web\/representante-de-la-ucat-designado-miembro-de-la-comision-para-la-promocion-a-la-devocion-de-jose-gregorio-hernandez\/\"]}]},{\"@type\":\"BreadcrumbList\",\"@id\":\"https:\/\/www.ucat.edu.ve\/web\/representante-de-la-ucat-designado-miembro-de-la-comision-para-la-promocion-a-la-devocion-de-jose-gregorio-hernandez\/#breadcrumb\",\"itemListElement\":[{\"@type\":\"ListItem\",\"position\":1,\"name\":\"Home\",\"item\":\"https:\/\/www.ucat.edu.ve\/web\/\"},{\"@type\":\"ListItem\",\"position\":2,\"name\":\"Representante de la UCAT designado miembro de la Comisi\u00f3n para la Promoci\u00f3n a la Devoci\u00f3n de Jos\u00e9 Gregorio Hern\u00e1ndez\"}]},{\"@type\":\"Article\",\"@id\":\"https:\/\/www.ucat.edu.ve\/web\/representante-de-la-ucat-designado-miembro-de-la-comision-para-la-promocion-a-la-devocion-de-jose-gregorio-hernandez\/#article\",\"isPartOf\":{\"@id\":\"https:\/\/www.ucat.edu.ve\/web\/representante-de-la-ucat-designado-miembro-de-la-comision-para-la-promocion-a-la-devocion-de-jose-gregorio-hernandez\/#webpage\"},\"author\":{\"name\":\"Secretaria General\",\"@id\":\"https:\/\/www.ucat.edu.ve\/web\/#\/schema\/person\/e90fe655adf97bd5c1dbc608855d16cf\"},\"headline\":\"Representante de la UCAT designado miembro de la Comisi\u00f3n para la Promoci\u00f3n a la Devoci\u00f3n de Jos\u00e9 Gregorio Hern\u00e1ndez\",\"datePublished\":\"2021-05-10T17:10:53+00:00\",\"dateModified\":\"2021-05-10T17:10:53+00:00\",\"mainEntityOfPage\":{\"@id\":\"https:\/\/www.ucat.edu.ve\/web\/representante-de-la-ucat-designado-miembro-de-la-comision-para-la-promocion-a-la-devocion-de-jose-gregorio-hernandez\/#webpage\"},\"wordCount\":443,\"publisher\":{\"@id\":\"https:\/\/www.ucat.edu.ve\/web\/#organization\"},\"image\":{\"@id\":\"https:\/\/www.ucat.edu.ve\/web\/representante-de-la-ucat-designado-miembro-de-la-comision-para-la-promocion-a-la-devocion-de-jose-gregorio-hernandez\/#primaryimage\"},\"thumbnailUrl\":\"https:\/\/www.ucat.edu.ve\/web\/wp-content\/uploads\/2021\/05\/Noticia-UCAT_Representante-de-la-UCAT-designado-miembro-de-la-Comision-para-la-Promocion-a-la-Devocion-de-Jose-Gregorio-Hernandez.jpg\",\"articleSection\":[\"Noticias\"],\"inLanguage\":\"es-ES\"},{\"@type\":\"Person\",\"@id\":\"https:\/\/www.ucat.edu.ve\/web\/#\/schema\/person\/e90fe655adf97bd5c1dbc608855d16cf\",\"name\":\"Secretaria General\",\"url\":\"https:\/\/www.ucat.edu.ve\/web\/author\/secgeucat\/\"}]}<\/script>\n<!-- \/ Yoast SEO plugin. -->","yoast_head_json":{"title":"Representante de la UCAT designado miembro de la Comisi\u00f3n para la Promoci\u00f3n a la Devoci\u00f3n de Jos\u00e9 Gregorio Hern\u00e1ndez - Universidad Cat\u00f3lica del T\u00e1chira","robots":{"index":"index","follow":"follow","max-snippet":"max-snippet:-1","max-image-preview":"max-image-preview:large","max-video-preview":"max-video-preview:-1"},"canonical":"https:\/\/www.ucat.edu.ve\/web\/representante-de-la-ucat-designado-miembro-de-la-comision-para-la-promocion-a-la-devocion-de-jose-gregorio-hernandez\/","og_locale":"es_ES","og_type":"article","og_title":"Representante de la UCAT designado miembro de la Comisi\u00f3n para la Promoci\u00f3n a la Devoci\u00f3n de Jos\u00e9 Gregorio Hern\u00e1ndez - Universidad Cat\u00f3lica del T\u00e1chira","og_description":"La vida y obra del Dr. Jos\u00e9 Gregorio Hern\u00e1ndez deja muchas ense\u00f1anzas a la ciencia y la academia, al profesor y al estudiante universitario; as\u00ed lo destaca Jes\u00fas Gerardo D\u00edaz, Secretario General de la UCAT, que ha sido designado por el Obispo de la Di\u00f3cesis de San Crist\u00f3bal como miembro de la Comisi\u00f3n para la","og_url":"https:\/\/www.ucat.edu.ve\/web\/representante-de-la-ucat-designado-miembro-de-la-comision-para-la-promocion-a-la-devocion-de-jose-gregorio-hernandez\/","og_site_name":"Universidad Cat\u00f3lica del T\u00e1chira","article_publisher":"https:\/\/www.facebook.com\/notiucat\/","article_published_time":"2021-05-10T17:10:53+00:00","og_image":[{"width":1086,"height":671,"url":"https:\/\/www.ucat.edu.ve\/web\/wp-content\/uploads\/2021\/05\/Noticia-UCAT_Representante-de-la-UCAT-designado-miembro-de-la-Comision-para-la-Promocion-a-la-Devocion-de-Jose-Gregorio-Hernandez.jpg","type":"image\/jpeg"}],"author":"Secretaria General","twitter_card":"summary_large_image","twitter_creator":"@notiucat","twitter_site":"@notiucat","twitter_misc":{"Written by":"Secretaria General","Est. reading time":"2 minutos"},"schema":{"@context":"https:\/\/schema.org","@graph":[{"@type":"Organization","@id":"https:\/\/www.ucat.edu.ve\/web\/#organization","name":"Universidad Cat\u00f3lica Del T\u00e1chira UCAT","url":"https:\/\/www.ucat.edu.ve\/web\/","sameAs":["https:\/\/www.instagram.com\/notiucat\/","https:\/\/www.youtube.com\/channel\/UCwEbYSB1R9fzlII-8dcxuYA?view_as=subscriber","https:\/\/www.facebook.com\/notiucat\/","https:\/\/twitter.com\/notiucat"],"logo":{"@type":"ImageObject","inLanguage":"es-ES","@id":"https:\/\/www.ucat.edu.ve\/web\/#\/schema\/logo\/image\/","url":"https:\/\/www.ucat.edu.ve\/web\/wp-content\/uploads\/2015\/07\/logoucat.gif","contentUrl":"https:\/\/www.ucat.edu.ve\/web\/wp-content\/uploads\/2015\/07\/logoucat.gif","width":219,"height":155,"caption":"Universidad Cat\u00f3lica Del T\u00e1chira UCAT"},"image":{"@id":"https:\/\/www.ucat.edu.ve\/web\/#\/schema\/logo\/image\/"}},{"@type":"WebSite","@id":"https:\/\/www.ucat.edu.ve\/web\/#website","url":"https:\/\/www.ucat.edu.ve\/web\/","name":"Universidad Cat\u00f3lica del T\u00e1chira","description":"","publisher":{"@id":"https:\/\/www.ucat.edu.ve\/web\/#organization"},"potentialAction":[{"@type":"SearchAction","target":{"@type":"EntryPoint","urlTemplate":"https:\/\/www.ucat.edu.ve\/web\/?s={search_term_string}"},"query-input":"required name=search_term_string"}],"inLanguage":"es-ES"},{"@type":"ImageObject","inLanguage":"es-ES","@id":"https:\/\/www.ucat.edu.ve\/web\/representante-de-la-ucat-designado-miembro-de-la-comision-para-la-promocion-a-la-devocion-de-jose-gregorio-hernandez\/#primaryimage","url":"https:\/\/www.ucat.edu.ve\/web\/wp-content\/uploads\/2021\/05\/Noticia-UCAT_Representante-de-la-UCAT-designado-miembro-de-la-Comision-para-la-Promocion-a-la-Devocion-de-Jose-Gregorio-Hernandez.jpg","contentUrl":"https:\/\/www.ucat.edu.ve\/web\/wp-content\/uploads\/2021\/05\/Noticia-UCAT_Representante-de-la-UCAT-designado-miembro-de-la-Comision-para-la-Promocion-a-la-Devocion-de-Jose-Gregorio-Hernandez.jpg","width":1086,"height":671},{"@type":"WebPage","@id":"https:\/\/www.ucat.edu.ve\/web\/representante-de-la-ucat-designado-miembro-de-la-comision-para-la-promocion-a-la-devocion-de-jose-gregorio-hernandez\/#webpage","url":"https:\/\/www.ucat.edu.ve\/web\/representante-de-la-ucat-designado-miembro-de-la-comision-para-la-promocion-a-la-devocion-de-jose-gregorio-hernandez\/","name":"Representante de la UCAT designado miembro de la Comisi\u00f3n para la Promoci\u00f3n a la Devoci\u00f3n de Jos\u00e9 Gregorio Hern\u00e1ndez - Universidad Cat\u00f3lica del T\u00e1chira","isPartOf":{"@id":"https:\/\/www.ucat.edu.ve\/web\/#website"},"primaryImageOfPage":{"@id":"https:\/\/www.ucat.edu.ve\/web\/representante-de-la-ucat-designado-miembro-de-la-comision-para-la-promocion-a-la-devocion-de-jose-gregorio-hernandez\/#primaryimage"},"datePublished":"2021-05-10T17:10:53+00:00","dateModified":"2021-05-10T17:10:53+00:00","breadcrumb":{"@id":"https:\/\/www.ucat.edu.ve\/web\/representante-de-la-ucat-designado-miembro-de-la-comision-para-la-promocion-a-la-devocion-de-jose-gregorio-hernandez\/#breadcrumb"},"inLanguage":"es-ES","potentialAction":[{"@type":"ReadAction","target":["https:\/\/www.ucat.edu.ve\/web\/representante-de-la-ucat-designado-miembro-de-la-comision-para-la-promocion-a-la-devocion-de-jose-gregorio-hernandez\/"]}]},{"@type":"BreadcrumbList","@id":"https:\/\/www.ucat.edu.ve\/web\/representante-de-la-ucat-designado-miembro-de-la-comision-para-la-promocion-a-la-devocion-de-jose-gregorio-hernandez\/#breadcrumb","itemListElement":[{"@type":"ListItem","position":1,"name":"Home","item":"https:\/\/www.ucat.edu.ve\/web\/"},{"@type":"ListItem","position":2,"name":"Representante de la UCAT designado miembro de la Comisi\u00f3n para la Promoci\u00f3n a la Devoci\u00f3n de Jos\u00e9 Gregorio Hern\u00e1ndez"}]},{"@type":"Article","@id":"https:\/\/www.ucat.edu.ve\/web\/representante-de-la-ucat-designado-miembro-de-la-comision-para-la-promocion-a-la-devocion-de-jose-gregorio-hernandez\/#article","isPartOf":{"@id":"https:\/\/www.ucat.edu.ve\/web\/representante-de-la-ucat-designado-miembro-de-la-comision-para-la-promocion-a-la-devocion-de-jose-gregorio-hernandez\/#webpage"},"author":{"name":"Secretaria General","@id":"https:\/\/www.ucat.edu.ve\/web\/#\/schema\/person\/e90fe655adf97bd5c1dbc608855d16cf"},"headline":"Representante de la UCAT designado miembro de la Comisi\u00f3n para la Promoci\u00f3n a la Devoci\u00f3n de Jos\u00e9 Gregorio Hern\u00e1ndez","datePublished":"2021-05-10T17:10:53+00:00","dateModified":"2021-05-10T17:10:53+00:00","mainEntityOfPage":{"@id":"https:\/\/www.ucat.edu.ve\/web\/representante-de-la-ucat-designado-miembro-de-la-comision-para-la-promocion-a-la-devocion-de-jose-gregorio-hernandez\/#webpage"},"wordCount":443,"publisher":{"@id":"https:\/\/www.ucat.edu.ve\/web\/#organization"},"image":{"@id":"https:\/\/www.ucat.edu.ve\/web\/representante-de-la-ucat-designado-miembro-de-la-comision-para-la-promocion-a-la-devocion-de-jose-gregorio-hernandez\/#primaryimage"},"thumbnailUrl":"https:\/\/www.ucat.edu.ve\/web\/wp-content\/uploads\/2021\/05\/Noticia-UCAT_Representante-de-la-UCAT-designado-miembro-de-la-Comision-para-la-Promocion-a-la-Devocion-de-Jose-Gregorio-Hernandez.jpg","articleSection":["Noticias"],"inLanguage":"es-ES"},{"@type":"Person","@id":"https:\/\/www.ucat.edu.ve\/web\/#\/schema\/person\/e90fe655adf97bd5c1dbc608855d16cf","name":"Secretaria General","url":"https:\/\/www.ucat.edu.ve\/web\/author\/secgeucat\/"}]}},"_links":{"self":[{"href":"https:\/\/www.ucat.edu.ve\/web\/wp-json\/wp\/v2\/posts\/6923"}],"collection":[{"href":"https:\/\/www.ucat.edu.ve\/web\/wp-json\/wp\/v2\/posts"}],"about":[{"href":"https:\/\/www.ucat.edu.ve\/web\/wp-json\/wp\/v2\/types\/post"}],"author":[{"embeddable":true,"href":"https:\/\/www.ucat.edu.ve\/web\/wp-json\/wp\/v2\/users\/23"}],"replies":[{"embeddable":true,"href":"https:\/\/www.ucat.edu.ve\/web\/wp-json\/wp\/v2\/comments?post=6923"}],"version-history":[{"count":1,"href":"https:\/\/www.ucat.edu.ve\/web\/wp-json\/wp\/v2\/posts\/6923\/revisions"}],"predecessor-version":[{"id":6925,"href":"https:\/\/www.ucat.edu.ve\/web\/wp-json\/wp\/v2\/posts\/6923\/revisions\/6925"}],"wp:featuredmedia":[{"embeddable":true,"href":"https:\/\/www.ucat.edu.ve\/web\/wp-json\/wp\/v2\/media\/6924"}],"wp:attachment":[{"href":"https:\/\/www.ucat.edu.ve\/web\/wp-json\/wp\/v2\/media?parent=6923"}],"wp:term":[{"taxonomy":"category","embeddable":true,"href":"https:\/\/www.ucat.edu.ve\/web\/wp-json\/wp\/v2\/categories?post=6923"},{"taxonomy":"post_tag","embeddable":true,"href":"https:\/\/www.ucat.edu.ve\/web\/wp-json\/wp\/v2\/tags?post=6923"}],"curies":[{"name":"wp","href":"https:\/\/api.w.org\/{rel}","templated":true}]}}