 {"id":6927,"date":"2021-05-10T17:13:15","date_gmt":"2021-05-10T17:13:15","guid":{"rendered":"http:\/\/www.ucat.edu.ve\/web\/?p=6927"},"modified":"2021-05-10T17:31:02","modified_gmt":"2021-05-10T17:31:02","slug":"facultad-de-ciencias-de-la-religion-de-la-ucat-reflexiona-sobre-el-beato-jose-gregorio-hernandez","status":"publish","type":"post","link":"https:\/\/www.ucat.edu.ve\/web\/facultad-de-ciencias-de-la-religion-de-la-ucat-reflexiona-sobre-el-beato-jose-gregorio-hernandez\/","title":{"rendered":"Facultad de Ciencias de la Religi\u00f3n de la UCAT reflexiona sobre el Beato Jos\u00e9 Gregorio Hern\u00e1ndez"},"content":{"rendered":"<p style=\"text-align: center\"><img loading=\"lazy\" class=\"alignnone size-medium wp-image-6928\" src=\"http:\/\/www.ucat.edu.ve\/web\/wp-content\/uploads\/2021\/05\/Noticia-UCAT_Facultad-de-Ciencias-de-la-Religion-de-la-UCAT-reflexiona-sobre-el-Beato-Jose-Gregorio-Hernandez-521x322.jpg\" alt=\"\" width=\"521\" height=\"322\" srcset=\"https:\/\/www.ucat.edu.ve\/web\/wp-content\/uploads\/2021\/05\/Noticia-UCAT_Facultad-de-Ciencias-de-la-Religion-de-la-UCAT-reflexiona-sobre-el-Beato-Jose-Gregorio-Hernandez-521x322.jpg 521w, https:\/\/www.ucat.edu.ve\/web\/wp-content\/uploads\/2021\/05\/Noticia-UCAT_Facultad-de-Ciencias-de-la-Religion-de-la-UCAT-reflexiona-sobre-el-Beato-Jose-Gregorio-Hernandez-340x210.jpg 340w, https:\/\/www.ucat.edu.ve\/web\/wp-content\/uploads\/2021\/05\/Noticia-UCAT_Facultad-de-Ciencias-de-la-Religion-de-la-UCAT-reflexiona-sobre-el-Beato-Jose-Gregorio-Hernandez.jpg 1086w\" sizes=\"(max-width: 521px) 100vw, 521px\" \/><\/p>\n<p style=\"font-weight: 400;text-align: justify\">La Universidad Cat\u00f3lica del T\u00e1chira a trav\u00e9s de su Facultad de Ciencias de la Religi\u00f3n ofrece una serie de reflexiones sobre el beato Jos\u00e9 Gregorio Hern\u00e1ndez, su vida, obra y el llamado a la santidad.<\/p>\n<p style=\"font-weight: 400;text-align: justify\">El Coordinador de la Facultad de Ciencias de la Religi\u00f3n, sacerdote Jean Carlos Medina Poveda, explic\u00f3 que a trav\u00e9s del canal de\u00a0<a href=\"https:\/\/www.youtube.com\/channel\/UCwEbYSB1R9fzlII-8dcxuYA?view_as=subscriber\"><strong>YouTube de la UCAT<\/strong><\/a>\u00a0se est\u00e1n \u201cdesarrollando algunos temas referentes a la vida de santidad y, especialmente, a la vida y obra del beato venezolano, el Dr. Jos\u00e9 Gregorio Hern\u00e1ndez\u201d.<\/p>\n<p style=\"font-weight: 400;text-align: justify\">Las diversas reflexiones est\u00e1n a cargo de sacerdotes, docentes, investigadores, y bi\u00f3grafos del beato Jos\u00e9 Gregorio Hern\u00e1ndez.<\/p>\n<p style=\"font-weight: 400;text-align: justify\">Medina indic\u00f3 que con este trabajo se quiere hacer \u201cresonar una vez m\u00e1s la llamada a la santidad, procurando encarnarla en el contexto actual, con sus riesgos, desaf\u00edos y oportunidades\u201d, como lo pide el Papa Francisco en su Exhortaci\u00f3n Apost\u00f3lica Gaudete et Exsultate.<\/p>\n<p style=\"font-weight: 400;text-align: justify\">Las reflexiones disponibles en el canal de YouTube forman parte de la serie audiovisual SAPIENTIA FIDEI, que tiene como objetivo, ofrecer temas de formaci\u00f3n y reflexi\u00f3n en la vida del cristiano y, por ende, del ciudadano.<\/p>\n<p style=\"font-weight: 400;text-align: right\">(Prensa UCAT)<\/p>\n","protected":false},"excerpt":{"rendered":"<p>La Universidad Cat\u00f3lica del T\u00e1chira a trav\u00e9s de su Facultad de Ciencias de la Religi\u00f3n ofrece una serie de reflexiones sobre el beato Jos\u00e9 Gregorio Hern\u00e1ndez, su vida, obra y el llamado a la santidad. El Coordinador de la Facultad de Ciencias de la Religi\u00f3n, sacerdote Jean Carlos Medina Poveda, explic\u00f3 que a trav\u00e9s del<\/p>\n","protected":false},"author":23,"featured_media":6928,"comment_status":"closed","ping_status":"closed","sticky":false,"template":"","format":"standard","meta":[],"categories":[3],"tags":[],"yoast_head":"<!-- This site is optimized with the Yoast SEO plugin v19.2 - https:\/\/yoast.com\/wordpress\/plugins\/seo\/ -->\n<title>Facultad de Ciencias de la Religi\u00f3n de la UCAT reflexiona sobre el Beato Jos\u00e9 Gregorio Hern\u00e1ndez - Universidad Cat\u00f3lica del T\u00e1chira<\/title>\n<meta name=\"robots\" content=\"index, follow, max-snippet:-1, max-image-preview:large, max-video-preview:-1\" \/>\n<link rel=\"canonical\" href=\"https:\/\/www.ucat.edu.ve\/web\/facultad-de-ciencias-de-la-religion-de-la-ucat-reflexiona-sobre-el-beato-jose-gregorio-hernandez\/\" \/>\n<meta property=\"og:locale\" content=\"es_ES\" \/>\n<meta property=\"og:type\" content=\"article\" \/>\n<meta property=\"og:title\" content=\"Facultad de Ciencias de la Religi\u00f3n de la UCAT reflexiona sobre el Beato Jos\u00e9 Gregorio Hern\u00e1ndez - Universidad Cat\u00f3lica del T\u00e1chira\" \/>\n<meta property=\"og:description\" content=\"La Universidad Cat\u00f3lica del T\u00e1chira a trav\u00e9s de su Facultad de Ciencias de la Religi\u00f3n ofrece una serie de reflexiones sobre el beato Jos\u00e9 Gregorio Hern\u00e1ndez, su vida, obra y el llamado a la santidad. El Coordinador de la Facultad de Ciencias de la Religi\u00f3n, sacerdote Jean Carlos Medina Poveda, explic\u00f3 que a trav\u00e9s del\" \/>\n<meta property=\"og:url\" content=\"https:\/\/www.ucat.edu.ve\/web\/facultad-de-ciencias-de-la-religion-de-la-ucat-reflexiona-sobre-el-beato-jose-gregorio-hernandez\/\" \/>\n<meta property=\"og:site_name\" content=\"Universidad Cat\u00f3lica del T\u00e1chira\" \/>\n<meta property=\"article:publisher\" content=\"https:\/\/www.facebook.com\/notiucat\/\" \/>\n<meta property=\"article:published_time\" content=\"2021-05-10T17:13:15+00:00\" \/>\n<meta property=\"article:modified_time\" content=\"2021-05-10T17:31:02+00:00\" \/>\n<meta property=\"og:image\" content=\"https:\/\/www.ucat.edu.ve\/web\/wp-content\/uploads\/2021\/05\/Noticia-UCAT_Facultad-de-Ciencias-de-la-Religion-de-la-UCAT-reflexiona-sobre-el-Beato-Jose-Gregorio-Hernandez.jpg\" \/>\n\t<meta property=\"og:image:width\" content=\"1086\" \/>\n\t<meta property=\"og:image:height\" content=\"671\" \/>\n\t<meta property=\"og:image:type\" content=\"image\/jpeg\" \/>\n<meta name=\"author\" content=\"Secretaria General\" \/>\n<meta name=\"twitter:card\" content=\"summary_large_image\" \/>\n<meta name=\"twitter:creator\" content=\"@notiucat\" \/>\n<meta name=\"twitter:site\" content=\"@notiucat\" \/>\n<meta name=\"twitter:label1\" content=\"Written by\" \/>\n\t<meta name=\"twitter:data1\" content=\"Secretaria General\" \/>\n\t<meta name=\"twitter:label2\" content=\"Est. reading time\" \/>\n\t<meta name=\"twitter:data2\" content=\"2 minutos\" \/>\n<script type=\"application\/ld+json\" class=\"yoast-schema-graph\">{\"@context\":\"https:\/\/schema.org\",\"@graph\":[{\"@type\":\"Organization\",\"@id\":\"https:\/\/www.ucat.edu.ve\/web\/#organization\",\"name\":\"Universidad Cat\u00f3lica Del T\u00e1chira UCAT\",\"url\":\"https:\/\/www.ucat.edu.ve\/web\/\",\"sameAs\":[\"https:\/\/www.instagram.com\/notiucat\/\",\"https:\/\/www.youtube.com\/channel\/UCwEbYSB1R9fzlII-8dcxuYA?view_as=subscriber\",\"https:\/\/www.facebook.com\/notiucat\/\",\"https:\/\/twitter.com\/notiucat\"],\"logo\":{\"@type\":\"ImageObject\",\"inLanguage\":\"es-ES\",\"@id\":\"https:\/\/www.ucat.edu.ve\/web\/#\/schema\/logo\/image\/\",\"url\":\"https:\/\/www.ucat.edu.ve\/web\/wp-content\/uploads\/2015\/07\/logoucat.gif\",\"contentUrl\":\"https:\/\/www.ucat.edu.ve\/web\/wp-content\/uploads\/2015\/07\/logoucat.gif\",\"width\":219,\"height\":155,\"caption\":\"Universidad Cat\u00f3lica Del T\u00e1chira UCAT\"},\"image\":{\"@id\":\"https:\/\/www.ucat.edu.ve\/web\/#\/schema\/logo\/image\/\"}},{\"@type\":\"WebSite\",\"@id\":\"https:\/\/www.ucat.edu.ve\/web\/#website\",\"url\":\"https:\/\/www.ucat.edu.ve\/web\/\",\"name\":\"Universidad Cat\u00f3lica del T\u00e1chira\",\"description\":\"\",\"publisher\":{\"@id\":\"https:\/\/www.ucat.edu.ve\/web\/#organization\"},\"potentialAction\":[{\"@type\":\"SearchAction\",\"target\":{\"@type\":\"EntryPoint\",\"urlTemplate\":\"https:\/\/www.ucat.edu.ve\/web\/?s={search_term_string}\"},\"query-input\":\"required name=search_term_string\"}],\"inLanguage\":\"es-ES\"},{\"@type\":\"ImageObject\",\"inLanguage\":\"es-ES\",\"@id\":\"https:\/\/www.ucat.edu.ve\/web\/facultad-de-ciencias-de-la-religion-de-la-ucat-reflexiona-sobre-el-beato-jose-gregorio-hernandez\/#primaryimage\",\"url\":\"https:\/\/www.ucat.edu.ve\/web\/wp-content\/uploads\/2021\/05\/Noticia-UCAT_Facultad-de-Ciencias-de-la-Religion-de-la-UCAT-reflexiona-sobre-el-Beato-Jose-Gregorio-Hernandez.jpg\",\"contentUrl\":\"https:\/\/www.ucat.edu.ve\/web\/wp-content\/uploads\/2021\/05\/Noticia-UCAT_Facultad-de-Ciencias-de-la-Religion-de-la-UCAT-reflexiona-sobre-el-Beato-Jose-Gregorio-Hernandez.jpg\",\"width\":1086,\"height\":671},{\"@type\":\"WebPage\",\"@id\":\"https:\/\/www.ucat.edu.ve\/web\/facultad-de-ciencias-de-la-religion-de-la-ucat-reflexiona-sobre-el-beato-jose-gregorio-hernandez\/#webpage\",\"url\":\"https:\/\/www.ucat.edu.ve\/web\/facultad-de-ciencias-de-la-religion-de-la-ucat-reflexiona-sobre-el-beato-jose-gregorio-hernandez\/\",\"name\":\"Facultad de Ciencias de la Religi\u00f3n de la UCAT reflexiona sobre el Beato Jos\u00e9 Gregorio Hern\u00e1ndez - Universidad Cat\u00f3lica del T\u00e1chira\",\"isPartOf\":{\"@id\":\"https:\/\/www.ucat.edu.ve\/web\/#website\"},\"primaryImageOfPage\":{\"@id\":\"https:\/\/www.ucat.edu.ve\/web\/facultad-de-ciencias-de-la-religion-de-la-ucat-reflexiona-sobre-el-beato-jose-gregorio-hernandez\/#primaryimage\"},\"datePublished\":\"2021-05-10T17:13:15+00:00\",\"dateModified\":\"2021-05-10T17:31:02+00:00\",\"breadcrumb\":{\"@id\":\"https:\/\/www.ucat.edu.ve\/web\/facultad-de-ciencias-de-la-religion-de-la-ucat-reflexiona-sobre-el-beato-jose-gregorio-hernandez\/#breadcrumb\"},\"inLanguage\":\"es-ES\",\"potentialAction\":[{\"@type\":\"ReadAction\",\"target\":[\"https:\/\/www.ucat.edu.ve\/web\/facultad-de-ciencias-de-la-religion-de-la-ucat-reflexiona-sobre-el-beato-jose-gregorio-hernandez\/\"]}]},{\"@type\":\"BreadcrumbList\",\"@id\":\"https:\/\/www.ucat.edu.ve\/web\/facultad-de-ciencias-de-la-religion-de-la-ucat-reflexiona-sobre-el-beato-jose-gregorio-hernandez\/#breadcrumb\",\"itemListElement\":[{\"@type\":\"ListItem\",\"position\":1,\"name\":\"Home\",\"item\":\"https:\/\/www.ucat.edu.ve\/web\/\"},{\"@type\":\"ListItem\",\"position\":2,\"name\":\"Facultad de Ciencias de la Religi\u00f3n de la UCAT reflexiona sobre el Beato Jos\u00e9 Gregorio Hern\u00e1ndez\"}]},{\"@type\":\"Article\",\"@id\":\"https:\/\/www.ucat.edu.ve\/web\/facultad-de-ciencias-de-la-religion-de-la-ucat-reflexiona-sobre-el-beato-jose-gregorio-hernandez\/#article\",\"isPartOf\":{\"@id\":\"https:\/\/www.ucat.edu.ve\/web\/facultad-de-ciencias-de-la-religion-de-la-ucat-reflexiona-sobre-el-beato-jose-gregorio-hernandez\/#webpage\"},\"author\":{\"name\":\"Secretaria General\",\"@id\":\"https:\/\/www.ucat.edu.ve\/web\/#\/schema\/person\/e90fe655adf97bd5c1dbc608855d16cf\"},\"headline\":\"Facultad de Ciencias de la Religi\u00f3n de la UCAT reflexiona sobre el Beato Jos\u00e9 Gregorio Hern\u00e1ndez\",\"datePublished\":\"2021-05-10T17:13:15+00:00\",\"dateModified\":\"2021-05-10T17:31:02+00:00\",\"mainEntityOfPage\":{\"@id\":\"https:\/\/www.ucat.edu.ve\/web\/facultad-de-ciencias-de-la-religion-de-la-ucat-reflexiona-sobre-el-beato-jose-gregorio-hernandez\/#webpage\"},\"wordCount\":221,\"publisher\":{\"@id\":\"https:\/\/www.ucat.edu.ve\/web\/#organization\"},\"image\":{\"@id\":\"https:\/\/www.ucat.edu.ve\/web\/facultad-de-ciencias-de-la-religion-de-la-ucat-reflexiona-sobre-el-beato-jose-gregorio-hernandez\/#primaryimage\"},\"thumbnailUrl\":\"https:\/\/www.ucat.edu.ve\/web\/wp-content\/uploads\/2021\/05\/Noticia-UCAT_Facultad-de-Ciencias-de-la-Religion-de-la-UCAT-reflexiona-sobre-el-Beato-Jose-Gregorio-Hernandez.jpg\",\"articleSection\":[\"Noticias\"],\"inLanguage\":\"es-ES\"},{\"@type\":\"Person\",\"@id\":\"https:\/\/www.ucat.edu.ve\/web\/#\/schema\/person\/e90fe655adf97bd5c1dbc608855d16cf\",\"name\":\"Secretaria General\",\"url\":\"https:\/\/www.ucat.edu.ve\/web\/author\/secgeucat\/\"}]}<\/script>\n<!-- \/ Yoast SEO plugin. -->","yoast_head_json":{"title":"Facultad de Ciencias de la Religi\u00f3n de la UCAT reflexiona sobre el Beato Jos\u00e9 Gregorio Hern\u00e1ndez - Universidad Cat\u00f3lica del T\u00e1chira","robots":{"index":"index","follow":"follow","max-snippet":"max-snippet:-1","max-image-preview":"max-image-preview:large","max-video-preview":"max-video-preview:-1"},"canonical":"https:\/\/www.ucat.edu.ve\/web\/facultad-de-ciencias-de-la-religion-de-la-ucat-reflexiona-sobre-el-beato-jose-gregorio-hernandez\/","og_locale":"es_ES","og_type":"article","og_title":"Facultad de Ciencias de la Religi\u00f3n de la UCAT reflexiona sobre el Beato Jos\u00e9 Gregorio Hern\u00e1ndez - Universidad Cat\u00f3lica del T\u00e1chira","og_description":"La Universidad Cat\u00f3lica del T\u00e1chira a trav\u00e9s de su Facultad de Ciencias de la Religi\u00f3n ofrece una serie de reflexiones sobre el beato Jos\u00e9 Gregorio Hern\u00e1ndez, su vida, obra y el llamado a la santidad. El Coordinador de la Facultad de Ciencias de la Religi\u00f3n, sacerdote Jean Carlos Medina Poveda, explic\u00f3 que a trav\u00e9s del","og_url":"https:\/\/www.ucat.edu.ve\/web\/facultad-de-ciencias-de-la-religion-de-la-ucat-reflexiona-sobre-el-beato-jose-gregorio-hernandez\/","og_site_name":"Universidad Cat\u00f3lica del T\u00e1chira","article_publisher":"https:\/\/www.facebook.com\/notiucat\/","article_published_time":"2021-05-10T17:13:15+00:00","article_modified_time":"2021-05-10T17:31:02+00:00","og_image":[{"width":1086,"height":671,"url":"https:\/\/www.ucat.edu.ve\/web\/wp-content\/uploads\/2021\/05\/Noticia-UCAT_Facultad-de-Ciencias-de-la-Religion-de-la-UCAT-reflexiona-sobre-el-Beato-Jose-Gregorio-Hernandez.jpg","type":"image\/jpeg"}],"author":"Secretaria General","twitter_card":"summary_large_image","twitter_creator":"@notiucat","twitter_site":"@notiucat","twitter_misc":{"Written by":"Secretaria General","Est. reading time":"2 minutos"},"schema":{"@context":"https:\/\/schema.org","@graph":[{"@type":"Organization","@id":"https:\/\/www.ucat.edu.ve\/web\/#organization","name":"Universidad Cat\u00f3lica Del T\u00e1chira UCAT","url":"https:\/\/www.ucat.edu.ve\/web\/","sameAs":["https:\/\/www.instagram.com\/notiucat\/","https:\/\/www.youtube.com\/channel\/UCwEbYSB1R9fzlII-8dcxuYA?view_as=subscriber","https:\/\/www.facebook.com\/notiucat\/","https:\/\/twitter.com\/notiucat"],"logo":{"@type":"ImageObject","inLanguage":"es-ES","@id":"https:\/\/www.ucat.edu.ve\/web\/#\/schema\/logo\/image\/","url":"https:\/\/www.ucat.edu.ve\/web\/wp-content\/uploads\/2015\/07\/logoucat.gif","contentUrl":"https:\/\/www.ucat.edu.ve\/web\/wp-content\/uploads\/2015\/07\/logoucat.gif","width":219,"height":155,"caption":"Universidad Cat\u00f3lica Del T\u00e1chira UCAT"},"image":{"@id":"https:\/\/www.ucat.edu.ve\/web\/#\/schema\/logo\/image\/"}},{"@type":"WebSite","@id":"https:\/\/www.ucat.edu.ve\/web\/#website","url":"https:\/\/www.ucat.edu.ve\/web\/","name":"Universidad Cat\u00f3lica del T\u00e1chira","description":"","publisher":{"@id":"https:\/\/www.ucat.edu.ve\/web\/#organization"},"potentialAction":[{"@type":"SearchAction","target":{"@type":"EntryPoint","urlTemplate":"https:\/\/www.ucat.edu.ve\/web\/?s={search_term_string}"},"query-input":"required name=search_term_string"}],"inLanguage":"es-ES"},{"@type":"ImageObject","inLanguage":"es-ES","@id":"https:\/\/www.ucat.edu.ve\/web\/facultad-de-ciencias-de-la-religion-de-la-ucat-reflexiona-sobre-el-beato-jose-gregorio-hernandez\/#primaryimage","url":"https:\/\/www.ucat.edu.ve\/web\/wp-content\/uploads\/2021\/05\/Noticia-UCAT_Facultad-de-Ciencias-de-la-Religion-de-la-UCAT-reflexiona-sobre-el-Beato-Jose-Gregorio-Hernandez.jpg","contentUrl":"https:\/\/www.ucat.edu.ve\/web\/wp-content\/uploads\/2021\/05\/Noticia-UCAT_Facultad-de-Ciencias-de-la-Religion-de-la-UCAT-reflexiona-sobre-el-Beato-Jose-Gregorio-Hernandez.jpg","width":1086,"height":671},{"@type":"WebPage","@id":"https:\/\/www.ucat.edu.ve\/web\/facultad-de-ciencias-de-la-religion-de-la-ucat-reflexiona-sobre-el-beato-jose-gregorio-hernandez\/#webpage","url":"https:\/\/www.ucat.edu.ve\/web\/facultad-de-ciencias-de-la-religion-de-la-ucat-reflexiona-sobre-el-beato-jose-gregorio-hernandez\/","name":"Facultad de Ciencias de la Religi\u00f3n de la UCAT reflexiona sobre el Beato Jos\u00e9 Gregorio Hern\u00e1ndez - Universidad Cat\u00f3lica del T\u00e1chira","isPartOf":{"@id":"https:\/\/www.ucat.edu.ve\/web\/#website"},"primaryImageOfPage":{"@id":"https:\/\/www.ucat.edu.ve\/web\/facultad-de-ciencias-de-la-religion-de-la-ucat-reflexiona-sobre-el-beato-jose-gregorio-hernandez\/#primaryimage"},"datePublished":"2021-05-10T17:13:15+00:00","dateModified":"2021-05-10T17:31:02+00:00","breadcrumb":{"@id":"https:\/\/www.ucat.edu.ve\/web\/facultad-de-ciencias-de-la-religion-de-la-ucat-reflexiona-sobre-el-beato-jose-gregorio-hernandez\/#breadcrumb"},"inLanguage":"es-ES","potentialAction":[{"@type":"ReadAction","target":["https:\/\/www.ucat.edu.ve\/web\/facultad-de-ciencias-de-la-religion-de-la-ucat-reflexiona-sobre-el-beato-jose-gregorio-hernandez\/"]}]},{"@type":"BreadcrumbList","@id":"https:\/\/www.ucat.edu.ve\/web\/facultad-de-ciencias-de-la-religion-de-la-ucat-reflexiona-sobre-el-beato-jose-gregorio-hernandez\/#breadcrumb","itemListElement":[{"@type":"ListItem","position":1,"name":"Home","item":"https:\/\/www.ucat.edu.ve\/web\/"},{"@type":"ListItem","position":2,"name":"Facultad de Ciencias de la Religi\u00f3n de la UCAT reflexiona sobre el Beato Jos\u00e9 Gregorio Hern\u00e1ndez"}]},{"@type":"Article","@id":"https:\/\/www.ucat.edu.ve\/web\/facultad-de-ciencias-de-la-religion-de-la-ucat-reflexiona-sobre-el-beato-jose-gregorio-hernandez\/#article","isPartOf":{"@id":"https:\/\/www.ucat.edu.ve\/web\/facultad-de-ciencias-de-la-religion-de-la-ucat-reflexiona-sobre-el-beato-jose-gregorio-hernandez\/#webpage"},"author":{"name":"Secretaria General","@id":"https:\/\/www.ucat.edu.ve\/web\/#\/schema\/person\/e90fe655adf97bd5c1dbc608855d16cf"},"headline":"Facultad de Ciencias de la Religi\u00f3n de la UCAT reflexiona sobre el Beato Jos\u00e9 Gregorio Hern\u00e1ndez","datePublished":"2021-05-10T17:13:15+00:00","dateModified":"2021-05-10T17:31:02+00:00","mainEntityOfPage":{"@id":"https:\/\/www.ucat.edu.ve\/web\/facultad-de-ciencias-de-la-religion-de-la-ucat-reflexiona-sobre-el-beato-jose-gregorio-hernandez\/#webpage"},"wordCount":221,"publisher":{"@id":"https:\/\/www.ucat.edu.ve\/web\/#organization"},"image":{"@id":"https:\/\/www.ucat.edu.ve\/web\/facultad-de-ciencias-de-la-religion-de-la-ucat-reflexiona-sobre-el-beato-jose-gregorio-hernandez\/#primaryimage"},"thumbnailUrl":"https:\/\/www.ucat.edu.ve\/web\/wp-content\/uploads\/2021\/05\/Noticia-UCAT_Facultad-de-Ciencias-de-la-Religion-de-la-UCAT-reflexiona-sobre-el-Beato-Jose-Gregorio-Hernandez.jpg","articleSection":["Noticias"],"inLanguage":"es-ES"},{"@type":"Person","@id":"https:\/\/www.ucat.edu.ve\/web\/#\/schema\/person\/e90fe655adf97bd5c1dbc608855d16cf","name":"Secretaria General","url":"https:\/\/www.ucat.edu.ve\/web\/author\/secgeucat\/"}]}},"_links":{"self":[{"href":"https:\/\/www.ucat.edu.ve\/web\/wp-json\/wp\/v2\/posts\/6927"}],"collection":[{"href":"https:\/\/www.ucat.edu.ve\/web\/wp-json\/wp\/v2\/posts"}],"about":[{"href":"https:\/\/www.ucat.edu.ve\/web\/wp-json\/wp\/v2\/types\/post"}],"author":[{"embeddable":true,"href":"https:\/\/www.ucat.edu.ve\/web\/wp-json\/wp\/v2\/users\/23"}],"replies":[{"embeddable":true,"href":"https:\/\/www.ucat.edu.ve\/web\/wp-json\/wp\/v2\/comments?post=6927"}],"version-history":[{"count":2,"href":"https:\/\/www.ucat.edu.ve\/web\/wp-json\/wp\/v2\/posts\/6927\/revisions"}],"predecessor-version":[{"id":6930,"href":"https:\/\/www.ucat.edu.ve\/web\/wp-json\/wp\/v2\/posts\/6927\/revisions\/6930"}],"wp:featuredmedia":[{"embeddable":true,"href":"https:\/\/www.ucat.edu.ve\/web\/wp-json\/wp\/v2\/media\/6928"}],"wp:attachment":[{"href":"https:\/\/www.ucat.edu.ve\/web\/wp-json\/wp\/v2\/media?parent=6927"}],"wp:term":[{"taxonomy":"category","embeddable":true,"href":"https:\/\/www.ucat.edu.ve\/web\/wp-json\/wp\/v2\/categories?post=6927"},{"taxonomy":"post_tag","embeddable":true,"href":"https:\/\/www.ucat.edu.ve\/web\/wp-json\/wp\/v2\/tags?post=6927"}],"curies":[{"name":"wp","href":"https:\/\/api.w.org\/{rel}","templated":true}]}}